{"id":20522,"date":"2021-01-19T14:47:00","date_gmt":"2021-01-19T13:47:00","guid":{"rendered":"https:\/\/digidem-bayern.de\/?p=20522"},"modified":"2022-11-09T15:03:24","modified_gmt":"2022-11-09T14:03:24","slug":"pressemitteilung-online-selbsttest-fuer-pflegende-angehoerige-die-digidem-bayern-angehoerigenampel","status":"publish","type":"post","link":"https:\/\/digidem-bayern.de\/en\/pressemitteilung-online-selbsttest-fuer-pflegende-angehoerige-die-digidem-bayern-angehoerigenampel\/","title":{"rendered":"Pressemitteilung: Online-Selbsttest f\u00fcr pflegende Angeh\u00f6rige: die digiDEM Bayern Angeh\u00f6rigenampel"},"content":{"rendered":"<p><strong>Ges\u00fcnder leben, besser auf sich achten &#8211; das nehmen sich zum Jahresbeginn viele Menschen vor. F\u00fcr eine Personengruppe ist das jedoch besonders schwierig: Pflegende Angeh\u00f6rige denken h\u00e4ufig zu wenig an sich selbst. Dabei sind gerade sie oftmals hohen Belastungen ausgesetzt. Um ihnen die eigene Situation bewusst zu machen, hat das Demenz-Forschungsprojekt digiDEM Bayern ein neues, kostenloses Online-Angebot entwickelt: die Angeh\u00f6rigenampel.<\/strong><\/p>\n\n\n\n<p>Die digiDEM Bayern-Angeh\u00f6rigenampel zielt darauf ab, pflegenden Angeh\u00f6rigen den Grad ihrer pers\u00f6nlichen Belastung zu verdeutlichen. Anhand von zehn Fragen, zum Beispiel zur k\u00f6rperlichen Ersch\u00f6pfung und zur Lebenszufriedenheit, erfahren Angeh\u00f6rige, wie es um ihre individuelle Situation bestellt ist. Das Ergebnis &#8211; gr\u00fcn, gelb oder rot &#8211; enth\u00e4lt eine Empfehlung f\u00fcr die n\u00e4chsten Schritte und gibt dadurch einen Ansto\u00df zur Ver\u00e4nderung der Lebenssituation. Der kostenlose und anonyme Online-Selbsttest wird in vier Sprachen (deutsch, englisch, t\u00fcrkisch, russisch) angeboten.<\/p>\n\n\n\n<p><strong><strong>Wirksamkeit in umfangreichen Studien nachgewiesen<\/strong><\/strong><\/p>\n\n\n\n<p>Bei der Angeh\u00f6rigenampel handelt es sich um die Kurzform der \u201cH\u00e4usliche-Pflege-Skala (HPS)\u201d. Dieses Erhebungsinstrument wurde von Wissenschaftler*innen des Zentrums f\u00fcr Medizinische Versorgungsforschung des Universit\u00e4tsklinikums Erlangen entwickelt. Es ist in \u00fcber 20 Sprachen verf\u00fcgbar ist und wird seit sechs Jahren weltweit eingesetzt. In einer umfangreichen wissenschaftlichen Studie mit 351 pflegenden Angeh\u00f6rigen wurde nachgewiesen, dass die HPS zuverl\u00e4ssig das Ausma\u00df der erlebten Belastung misst.&nbsp;In einer weiteren Studie mit 386 pflegenden Angeh\u00f6rigen wurde die G\u00fcltigkeit des Ampelsystems belegt. Die Ergebnisse zeigten, welches Risiko f\u00fcr gesundheitliche Beeintr\u00e4chtigungen ein pflegender Angeh\u00f6riger bei einem bestimmten Belastungswert der HPS hat. Auf dieser Grundlage erfolgte eine Einteilung, die wiederum die Vorlage f\u00fcr das Ampelsystem bildete.<\/p>\n\n\n\n<p><strong><strong>Digitale, alltagstaugliche L\u00f6sungen zur Unterst\u00fctzung im Alltag<\/strong><\/strong><\/p>\n\n\n\n<p>Die Angeh\u00f6rigenampel ist eines von mehreren Online-Angeboten, die im Rahmen des Demenz-Forschungsprojekts \u201cDigitales Demenzregister Bayern\u201d, kurz digiDEM Bayern, bereitgestellt werden. Ziel ist es, Menschen mit Demenz, Angeh\u00f6rige und Ehrenamtliche durch digitale, alltagstaugliche L\u00f6sungen zu unterst\u00fctzen. digiDEM Bayern bietet bereits zwei kostenlose Online-Angebote zur Wissensvermittlung \u00fcber Demenz: die Webinar-Reihe \u201cScience Watch LIVE\u201d und den Newsletter \u201cScience Watch\u201d.<\/p>\n\n\n\n<p><strong>Langzeit-Befragungen von Menschen mit Demenz und pflegenden Angeh\u00f6rigen<\/strong><\/p>\n\n\n\n<p>Neben den digitalen Angeboten umfasst das Projekt digiDEM Bayern auch Befragungen von Menschen mit Demenz und pflegenden Angeh\u00f6rigen in ganz Bayern \u00fcber einen Zeitraum von drei Jahren. Dadurch sollen Erkenntnisse \u00fcber den Verlauf der Erkrankung und die Situation der Angeh\u00f6rigen gewonnen und m\u00f6gliche Defizite aufgedeckt werden.<\/p>\n\n\n\n<p>digiDEM Bayern bildet einen Verbund aus der Friedrich-Alexander-Universit\u00e4t Erlangen-N\u00fcrnberg, vertreten durch das <em>Interdisziplin\u00e4re Zentrum f\u00fcr Health Technology Assessment und Public Health<\/em> (Leitung: Prof. Dr. med. Peter Kolominsky-Rabas) und den <em>Lehrstuhl f\u00fcr Medizinische Informatik<\/em> (Leitung: Prof. Dr. Hans-Ulrich Prokosch), dem Universit\u00e4tsklinikum Erlangen, vertreten durch das <em>Zentrum f\u00fcr Medizinische Versorgungsforschung<\/em> (Leitung: Prof. Dr. med. Elmar Gr\u00e4\u00dfel) und dem Innovationscluster <em>Medical Valley Europ\u00e4ische Metropolregion N\u00fcrnberg<\/em> (Vorst\u00e4nde: Prof. Dr.-Ing. Erich R. Reinhardt, Prof. Dr. Dr. h. c. J\u00fcrgen Sch\u00fcttler).<\/p>\n\n\n\n<p>digiDEM Bayern ist Teil der Bayerischen Demenzstrategie und auf f\u00fcnf Jahre (2019-2023) angelegt. Das Forschungsprojekt wird vom Bayerischen Staatsministerium f\u00fcr Gesundheit und Pflege gef\u00f6rdert.<\/p>\n\n\n\n<p>Webseite: <a href=\"https:\/\/digidem-bayern.de\/en\/angehoerigenampel\/\">https:\/\/digidem-bayern.de\/angehoerigenampel\/<\/a><\/p>\n\n\n\n<p>Webseite: <a href=\"https:\/\/digidem-bayern.de\/en\/\">www.digidem-bayern.de<\/a><\/p>\n\n\n\n<p><\/p>\n\n\n\n<p><strong>Pressekontakt:&nbsp; <\/strong><\/p>\n\n\n\n<p>digiDEM&nbsp;Bayern&nbsp;Presse &amp; Kommunikation<\/p>\n\n\n\n<p>Tel.: 09131\/85-35858<\/p>\n\n\n\n<p style=\"font-size:20px\"><\/p>\n\n\n\n<div style=\"height:20px\" aria-hidden=\"true\" class=\"wp-block-spacer\"><\/div>\n\n\n\n<div style=\"height:20px\" aria-hidden=\"true\" class=\"wp-block-spacer\"><\/div>","protected":false},"excerpt":{"rendered":"<p>Ges\u00fcnder leben, besser auf sich achten &#8211; das nehmen sich zum Jahresbeginn viele Menschen vor. F\u00fcr eine Personengruppe ist das jedoch besonders schwierig: Pflegende Angeh\u00f6rige denken h\u00e4ufig zu wenig an sich selbst. Dabei sind gerade sie oftmals hohen Belastungen ausgesetzt. Um ihnen die eigene Situation bewusst zu machen, hat das &hellip;<\/p>","protected":false},"author":12,"featured_media":0,"comment_status":"open","ping_status":"closed","sticky":false,"template":"","format":"standard","meta":{"qubely_global_settings":"","qubely_interactions":"","_uag_custom_page_level_css":"","footnotes":""},"categories":[443],"tags":[13,260,12,112,203,177,14,17,55,454,217],"class_list":["post-20522","post","type-post","status-publish","format-standard","hentry","category-pressemitteilungen","tag-alzheimer","tag-angehoerigenampel","tag-demenz-2","tag-demenzdiagnose","tag-demenzpraevention","tag-demenzrisiko","tag-digidem","tag-digidem-bayern","tag-digitales-demenzregister-bayern","tag-haeusliche-pflege","tag-senioren"],"qubely_featured_image_url":null,"qubely_author":{"display_name":"Ilona H\u00f6rath","author_link":"https:\/\/digidem-bayern.de\/en\/author\/hoeratia\/"},"qubely_comment":0,"qubely_category":"<a href=\"https:\/\/digidem-bayern.de\/en\/category\/pressemitteilungen\/\" rel=\"category tag\">Pressemitteilungen<\/a>","qubely_excerpt":"Ges\u00fcnder leben, besser auf sich achten &#8211; das nehmen sich zum Jahresbeginn viele Menschen vor. F\u00fcr eine Personengruppe ist das jedoch besonders schwierig: Pflegende Angeh\u00f6rige denken h\u00e4ufig zu wenig an sich selbst. Dabei sind gerade sie oftmals hohen Belastungen ausgesetzt. Um ihnen die eigene Situation bewusst zu machen, hat das &hellip;","featured_image_urls_v2":{"full":"","thumbnail":"","medium":"","medium_large":"","large":"","1536x1536":"","2048x2048":"","trp-custom-language-flag":"","qubely_landscape":"","qubely_portrait":"","qubely_thumbnail":"","post-thumbnail":"","kahuna-featured":"","kahuna-featured-lp":"","kahuna-featured-half":"","kahuna-featured-third":"","kahuna-lpbox-1":"","kahuna-lpbox-2":"","demand-language-flag":"","dddkt-language-flag":"","ddiqc-language-flag":"","ddtl-language-flag":"","mailpoet_newsletter_max":"","kahuna-lpbox-3":"","kahuna-featured-square":"","kahuna-featured-square-large":""},"post_excerpt_stackable_v2":"<p>Ges\u00fcnder leben, besser auf sich achten &#8211; das nehmen sich zum Jahresbeginn viele Menschen vor. F\u00fcr eine Personengruppe ist das jedoch besonders schwierig: Pflegende Angeh\u00f6rige denken h\u00e4ufig zu wenig an sich selbst. Dabei sind gerade sie oftmals hohen Belastungen ausgesetzt. Um ihnen die eigene Situation bewusst zu machen, hat das Demenz-Forschungsprojekt digiDEM Bayern ein neues, kostenloses Online-Angebot entwickelt: die Angeh\u00f6rigenampel. Die digiDEM Bayern-Angeh\u00f6rigenampel zielt darauf ab, pflegenden Angeh\u00f6rigen den Grad ihrer pers\u00f6nlichen Belastung zu verdeutlichen. Anhand von zehn Fragen, zum Beispiel zur k\u00f6rperlichen Ersch\u00f6pfung und zur Lebenszufriedenheit, erfahren Angeh\u00f6rige, wie es um ihre individuelle Situation bestellt ist. Das Ergebnis &#8211;&hellip;<\/p>\n","category_list_v2":"<a href=\"https:\/\/digidem-bayern.de\/en\/category\/pressemitteilungen\/\" rel=\"category tag\">Pressemitteilungen<\/a>","author_info_v2":{"name":"Ilona H\u00f6rath","url":"https:\/\/digidem-bayern.de\/en\/author\/hoeratia\/"},"comments_num_v2":"0 comments","yoast_head":"<!-- This site is optimized with the Yoast SEO plugin v27.5 - https:\/\/yoast.com\/product\/yoast-seo-wordpress\/ -->\n<title>Pressemitteilung: Online-Selbsttest f\u00fcr pflegende Angeh\u00f6rige: die digiDEM Bayern Angeh\u00f6rigenampel - digiDEM Bayern<\/title>\n<meta name=\"description\" content=\"Der Bayerische Landesapothekerkammer unterst\u00fctzt digiDEM Bayern mit Hilfe des Netzwerks &quot;Demenzfreundliche Apotheken&quot;.\" \/>\n<meta name=\"robots\" content=\"index, follow, max-snippet:-1, max-image-preview:large, max-video-preview:-1\" \/>\n<link rel=\"canonical\" href=\"https:\/\/digidem-bayern.de\/en\/pressemitteilung-online-selbsttest-fuer-pflegende-angehoerige-die-digidem-bayern-angehoerigenampel\/\" \/>\n<meta property=\"og:locale\" content=\"en_US\" \/>\n<meta property=\"og:type\" content=\"article\" \/>\n<meta property=\"og:title\" content=\"Pressemitteilung: Online-Selbsttest f\u00fcr pflegende Angeh\u00f6rige: die digiDEM Bayern Angeh\u00f6rigenampel - digiDEM Bayern\" \/>\n<meta property=\"og:description\" content=\"Der Bayerische Landesapothekerkammer unterst\u00fctzt digiDEM Bayern mit Hilfe des Netzwerks &quot;Demenzfreundliche Apotheken&quot;.\" \/>\n<meta property=\"og:url\" content=\"https:\/\/digidem-bayern.de\/en\/pressemitteilung-online-selbsttest-fuer-pflegende-angehoerige-die-digidem-bayern-angehoerigenampel\/\" \/>\n<meta property=\"og:site_name\" content=\"digiDEM Bayern\" \/>\n<meta property=\"article:publisher\" content=\"https:\/\/www.facebook.com\/digiDEMBayern\/\" \/>\n<meta property=\"article:published_time\" content=\"2021-01-19T13:47:00+00:00\" \/>\n<meta property=\"article:modified_time\" content=\"2022-11-09T14:03:24+00:00\" \/>\n<meta property=\"og:image\" content=\"https:\/\/digidem-bayern.de\/wp-content\/uploads\/logo-digidem-digitales-demenzregister-bayern.jpg.png\" \/>\n\t<meta property=\"og:image:width\" content=\"340\" \/>\n\t<meta property=\"og:image:height\" content=\"200\" \/>\n\t<meta property=\"og:image:type\" content=\"image\/png\" \/>\n<meta name=\"author\" content=\"Ilona H\u00f6rath\" \/>\n<meta name=\"twitter:label1\" content=\"Written by\" \/>\n\t<meta name=\"twitter:data1\" content=\"Ilona H\u00f6rath\" \/>\n\t<meta name=\"twitter:label2\" content=\"Est. reading time\" \/>\n\t<meta name=\"twitter:data2\" content=\"2 minutes\" \/>\n<script type=\"application\/ld+json\" class=\"yoast-schema-graph\">{\"@context\":\"https:\\\/\\\/schema.org\",\"@graph\":[{\"@type\":\"Article\",\"@id\":\"https:\\\/\\\/digidem-bayern.de\\\/pressemitteilung-online-selbsttest-fuer-pflegende-angehoerige-die-digidem-bayern-angehoerigenampel\\\/#article\",\"isPartOf\":{\"@id\":\"https:\\\/\\\/digidem-bayern.de\\\/pressemitteilung-online-selbsttest-fuer-pflegende-angehoerige-die-digidem-bayern-angehoerigenampel\\\/\"},\"author\":{\"name\":\"Ilona H\u00f6rath\",\"@id\":\"\\\/#\\\/schema\\\/person\\\/0bc1494f46fc2a051c761322a80e0941\"},\"headline\":\"Pressemitteilung: Online-Selbsttest f\u00fcr pflegende Angeh\u00f6rige: die digiDEM Bayern Angeh\u00f6rigenampel\",\"datePublished\":\"2021-01-19T13:47:00+00:00\",\"dateModified\":\"2022-11-09T14:03:24+00:00\",\"mainEntityOfPage\":{\"@id\":\"https:\\\/\\\/digidem-bayern.de\\\/pressemitteilung-online-selbsttest-fuer-pflegende-angehoerige-die-digidem-bayern-angehoerigenampel\\\/\"},\"wordCount\":552,\"commentCount\":0,\"publisher\":{\"@id\":\"\\\/#organization\"},\"keywords\":[\"Alzheimer\",\"Angeh\u00f6rigenampel\",\"Demenz\",\"Demenzdiagnose\",\"Demenzpr\u00e4vention\",\"Demenzrisiko\",\"digidem\",\"digidem Bayern\",\"Digitales Demenzregister Bayern\",\"H\u00e4usliche Pflege\",\"Senioren\"],\"articleSection\":[\"Pressemitteilungen\"],\"inLanguage\":\"en-US\",\"potentialAction\":[{\"@type\":\"CommentAction\",\"name\":\"Comment\",\"target\":[\"https:\\\/\\\/digidem-bayern.de\\\/pressemitteilung-online-selbsttest-fuer-pflegende-angehoerige-die-digidem-bayern-angehoerigenampel\\\/#respond\"]}]},{\"@type\":\"WebPage\",\"@id\":\"https:\\\/\\\/digidem-bayern.de\\\/pressemitteilung-online-selbsttest-fuer-pflegende-angehoerige-die-digidem-bayern-angehoerigenampel\\\/\",\"url\":\"https:\\\/\\\/digidem-bayern.de\\\/pressemitteilung-online-selbsttest-fuer-pflegende-angehoerige-die-digidem-bayern-angehoerigenampel\\\/\",\"name\":\"Pressemitteilung: Online-Selbsttest f\u00fcr pflegende Angeh\u00f6rige: die digiDEM Bayern Angeh\u00f6rigenampel - digiDEM Bayern\",\"isPartOf\":{\"@id\":\"\\\/#website\"},\"datePublished\":\"2021-01-19T13:47:00+00:00\",\"dateModified\":\"2022-11-09T14:03:24+00:00\",\"description\":\"Der Bayerische Landesapothekerkammer unterst\u00fctzt digiDEM Bayern mit Hilfe des Netzwerks \\\"Demenzfreundliche Apotheken\\\".\",\"breadcrumb\":{\"@id\":\"https:\\\/\\\/digidem-bayern.de\\\/pressemitteilung-online-selbsttest-fuer-pflegende-angehoerige-die-digidem-bayern-angehoerigenampel\\\/#breadcrumb\"},\"inLanguage\":\"en-US\",\"potentialAction\":[{\"@type\":\"ReadAction\",\"target\":[\"https:\\\/\\\/digidem-bayern.de\\\/pressemitteilung-online-selbsttest-fuer-pflegende-angehoerige-die-digidem-bayern-angehoerigenampel\\\/\"]}]},{\"@type\":\"BreadcrumbList\",\"@id\":\"https:\\\/\\\/digidem-bayern.de\\\/pressemitteilung-online-selbsttest-fuer-pflegende-angehoerige-die-digidem-bayern-angehoerigenampel\\\/#breadcrumb\",\"itemListElement\":[{\"@type\":\"ListItem\",\"position\":1,\"name\":\"Startseite\",\"item\":\"https:\\\/\\\/digidem-bayern.de\\\/\"},{\"@type\":\"ListItem\",\"position\":2,\"name\":\"Pressemitteilung: Online-Selbsttest f\u00fcr pflegende Angeh\u00f6rige: die digiDEM Bayern Angeh\u00f6rigenampel\"}]},{\"@type\":\"WebSite\",\"@id\":\"\\\/#website\",\"url\":\"\\\/\",\"name\":\"digiDEM Bayern\",\"description\":\"Das digitale Demenzregister Bayern erforscht und verbessert die Angebotsstuktur f\u00fcr Menschen mit Demenz und deren Angeh\u00f6rige\",\"publisher\":{\"@id\":\"\\\/#organization\"},\"potentialAction\":[{\"@type\":\"SearchAction\",\"target\":{\"@type\":\"EntryPoint\",\"urlTemplate\":\"\\\/?s={search_term_string}\"},\"query-input\":{\"@type\":\"PropertyValueSpecification\",\"valueRequired\":true,\"valueName\":\"search_term_string\"}}],\"inLanguage\":\"en-US\"},{\"@type\":\"Organization\",\"@id\":\"\\\/#organization\",\"name\":\"digiDEM Bayern\",\"url\":\"\\\/\",\"logo\":{\"@type\":\"ImageObject\",\"inLanguage\":\"en-US\",\"@id\":\"\\\/#\\\/schema\\\/logo\\\/image\\\/\",\"url\":\"https:\\\/\\\/digidem-bayern.de\\\/wp-content\\\/uploads\\\/2022\\\/03\\\/cropped-Allgemeines_digiDEMLOGO-removebg-preview.png\",\"contentUrl\":\"https:\\\/\\\/digidem-bayern.de\\\/wp-content\\\/uploads\\\/2022\\\/03\\\/cropped-Allgemeines_digiDEMLOGO-removebg-preview.png\",\"width\":612,\"height\":357,\"caption\":\"digiDEM Bayern\"},\"image\":{\"@id\":\"\\\/#\\\/schema\\\/logo\\\/image\\\/\"},\"sameAs\":[\"https:\\\/\\\/www.facebook.com\\\/digiDEMBayern\\\/\",\"https:\\\/\\\/x.com\\\/digidem_bayern\",\"https:\\\/\\\/www.instagram.com\\\/digidem.bayern\",\"https:\\\/\\\/www.linkedin.com\\\/company\\\/digidem-bayern\\\/\"]},{\"@type\":\"Person\",\"@id\":\"\\\/#\\\/schema\\\/person\\\/0bc1494f46fc2a051c761322a80e0941\",\"name\":\"Ilona H\u00f6rath\",\"url\":\"https:\\\/\\\/digidem-bayern.de\\\/en\\\/author\\\/hoeratia\\\/\"}]}<\/script>\n<!-- \/ Yoast SEO plugin. -->","yoast_head_json":{"title":"Pressemitteilung: Online-Selbsttest f\u00fcr pflegende Angeh\u00f6rige: die digiDEM Bayern Angeh\u00f6rigenampel - digiDEM Bayern","description":"Der Bayerische Landesapothekerkammer unterst\u00fctzt digiDEM Bayern mit Hilfe des Netzwerks \"Demenzfreundliche Apotheken\".","robots":{"index":"index","follow":"follow","max-snippet":"max-snippet:-1","max-image-preview":"max-image-preview:large","max-video-preview":"max-video-preview:-1"},"canonical":"https:\/\/digidem-bayern.de\/en\/pressemitteilung-online-selbsttest-fuer-pflegende-angehoerige-die-digidem-bayern-angehoerigenampel\/","og_locale":"en_US","og_type":"article","og_title":"Pressemitteilung: Online-Selbsttest f\u00fcr pflegende Angeh\u00f6rige: die digiDEM Bayern Angeh\u00f6rigenampel - digiDEM Bayern","og_description":"Der Bayerische Landesapothekerkammer unterst\u00fctzt digiDEM Bayern mit Hilfe des Netzwerks \"Demenzfreundliche Apotheken\".","og_url":"https:\/\/digidem-bayern.de\/en\/pressemitteilung-online-selbsttest-fuer-pflegende-angehoerige-die-digidem-bayern-angehoerigenampel\/","og_site_name":"digiDEM Bayern","article_publisher":"https:\/\/www.facebook.com\/digiDEMBayern\/","article_published_time":"2021-01-19T13:47:00+00:00","article_modified_time":"2022-11-09T14:03:24+00:00","og_image":[{"width":340,"height":200,"url":"https:\/\/digidem-bayern.de\/wp-content\/uploads\/logo-digidem-digitales-demenzregister-bayern.jpg.png","type":"image\/png"}],"author":"Ilona H\u00f6rath","twitter_misc":{"Written by":"Ilona H\u00f6rath","Est. reading time":"2 minutes"},"schema":{"@context":"https:\/\/schema.org","@graph":[{"@type":"Article","@id":"https:\/\/digidem-bayern.de\/pressemitteilung-online-selbsttest-fuer-pflegende-angehoerige-die-digidem-bayern-angehoerigenampel\/#article","isPartOf":{"@id":"https:\/\/digidem-bayern.de\/pressemitteilung-online-selbsttest-fuer-pflegende-angehoerige-die-digidem-bayern-angehoerigenampel\/"},"author":{"name":"Ilona H\u00f6rath","@id":"\/#\/schema\/person\/0bc1494f46fc2a051c761322a80e0941"},"headline":"Pressemitteilung: Online-Selbsttest f\u00fcr pflegende Angeh\u00f6rige: die digiDEM Bayern Angeh\u00f6rigenampel","datePublished":"2021-01-19T13:47:00+00:00","dateModified":"2022-11-09T14:03:24+00:00","mainEntityOfPage":{"@id":"https:\/\/digidem-bayern.de\/pressemitteilung-online-selbsttest-fuer-pflegende-angehoerige-die-digidem-bayern-angehoerigenampel\/"},"wordCount":552,"commentCount":0,"publisher":{"@id":"\/#organization"},"keywords":["Alzheimer","Angeh\u00f6rigenampel","Demenz","Demenzdiagnose","Demenzpr\u00e4vention","Demenzrisiko","digidem","digidem Bayern","Digitales Demenzregister Bayern","H\u00e4usliche Pflege","Senioren"],"articleSection":["Pressemitteilungen"],"inLanguage":"en-US","potentialAction":[{"@type":"CommentAction","name":"Comment","target":["https:\/\/digidem-bayern.de\/pressemitteilung-online-selbsttest-fuer-pflegende-angehoerige-die-digidem-bayern-angehoerigenampel\/#respond"]}]},{"@type":"WebPage","@id":"https:\/\/digidem-bayern.de\/pressemitteilung-online-selbsttest-fuer-pflegende-angehoerige-die-digidem-bayern-angehoerigenampel\/","url":"https:\/\/digidem-bayern.de\/pressemitteilung-online-selbsttest-fuer-pflegende-angehoerige-die-digidem-bayern-angehoerigenampel\/","name":"Pressemitteilung: Online-Selbsttest f\u00fcr pflegende Angeh\u00f6rige: die digiDEM Bayern Angeh\u00f6rigenampel - digiDEM Bayern","isPartOf":{"@id":"\/#website"},"datePublished":"2021-01-19T13:47:00+00:00","dateModified":"2022-11-09T14:03:24+00:00","description":"Der Bayerische Landesapothekerkammer unterst\u00fctzt digiDEM Bayern mit Hilfe des Netzwerks \"Demenzfreundliche Apotheken\".","breadcrumb":{"@id":"https:\/\/digidem-bayern.de\/pressemitteilung-online-selbsttest-fuer-pflegende-angehoerige-die-digidem-bayern-angehoerigenampel\/#breadcrumb"},"inLanguage":"en-US","potentialAction":[{"@type":"ReadAction","target":["https:\/\/digidem-bayern.de\/pressemitteilung-online-selbsttest-fuer-pflegende-angehoerige-die-digidem-bayern-angehoerigenampel\/"]}]},{"@type":"BreadcrumbList","@id":"https:\/\/digidem-bayern.de\/pressemitteilung-online-selbsttest-fuer-pflegende-angehoerige-die-digidem-bayern-angehoerigenampel\/#breadcrumb","itemListElement":[{"@type":"ListItem","position":1,"name":"Startseite","item":"https:\/\/digidem-bayern.de\/"},{"@type":"ListItem","position":2,"name":"Pressemitteilung: Online-Selbsttest f\u00fcr pflegende Angeh\u00f6rige: die digiDEM Bayern Angeh\u00f6rigenampel"}]},{"@type":"WebSite","@id":"\/#website","url":"\/","name":"digiDEM Bavaria","description":"The digital dementia register in Bavaria researches and improves the structure of services for people with dementia and their relatives","publisher":{"@id":"\/#organization"},"potentialAction":[{"@type":"SearchAction","target":{"@type":"EntryPoint","urlTemplate":"\/?s={search_term_string}"},"query-input":{"@type":"PropertyValueSpecification","valueRequired":true,"valueName":"search_term_string"}}],"inLanguage":"en-US"},{"@type":"Organization","@id":"\/#organization","name":"digiDEM Bavaria","url":"\/","logo":{"@type":"ImageObject","inLanguage":"en-US","@id":"\/#\/schema\/logo\/image\/","url":"https:\/\/digidem-bayern.de\/wp-content\/uploads\/2022\/03\/cropped-Allgemeines_digiDEMLOGO-removebg-preview.png","contentUrl":"https:\/\/digidem-bayern.de\/wp-content\/uploads\/2022\/03\/cropped-Allgemeines_digiDEMLOGO-removebg-preview.png","width":612,"height":357,"caption":"digiDEM Bayern"},"image":{"@id":"\/#\/schema\/logo\/image\/"},"sameAs":["https:\/\/www.facebook.com\/digiDEMBayern\/","https:\/\/x.com\/digidem_bayern","https:\/\/www.instagram.com\/digidem.bayern","https:\/\/www.linkedin.com\/company\/digidem-bayern\/"]},{"@type":"Person","@id":"\/#\/schema\/person\/0bc1494f46fc2a051c761322a80e0941","name":"Ilona H\u00f6rath","url":"https:\/\/digidem-bayern.de\/en\/author\/hoeratia\/"}]}},"uagb_featured_image_src":{"full":false,"thumbnail":false,"medium":false,"medium_large":false,"large":false,"1536x1536":false,"2048x2048":false,"trp-custom-language-flag":false,"qubely_landscape":false,"qubely_portrait":false,"qubely_thumbnail":false,"post-thumbnail":false,"kahuna-featured":false,"kahuna-featured-lp":false,"kahuna-featured-half":false,"kahuna-featured-third":false,"kahuna-lpbox-1":false,"kahuna-lpbox-2":false,"demand-language-flag":false,"dddkt-language-flag":false,"ddiqc-language-flag":false,"ddtl-language-flag":false,"mailpoet_newsletter_max":false,"kahuna-lpbox-3":false,"kahuna-featured-square":false,"kahuna-featured-square-large":false},"uagb_author_info":{"display_name":"Ilona H\u00f6rath","author_link":"https:\/\/digidem-bayern.de\/en\/author\/hoeratia\/"},"uagb_comment_info":0,"uagb_excerpt":"Ges\u00fcnder leben, besser auf sich achten &#8211; das nehmen sich zum Jahresbeginn viele Menschen vor. F\u00fcr eine Personengruppe ist das jedoch besonders schwierig: Pflegende Angeh\u00f6rige denken h\u00e4ufig zu wenig an sich selbst. Dabei sind gerade sie oftmals hohen Belastungen ausgesetzt. Um ihnen die eigene Situation bewusst zu machen, hat das &hellip;","_links":{"self":[{"href":"https:\/\/digidem-bayern.de\/en\/wp-json\/wp\/v2\/posts\/20522","targetHints":{"allow":["GET"]}}],"collection":[{"href":"https:\/\/digidem-bayern.de\/en\/wp-json\/wp\/v2\/posts"}],"about":[{"href":"https:\/\/digidem-bayern.de\/en\/wp-json\/wp\/v2\/types\/post"}],"author":[{"embeddable":true,"href":"https:\/\/digidem-bayern.de\/en\/wp-json\/wp\/v2\/users\/12"}],"replies":[{"embeddable":true,"href":"https:\/\/digidem-bayern.de\/en\/wp-json\/wp\/v2\/comments?post=20522"}],"version-history":[{"count":2,"href":"https:\/\/digidem-bayern.de\/en\/wp-json\/wp\/v2\/posts\/20522\/revisions"}],"predecessor-version":[{"id":20532,"href":"https:\/\/digidem-bayern.de\/en\/wp-json\/wp\/v2\/posts\/20522\/revisions\/20532"}],"wp:attachment":[{"href":"https:\/\/digidem-bayern.de\/en\/wp-json\/wp\/v2\/media?parent=20522"}],"wp:term":[{"taxonomy":"category","embeddable":true,"href":"https:\/\/digidem-bayern.de\/en\/wp-json\/wp\/v2\/categories?post=20522"},{"taxonomy":"post_tag","embeddable":true,"href":"https:\/\/digidem-bayern.de\/en\/wp-json\/wp\/v2\/tags?post=20522"}],"curies":[{"name":"wp","href":"https:\/\/api.w.org\/{rel}","templated":true}]}}