{"id":20418,"date":"2022-06-02T12:25:45","date_gmt":"2022-06-02T10:25:45","guid":{"rendered":"https:\/\/digidem-bayern.de\/?p=20418"},"modified":"2023-05-11T15:15:17","modified_gmt":"2023-05-11T13:15:17","slug":"demenzguide-die-app-fuer-angehoerige-mit-dr-maria-kotulek","status":"publish","type":"post","link":"https:\/\/digidem-bayern.de\/en\/demenzguide-die-app-fuer-angehoerige-mit-dr-maria-kotulek\/","title":{"rendered":"DemenzGuide: die App f\u00fcr Angeh\u00f6rige"},"content":{"rendered":"<h4 class=\"wp-block-heading\" id=\"richtig-kommunizieren-aber-wie-wie-bereits-im-letzten-webinar-deutlich-wurde-konnen-bei-der-kommunikation-mit-menschen-mit-demenz-verschiedene-barrieren-auftreten-sie-erschweren-den-austausch-und-konnen-so-die-personliche-beziehung-mit-der-betroffenen-person-belasten-h-und-die-damit-verbundene-gesellschaftliche-teilhabe-erschwert-werden\">Eine Demenzdiagnose stellt Betroffene und Angeh\u00f6rige vor eine v\u00f6llig neue Situation. Der im Laufe der Erkrankung zunehmende Betreuungs- und Pflegebedarf fordert die Angeh\u00f6rigen besonders heraus. Au\u00dferdem m\u00fcssen sich die meisten mit demenztypischen Verhaltensweisen wie beispielsweise Antriebslosigkeit, n\u00e4chtlicher Unruhe oder wechselhafter Stimmung des Betroffenen auseinandersetzen. Dies kann sich unter anderem negativ auf die Lebensqualit\u00e4t und den gesundheitlichen Zustand des Angeh\u00f6rigen selbst auswirken.<\/h4>\n\n\n\n<div class=\"wp-block-group\"><div class=\"wp-block-group__inner-container is-layout-flow wp-block-group-is-layout-flow\">\n<div class=\"wp-block-stackable-text stk-block-text stk-block stk-2c02e38\" data-block-id=\"2c02e38\"><p class=\"stk-block-text__text\">Um Angeh\u00f6rige und Freunde von Menschen mit Demenz zu unterst\u00fctzen, gibt es seit Februar 2022 ein neues digitales Angebot, den \u201eDemenzGuide\u201c. Dieser h\u00e4lt sowohl Tipps f\u00fcr den Umgang mit Menschen mit Demenz bereit als auch hilfreiche Ideen f\u00fcr daheim oder die Pflegeeinrichtung \u2013 auch bei fortgeschrittener Erkrankung. Daneben finden Angeh\u00f6rige im DemenzGuide auch Anregungen und Heiteres, um mit der Situation besser umzugehen und sich selbst etwas Gutes zu tun. Au\u00dferdem bietet er einen verst\u00e4ndlichen \u00dcberblick \u00fcber das Themenfeld Demenz.<\/p><\/div>\n\n\n\n<div class=\"wp-block-stackable-text stk-block-text stk-block stk-c67bb9a\" data-block-id=\"c67bb9a\"><p class=\"stk-block-text__text\">Die Evangelische Altenheimseelsorge im Evangelisch-Lutherischen Dekanatsbezirk M\u00fcnchen und die Abteilung Seniorenpastoral im Erzbisch\u00f6flichen Ordinariat M\u00fcnchen haben den DemenzGuide gemeinsam entwickelt. Dr. Maria Kotulek (Fachreferentin f\u00fcr Demenz, Abteilung Seniorenpastoral im Erzbisch\u00f6flichen Ordinariat M\u00fcnchen) und Edith \u00d6xler (Leiterin der Evangelischen Altenheimseelsorge des Evangelisch-Lutherischen Dekanatsbezirks M\u00fcnchen) haben den DemenzGuide als \u00f6kumenisches Projekt inhaltlich betreut und entwickelt. <\/p><\/div>\n\n\n\n<div class=\"wp-block-stackable-text stk-block-text stk-block stk-2deaae7\" data-block-id=\"2deaae7\"><p class=\"stk-block-text__text\">In unserem Webinar erl\u00e4utert Dr. Maria Kotulek den DemenzGuide und stellt die unterschiedlichen Inhalte vor.<\/p><\/div>\n\n\n\n<div class=\"wp-block-stackable-text stk-block-text stk-block stk-9917eba\" data-block-id=\"9917eba\"><p class=\"stk-block-text__text\"><\/p><\/div>\n\n\n\n<p>   <\/p>\n<\/div><\/div>\n\n\n\n<div style=\"height:20px\" aria-hidden=\"true\" class=\"wp-block-spacer\"><\/div>\n\n\n\n<figure class=\"wp-block-embed is-type-video is-provider-youtube wp-block-embed-youtube wp-embed-aspect-16-9 wp-has-aspect-ratio\"><div class=\"wp-block-embed__wrapper\">\n<iframe loading=\"lazy\" title=\"Webinar: DemenzGuide: die App f\u00fcr Angeh\u00f6rige \u2013 mit Dr. Maria Kotulek\" width=\"1223\" height=\"688\" src=\"https:\/\/www.youtube.com\/embed\/m25Xv7HfdWs?feature=oembed\" frameborder=\"0\" allow=\"accelerometer; autoplay; clipboard-write; encrypted-media; gyroscope; picture-in-picture\" allowfullscreen><\/iframe>\n<\/div><\/figure>\n\n\n\n<div style=\"height:20px\" aria-hidden=\"true\" class=\"wp-block-spacer\"><\/div>\n\n\n\n<p class=\"has-text-align-center\"><strong>Hier gibt es das Webinar als PDF zum <a href=\"https:\/\/digidem-bayern.de\/wp-content\/uploads\/2022\/06\/2021-10-26_digiDEM-Webinar_Nr36_Copyright-3.pdf\">Download<\/a><\/strong><\/p>\n\n\n\n<p><\/p>\n\n\n\n<div style=\"height:20px\" aria-hidden=\"true\" class=\"wp-block-spacer\"><\/div>\n\n\n\n<h2 class=\"wp-block-heading has-text-align-center\" id=\"dienstag-08-02-2022-11-00-11-45-uhr\"><strong><strong>Mittwoch, 01.06.2022, 11.00-11.45 Uhr<\/strong><\/strong><\/h2>\n\n\n\n<div class=\"wp-block-stackable-columns stk-block-columns stk-block stk-1090ef3\" data-block-id=\"1090ef3\"><div class=\"stk-row stk-inner-blocks stk-block-content stk-content-align stk-1090ef3-column\">\n<div class=\"wp-block-stackable-column stk-block-column stk-column stk-block stk-5e9ace7\" data-block-id=\"5e9ace7\"><div class=\"stk-column-wrapper stk-block-column__content stk-container stk-5e9ace7-container stk--no-background stk--no-padding\"><div class=\"stk-block-content stk-inner-blocks\">\n<div class=\"wp-block-group\"><div class=\"wp-block-group__inner-container is-layout-flow wp-block-group-is-layout-flow\">\n<div class=\"wp-block-uagb-team uagb-team__image-position-above uagb-team__align-center uagb-team__stack-tablet uagb-block-7a9faeaa\"><div class=\"uagb-team__content\"><img decoding=\"async\" class=\"uagb-team__image-crop-circle\" src=\"https:\/\/digidem-bayern.de\/wp-content\/uploads\/2021\/08\/AKE-80x80.png\" alt=\"\" height=\"120\" width=\"120\" loading=\"lazy\"\/><h3 class=\"uagb-team__title\">Anne Keefer<\/h3><span class=\"uagb-team__prefix\">Moderation<\/span><p class=\"uagb-team__desc\"><em>Wissenschaftliche Mitarbeiterin M. Sc.<\/em><\/p><\/div><\/div>\n<\/div><\/div>\n<\/div><\/div><\/div>\n\n\n\n<div class=\"wp-block-stackable-column stk-block-column stk-column stk-block stk-4c496e3\" data-block-id=\"4c496e3\"><div class=\"stk-column-wrapper stk-block-column__content stk-container stk-4c496e3-container stk--no-background stk--no-padding\"><div class=\"stk-block-content stk-inner-blocks\">\n<div class=\"wp-block-uagb-team uagb-team__image-position-above uagb-team__align-center uagb-team__stack-tablet uagb-block-e319df05\"><div class=\"uagb-team__content\"><img decoding=\"async\" class=\"uagb-team__image-crop-circle\" src=\"https:\/\/digidem-bayern.de\/wp-content\/uploads\/2022\/03\/Jana-Bild-Quadratisch2-80x80.jpeg\" alt=\"\" height=\"120\" width=\"120\" loading=\"lazy\"\/><h3 class=\"uagb-team__title\">Jana R\u00fchl<\/h3><span class=\"uagb-team__prefix\">Chatroom Betreuung<\/span><p class=\"uagb-team__desc\"><em>Wissenschaftliche Mitarbeiterin M. Sc.<\/em><\/p><\/div><\/div>\n<\/div><\/div><\/div>\n<\/div><\/div>\n\n\n\n<div style=\"height:20px\" aria-hidden=\"true\" class=\"wp-block-spacer\"><\/div>\n\n\n\n<div style=\"height:20px\" aria-hidden=\"true\" class=\"wp-block-spacer\"><\/div>\n\n\n\n<p>Sie interessieren Sich f\u00fcr weitere Webinare zu Themen aus der internationalen Demenz-Forschung? In unserer <a href=\"https:\/\/test.digidem-bayern.de\/science-watch-live\/\">Mediathek<\/a> finden Sie alle vergangenen Webinare als Video-Mitschnitte.<\/p>\n\n\n\n<p>Mit der Webinar-Reihe \u201eScience Watch LIVE\u201c bieten wir einen zus\u00e4tzlichen Service zu unserem monatlichen Newsletter <a href=\"https:\/\/test.digidem-bayern.de\/newsletter\/\">digiDEM Bayern Science Wa<\/a><a href=\"https:\/\/test.digidem-bayern.de\/newsletter-2\/\">tch<\/a>, in dem wir wissenschaftliche Erkenntnisse aus der Demenzforschung bereitstellen. &nbsp;<\/p>\n\n\n\n<p>Vor dem Hintergrund massenhaft verbreiteter Halbwahrheiten und Fake News,  ist evidenzbasierte Wissenschaft gefragt. Es ist wichtiger denn je, wissenschaftliche Erkenntnisse so zu vermitteln, dass sie f\u00fcr die Gesellschaft verst\u00e4ndlich sind und ein Austausch dar\u00fcber gef\u00f6rdert wird. Dazu m\u00f6chten wir als digiDEM Bayern-Projektteam beitragen, jetzt auch mit <strong><em>digiDEM Bayern Science Wach LIVE<\/em><\/strong>.<\/p>\n\n\n\n<p><\/p>","protected":false},"excerpt":{"rendered":"<p>Eine Demenzdiagnose stellt Betroffene und Angeh\u00f6rige vor eine v\u00f6llig neue Situation. Der im Laufe der Erkrankung zunehmende Betreuungs- und Pflegebedarf fordert die Angeh\u00f6rigen besonders heraus. Au\u00dferdem m\u00fcssen sich die meisten mit demenztypischen Verhaltensweisen wie beispielsweise Antriebslosigkeit, n\u00e4chtlicher Unruhe oder wechselhafter Stimmung des Betroffenen auseinandersetzen. Dies kann sich unter anderem negativ &hellip;<\/p>","protected":false},"author":12,"featured_media":20119,"comment_status":"open","ping_status":"closed","sticky":false,"template":"","format":"standard","meta":{"qubely_global_settings":"true","qubely_interactions":"","_uag_custom_page_level_css":"","footnotes":""},"categories":[123],"tags":[13,12,112,95,439,14,17,55,94],"class_list":["post-20418","post","type-post","status-publish","format-standard","has-post-thumbnail","hentry","category-sciene-watch-live-archiv","tag-alzheimer","tag-demenz-2","tag-demenzdiagnose","tag-demenzforschung","tag-demenzguide","tag-digidem","tag-digidem-bayern","tag-digitales-demenzregister-bayern","tag-webinar"],"qubely_featured_image_url":{"full":["https:\/\/digidem-bayern.de\/wp-content\/uploads\/2022\/05\/shutterstock_687039841.jpg",1600,1067,false],"landscape":["https:\/\/digidem-bayern.de\/wp-content\/uploads\/2022\/05\/shutterstock_687039841-1200x750.jpg",1200,750,true],"portraits":["https:\/\/digidem-bayern.de\/wp-content\/uploads\/2022\/05\/shutterstock_687039841-540x320.jpg",540,320,true],"thumbnail":["https:\/\/digidem-bayern.de\/wp-content\/uploads\/2022\/05\/shutterstock_687039841-80x80.jpg",80,80,true],"medium":["https:\/\/digidem-bayern.de\/wp-content\/uploads\/2022\/05\/shutterstock_687039841-300x200.jpg",300,200,true],"medium_large":["https:\/\/digidem-bayern.de\/wp-content\/uploads\/2022\/05\/shutterstock_687039841-768x512.jpg",768,512,true],"large":["https:\/\/digidem-bayern.de\/wp-content\/uploads\/2022\/05\/shutterstock_687039841-1030x687.jpg",1030,687,true],"1536x1536":["https:\/\/digidem-bayern.de\/wp-content\/uploads\/2022\/05\/shutterstock_687039841-1536x1025.jpg",1536,1025,true],"2048x2048":["https:\/\/digidem-bayern.de\/wp-content\/uploads\/2022\/05\/shutterstock_687039841-2048x1366.jpg",2048,1366,true],"trp-custom-language-flag":["https:\/\/digidem-bayern.de\/wp-content\/uploads\/2022\/05\/shutterstock_687039841.jpg",18,12,false],"qubely_landscape":["https:\/\/digidem-bayern.de\/wp-content\/uploads\/2022\/05\/shutterstock_687039841-1200x750.jpg",1200,750,true],"qubely_portrait":["https:\/\/digidem-bayern.de\/wp-content\/uploads\/2022\/05\/shutterstock_687039841-540x320.jpg",540,320,true],"qubely_thumbnail":["https:\/\/digidem-bayern.de\/wp-content\/uploads\/2022\/05\/shutterstock_687039841-140x100.jpg",140,100,true],"post-thumbnail":["https:\/\/digidem-bayern.de\/wp-content\/uploads\/2022\/05\/shutterstock_687039841-525x350.jpg",525,350,true],"kahuna-featured":["https:\/\/digidem-bayern.de\/wp-content\/uploads\/2022\/05\/shutterstock_687039841-734x350.jpg",734,350,true],"kahuna-featured-lp":["https:\/\/digidem-bayern.de\/wp-content\/uploads\/2022\/05\/shutterstock_687039841-520x350.jpg",520,350,true],"kahuna-featured-half":["https:\/\/digidem-bayern.de\/wp-content\/uploads\/2022\/05\/shutterstock_687039841-800x350.jpg",800,350,true],"kahuna-featured-third":["https:\/\/digidem-bayern.de\/wp-content\/uploads\/2022\/05\/shutterstock_687039841-512x350.jpg",512,350,true],"kahuna-lpbox-1":["https:\/\/digidem-bayern.de\/wp-content\/uploads\/2022\/05\/shutterstock_687039841-520x300.jpg",520,300,true],"kahuna-lpbox-2":["https:\/\/digidem-bayern.de\/wp-content\/uploads\/2022\/05\/shutterstock_687039841-520x350.jpg",520,350,true],"demand-language-flag":["https:\/\/digidem-bayern.de\/wp-content\/uploads\/2022\/05\/shutterstock_687039841.jpg",36,24,false],"dddkt-language-flag":["https:\/\/digidem-bayern.de\/wp-content\/uploads\/2022\/05\/shutterstock_687039841-36x36.jpg",36,36,true],"ddiqc-language-flag":["https:\/\/digidem-bayern.de\/wp-content\/uploads\/2022\/05\/shutterstock_687039841-36x36.jpg",36,36,true],"ddtl-language-flag":["https:\/\/digidem-bayern.de\/wp-content\/uploads\/2022\/05\/shutterstock_687039841-36x36.jpg",36,36,true],"mailpoet_newsletter_max":["https:\/\/digidem-bayern.de\/wp-content\/uploads\/2022\/05\/shutterstock_687039841-1320x880.jpg",1320,880,true],"kahuna-lpbox-3":["https:\/\/digidem-bayern.de\/wp-content\/uploads\/2022\/05\/shutterstock_687039841-520x350.jpg",520,350,true],"kahuna-featured-square":["https:\/\/digidem-bayern.de\/wp-content\/uploads\/2022\/05\/shutterstock_687039841-512x512.jpg",512,512,true],"kahuna-featured-square-large":["https:\/\/digidem-bayern.de\/wp-content\/uploads\/2022\/05\/shutterstock_687039841-1024x1024.jpg",1024,1024,true]},"qubely_author":{"display_name":"Ilona H\u00f6rath","author_link":"https:\/\/digidem-bayern.de\/en\/author\/hoeratia\/"},"qubely_comment":0,"qubely_category":"<a href=\"https:\/\/digidem-bayern.de\/en\/category\/sciene-watch-live-archiv\/\" rel=\"category tag\">Sciene Watch Live ARCHIV<\/a>","qubely_excerpt":"Eine Demenzdiagnose stellt Betroffene und Angeh\u00f6rige vor eine v\u00f6llig neue Situation. Der im Laufe der Erkrankung zunehmende Betreuungs- und Pflegebedarf fordert die Angeh\u00f6rigen besonders heraus. Au\u00dferdem m\u00fcssen sich die meisten mit demenztypischen Verhaltensweisen wie beispielsweise Antriebslosigkeit, n\u00e4chtlicher Unruhe oder wechselhafter Stimmung des Betroffenen auseinandersetzen. Dies kann sich unter anderem negativ &hellip;","featured_image_urls_v2":{"full":["https:\/\/digidem-bayern.de\/wp-content\/uploads\/2022\/05\/shutterstock_687039841.jpg",1600,1067,false],"thumbnail":["https:\/\/digidem-bayern.de\/wp-content\/uploads\/2022\/05\/shutterstock_687039841-80x80.jpg",80,80,true],"medium":["https:\/\/digidem-bayern.de\/wp-content\/uploads\/2022\/05\/shutterstock_687039841-300x200.jpg",300,200,true],"medium_large":["https:\/\/digidem-bayern.de\/wp-content\/uploads\/2022\/05\/shutterstock_687039841-768x512.jpg",768,512,true],"large":["https:\/\/digidem-bayern.de\/wp-content\/uploads\/2022\/05\/shutterstock_687039841-1030x687.jpg",1030,687,true],"1536x1536":["https:\/\/digidem-bayern.de\/wp-content\/uploads\/2022\/05\/shutterstock_687039841-1536x1025.jpg",1536,1025,true],"2048x2048":["https:\/\/digidem-bayern.de\/wp-content\/uploads\/2022\/05\/shutterstock_687039841-2048x1366.jpg",2048,1366,true],"trp-custom-language-flag":["https:\/\/digidem-bayern.de\/wp-content\/uploads\/2022\/05\/shutterstock_687039841.jpg",18,12,false],"qubely_landscape":["https:\/\/digidem-bayern.de\/wp-content\/uploads\/2022\/05\/shutterstock_687039841-1200x750.jpg",1200,750,true],"qubely_portrait":["https:\/\/digidem-bayern.de\/wp-content\/uploads\/2022\/05\/shutterstock_687039841-540x320.jpg",540,320,true],"qubely_thumbnail":["https:\/\/digidem-bayern.de\/wp-content\/uploads\/2022\/05\/shutterstock_687039841-140x100.jpg",140,100,true],"post-thumbnail":["https:\/\/digidem-bayern.de\/wp-content\/uploads\/2022\/05\/shutterstock_687039841-525x350.jpg",525,350,true],"kahuna-featured":["https:\/\/digidem-bayern.de\/wp-content\/uploads\/2022\/05\/shutterstock_687039841-734x350.jpg",734,350,true],"kahuna-featured-lp":["https:\/\/digidem-bayern.de\/wp-content\/uploads\/2022\/05\/shutterstock_687039841-520x350.jpg",520,350,true],"kahuna-featured-half":["https:\/\/digidem-bayern.de\/wp-content\/uploads\/2022\/05\/shutterstock_687039841-800x350.jpg",800,350,true],"kahuna-featured-third":["https:\/\/digidem-bayern.de\/wp-content\/uploads\/2022\/05\/shutterstock_687039841-512x350.jpg",512,350,true],"kahuna-lpbox-1":["https:\/\/digidem-bayern.de\/wp-content\/uploads\/2022\/05\/shutterstock_687039841-520x300.jpg",520,300,true],"kahuna-lpbox-2":["https:\/\/digidem-bayern.de\/wp-content\/uploads\/2022\/05\/shutterstock_687039841-520x350.jpg",520,350,true],"demand-language-flag":["https:\/\/digidem-bayern.de\/wp-content\/uploads\/2022\/05\/shutterstock_687039841.jpg",36,24,false],"dddkt-language-flag":["https:\/\/digidem-bayern.de\/wp-content\/uploads\/2022\/05\/shutterstock_687039841-36x36.jpg",36,36,true],"ddiqc-language-flag":["https:\/\/digidem-bayern.de\/wp-content\/uploads\/2022\/05\/shutterstock_687039841-36x36.jpg",36,36,true],"ddtl-language-flag":["https:\/\/digidem-bayern.de\/wp-content\/uploads\/2022\/05\/shutterstock_687039841-36x36.jpg",36,36,true],"mailpoet_newsletter_max":["https:\/\/digidem-bayern.de\/wp-content\/uploads\/2022\/05\/shutterstock_687039841-1320x880.jpg",1320,880,true],"kahuna-lpbox-3":["https:\/\/digidem-bayern.de\/wp-content\/uploads\/2022\/05\/shutterstock_687039841-520x350.jpg",520,350,true],"kahuna-featured-square":["https:\/\/digidem-bayern.de\/wp-content\/uploads\/2022\/05\/shutterstock_687039841-512x512.jpg",512,512,true],"kahuna-featured-square-large":["https:\/\/digidem-bayern.de\/wp-content\/uploads\/2022\/05\/shutterstock_687039841-1024x1024.jpg",1024,1024,true]},"post_excerpt_stackable_v2":"<p>Eine Demenzdiagnose stellt Betroffene und Angeh\u00f6rige vor eine v\u00f6llig neue Situation. Der im Laufe der Erkrankung zunehmende Betreuungs- und Pflegebedarf fordert die Angeh\u00f6rigen besonders heraus. Au\u00dferdem m\u00fcssen sich die meisten mit demenztypischen Verhaltensweisen wie beispielsweise Antriebslosigkeit, n\u00e4chtlicher Unruhe oder wechselhafter Stimmung des Betroffenen auseinandersetzen. Dies kann sich unter anderem negativ auf die Lebensqualit\u00e4t und den gesundheitlichen Zustand des Angeh\u00f6rigen selbst auswirken. Um Angeh\u00f6rige und Freunde von Menschen mit Demenz zu unterst\u00fctzen, gibt es seit Februar 2022 ein neues digitales Angebot, den \u201eDemenzGuide\u201c. Dieser h\u00e4lt sowohl Tipps f\u00fcr den Umgang mit Menschen mit Demenz bereit als auch hilfreiche Ideen f\u00fcr daheim&hellip;<\/p>\n","category_list_v2":"<a href=\"https:\/\/digidem-bayern.de\/en\/category\/sciene-watch-live-archiv\/\" rel=\"category tag\">Sciene Watch Live ARCHIV<\/a>","author_info_v2":{"name":"Ilona H\u00f6rath","url":"https:\/\/digidem-bayern.de\/en\/author\/hoeratia\/"},"comments_num_v2":"0 comments","yoast_head":"<!-- This site is optimized with the Yoast SEO plugin v27.4 - https:\/\/yoast.com\/product\/yoast-seo-wordpress\/ -->\n<title>DemenzGuide: die App f\u00fcr Angeh\u00f6rige - digiDEM Bayern<\/title>\n<meta name=\"description\" content=\"Im Webinar &quot;digiDEM Bayern Science Watch LIVE&quot; behandeln Wissenschaftler ein Thema aus der Demenzforschung und stehen live f\u00fcr Fragen zur Verf\u00fcgung.\" \/>\n<meta name=\"robots\" content=\"index, follow, max-snippet:-1, max-image-preview:large, max-video-preview:-1\" \/>\n<link rel=\"canonical\" href=\"https:\/\/digidem-bayern.de\/en\/demenzguide-die-app-fuer-angehoerige-mit-dr-maria-kotulek\/\" \/>\n<meta property=\"og:locale\" content=\"en_US\" \/>\n<meta property=\"og:type\" content=\"article\" \/>\n<meta property=\"og:title\" content=\"DemenzGuide: die App f\u00fcr Angeh\u00f6rige - digiDEM Bayern\" \/>\n<meta property=\"og:description\" content=\"Im Webinar &quot;digiDEM Bayern Science Watch LIVE&quot; behandeln Wissenschaftler ein Thema aus der Demenzforschung und stehen live f\u00fcr Fragen zur Verf\u00fcgung.\" \/>\n<meta property=\"og:url\" content=\"https:\/\/digidem-bayern.de\/en\/demenzguide-die-app-fuer-angehoerige-mit-dr-maria-kotulek\/\" \/>\n<meta property=\"og:site_name\" content=\"digiDEM Bayern\" \/>\n<meta property=\"article:publisher\" content=\"https:\/\/www.facebook.com\/digiDEMBayern\/\" \/>\n<meta property=\"article:published_time\" content=\"2022-06-02T10:25:45+00:00\" \/>\n<meta property=\"article:modified_time\" content=\"2023-05-11T13:15:17+00:00\" \/>\n<meta property=\"og:image\" content=\"https:\/\/digidem-bayern.de\/wp-content\/uploads\/2022\/05\/shutterstock_687039841.jpg\" \/>\n\t<meta property=\"og:image:width\" content=\"1600\" \/>\n\t<meta property=\"og:image:height\" content=\"1067\" \/>\n\t<meta property=\"og:image:type\" content=\"image\/jpeg\" \/>\n<meta name=\"author\" content=\"Ilona H\u00f6rath\" \/>\n<meta name=\"twitter:label1\" content=\"Written by\" \/>\n\t<meta name=\"twitter:data1\" content=\"Ilona H\u00f6rath\" \/>\n\t<meta name=\"twitter:label2\" content=\"Est. reading time\" \/>\n\t<meta name=\"twitter:data2\" content=\"3 minutes\" \/>\n<script type=\"application\/ld+json\" class=\"yoast-schema-graph\">{\"@context\":\"https:\\\/\\\/schema.org\",\"@graph\":[{\"@type\":\"Article\",\"@id\":\"https:\\\/\\\/digidem-bayern.de\\\/demenzguide-die-app-fuer-angehoerige-mit-dr-maria-kotulek\\\/#article\",\"isPartOf\":{\"@id\":\"https:\\\/\\\/digidem-bayern.de\\\/demenzguide-die-app-fuer-angehoerige-mit-dr-maria-kotulek\\\/\"},\"author\":{\"name\":\"Ilona H\u00f6rath\",\"@id\":\"\\\/#\\\/schema\\\/person\\\/0bc1494f46fc2a051c761322a80e0941\"},\"headline\":\"DemenzGuide: die App f\u00fcr Angeh\u00f6rige\",\"datePublished\":\"2022-06-02T10:25:45+00:00\",\"dateModified\":\"2023-05-11T13:15:17+00:00\",\"mainEntityOfPage\":{\"@id\":\"https:\\\/\\\/digidem-bayern.de\\\/demenzguide-die-app-fuer-angehoerige-mit-dr-maria-kotulek\\\/\"},\"wordCount\":381,\"commentCount\":0,\"publisher\":{\"@id\":\"\\\/#organization\"},\"image\":{\"@id\":\"https:\\\/\\\/digidem-bayern.de\\\/demenzguide-die-app-fuer-angehoerige-mit-dr-maria-kotulek\\\/#primaryimage\"},\"thumbnailUrl\":\"https:\\\/\\\/digidem-bayern.de\\\/wp-content\\\/uploads\\\/2022\\\/05\\\/shutterstock_687039841.jpg\",\"keywords\":[\"Alzheimer\",\"Demenz\",\"Demenzdiagnose\",\"Demenzforschung\",\"DemenzGuide\",\"digidem\",\"digidem Bayern\",\"Digitales Demenzregister Bayern\",\"Webinar\"],\"articleSection\":[\"Sciene Watch Live ARCHIV\"],\"inLanguage\":\"en-US\",\"potentialAction\":[{\"@type\":\"CommentAction\",\"name\":\"Comment\",\"target\":[\"https:\\\/\\\/digidem-bayern.de\\\/demenzguide-die-app-fuer-angehoerige-mit-dr-maria-kotulek\\\/#respond\"]}]},{\"@type\":\"WebPage\",\"@id\":\"https:\\\/\\\/digidem-bayern.de\\\/demenzguide-die-app-fuer-angehoerige-mit-dr-maria-kotulek\\\/\",\"url\":\"https:\\\/\\\/digidem-bayern.de\\\/demenzguide-die-app-fuer-angehoerige-mit-dr-maria-kotulek\\\/\",\"name\":\"DemenzGuide: die App f\u00fcr Angeh\u00f6rige - digiDEM Bayern\",\"isPartOf\":{\"@id\":\"\\\/#website\"},\"primaryImageOfPage\":{\"@id\":\"https:\\\/\\\/digidem-bayern.de\\\/demenzguide-die-app-fuer-angehoerige-mit-dr-maria-kotulek\\\/#primaryimage\"},\"image\":{\"@id\":\"https:\\\/\\\/digidem-bayern.de\\\/demenzguide-die-app-fuer-angehoerige-mit-dr-maria-kotulek\\\/#primaryimage\"},\"thumbnailUrl\":\"https:\\\/\\\/digidem-bayern.de\\\/wp-content\\\/uploads\\\/2022\\\/05\\\/shutterstock_687039841.jpg\",\"datePublished\":\"2022-06-02T10:25:45+00:00\",\"dateModified\":\"2023-05-11T13:15:17+00:00\",\"description\":\"Im Webinar \\\"digiDEM Bayern Science Watch LIVE\\\" behandeln Wissenschaftler ein Thema aus der Demenzforschung und stehen live f\u00fcr Fragen zur Verf\u00fcgung.\",\"breadcrumb\":{\"@id\":\"https:\\\/\\\/digidem-bayern.de\\\/demenzguide-die-app-fuer-angehoerige-mit-dr-maria-kotulek\\\/#breadcrumb\"},\"inLanguage\":\"en-US\",\"potentialAction\":[{\"@type\":\"ReadAction\",\"target\":[\"https:\\\/\\\/digidem-bayern.de\\\/demenzguide-die-app-fuer-angehoerige-mit-dr-maria-kotulek\\\/\"]}]},{\"@type\":\"ImageObject\",\"inLanguage\":\"en-US\",\"@id\":\"https:\\\/\\\/digidem-bayern.de\\\/demenzguide-die-app-fuer-angehoerige-mit-dr-maria-kotulek\\\/#primaryimage\",\"url\":\"https:\\\/\\\/digidem-bayern.de\\\/wp-content\\\/uploads\\\/2022\\\/05\\\/shutterstock_687039841.jpg\",\"contentUrl\":\"https:\\\/\\\/digidem-bayern.de\\\/wp-content\\\/uploads\\\/2022\\\/05\\\/shutterstock_687039841.jpg\",\"width\":1600,\"height\":1067,\"caption\":\"Die Demenz-App h\u00e4lt viele Tipps f\u00fcr den Umgang mit Menschen mit Demenz bereit und liefert auch hilfreiche f\u00fcr daheim und in der Pflegeeinrichtung. Ideen f\u00fcr\"},{\"@type\":\"BreadcrumbList\",\"@id\":\"https:\\\/\\\/digidem-bayern.de\\\/demenzguide-die-app-fuer-angehoerige-mit-dr-maria-kotulek\\\/#breadcrumb\",\"itemListElement\":[{\"@type\":\"ListItem\",\"position\":1,\"name\":\"Startseite\",\"item\":\"https:\\\/\\\/digidem-bayern.de\\\/\"},{\"@type\":\"ListItem\",\"position\":2,\"name\":\"DemenzGuide: die App f\u00fcr Angeh\u00f6rige\"}]},{\"@type\":\"WebSite\",\"@id\":\"\\\/#website\",\"url\":\"\\\/\",\"name\":\"digiDEM Bayern\",\"description\":\"Das digitale Demenzregister Bayern erforscht und verbessert die Angebotsstuktur f\u00fcr Menschen mit Demenz und deren Angeh\u00f6rige\",\"publisher\":{\"@id\":\"\\\/#organization\"},\"potentialAction\":[{\"@type\":\"SearchAction\",\"target\":{\"@type\":\"EntryPoint\",\"urlTemplate\":\"\\\/?s={search_term_string}\"},\"query-input\":{\"@type\":\"PropertyValueSpecification\",\"valueRequired\":true,\"valueName\":\"search_term_string\"}}],\"inLanguage\":\"en-US\"},{\"@type\":\"Organization\",\"@id\":\"\\\/#organization\",\"name\":\"digiDEM Bayern\",\"url\":\"\\\/\",\"logo\":{\"@type\":\"ImageObject\",\"inLanguage\":\"en-US\",\"@id\":\"\\\/#\\\/schema\\\/logo\\\/image\\\/\",\"url\":\"https:\\\/\\\/digidem-bayern.de\\\/wp-content\\\/uploads\\\/2022\\\/03\\\/cropped-Allgemeines_digiDEMLOGO-removebg-preview.png\",\"contentUrl\":\"https:\\\/\\\/digidem-bayern.de\\\/wp-content\\\/uploads\\\/2022\\\/03\\\/cropped-Allgemeines_digiDEMLOGO-removebg-preview.png\",\"width\":612,\"height\":357,\"caption\":\"digiDEM Bayern\"},\"image\":{\"@id\":\"\\\/#\\\/schema\\\/logo\\\/image\\\/\"},\"sameAs\":[\"https:\\\/\\\/www.facebook.com\\\/digiDEMBayern\\\/\",\"https:\\\/\\\/x.com\\\/digidem_bayern\",\"https:\\\/\\\/www.instagram.com\\\/digidem.bayern\",\"https:\\\/\\\/www.linkedin.com\\\/company\\\/digidem-bayern\\\/\"]},{\"@type\":\"Person\",\"@id\":\"\\\/#\\\/schema\\\/person\\\/0bc1494f46fc2a051c761322a80e0941\",\"name\":\"Ilona H\u00f6rath\",\"url\":\"https:\\\/\\\/digidem-bayern.de\\\/en\\\/author\\\/hoeratia\\\/\"}]}<\/script>\n<!-- \/ Yoast SEO plugin. -->","yoast_head_json":{"title":"DemenzGuide: die App f\u00fcr Angeh\u00f6rige - digiDEM Bayern","description":"Im Webinar \"digiDEM Bayern Science Watch LIVE\" behandeln Wissenschaftler ein Thema aus der Demenzforschung und stehen live f\u00fcr Fragen zur Verf\u00fcgung.","robots":{"index":"index","follow":"follow","max-snippet":"max-snippet:-1","max-image-preview":"max-image-preview:large","max-video-preview":"max-video-preview:-1"},"canonical":"https:\/\/digidem-bayern.de\/en\/demenzguide-die-app-fuer-angehoerige-mit-dr-maria-kotulek\/","og_locale":"en_US","og_type":"article","og_title":"DemenzGuide: die App f\u00fcr Angeh\u00f6rige - digiDEM Bayern","og_description":"Im Webinar \"digiDEM Bayern Science Watch LIVE\" behandeln Wissenschaftler ein Thema aus der Demenzforschung und stehen live f\u00fcr Fragen zur Verf\u00fcgung.","og_url":"https:\/\/digidem-bayern.de\/en\/demenzguide-die-app-fuer-angehoerige-mit-dr-maria-kotulek\/","og_site_name":"digiDEM Bayern","article_publisher":"https:\/\/www.facebook.com\/digiDEMBayern\/","article_published_time":"2022-06-02T10:25:45+00:00","article_modified_time":"2023-05-11T13:15:17+00:00","og_image":[{"width":1600,"height":1067,"url":"https:\/\/digidem-bayern.de\/wp-content\/uploads\/2022\/05\/shutterstock_687039841.jpg","type":"image\/jpeg"}],"author":"Ilona H\u00f6rath","twitter_misc":{"Written by":"Ilona H\u00f6rath","Est. reading time":"3 minutes"},"schema":{"@context":"https:\/\/schema.org","@graph":[{"@type":"Article","@id":"https:\/\/digidem-bayern.de\/demenzguide-die-app-fuer-angehoerige-mit-dr-maria-kotulek\/#article","isPartOf":{"@id":"https:\/\/digidem-bayern.de\/demenzguide-die-app-fuer-angehoerige-mit-dr-maria-kotulek\/"},"author":{"name":"Ilona H\u00f6rath","@id":"\/#\/schema\/person\/0bc1494f46fc2a051c761322a80e0941"},"headline":"DemenzGuide: die App f\u00fcr Angeh\u00f6rige","datePublished":"2022-06-02T10:25:45+00:00","dateModified":"2023-05-11T13:15:17+00:00","mainEntityOfPage":{"@id":"https:\/\/digidem-bayern.de\/demenzguide-die-app-fuer-angehoerige-mit-dr-maria-kotulek\/"},"wordCount":381,"commentCount":0,"publisher":{"@id":"\/#organization"},"image":{"@id":"https:\/\/digidem-bayern.de\/demenzguide-die-app-fuer-angehoerige-mit-dr-maria-kotulek\/#primaryimage"},"thumbnailUrl":"https:\/\/digidem-bayern.de\/wp-content\/uploads\/2022\/05\/shutterstock_687039841.jpg","keywords":["Alzheimer","Demenz","Demenzdiagnose","Demenzforschung","DemenzGuide","digidem","digidem Bayern","Digitales Demenzregister Bayern","Webinar"],"articleSection":["Sciene Watch Live ARCHIV"],"inLanguage":"en-US","potentialAction":[{"@type":"CommentAction","name":"Comment","target":["https:\/\/digidem-bayern.de\/demenzguide-die-app-fuer-angehoerige-mit-dr-maria-kotulek\/#respond"]}]},{"@type":"WebPage","@id":"https:\/\/digidem-bayern.de\/demenzguide-die-app-fuer-angehoerige-mit-dr-maria-kotulek\/","url":"https:\/\/digidem-bayern.de\/demenzguide-die-app-fuer-angehoerige-mit-dr-maria-kotulek\/","name":"DemenzGuide: die App f\u00fcr Angeh\u00f6rige - digiDEM Bayern","isPartOf":{"@id":"\/#website"},"primaryImageOfPage":{"@id":"https:\/\/digidem-bayern.de\/demenzguide-die-app-fuer-angehoerige-mit-dr-maria-kotulek\/#primaryimage"},"image":{"@id":"https:\/\/digidem-bayern.de\/demenzguide-die-app-fuer-angehoerige-mit-dr-maria-kotulek\/#primaryimage"},"thumbnailUrl":"https:\/\/digidem-bayern.de\/wp-content\/uploads\/2022\/05\/shutterstock_687039841.jpg","datePublished":"2022-06-02T10:25:45+00:00","dateModified":"2023-05-11T13:15:17+00:00","description":"Im Webinar \"digiDEM Bayern Science Watch LIVE\" behandeln Wissenschaftler ein Thema aus der Demenzforschung und stehen live f\u00fcr Fragen zur Verf\u00fcgung.","breadcrumb":{"@id":"https:\/\/digidem-bayern.de\/demenzguide-die-app-fuer-angehoerige-mit-dr-maria-kotulek\/#breadcrumb"},"inLanguage":"en-US","potentialAction":[{"@type":"ReadAction","target":["https:\/\/digidem-bayern.de\/demenzguide-die-app-fuer-angehoerige-mit-dr-maria-kotulek\/"]}]},{"@type":"ImageObject","inLanguage":"en-US","@id":"https:\/\/digidem-bayern.de\/demenzguide-die-app-fuer-angehoerige-mit-dr-maria-kotulek\/#primaryimage","url":"https:\/\/digidem-bayern.de\/wp-content\/uploads\/2022\/05\/shutterstock_687039841.jpg","contentUrl":"https:\/\/digidem-bayern.de\/wp-content\/uploads\/2022\/05\/shutterstock_687039841.jpg","width":1600,"height":1067,"caption":"Die Demenz-App h\u00e4lt viele Tipps f\u00fcr den Umgang mit Menschen mit Demenz bereit und liefert auch hilfreiche f\u00fcr daheim und in der Pflegeeinrichtung. Ideen f\u00fcr"},{"@type":"BreadcrumbList","@id":"https:\/\/digidem-bayern.de\/demenzguide-die-app-fuer-angehoerige-mit-dr-maria-kotulek\/#breadcrumb","itemListElement":[{"@type":"ListItem","position":1,"name":"Startseite","item":"https:\/\/digidem-bayern.de\/"},{"@type":"ListItem","position":2,"name":"DemenzGuide: die App f\u00fcr Angeh\u00f6rige"}]},{"@type":"WebSite","@id":"\/#website","url":"\/","name":"digiDEM Bavaria","description":"The digital dementia register in Bavaria researches and improves the structure of services for people with dementia and their relatives","publisher":{"@id":"\/#organization"},"potentialAction":[{"@type":"SearchAction","target":{"@type":"EntryPoint","urlTemplate":"\/?s={search_term_string}"},"query-input":{"@type":"PropertyValueSpecification","valueRequired":true,"valueName":"search_term_string"}}],"inLanguage":"en-US"},{"@type":"Organization","@id":"\/#organization","name":"digiDEM Bavaria","url":"\/","logo":{"@type":"ImageObject","inLanguage":"en-US","@id":"\/#\/schema\/logo\/image\/","url":"https:\/\/digidem-bayern.de\/wp-content\/uploads\/2022\/03\/cropped-Allgemeines_digiDEMLOGO-removebg-preview.png","contentUrl":"https:\/\/digidem-bayern.de\/wp-content\/uploads\/2022\/03\/cropped-Allgemeines_digiDEMLOGO-removebg-preview.png","width":612,"height":357,"caption":"digiDEM Bayern"},"image":{"@id":"\/#\/schema\/logo\/image\/"},"sameAs":["https:\/\/www.facebook.com\/digiDEMBayern\/","https:\/\/x.com\/digidem_bayern","https:\/\/www.instagram.com\/digidem.bayern","https:\/\/www.linkedin.com\/company\/digidem-bayern\/"]},{"@type":"Person","@id":"\/#\/schema\/person\/0bc1494f46fc2a051c761322a80e0941","name":"Ilona H\u00f6rath","url":"https:\/\/digidem-bayern.de\/en\/author\/hoeratia\/"}]}},"uagb_featured_image_src":{"full":["https:\/\/digidem-bayern.de\/wp-content\/uploads\/2022\/05\/shutterstock_687039841.jpg",1600,1067,false],"thumbnail":["https:\/\/digidem-bayern.de\/wp-content\/uploads\/2022\/05\/shutterstock_687039841-80x80.jpg",80,80,true],"medium":["https:\/\/digidem-bayern.de\/wp-content\/uploads\/2022\/05\/shutterstock_687039841-300x200.jpg",300,200,true],"medium_large":["https:\/\/digidem-bayern.de\/wp-content\/uploads\/2022\/05\/shutterstock_687039841-768x512.jpg",768,512,true],"large":["https:\/\/digidem-bayern.de\/wp-content\/uploads\/2022\/05\/shutterstock_687039841-1030x687.jpg",1030,687,true],"1536x1536":["https:\/\/digidem-bayern.de\/wp-content\/uploads\/2022\/05\/shutterstock_687039841-1536x1025.jpg",1536,1025,true],"2048x2048":["https:\/\/digidem-bayern.de\/wp-content\/uploads\/2022\/05\/shutterstock_687039841-2048x1366.jpg",2048,1366,true],"trp-custom-language-flag":["https:\/\/digidem-bayern.de\/wp-content\/uploads\/2022\/05\/shutterstock_687039841.jpg",18,12,false],"qubely_landscape":["https:\/\/digidem-bayern.de\/wp-content\/uploads\/2022\/05\/shutterstock_687039841-1200x750.jpg",1200,750,true],"qubely_portrait":["https:\/\/digidem-bayern.de\/wp-content\/uploads\/2022\/05\/shutterstock_687039841-540x320.jpg",540,320,true],"qubely_thumbnail":["https:\/\/digidem-bayern.de\/wp-content\/uploads\/2022\/05\/shutterstock_687039841-140x100.jpg",140,100,true],"post-thumbnail":["https:\/\/digidem-bayern.de\/wp-content\/uploads\/2022\/05\/shutterstock_687039841-525x350.jpg",525,350,true],"kahuna-featured":["https:\/\/digidem-bayern.de\/wp-content\/uploads\/2022\/05\/shutterstock_687039841-734x350.jpg",734,350,true],"kahuna-featured-lp":["https:\/\/digidem-bayern.de\/wp-content\/uploads\/2022\/05\/shutterstock_687039841-520x350.jpg",520,350,true],"kahuna-featured-half":["https:\/\/digidem-bayern.de\/wp-content\/uploads\/2022\/05\/shutterstock_687039841-800x350.jpg",800,350,true],"kahuna-featured-third":["https:\/\/digidem-bayern.de\/wp-content\/uploads\/2022\/05\/shutterstock_687039841-512x350.jpg",512,350,true],"kahuna-lpbox-1":["https:\/\/digidem-bayern.de\/wp-content\/uploads\/2022\/05\/shutterstock_687039841-520x300.jpg",520,300,true],"kahuna-lpbox-2":["https:\/\/digidem-bayern.de\/wp-content\/uploads\/2022\/05\/shutterstock_687039841-520x350.jpg",520,350,true],"demand-language-flag":["https:\/\/digidem-bayern.de\/wp-content\/uploads\/2022\/05\/shutterstock_687039841.jpg",36,24,false],"dddkt-language-flag":["https:\/\/digidem-bayern.de\/wp-content\/uploads\/2022\/05\/shutterstock_687039841-36x36.jpg",36,36,true],"ddiqc-language-flag":["https:\/\/digidem-bayern.de\/wp-content\/uploads\/2022\/05\/shutterstock_687039841-36x36.jpg",36,36,true],"ddtl-language-flag":["https:\/\/digidem-bayern.de\/wp-content\/uploads\/2022\/05\/shutterstock_687039841-36x36.jpg",36,36,true],"mailpoet_newsletter_max":["https:\/\/digidem-bayern.de\/wp-content\/uploads\/2022\/05\/shutterstock_687039841-1320x880.jpg",1320,880,true],"kahuna-lpbox-3":["https:\/\/digidem-bayern.de\/wp-content\/uploads\/2022\/05\/shutterstock_687039841-520x350.jpg",520,350,true],"kahuna-featured-square":["https:\/\/digidem-bayern.de\/wp-content\/uploads\/2022\/05\/shutterstock_687039841-512x512.jpg",512,512,true],"kahuna-featured-square-large":["https:\/\/digidem-bayern.de\/wp-content\/uploads\/2022\/05\/shutterstock_687039841-1024x1024.jpg",1024,1024,true]},"uagb_author_info":{"display_name":"Ilona H\u00f6rath","author_link":"https:\/\/digidem-bayern.de\/en\/author\/hoeratia\/"},"uagb_comment_info":0,"uagb_excerpt":"Eine Demenzdiagnose stellt Betroffene und Angeh\u00f6rige vor eine v\u00f6llig neue Situation. Der im Laufe der Erkrankung zunehmende Betreuungs- und Pflegebedarf fordert die Angeh\u00f6rigen besonders heraus. Au\u00dferdem m\u00fcssen sich die meisten mit demenztypischen Verhaltensweisen wie beispielsweise Antriebslosigkeit, n\u00e4chtlicher Unruhe oder wechselhafter Stimmung des Betroffenen auseinandersetzen. Dies kann sich unter anderem negativ &hellip;","_links":{"self":[{"href":"https:\/\/digidem-bayern.de\/en\/wp-json\/wp\/v2\/posts\/20418","targetHints":{"allow":["GET"]}}],"collection":[{"href":"https:\/\/digidem-bayern.de\/en\/wp-json\/wp\/v2\/posts"}],"about":[{"href":"https:\/\/digidem-bayern.de\/en\/wp-json\/wp\/v2\/types\/post"}],"author":[{"embeddable":true,"href":"https:\/\/digidem-bayern.de\/en\/wp-json\/wp\/v2\/users\/12"}],"replies":[{"embeddable":true,"href":"https:\/\/digidem-bayern.de\/en\/wp-json\/wp\/v2\/comments?post=20418"}],"version-history":[{"count":7,"href":"https:\/\/digidem-bayern.de\/en\/wp-json\/wp\/v2\/posts\/20418\/revisions"}],"predecessor-version":[{"id":27980,"href":"https:\/\/digidem-bayern.de\/en\/wp-json\/wp\/v2\/posts\/20418\/revisions\/27980"}],"wp:featuredmedia":[{"embeddable":true,"href":"https:\/\/digidem-bayern.de\/en\/wp-json\/wp\/v2\/media\/20119"}],"wp:attachment":[{"href":"https:\/\/digidem-bayern.de\/en\/wp-json\/wp\/v2\/media?parent=20418"}],"wp:term":[{"taxonomy":"category","embeddable":true,"href":"https:\/\/digidem-bayern.de\/en\/wp-json\/wp\/v2\/categories?post=20418"},{"taxonomy":"post_tag","embeddable":true,"href":"https:\/\/digidem-bayern.de\/en\/wp-json\/wp\/v2\/tags?post=20418"}],"curies":[{"name":"wp","href":"https:\/\/api.w.org\/{rel}","templated":true}]}}