{"id":20263,"date":"2022-05-30T11:25:00","date_gmt":"2022-05-30T09:25:00","guid":{"rendered":"https:\/\/digidem-bayern.de\/?p=20263"},"modified":"2022-08-16T16:34:02","modified_gmt":"2022-08-16T14:34:02","slug":"vorgebaut-wie-bitte-besser-gehts-mit-hoergeraet","status":"publish","type":"post","link":"https:\/\/digidem-bayern.de\/en\/vorgebaut-wie-bitte-besser-gehts-mit-hoergeraet\/","title":{"rendered":"Wie bitte&#8230;? Besser geht&#8217;s mit H\u00f6rger\u00e4t!"},"content":{"rendered":"<p><strong><strong><strong>Das Risiko, eine Demenz zu entwickeln, ist deutlich niedriger, wenn Menschen mit leichter kognitiver St\u00f6rung (MCI) ein H\u00f6rger\u00e4t tragen.<\/strong><\/strong><\/strong><\/p>\n\n\n\n<p>Mit einem H\u00f6rger\u00e4t verbessert sich nachweislich der Geh\u00f6rsinn sowie die Kommunikation und es verringert sich die kognitive Belastung. Das bedeutet: Pers\u00f6nliche und soziale Schwierigkeiten werden gelindert. Dennoch verzichten zum Beispiel in den USA 23 Millionen der Erwachsenen mit H\u00f6rverlust auf ein H\u00f6rger\u00e4t, weil sie sich damit stigmatisiert f\u00fchlen &#8211; und weil die H\u00f6rhilfen teuer sind.<\/p>\n\n\n\n<p>Sowohl H\u00f6rbeeintr\u00e4chtigungen als auch Demenzerkrankungen treten vermehrt bei \u00e4lteren Menschen auf und bestehen oft gleichzeitig nebeneinander. Jetzt hat ein US-Forscherteam den Zusammenhang zwischen der Nutzung von H\u00f6rger\u00e4ten und dem \u00dcbergang von einer leichten kognitiven St\u00f6rung hin zu einer Demenz untersucht.<\/p>\n\n\n<div class=\"wp-block-image\">\n<figure class=\"alignright size-large is-resized\"><img loading=\"lazy\" decoding=\"async\" src=\"https:\/\/digidem-bayern.de\/wp-content\/uploads\/2022\/05\/Hoergeraet_shutterstock_1225453246-1030x535.jpeg\" alt=\"Bei \u00e4lteren Menschen bestehen H\u00f6rebeeintr\u00e4chtigungen und Demenzerkrankungen oft gleichzeitig.\" class=\"wp-image-20251\" width=\"424\" height=\"221\" srcset=\"https:\/\/digidem-bayern.de\/wp-content\/uploads\/2022\/05\/Hoergeraet_shutterstock_1225453246-1030x535.jpeg 1030w, https:\/\/digidem-bayern.de\/wp-content\/uploads\/2022\/05\/Hoergeraet_shutterstock_1225453246-300x156.jpeg 300w, https:\/\/digidem-bayern.de\/wp-content\/uploads\/2022\/05\/Hoergeraet_shutterstock_1225453246-768x399.jpeg 768w, https:\/\/digidem-bayern.de\/wp-content\/uploads\/2022\/05\/Hoergeraet_shutterstock_1225453246-1536x797.jpeg 1536w, https:\/\/digidem-bayern.de\/wp-content\/uploads\/2022\/05\/Hoergeraet_shutterstock_1225453246-2048x1063.jpeg 2048w, https:\/\/digidem-bayern.de\/wp-content\/uploads\/2022\/05\/Hoergeraet_shutterstock_1225453246-674x350.jpeg 674w, https:\/\/digidem-bayern.de\/wp-content\/uploads\/2022\/05\/Hoergeraet_shutterstock_1225453246-1320x685.jpeg 1320w, https:\/\/digidem-bayern.de\/wp-content\/uploads\/2022\/05\/Hoergeraet_shutterstock_1225453246.jpeg 1600w\" sizes=\"auto, (max-width: 424px) 100vw, 424px\" \/><figcaption>Foto: Shutterstock<\/figcaption><\/figure>\n<\/div>\n\n\n<p><strong><strong><strong>Schleichender \u00dcbergang von MCI in Demenz<\/strong><\/strong><\/strong><\/p>\n\n\n\n<p>Die Ergebnisse lassen &#8222;auf-horchen&#8220;: Tragen Menschen mit leichter kognitiver St\u00f6rung (MCI) ein H\u00f6rger\u00e4t, ist das Risiko, eine Demenz zu entwickeln, signifikant geringer als bei denjenigen, die auf ein H\u00f6rger\u00e4t verzichten. &#8222;Der schleichende \u00dcbergang von MCI in Demenz bei Personen, die H\u00f6rger\u00e4te benutzen, deutet darauf hin, dass eine wirksame Erkennung und Behandlung von H\u00f6rverlust das Auftreten von Demenzerkrankungen verringern kann&#8220;, hei\u00dft es in der Studie.<\/p>\n\n\n\n<p>Sie umfasste 2.114 h\u00f6rgesch\u00e4digte Patienten, Angaben zu ihren H\u00f6rproblemen und zur Verwendung von H\u00f6rhilfen machten. Festgestellt wurde au\u00dferdem ein langsamerer kognitiver Abbau bei H\u00f6rger\u00e4tetr\u00e4gern als bei Menschen mit leichter kognitiver Beeintr\u00e4chtigung, die kein H\u00f6rger\u00e4t trugen.<\/p>\n\n\n\n<p>Von den 1.154 Teilnehmenden mit MCI entwickelten im Verlauf der Studie 497 eine Demenz. Die durchschnittliche Dauer bis zum Auftreten einer Demenzerkrankung war bei Nutzern von H\u00f6rger\u00e4ten mit vier Jahren doppelt so lange wie bei den Nicht-Nutzern mit zwei Jahren. In ihrer Studie pl\u00e4dieren die Autor*innen f\u00fcr \u00f6ffentliche Gesundheitskampagnen. Auf diese Weise soll nicht nur das Ausma\u00df und die Auswirkungen von H\u00f6rverlust aufgezeigt werden. Vielmehr solle das Bewusstsein etwa f\u00fcr die Folgen von Nicht-Handeln, aber auch die potenziellen Vorteile von Pr\u00e4vention und einer rechtzeitigen Behandlung gesch\u00e4rft werden.<\/p>\n\n\n\n<p>Hier geht&#8217;s zur Studie:<\/p>\n\n\n\n<p><a href=\"https:\/\/alz-journals.onlinelibrary.wiley.com\/doi\/full\/10.1002\/trc2.12122\">Association of the use of hearing aids with the conversion from mild cognitive impairment to dementia and progression of dementia: A longitudinal retrospective study.<\/a><\/p>\n\n\n\n<p><\/p>\n\n\n\n<p><\/p>\n\n\n\n<p><\/p>\n\n\n\n<p style=\"font-size:20px\"><\/p>\n\n\n\n<div style=\"height:20px\" aria-hidden=\"true\" class=\"wp-block-spacer\"><\/div>\n\n\n\n<div style=\"height:20px\" aria-hidden=\"true\" class=\"wp-block-spacer\"><\/div>","protected":false},"excerpt":{"rendered":"<p>Das Risiko, eine Demenz zu entwickeln, ist deutlich niedriger, wenn Menschen mit leichter kognitiver St\u00f6rung (MCI) ein H\u00f6rger\u00e4t tragen. Mit einem H\u00f6rger\u00e4t verbessert sich nachweislich der Geh\u00f6rsinn sowie die Kommunikation und es verringert sich die kognitive Belastung. Das bedeutet: Pers\u00f6nliche und soziale Schwierigkeiten werden gelindert. Dennoch verzichten zum Beispiel in &hellip;<\/p>","protected":false},"author":12,"featured_media":20251,"comment_status":"open","ping_status":"closed","sticky":false,"template":"","format":"standard","meta":{"qubely_global_settings":"","qubely_interactions":"","_uag_custom_page_level_css":"","footnotes":""},"categories":[5],"tags":[13,12,112,177,14,17,55,447,446,205,217],"class_list":["post-20263","post","type-post","status-publish","format-standard","has-post-thumbnail","hentry","category-wissenschaft-forschung","tag-alzheimer","tag-demenz-2","tag-demenzdiagnose","tag-demenzrisiko","tag-digidem","tag-digidem-bayern","tag-digitales-demenzregister-bayern","tag-gesundheitskampagne","tag-hoergeraet","tag-hoerverlust","tag-senioren"],"qubely_featured_image_url":{"full":["https:\/\/digidem-bayern.de\/wp-content\/uploads\/2022\/05\/Hoergeraet_shutterstock_1225453246.jpeg",1600,831,false],"landscape":["https:\/\/digidem-bayern.de\/wp-content\/uploads\/2022\/05\/Hoergeraet_shutterstock_1225453246-1200x750.jpeg",1200,750,true],"portraits":["https:\/\/digidem-bayern.de\/wp-content\/uploads\/2022\/05\/Hoergeraet_shutterstock_1225453246-540x320.jpeg",540,320,true],"thumbnail":["https:\/\/digidem-bayern.de\/wp-content\/uploads\/2022\/05\/Hoergeraet_shutterstock_1225453246-80x80.jpeg",80,80,true],"medium":["https:\/\/digidem-bayern.de\/wp-content\/uploads\/2022\/05\/Hoergeraet_shutterstock_1225453246-300x156.jpeg",300,156,true],"medium_large":["https:\/\/digidem-bayern.de\/wp-content\/uploads\/2022\/05\/Hoergeraet_shutterstock_1225453246-768x399.jpeg",768,399,true],"large":["https:\/\/digidem-bayern.de\/wp-content\/uploads\/2022\/05\/Hoergeraet_shutterstock_1225453246-1030x535.jpeg",1030,535,true],"1536x1536":["https:\/\/digidem-bayern.de\/wp-content\/uploads\/2022\/05\/Hoergeraet_shutterstock_1225453246-1536x797.jpeg",1536,797,true],"2048x2048":["https:\/\/digidem-bayern.de\/wp-content\/uploads\/2022\/05\/Hoergeraet_shutterstock_1225453246-2048x1063.jpeg",2048,1063,true],"trp-custom-language-flag":["https:\/\/digidem-bayern.de\/wp-content\/uploads\/2022\/05\/Hoergeraet_shutterstock_1225453246.jpeg",18,9,false],"qubely_landscape":["https:\/\/digidem-bayern.de\/wp-content\/uploads\/2022\/05\/Hoergeraet_shutterstock_1225453246-1200x750.jpeg",1200,750,true],"qubely_portrait":["https:\/\/digidem-bayern.de\/wp-content\/uploads\/2022\/05\/Hoergeraet_shutterstock_1225453246-540x320.jpeg",540,320,true],"qubely_thumbnail":["https:\/\/digidem-bayern.de\/wp-content\/uploads\/2022\/05\/Hoergeraet_shutterstock_1225453246-140x100.jpeg",140,100,true],"post-thumbnail":["https:\/\/digidem-bayern.de\/wp-content\/uploads\/2022\/05\/Hoergeraet_shutterstock_1225453246-674x350.jpeg",674,350,true],"kahuna-featured":["https:\/\/digidem-bayern.de\/wp-content\/uploads\/2022\/05\/Hoergeraet_shutterstock_1225453246-734x350.jpeg",734,350,true],"kahuna-featured-lp":["https:\/\/digidem-bayern.de\/wp-content\/uploads\/2022\/05\/Hoergeraet_shutterstock_1225453246-520x350.jpeg",520,350,true],"kahuna-featured-half":["https:\/\/digidem-bayern.de\/wp-content\/uploads\/2022\/05\/Hoergeraet_shutterstock_1225453246-800x350.jpeg",800,350,true],"kahuna-featured-third":["https:\/\/digidem-bayern.de\/wp-content\/uploads\/2022\/05\/Hoergeraet_shutterstock_1225453246-512x350.jpeg",512,350,true],"kahuna-lpbox-1":["https:\/\/digidem-bayern.de\/wp-content\/uploads\/2022\/05\/Hoergeraet_shutterstock_1225453246-520x300.jpeg",520,300,true],"kahuna-lpbox-2":["https:\/\/digidem-bayern.de\/wp-content\/uploads\/2022\/05\/Hoergeraet_shutterstock_1225453246-520x350.jpeg",520,350,true],"demand-language-flag":["https:\/\/digidem-bayern.de\/wp-content\/uploads\/2022\/05\/Hoergeraet_shutterstock_1225453246.jpeg",36,19,false],"dddkt-language-flag":["https:\/\/digidem-bayern.de\/wp-content\/uploads\/2022\/05\/Hoergeraet_shutterstock_1225453246-36x36.jpeg",36,36,true],"ddiqc-language-flag":["https:\/\/digidem-bayern.de\/wp-content\/uploads\/2022\/05\/Hoergeraet_shutterstock_1225453246-36x36.jpeg",36,36,true],"ddtl-language-flag":["https:\/\/digidem-bayern.de\/wp-content\/uploads\/2022\/05\/Hoergeraet_shutterstock_1225453246-36x36.jpeg",36,36,true],"mailpoet_newsletter_max":["https:\/\/digidem-bayern.de\/wp-content\/uploads\/2022\/05\/Hoergeraet_shutterstock_1225453246-1320x685.jpeg",1320,685,true],"kahuna-lpbox-3":["https:\/\/digidem-bayern.de\/wp-content\/uploads\/2022\/05\/Hoergeraet_shutterstock_1225453246-520x350.jpeg",520,350,true],"kahuna-featured-square":["https:\/\/digidem-bayern.de\/wp-content\/uploads\/2022\/05\/Hoergeraet_shutterstock_1225453246-512x512.jpeg",512,512,true],"kahuna-featured-square-large":["https:\/\/digidem-bayern.de\/wp-content\/uploads\/2022\/05\/Hoergeraet_shutterstock_1225453246-1024x1024.jpeg",1024,1024,true]},"qubely_author":{"display_name":"Ilona H\u00f6rath","author_link":"https:\/\/digidem-bayern.de\/en\/author\/hoeratia\/"},"qubely_comment":38,"qubely_category":"<a href=\"https:\/\/digidem-bayern.de\/en\/category\/wissenschaft-forschung\/\" rel=\"category tag\">Wissenschaft &amp; Forschung<\/a>","qubely_excerpt":"Das Risiko, eine Demenz zu entwickeln, ist deutlich niedriger, wenn Menschen mit leichter kognitiver St\u00f6rung (MCI) ein H\u00f6rger\u00e4t tragen. Mit einem H\u00f6rger\u00e4t verbessert sich nachweislich der Geh\u00f6rsinn sowie die Kommunikation und es verringert sich die kognitive Belastung. Das bedeutet: Pers\u00f6nliche und soziale Schwierigkeiten werden gelindert. Dennoch verzichten zum Beispiel in &hellip;","featured_image_urls_v2":{"full":["https:\/\/digidem-bayern.de\/wp-content\/uploads\/2022\/05\/Hoergeraet_shutterstock_1225453246.jpeg",1600,831,false],"thumbnail":["https:\/\/digidem-bayern.de\/wp-content\/uploads\/2022\/05\/Hoergeraet_shutterstock_1225453246-80x80.jpeg",80,80,true],"medium":["https:\/\/digidem-bayern.de\/wp-content\/uploads\/2022\/05\/Hoergeraet_shutterstock_1225453246-300x156.jpeg",300,156,true],"medium_large":["https:\/\/digidem-bayern.de\/wp-content\/uploads\/2022\/05\/Hoergeraet_shutterstock_1225453246-768x399.jpeg",768,399,true],"large":["https:\/\/digidem-bayern.de\/wp-content\/uploads\/2022\/05\/Hoergeraet_shutterstock_1225453246-1030x535.jpeg",1030,535,true],"1536x1536":["https:\/\/digidem-bayern.de\/wp-content\/uploads\/2022\/05\/Hoergeraet_shutterstock_1225453246-1536x797.jpeg",1536,797,true],"2048x2048":["https:\/\/digidem-bayern.de\/wp-content\/uploads\/2022\/05\/Hoergeraet_shutterstock_1225453246-2048x1063.jpeg",2048,1063,true],"trp-custom-language-flag":["https:\/\/digidem-bayern.de\/wp-content\/uploads\/2022\/05\/Hoergeraet_shutterstock_1225453246.jpeg",18,9,false],"qubely_landscape":["https:\/\/digidem-bayern.de\/wp-content\/uploads\/2022\/05\/Hoergeraet_shutterstock_1225453246-1200x750.jpeg",1200,750,true],"qubely_portrait":["https:\/\/digidem-bayern.de\/wp-content\/uploads\/2022\/05\/Hoergeraet_shutterstock_1225453246-540x320.jpeg",540,320,true],"qubely_thumbnail":["https:\/\/digidem-bayern.de\/wp-content\/uploads\/2022\/05\/Hoergeraet_shutterstock_1225453246-140x100.jpeg",140,100,true],"post-thumbnail":["https:\/\/digidem-bayern.de\/wp-content\/uploads\/2022\/05\/Hoergeraet_shutterstock_1225453246-674x350.jpeg",674,350,true],"kahuna-featured":["https:\/\/digidem-bayern.de\/wp-content\/uploads\/2022\/05\/Hoergeraet_shutterstock_1225453246-734x350.jpeg",734,350,true],"kahuna-featured-lp":["https:\/\/digidem-bayern.de\/wp-content\/uploads\/2022\/05\/Hoergeraet_shutterstock_1225453246-520x350.jpeg",520,350,true],"kahuna-featured-half":["https:\/\/digidem-bayern.de\/wp-content\/uploads\/2022\/05\/Hoergeraet_shutterstock_1225453246-800x350.jpeg",800,350,true],"kahuna-featured-third":["https:\/\/digidem-bayern.de\/wp-content\/uploads\/2022\/05\/Hoergeraet_shutterstock_1225453246-512x350.jpeg",512,350,true],"kahuna-lpbox-1":["https:\/\/digidem-bayern.de\/wp-content\/uploads\/2022\/05\/Hoergeraet_shutterstock_1225453246-520x300.jpeg",520,300,true],"kahuna-lpbox-2":["https:\/\/digidem-bayern.de\/wp-content\/uploads\/2022\/05\/Hoergeraet_shutterstock_1225453246-520x350.jpeg",520,350,true],"demand-language-flag":["https:\/\/digidem-bayern.de\/wp-content\/uploads\/2022\/05\/Hoergeraet_shutterstock_1225453246.jpeg",36,19,false],"dddkt-language-flag":["https:\/\/digidem-bayern.de\/wp-content\/uploads\/2022\/05\/Hoergeraet_shutterstock_1225453246-36x36.jpeg",36,36,true],"ddiqc-language-flag":["https:\/\/digidem-bayern.de\/wp-content\/uploads\/2022\/05\/Hoergeraet_shutterstock_1225453246-36x36.jpeg",36,36,true],"ddtl-language-flag":["https:\/\/digidem-bayern.de\/wp-content\/uploads\/2022\/05\/Hoergeraet_shutterstock_1225453246-36x36.jpeg",36,36,true],"mailpoet_newsletter_max":["https:\/\/digidem-bayern.de\/wp-content\/uploads\/2022\/05\/Hoergeraet_shutterstock_1225453246-1320x685.jpeg",1320,685,true],"kahuna-lpbox-3":["https:\/\/digidem-bayern.de\/wp-content\/uploads\/2022\/05\/Hoergeraet_shutterstock_1225453246-520x350.jpeg",520,350,true],"kahuna-featured-square":["https:\/\/digidem-bayern.de\/wp-content\/uploads\/2022\/05\/Hoergeraet_shutterstock_1225453246-512x512.jpeg",512,512,true],"kahuna-featured-square-large":["https:\/\/digidem-bayern.de\/wp-content\/uploads\/2022\/05\/Hoergeraet_shutterstock_1225453246-1024x1024.jpeg",1024,1024,true]},"post_excerpt_stackable_v2":"<p>Das Risiko, eine Demenz zu entwickeln, ist deutlich niedriger, wenn Menschen mit leichter kognitiver St\u00f6rung (MCI) ein H\u00f6rger\u00e4t tragen. Mit einem H\u00f6rger\u00e4t verbessert sich nachweislich der Geh\u00f6rsinn sowie die Kommunikation und es verringert sich die kognitive Belastung. Das bedeutet: Pers\u00f6nliche und soziale Schwierigkeiten werden gelindert. Dennoch verzichten zum Beispiel in den USA 23 Millionen der Erwachsenen mit H\u00f6rverlust auf ein H\u00f6rger\u00e4t, weil sie sich damit stigmatisiert f\u00fchlen &#8211; und weil die H\u00f6rhilfen teuer sind. Sowohl H\u00f6rbeeintr\u00e4chtigungen als auch Demenzerkrankungen treten vermehrt bei \u00e4lteren Menschen auf und bestehen oft gleichzeitig nebeneinander. Jetzt hat ein US-Forscherteam den Zusammenhang zwischen der Nutzung von&hellip;<\/p>\n","category_list_v2":"<a href=\"https:\/\/digidem-bayern.de\/en\/category\/wissenschaft-forschung\/\" rel=\"category tag\">Wissenschaft &amp; Forschung<\/a>","author_info_v2":{"name":"Ilona H\u00f6rath","url":"https:\/\/digidem-bayern.de\/en\/author\/hoeratia\/"},"comments_num_v2":"1 comment","yoast_head":"<!-- This site is optimized with the Yoast SEO plugin v27.4 - https:\/\/yoast.com\/product\/yoast-seo-wordpress\/ -->\n<title>Wie bitte...? Besser geht&#039;s mit H\u00f6rger\u00e4t! - digiDEM Bayern<\/title>\n<meta name=\"description\" content=\"Der Bayerische Landesapothekerkammer unterst\u00fctzt digiDEM Bayern mit Hilfe des Netzwerks &quot;Demenzfreundliche Apotheken&quot;.\" \/>\n<meta name=\"robots\" content=\"index, follow, max-snippet:-1, max-image-preview:large, max-video-preview:-1\" \/>\n<link rel=\"canonical\" href=\"https:\/\/digidem-bayern.de\/en\/vorgebaut-wie-bitte-besser-gehts-mit-hoergeraet\/\" \/>\n<meta property=\"og:locale\" content=\"en_US\" \/>\n<meta property=\"og:type\" content=\"article\" \/>\n<meta property=\"og:title\" content=\"Wie bitte...? Besser geht&#039;s mit H\u00f6rger\u00e4t! - digiDEM Bayern\" \/>\n<meta property=\"og:description\" content=\"Der Bayerische Landesapothekerkammer unterst\u00fctzt digiDEM Bayern mit Hilfe des Netzwerks &quot;Demenzfreundliche Apotheken&quot;.\" \/>\n<meta property=\"og:url\" content=\"https:\/\/digidem-bayern.de\/en\/vorgebaut-wie-bitte-besser-gehts-mit-hoergeraet\/\" \/>\n<meta property=\"og:site_name\" content=\"digiDEM Bayern\" \/>\n<meta property=\"article:publisher\" content=\"https:\/\/www.facebook.com\/digiDEMBayern\/\" \/>\n<meta property=\"article:published_time\" content=\"2022-05-30T09:25:00+00:00\" \/>\n<meta property=\"article:modified_time\" content=\"2022-08-16T14:34:02+00:00\" \/>\n<meta property=\"og:image\" content=\"https:\/\/digidem-bayern.de\/wp-content\/uploads\/2022\/05\/Hoergeraet_shutterstock_1225453246.jpeg\" \/>\n\t<meta property=\"og:image:width\" content=\"1600\" \/>\n\t<meta property=\"og:image:height\" content=\"831\" \/>\n\t<meta property=\"og:image:type\" content=\"image\/jpeg\" \/>\n<meta name=\"author\" content=\"Ilona H\u00f6rath\" \/>\n<meta name=\"twitter:label1\" content=\"Written by\" \/>\n\t<meta name=\"twitter:data1\" content=\"Ilona H\u00f6rath\" \/>\n\t<meta name=\"twitter:label2\" content=\"Est. reading time\" \/>\n\t<meta name=\"twitter:data2\" content=\"2 minutes\" \/>\n<script type=\"application\/ld+json\" class=\"yoast-schema-graph\">{\"@context\":\"https:\\\/\\\/schema.org\",\"@graph\":[{\"@type\":\"Article\",\"@id\":\"https:\\\/\\\/digidem-bayern.de\\\/vorgebaut-wie-bitte-besser-gehts-mit-hoergeraet\\\/#article\",\"isPartOf\":{\"@id\":\"https:\\\/\\\/digidem-bayern.de\\\/vorgebaut-wie-bitte-besser-gehts-mit-hoergeraet\\\/\"},\"author\":{\"name\":\"Ilona H\u00f6rath\",\"@id\":\"\\\/#\\\/schema\\\/person\\\/0bc1494f46fc2a051c761322a80e0941\"},\"headline\":\"Wie bitte&#8230;? Besser geht&#8217;s mit H\u00f6rger\u00e4t!\",\"datePublished\":\"2022-05-30T09:25:00+00:00\",\"dateModified\":\"2022-08-16T14:34:02+00:00\",\"mainEntityOfPage\":{\"@id\":\"https:\\\/\\\/digidem-bayern.de\\\/vorgebaut-wie-bitte-besser-gehts-mit-hoergeraet\\\/\"},\"wordCount\":388,\"commentCount\":1,\"publisher\":{\"@id\":\"\\\/#organization\"},\"image\":{\"@id\":\"https:\\\/\\\/digidem-bayern.de\\\/vorgebaut-wie-bitte-besser-gehts-mit-hoergeraet\\\/#primaryimage\"},\"thumbnailUrl\":\"https:\\\/\\\/digidem-bayern.de\\\/wp-content\\\/uploads\\\/2022\\\/05\\\/Hoergeraet_shutterstock_1225453246.jpeg\",\"keywords\":[\"Alzheimer\",\"Demenz\",\"Demenzdiagnose\",\"Demenzrisiko\",\"digidem\",\"digidem Bayern\",\"Digitales Demenzregister Bayern\",\"Gesundheitskampagne\",\"H\u00f6rger\u00e4t\",\"H\u00f6rverlust\",\"Senioren\"],\"articleSection\":[\"Wissenschaft &amp; Forschung\"],\"inLanguage\":\"en-US\",\"potentialAction\":[{\"@type\":\"CommentAction\",\"name\":\"Comment\",\"target\":[\"https:\\\/\\\/digidem-bayern.de\\\/vorgebaut-wie-bitte-besser-gehts-mit-hoergeraet\\\/#respond\"]}]},{\"@type\":\"WebPage\",\"@id\":\"https:\\\/\\\/digidem-bayern.de\\\/vorgebaut-wie-bitte-besser-gehts-mit-hoergeraet\\\/\",\"url\":\"https:\\\/\\\/digidem-bayern.de\\\/vorgebaut-wie-bitte-besser-gehts-mit-hoergeraet\\\/\",\"name\":\"Wie bitte...? Besser geht's mit H\u00f6rger\u00e4t! - digiDEM Bayern\",\"isPartOf\":{\"@id\":\"\\\/#website\"},\"primaryImageOfPage\":{\"@id\":\"https:\\\/\\\/digidem-bayern.de\\\/vorgebaut-wie-bitte-besser-gehts-mit-hoergeraet\\\/#primaryimage\"},\"image\":{\"@id\":\"https:\\\/\\\/digidem-bayern.de\\\/vorgebaut-wie-bitte-besser-gehts-mit-hoergeraet\\\/#primaryimage\"},\"thumbnailUrl\":\"https:\\\/\\\/digidem-bayern.de\\\/wp-content\\\/uploads\\\/2022\\\/05\\\/Hoergeraet_shutterstock_1225453246.jpeg\",\"datePublished\":\"2022-05-30T09:25:00+00:00\",\"dateModified\":\"2022-08-16T14:34:02+00:00\",\"description\":\"Der Bayerische Landesapothekerkammer unterst\u00fctzt digiDEM Bayern mit Hilfe des Netzwerks \\\"Demenzfreundliche Apotheken\\\".\",\"breadcrumb\":{\"@id\":\"https:\\\/\\\/digidem-bayern.de\\\/vorgebaut-wie-bitte-besser-gehts-mit-hoergeraet\\\/#breadcrumb\"},\"inLanguage\":\"en-US\",\"potentialAction\":[{\"@type\":\"ReadAction\",\"target\":[\"https:\\\/\\\/digidem-bayern.de\\\/vorgebaut-wie-bitte-besser-gehts-mit-hoergeraet\\\/\"]}]},{\"@type\":\"ImageObject\",\"inLanguage\":\"en-US\",\"@id\":\"https:\\\/\\\/digidem-bayern.de\\\/vorgebaut-wie-bitte-besser-gehts-mit-hoergeraet\\\/#primaryimage\",\"url\":\"https:\\\/\\\/digidem-bayern.de\\\/wp-content\\\/uploads\\\/2022\\\/05\\\/Hoergeraet_shutterstock_1225453246.jpeg\",\"contentUrl\":\"https:\\\/\\\/digidem-bayern.de\\\/wp-content\\\/uploads\\\/2022\\\/05\\\/Hoergeraet_shutterstock_1225453246.jpeg\",\"width\":1600,\"height\":831,\"caption\":\"Bei \u00e4lteren Menschen bestehen H\u00f6rebeeintr\u00e4chtigungen und Demenzerkrankungen oft gleichzeitig.\"},{\"@type\":\"BreadcrumbList\",\"@id\":\"https:\\\/\\\/digidem-bayern.de\\\/vorgebaut-wie-bitte-besser-gehts-mit-hoergeraet\\\/#breadcrumb\",\"itemListElement\":[{\"@type\":\"ListItem\",\"position\":1,\"name\":\"Startseite\",\"item\":\"https:\\\/\\\/digidem-bayern.de\\\/\"},{\"@type\":\"ListItem\",\"position\":2,\"name\":\"Wie bitte&#8230;? Besser geht&#8217;s mit H\u00f6rger\u00e4t!\"}]},{\"@type\":\"WebSite\",\"@id\":\"\\\/#website\",\"url\":\"\\\/\",\"name\":\"digiDEM Bayern\",\"description\":\"Das digitale Demenzregister Bayern erforscht und verbessert die Angebotsstuktur f\u00fcr Menschen mit Demenz und deren Angeh\u00f6rige\",\"publisher\":{\"@id\":\"\\\/#organization\"},\"potentialAction\":[{\"@type\":\"SearchAction\",\"target\":{\"@type\":\"EntryPoint\",\"urlTemplate\":\"\\\/?s={search_term_string}\"},\"query-input\":{\"@type\":\"PropertyValueSpecification\",\"valueRequired\":true,\"valueName\":\"search_term_string\"}}],\"inLanguage\":\"en-US\"},{\"@type\":\"Organization\",\"@id\":\"\\\/#organization\",\"name\":\"digiDEM Bayern\",\"url\":\"\\\/\",\"logo\":{\"@type\":\"ImageObject\",\"inLanguage\":\"en-US\",\"@id\":\"\\\/#\\\/schema\\\/logo\\\/image\\\/\",\"url\":\"https:\\\/\\\/digidem-bayern.de\\\/wp-content\\\/uploads\\\/2022\\\/03\\\/cropped-Allgemeines_digiDEMLOGO-removebg-preview.png\",\"contentUrl\":\"https:\\\/\\\/digidem-bayern.de\\\/wp-content\\\/uploads\\\/2022\\\/03\\\/cropped-Allgemeines_digiDEMLOGO-removebg-preview.png\",\"width\":612,\"height\":357,\"caption\":\"digiDEM Bayern\"},\"image\":{\"@id\":\"\\\/#\\\/schema\\\/logo\\\/image\\\/\"},\"sameAs\":[\"https:\\\/\\\/www.facebook.com\\\/digiDEMBayern\\\/\",\"https:\\\/\\\/x.com\\\/digidem_bayern\",\"https:\\\/\\\/www.instagram.com\\\/digidem.bayern\",\"https:\\\/\\\/www.linkedin.com\\\/company\\\/digidem-bayern\\\/\"]},{\"@type\":\"Person\",\"@id\":\"\\\/#\\\/schema\\\/person\\\/0bc1494f46fc2a051c761322a80e0941\",\"name\":\"Ilona H\u00f6rath\",\"url\":\"https:\\\/\\\/digidem-bayern.de\\\/en\\\/author\\\/hoeratia\\\/\"}]}<\/script>\n<!-- \/ Yoast SEO plugin. -->","yoast_head_json":{"title":"Wie bitte...? Besser geht's mit H\u00f6rger\u00e4t! - digiDEM Bayern","description":"Der Bayerische Landesapothekerkammer unterst\u00fctzt digiDEM Bayern mit Hilfe des Netzwerks \"Demenzfreundliche Apotheken\".","robots":{"index":"index","follow":"follow","max-snippet":"max-snippet:-1","max-image-preview":"max-image-preview:large","max-video-preview":"max-video-preview:-1"},"canonical":"https:\/\/digidem-bayern.de\/en\/vorgebaut-wie-bitte-besser-gehts-mit-hoergeraet\/","og_locale":"en_US","og_type":"article","og_title":"Wie bitte...? Besser geht's mit H\u00f6rger\u00e4t! - digiDEM Bayern","og_description":"Der Bayerische Landesapothekerkammer unterst\u00fctzt digiDEM Bayern mit Hilfe des Netzwerks \"Demenzfreundliche Apotheken\".","og_url":"https:\/\/digidem-bayern.de\/en\/vorgebaut-wie-bitte-besser-gehts-mit-hoergeraet\/","og_site_name":"digiDEM Bayern","article_publisher":"https:\/\/www.facebook.com\/digiDEMBayern\/","article_published_time":"2022-05-30T09:25:00+00:00","article_modified_time":"2022-08-16T14:34:02+00:00","og_image":[{"width":1600,"height":831,"url":"https:\/\/digidem-bayern.de\/wp-content\/uploads\/2022\/05\/Hoergeraet_shutterstock_1225453246.jpeg","type":"image\/jpeg"}],"author":"Ilona H\u00f6rath","twitter_misc":{"Written by":"Ilona H\u00f6rath","Est. reading time":"2 minutes"},"schema":{"@context":"https:\/\/schema.org","@graph":[{"@type":"Article","@id":"https:\/\/digidem-bayern.de\/vorgebaut-wie-bitte-besser-gehts-mit-hoergeraet\/#article","isPartOf":{"@id":"https:\/\/digidem-bayern.de\/vorgebaut-wie-bitte-besser-gehts-mit-hoergeraet\/"},"author":{"name":"Ilona H\u00f6rath","@id":"\/#\/schema\/person\/0bc1494f46fc2a051c761322a80e0941"},"headline":"Wie bitte&#8230;? Besser geht&#8217;s mit H\u00f6rger\u00e4t!","datePublished":"2022-05-30T09:25:00+00:00","dateModified":"2022-08-16T14:34:02+00:00","mainEntityOfPage":{"@id":"https:\/\/digidem-bayern.de\/vorgebaut-wie-bitte-besser-gehts-mit-hoergeraet\/"},"wordCount":388,"commentCount":1,"publisher":{"@id":"\/#organization"},"image":{"@id":"https:\/\/digidem-bayern.de\/vorgebaut-wie-bitte-besser-gehts-mit-hoergeraet\/#primaryimage"},"thumbnailUrl":"https:\/\/digidem-bayern.de\/wp-content\/uploads\/2022\/05\/Hoergeraet_shutterstock_1225453246.jpeg","keywords":["Alzheimer","Demenz","Demenzdiagnose","Demenzrisiko","digidem","digidem Bayern","Digitales Demenzregister Bayern","Gesundheitskampagne","H\u00f6rger\u00e4t","H\u00f6rverlust","Senioren"],"articleSection":["Wissenschaft &amp; Forschung"],"inLanguage":"en-US","potentialAction":[{"@type":"CommentAction","name":"Comment","target":["https:\/\/digidem-bayern.de\/vorgebaut-wie-bitte-besser-gehts-mit-hoergeraet\/#respond"]}]},{"@type":"WebPage","@id":"https:\/\/digidem-bayern.de\/vorgebaut-wie-bitte-besser-gehts-mit-hoergeraet\/","url":"https:\/\/digidem-bayern.de\/vorgebaut-wie-bitte-besser-gehts-mit-hoergeraet\/","name":"Wie bitte...? Besser geht's mit H\u00f6rger\u00e4t! - digiDEM Bayern","isPartOf":{"@id":"\/#website"},"primaryImageOfPage":{"@id":"https:\/\/digidem-bayern.de\/vorgebaut-wie-bitte-besser-gehts-mit-hoergeraet\/#primaryimage"},"image":{"@id":"https:\/\/digidem-bayern.de\/vorgebaut-wie-bitte-besser-gehts-mit-hoergeraet\/#primaryimage"},"thumbnailUrl":"https:\/\/digidem-bayern.de\/wp-content\/uploads\/2022\/05\/Hoergeraet_shutterstock_1225453246.jpeg","datePublished":"2022-05-30T09:25:00+00:00","dateModified":"2022-08-16T14:34:02+00:00","description":"Der Bayerische Landesapothekerkammer unterst\u00fctzt digiDEM Bayern mit Hilfe des Netzwerks \"Demenzfreundliche Apotheken\".","breadcrumb":{"@id":"https:\/\/digidem-bayern.de\/vorgebaut-wie-bitte-besser-gehts-mit-hoergeraet\/#breadcrumb"},"inLanguage":"en-US","potentialAction":[{"@type":"ReadAction","target":["https:\/\/digidem-bayern.de\/vorgebaut-wie-bitte-besser-gehts-mit-hoergeraet\/"]}]},{"@type":"ImageObject","inLanguage":"en-US","@id":"https:\/\/digidem-bayern.de\/vorgebaut-wie-bitte-besser-gehts-mit-hoergeraet\/#primaryimage","url":"https:\/\/digidem-bayern.de\/wp-content\/uploads\/2022\/05\/Hoergeraet_shutterstock_1225453246.jpeg","contentUrl":"https:\/\/digidem-bayern.de\/wp-content\/uploads\/2022\/05\/Hoergeraet_shutterstock_1225453246.jpeg","width":1600,"height":831,"caption":"Bei \u00e4lteren Menschen bestehen H\u00f6rebeeintr\u00e4chtigungen und Demenzerkrankungen oft gleichzeitig."},{"@type":"BreadcrumbList","@id":"https:\/\/digidem-bayern.de\/vorgebaut-wie-bitte-besser-gehts-mit-hoergeraet\/#breadcrumb","itemListElement":[{"@type":"ListItem","position":1,"name":"Startseite","item":"https:\/\/digidem-bayern.de\/"},{"@type":"ListItem","position":2,"name":"Wie bitte&#8230;? Besser geht&#8217;s mit H\u00f6rger\u00e4t!"}]},{"@type":"WebSite","@id":"\/#website","url":"\/","name":"digiDEM Bavaria","description":"The digital dementia register in Bavaria researches and improves the structure of services for people with dementia and their relatives","publisher":{"@id":"\/#organization"},"potentialAction":[{"@type":"SearchAction","target":{"@type":"EntryPoint","urlTemplate":"\/?s={search_term_string}"},"query-input":{"@type":"PropertyValueSpecification","valueRequired":true,"valueName":"search_term_string"}}],"inLanguage":"en-US"},{"@type":"Organization","@id":"\/#organization","name":"digiDEM Bavaria","url":"\/","logo":{"@type":"ImageObject","inLanguage":"en-US","@id":"\/#\/schema\/logo\/image\/","url":"https:\/\/digidem-bayern.de\/wp-content\/uploads\/2022\/03\/cropped-Allgemeines_digiDEMLOGO-removebg-preview.png","contentUrl":"https:\/\/digidem-bayern.de\/wp-content\/uploads\/2022\/03\/cropped-Allgemeines_digiDEMLOGO-removebg-preview.png","width":612,"height":357,"caption":"digiDEM Bayern"},"image":{"@id":"\/#\/schema\/logo\/image\/"},"sameAs":["https:\/\/www.facebook.com\/digiDEMBayern\/","https:\/\/x.com\/digidem_bayern","https:\/\/www.instagram.com\/digidem.bayern","https:\/\/www.linkedin.com\/company\/digidem-bayern\/"]},{"@type":"Person","@id":"\/#\/schema\/person\/0bc1494f46fc2a051c761322a80e0941","name":"Ilona H\u00f6rath","url":"https:\/\/digidem-bayern.de\/en\/author\/hoeratia\/"}]}},"uagb_featured_image_src":{"full":["https:\/\/digidem-bayern.de\/wp-content\/uploads\/2022\/05\/Hoergeraet_shutterstock_1225453246.jpeg",1600,831,false],"thumbnail":["https:\/\/digidem-bayern.de\/wp-content\/uploads\/2022\/05\/Hoergeraet_shutterstock_1225453246-80x80.jpeg",80,80,true],"medium":["https:\/\/digidem-bayern.de\/wp-content\/uploads\/2022\/05\/Hoergeraet_shutterstock_1225453246-300x156.jpeg",300,156,true],"medium_large":["https:\/\/digidem-bayern.de\/wp-content\/uploads\/2022\/05\/Hoergeraet_shutterstock_1225453246-768x399.jpeg",768,399,true],"large":["https:\/\/digidem-bayern.de\/wp-content\/uploads\/2022\/05\/Hoergeraet_shutterstock_1225453246-1030x535.jpeg",1030,535,true],"1536x1536":["https:\/\/digidem-bayern.de\/wp-content\/uploads\/2022\/05\/Hoergeraet_shutterstock_1225453246-1536x797.jpeg",1536,797,true],"2048x2048":["https:\/\/digidem-bayern.de\/wp-content\/uploads\/2022\/05\/Hoergeraet_shutterstock_1225453246-2048x1063.jpeg",2048,1063,true],"trp-custom-language-flag":["https:\/\/digidem-bayern.de\/wp-content\/uploads\/2022\/05\/Hoergeraet_shutterstock_1225453246.jpeg",18,9,false],"qubely_landscape":["https:\/\/digidem-bayern.de\/wp-content\/uploads\/2022\/05\/Hoergeraet_shutterstock_1225453246-1200x750.jpeg",1200,750,true],"qubely_portrait":["https:\/\/digidem-bayern.de\/wp-content\/uploads\/2022\/05\/Hoergeraet_shutterstock_1225453246-540x320.jpeg",540,320,true],"qubely_thumbnail":["https:\/\/digidem-bayern.de\/wp-content\/uploads\/2022\/05\/Hoergeraet_shutterstock_1225453246-140x100.jpeg",140,100,true],"post-thumbnail":["https:\/\/digidem-bayern.de\/wp-content\/uploads\/2022\/05\/Hoergeraet_shutterstock_1225453246-674x350.jpeg",674,350,true],"kahuna-featured":["https:\/\/digidem-bayern.de\/wp-content\/uploads\/2022\/05\/Hoergeraet_shutterstock_1225453246-734x350.jpeg",734,350,true],"kahuna-featured-lp":["https:\/\/digidem-bayern.de\/wp-content\/uploads\/2022\/05\/Hoergeraet_shutterstock_1225453246-520x350.jpeg",520,350,true],"kahuna-featured-half":["https:\/\/digidem-bayern.de\/wp-content\/uploads\/2022\/05\/Hoergeraet_shutterstock_1225453246-800x350.jpeg",800,350,true],"kahuna-featured-third":["https:\/\/digidem-bayern.de\/wp-content\/uploads\/2022\/05\/Hoergeraet_shutterstock_1225453246-512x350.jpeg",512,350,true],"kahuna-lpbox-1":["https:\/\/digidem-bayern.de\/wp-content\/uploads\/2022\/05\/Hoergeraet_shutterstock_1225453246-520x300.jpeg",520,300,true],"kahuna-lpbox-2":["https:\/\/digidem-bayern.de\/wp-content\/uploads\/2022\/05\/Hoergeraet_shutterstock_1225453246-520x350.jpeg",520,350,true],"demand-language-flag":["https:\/\/digidem-bayern.de\/wp-content\/uploads\/2022\/05\/Hoergeraet_shutterstock_1225453246.jpeg",36,19,false],"dddkt-language-flag":["https:\/\/digidem-bayern.de\/wp-content\/uploads\/2022\/05\/Hoergeraet_shutterstock_1225453246-36x36.jpeg",36,36,true],"ddiqc-language-flag":["https:\/\/digidem-bayern.de\/wp-content\/uploads\/2022\/05\/Hoergeraet_shutterstock_1225453246-36x36.jpeg",36,36,true],"ddtl-language-flag":["https:\/\/digidem-bayern.de\/wp-content\/uploads\/2022\/05\/Hoergeraet_shutterstock_1225453246-36x36.jpeg",36,36,true],"mailpoet_newsletter_max":["https:\/\/digidem-bayern.de\/wp-content\/uploads\/2022\/05\/Hoergeraet_shutterstock_1225453246-1320x685.jpeg",1320,685,true],"kahuna-lpbox-3":["https:\/\/digidem-bayern.de\/wp-content\/uploads\/2022\/05\/Hoergeraet_shutterstock_1225453246-520x350.jpeg",520,350,true],"kahuna-featured-square":["https:\/\/digidem-bayern.de\/wp-content\/uploads\/2022\/05\/Hoergeraet_shutterstock_1225453246-512x512.jpeg",512,512,true],"kahuna-featured-square-large":["https:\/\/digidem-bayern.de\/wp-content\/uploads\/2022\/05\/Hoergeraet_shutterstock_1225453246-1024x1024.jpeg",1024,1024,true]},"uagb_author_info":{"display_name":"Ilona H\u00f6rath","author_link":"https:\/\/digidem-bayern.de\/en\/author\/hoeratia\/"},"uagb_comment_info":38,"uagb_excerpt":"Das Risiko, eine Demenz zu entwickeln, ist deutlich niedriger, wenn Menschen mit leichter kognitiver St\u00f6rung (MCI) ein H\u00f6rger\u00e4t tragen. Mit einem H\u00f6rger\u00e4t verbessert sich nachweislich der Geh\u00f6rsinn sowie die Kommunikation und es verringert sich die kognitive Belastung. Das bedeutet: Pers\u00f6nliche und soziale Schwierigkeiten werden gelindert. Dennoch verzichten zum Beispiel in &hellip;","_links":{"self":[{"href":"https:\/\/digidem-bayern.de\/en\/wp-json\/wp\/v2\/posts\/20263","targetHints":{"allow":["GET"]}}],"collection":[{"href":"https:\/\/digidem-bayern.de\/en\/wp-json\/wp\/v2\/posts"}],"about":[{"href":"https:\/\/digidem-bayern.de\/en\/wp-json\/wp\/v2\/types\/post"}],"author":[{"embeddable":true,"href":"https:\/\/digidem-bayern.de\/en\/wp-json\/wp\/v2\/users\/12"}],"replies":[{"embeddable":true,"href":"https:\/\/digidem-bayern.de\/en\/wp-json\/wp\/v2\/comments?post=20263"}],"version-history":[{"count":4,"href":"https:\/\/digidem-bayern.de\/en\/wp-json\/wp\/v2\/posts\/20263\/revisions"}],"predecessor-version":[{"id":22917,"href":"https:\/\/digidem-bayern.de\/en\/wp-json\/wp\/v2\/posts\/20263\/revisions\/22917"}],"wp:featuredmedia":[{"embeddable":true,"href":"https:\/\/digidem-bayern.de\/en\/wp-json\/wp\/v2\/media\/20251"}],"wp:attachment":[{"href":"https:\/\/digidem-bayern.de\/en\/wp-json\/wp\/v2\/media?parent=20263"}],"wp:term":[{"taxonomy":"category","embeddable":true,"href":"https:\/\/digidem-bayern.de\/en\/wp-json\/wp\/v2\/categories?post=20263"},{"taxonomy":"post_tag","embeddable":true,"href":"https:\/\/digidem-bayern.de\/en\/wp-json\/wp\/v2\/tags?post=20263"}],"curies":[{"name":"wp","href":"https:\/\/api.w.org\/{rel}","templated":true}]}}