{"id":18218,"date":"2021-12-09T10:00:00","date_gmt":"2021-12-09T09:00:00","guid":{"rendered":"https:\/\/digidem-bayern.de\/?p=18218"},"modified":"2022-04-07T16:53:10","modified_gmt":"2022-04-07T14:53:10","slug":"400-teilnehmende-in-digidem-bayern-eingeschlossen","status":"publish","type":"post","link":"https:\/\/digidem-bayern.de\/en\/400-teilnehmende-in-digidem-bayern-eingeschlossen\/","title":{"rendered":"400 Teilnehmende f\u00fcr digiDEM Bayern-Demenzregister befragt"},"content":{"rendered":"<p>Die Projektphase von digiDEM Bayern startete am 01.01.2021. Seitdem wurden 400 Menschen mit leichten kognitiven Einschr\u00e4nkungen (MCI) und Menschen mit Demenz sowie ihre pflegenden Angeh\u00f6rigen zu ihrer Versorgungssituation befragt. Trotz erschwerter Bedingungen im Rahmen der COVID-19 Pandemie gelang es den digiDEM Forschungspartner*innen in allen sieben bayerischen Regierungsbezirken, zahlreiche Teilnehmende zu kontaktieren und zu befragen. Dabei schuf digiDEM Bayern mit seinem Konzept der virtuellen Befragungen zus\u00e4tzlich eine kontaktlose und datenschutzkonforme Alternative zu den Befragungen im direkten Treffen (<a rel=\"noreferrer noopener\" href=\"https:\/\/digidem-bayern.de\/en\/virtuelles-screening-fuer-digidem-bayern\/?utm_source=mailpoet&amp;utm_medium=email&amp;utm_campaign=digidem-bayern\" target=\"_blank\">https:\/\/digidem-bayern.de\/virtuelles-screening-fuer-digidem-bayern\/<\/a>).<\/p>\n\n\n\n<p>digiDEM Bayern ist ein Projekt zur Versorgungsforschung und zielt darauf ab, die Lebensbedingungen von Menschen mit Ged\u00e4chtnisbeeintr\u00e4chtigungen oder Demenz und ihren Angeh\u00f6rigen &#8211; insbesondere in den l\u00e4ndlich strukturierten Regionen in Bayern &#8211;  zu verbessern. Daf\u00fcr suchen wir weiterhin Teilnehmende in ganz Bayern:<\/p>\n\n\n\n<p><strong>Forschungspartner*innen gesucht<\/strong><\/p>\n\n\n\n<p>Als Forschungspartner befragen Sie Betroffene im Verlauf von drei Jahren zu ihrer Versorgungssituation. In Frage kommen zum Beispiel Beratungsstellen, Fachstellen f\u00fcr pflegende Angeh\u00f6rige, Arztpraxen oder Ged\u00e4chtnisambulanzen. Sie k\u00f6nnen die Befragungen aber auch als Einzel-Person durchf\u00fchren. Weitere Informationen finden Sie&nbsp;<a rel=\"noreferrer noopener\" href=\"https:\/\/digidem-bayern.de\/en\/mitmachen\/?utm_source=mailpoet&amp;utm_medium=email&amp;utm_campaign=digidem-bayern\" target=\"_blank\">hier<\/a>.<\/p>\n\n\n\n<p><strong>Teilnahmeaufruf an Menschen mit kognitiven Beeintr\u00e4chtigungen und deren Angeh\u00f6rige<\/strong><\/p>\n\n\n\n<p>Sie leiden unter Ged\u00e4chtnisproblemen oder bemerken dies verst\u00e4rkt bei einem Angeh\u00f6rigen? In pers\u00f6nlich gef\u00fchrten Befragungen haben Sie die M\u00f6glichkeit, Ihre Situation zu schildern. Tragen Sie aktiv dazu bei, die Versorgungssituation nachhaltig zu verbessern. Weitere Informationen gibt es&nbsp;<a rel=\"noreferrer noopener\" href=\"https:\/\/digidem-bayern.de\/en\/machen-sie-mit-2\/?utm_source=mailpoet&amp;utm_medium=email&amp;utm_campaign=digidem-bayern\" target=\"_blank\">hier<\/a>.<\/p>\n\n\n\n<div style=\"height:20px\" aria-hidden=\"true\" class=\"wp-block-spacer\"><\/div>\n\n\n\n<p><\/p>","protected":false},"excerpt":{"rendered":"<p>Die Projektphase von digiDEM Bayern startete am 01.01.2021. Seitdem wurden 400 Menschen mit leichten kognitiven Einschr\u00e4nkungen (MCI) und Menschen mit Demenz sowie ihre pflegenden Angeh\u00f6rigen zu ihrer Versorgungssituation befragt. Trotz erschwerter Bedingungen im Rahmen der COVID-19 Pandemie gelang es den digiDEM Forschungspartner*innen in allen sieben bayerischen Regierungsbezirken, zahlreiche Teilnehmende zu &hellip;<\/p>","protected":false},"author":7,"featured_media":18451,"comment_status":"open","ping_status":"closed","sticky":false,"template":"","format":"standard","meta":{"qubely_global_settings":"","qubely_interactions":"","_uag_custom_page_level_css":"","footnotes":""},"categories":[8],"tags":[264,12,14,17,55,183,49,318,424],"class_list":["post-18218","post","type-post","status-publish","format-standard","has-post-thumbnail","hentry","category-aktuelles-zu-digidem","tag-befragungen","tag-demenz-2","tag-digidem","tag-digidem-bayern","tag-digitales-demenzregister-bayern","tag-forschungspartner","tag-kognitiver-abbau","tag-studienteilnahme","tag-teilnehmende"],"qubely_featured_image_url":{"full":["https:\/\/digidem-bayern.de\/wp-content\/uploads\/2022\/04\/400-Teilnehmende_FINALJPG.png",1237,742,false],"landscape":["https:\/\/digidem-bayern.de\/wp-content\/uploads\/2022\/04\/400-Teilnehmende_FINALJPG-1200x742.png",1200,742,true],"portraits":["https:\/\/digidem-bayern.de\/wp-content\/uploads\/2022\/04\/400-Teilnehmende_FINALJPG-540x320.png",540,320,true],"thumbnail":["https:\/\/digidem-bayern.de\/wp-content\/uploads\/2022\/04\/400-Teilnehmende_FINALJPG-80x80.png",80,80,true],"medium":["https:\/\/digidem-bayern.de\/wp-content\/uploads\/2022\/04\/400-Teilnehmende_FINALJPG-300x180.png",300,180,true],"medium_large":["https:\/\/digidem-bayern.de\/wp-content\/uploads\/2022\/04\/400-Teilnehmende_FINALJPG-768x461.png",768,461,true],"large":["https:\/\/digidem-bayern.de\/wp-content\/uploads\/2022\/04\/400-Teilnehmende_FINALJPG-1030x618.png",1030,618,true],"1536x1536":["https:\/\/digidem-bayern.de\/wp-content\/uploads\/2022\/04\/400-Teilnehmende_FINALJPG.png",1237,742,false],"2048x2048":["https:\/\/digidem-bayern.de\/wp-content\/uploads\/2022\/04\/400-Teilnehmende_FINALJPG.png",1237,742,false],"trp-custom-language-flag":["https:\/\/digidem-bayern.de\/wp-content\/uploads\/2022\/04\/400-Teilnehmende_FINALJPG.png",18,12,false],"qubely_landscape":["https:\/\/digidem-bayern.de\/wp-content\/uploads\/2022\/04\/400-Teilnehmende_FINALJPG-1200x742.png",1200,742,true],"qubely_portrait":["https:\/\/digidem-bayern.de\/wp-content\/uploads\/2022\/04\/400-Teilnehmende_FINALJPG-540x320.png",540,320,true],"qubely_thumbnail":["https:\/\/digidem-bayern.de\/wp-content\/uploads\/2022\/04\/400-Teilnehmende_FINALJPG-140x100.png",140,100,true],"post-thumbnail":["https:\/\/digidem-bayern.de\/wp-content\/uploads\/2022\/04\/400-Teilnehmende_FINALJPG-583x350.png",583,350,true],"kahuna-featured":["https:\/\/digidem-bayern.de\/wp-content\/uploads\/2022\/04\/400-Teilnehmende_FINALJPG-734x350.png",734,350,true],"kahuna-featured-lp":["https:\/\/digidem-bayern.de\/wp-content\/uploads\/2022\/04\/400-Teilnehmende_FINALJPG-520x350.png",520,350,true],"kahuna-featured-half":["https:\/\/digidem-bayern.de\/wp-content\/uploads\/2022\/04\/400-Teilnehmende_FINALJPG-800x350.png",800,350,true],"kahuna-featured-third":["https:\/\/digidem-bayern.de\/wp-content\/uploads\/2022\/04\/400-Teilnehmende_FINALJPG-512x350.png",512,350,true],"kahuna-lpbox-1":["https:\/\/digidem-bayern.de\/wp-content\/uploads\/2022\/04\/400-Teilnehmende_FINALJPG-520x300.png",520,300,true],"kahuna-lpbox-2":["https:\/\/digidem-bayern.de\/wp-content\/uploads\/2022\/04\/400-Teilnehmende_FINALJPG-520x350.png",520,350,true],"demand-language-flag":["https:\/\/digidem-bayern.de\/wp-content\/uploads\/2022\/04\/400-Teilnehmende_FINALJPG.png",36,22,false],"dddkt-language-flag":["https:\/\/digidem-bayern.de\/wp-content\/uploads\/2022\/04\/400-Teilnehmende_FINALJPG-36x36.png",36,36,true],"ddiqc-language-flag":["https:\/\/digidem-bayern.de\/wp-content\/uploads\/2022\/04\/400-Teilnehmende_FINALJPG-36x36.png",36,36,true],"ddtl-language-flag":["https:\/\/digidem-bayern.de\/wp-content\/uploads\/2022\/04\/400-Teilnehmende_FINALJPG-36x36.png",36,36,true],"mailpoet_newsletter_max":["https:\/\/digidem-bayern.de\/wp-content\/uploads\/2022\/04\/400-Teilnehmende_FINALJPG.png",1237,742,false],"kahuna-lpbox-3":["https:\/\/digidem-bayern.de\/wp-content\/uploads\/2022\/04\/400-Teilnehmende_FINALJPG-520x350.png",520,350,true],"kahuna-featured-square":["https:\/\/digidem-bayern.de\/wp-content\/uploads\/2022\/04\/400-Teilnehmende_FINALJPG-512x512.png",512,512,true],"kahuna-featured-square-large":["https:\/\/digidem-bayern.de\/wp-content\/uploads\/2022\/04\/400-Teilnehmende_FINALJPG-1024x742.png",1024,742,true]},"qubely_author":{"display_name":"Anne Keefer","author_link":"https:\/\/digidem-bayern.de\/en\/author\/ag-webinar\/"},"qubely_comment":3,"qubely_category":"<a href=\"https:\/\/digidem-bayern.de\/en\/category\/aktuelles-zu-digidem\/\" rel=\"category tag\">Aktuelles zu digiDEM<\/a>","qubely_excerpt":"Die Projektphase von digiDEM Bayern startete am 01.01.2021. Seitdem wurden 400 Menschen mit leichten kognitiven Einschr\u00e4nkungen (MCI) und Menschen mit Demenz sowie ihre pflegenden Angeh\u00f6rigen zu ihrer Versorgungssituation befragt. Trotz erschwerter Bedingungen im Rahmen der COVID-19 Pandemie gelang es den digiDEM Forschungspartner*innen in allen sieben bayerischen Regierungsbezirken, zahlreiche Teilnehmende zu &hellip;","featured_image_urls_v2":{"full":["https:\/\/digidem-bayern.de\/wp-content\/uploads\/2022\/04\/400-Teilnehmende_FINALJPG.png",1237,742,false],"thumbnail":["https:\/\/digidem-bayern.de\/wp-content\/uploads\/2022\/04\/400-Teilnehmende_FINALJPG-80x80.png",80,80,true],"medium":["https:\/\/digidem-bayern.de\/wp-content\/uploads\/2022\/04\/400-Teilnehmende_FINALJPG-300x180.png",300,180,true],"medium_large":["https:\/\/digidem-bayern.de\/wp-content\/uploads\/2022\/04\/400-Teilnehmende_FINALJPG-768x461.png",768,461,true],"large":["https:\/\/digidem-bayern.de\/wp-content\/uploads\/2022\/04\/400-Teilnehmende_FINALJPG-1030x618.png",1030,618,true],"1536x1536":["https:\/\/digidem-bayern.de\/wp-content\/uploads\/2022\/04\/400-Teilnehmende_FINALJPG.png",1237,742,false],"2048x2048":["https:\/\/digidem-bayern.de\/wp-content\/uploads\/2022\/04\/400-Teilnehmende_FINALJPG.png",1237,742,false],"trp-custom-language-flag":["https:\/\/digidem-bayern.de\/wp-content\/uploads\/2022\/04\/400-Teilnehmende_FINALJPG.png",18,12,false],"qubely_landscape":["https:\/\/digidem-bayern.de\/wp-content\/uploads\/2022\/04\/400-Teilnehmende_FINALJPG-1200x742.png",1200,742,true],"qubely_portrait":["https:\/\/digidem-bayern.de\/wp-content\/uploads\/2022\/04\/400-Teilnehmende_FINALJPG-540x320.png",540,320,true],"qubely_thumbnail":["https:\/\/digidem-bayern.de\/wp-content\/uploads\/2022\/04\/400-Teilnehmende_FINALJPG-140x100.png",140,100,true],"post-thumbnail":["https:\/\/digidem-bayern.de\/wp-content\/uploads\/2022\/04\/400-Teilnehmende_FINALJPG-583x350.png",583,350,true],"kahuna-featured":["https:\/\/digidem-bayern.de\/wp-content\/uploads\/2022\/04\/400-Teilnehmende_FINALJPG-734x350.png",734,350,true],"kahuna-featured-lp":["https:\/\/digidem-bayern.de\/wp-content\/uploads\/2022\/04\/400-Teilnehmende_FINALJPG-520x350.png",520,350,true],"kahuna-featured-half":["https:\/\/digidem-bayern.de\/wp-content\/uploads\/2022\/04\/400-Teilnehmende_FINALJPG-800x350.png",800,350,true],"kahuna-featured-third":["https:\/\/digidem-bayern.de\/wp-content\/uploads\/2022\/04\/400-Teilnehmende_FINALJPG-512x350.png",512,350,true],"kahuna-lpbox-1":["https:\/\/digidem-bayern.de\/wp-content\/uploads\/2022\/04\/400-Teilnehmende_FINALJPG-520x300.png",520,300,true],"kahuna-lpbox-2":["https:\/\/digidem-bayern.de\/wp-content\/uploads\/2022\/04\/400-Teilnehmende_FINALJPG-520x350.png",520,350,true],"demand-language-flag":["https:\/\/digidem-bayern.de\/wp-content\/uploads\/2022\/04\/400-Teilnehmende_FINALJPG.png",36,22,false],"dddkt-language-flag":["https:\/\/digidem-bayern.de\/wp-content\/uploads\/2022\/04\/400-Teilnehmende_FINALJPG-36x36.png",36,36,true],"ddiqc-language-flag":["https:\/\/digidem-bayern.de\/wp-content\/uploads\/2022\/04\/400-Teilnehmende_FINALJPG-36x36.png",36,36,true],"ddtl-language-flag":["https:\/\/digidem-bayern.de\/wp-content\/uploads\/2022\/04\/400-Teilnehmende_FINALJPG-36x36.png",36,36,true],"mailpoet_newsletter_max":["https:\/\/digidem-bayern.de\/wp-content\/uploads\/2022\/04\/400-Teilnehmende_FINALJPG.png",1237,742,false],"kahuna-lpbox-3":["https:\/\/digidem-bayern.de\/wp-content\/uploads\/2022\/04\/400-Teilnehmende_FINALJPG-520x350.png",520,350,true],"kahuna-featured-square":["https:\/\/digidem-bayern.de\/wp-content\/uploads\/2022\/04\/400-Teilnehmende_FINALJPG-512x512.png",512,512,true],"kahuna-featured-square-large":["https:\/\/digidem-bayern.de\/wp-content\/uploads\/2022\/04\/400-Teilnehmende_FINALJPG-1024x742.png",1024,742,true]},"post_excerpt_stackable_v2":"<p>Die Projektphase von digiDEM Bayern startete am 01.01.2021. Seitdem wurden 400 Menschen mit leichten kognitiven Einschr\u00e4nkungen (MCI) und Menschen mit Demenz sowie ihre pflegenden Angeh\u00f6rigen zu ihrer Versorgungssituation befragt. Trotz erschwerter Bedingungen im Rahmen der COVID-19 Pandemie gelang es den digiDEM Forschungspartner*innen in allen sieben bayerischen Regierungsbezirken, zahlreiche Teilnehmende zu kontaktieren und zu befragen. Dabei schuf digiDEM Bayern mit seinem Konzept der virtuellen Befragungen zus\u00e4tzlich eine kontaktlose und datenschutzkonforme Alternative zu den Befragungen im direkten Treffen (https:\/\/digidem-bayern.de\/virtuelles-screening-fuer-digidem-bayern\/). digiDEM Bayern ist ein Projekt zur Versorgungsforschung und zielt darauf ab, die Lebensbedingungen von Menschen mit Ged\u00e4chtnisbeeintr\u00e4chtigungen oder Demenz und ihren Angeh\u00f6rigen &#8211;&hellip;<\/p>\n","category_list_v2":"<a href=\"https:\/\/digidem-bayern.de\/en\/category\/aktuelles-zu-digidem\/\" rel=\"category tag\">Aktuelles zu digiDEM<\/a>","author_info_v2":{"name":"Anne Keefer","url":"https:\/\/digidem-bayern.de\/en\/author\/ag-webinar\/"},"comments_num_v2":"0 comments","yoast_head":"<!-- This site is optimized with the Yoast SEO plugin v27.5 - https:\/\/yoast.com\/product\/yoast-seo-wordpress\/ -->\n<title>400 Teilnehmende f\u00fcr digiDEM Bayern-Demenzregister befragt - digiDEM Bayern<\/title>\n<meta name=\"description\" content=\"Der Bayerische Landesapothekerkammer unterst\u00fctzt digiDEM Bayern mit Hilfe des Netzwerks &quot;Demenzfreundliche Apotheken&quot;.\" \/>\n<meta name=\"robots\" content=\"index, follow, max-snippet:-1, max-image-preview:large, max-video-preview:-1\" \/>\n<link rel=\"canonical\" href=\"https:\/\/digidem-bayern.de\/en\/400-teilnehmende-in-digidem-bayern-eingeschlossen\/\" \/>\n<meta property=\"og:locale\" content=\"en_US\" \/>\n<meta property=\"og:type\" content=\"article\" \/>\n<meta property=\"og:title\" content=\"400 Teilnehmende f\u00fcr digiDEM Bayern-Demenzregister befragt - digiDEM Bayern\" \/>\n<meta property=\"og:description\" content=\"Der Bayerische Landesapothekerkammer unterst\u00fctzt digiDEM Bayern mit Hilfe des Netzwerks &quot;Demenzfreundliche Apotheken&quot;.\" \/>\n<meta property=\"og:url\" content=\"https:\/\/digidem-bayern.de\/en\/400-teilnehmende-in-digidem-bayern-eingeschlossen\/\" \/>\n<meta property=\"og:site_name\" content=\"digiDEM Bayern\" \/>\n<meta property=\"article:publisher\" content=\"https:\/\/www.facebook.com\/digiDEMBayern\/\" \/>\n<meta property=\"article:published_time\" content=\"2021-12-09T09:00:00+00:00\" \/>\n<meta property=\"article:modified_time\" content=\"2022-04-07T14:53:10+00:00\" \/>\n<meta property=\"og:image\" content=\"https:\/\/digidem-bayern.de\/wp-content\/uploads\/2022\/04\/400-Teilnehmende_FINALJPG.png\" \/>\n\t<meta property=\"og:image:width\" content=\"1237\" \/>\n\t<meta property=\"og:image:height\" content=\"742\" \/>\n\t<meta property=\"og:image:type\" content=\"image\/png\" \/>\n<meta name=\"author\" content=\"Anne Keefer\" \/>\n<meta name=\"twitter:label1\" content=\"Written by\" \/>\n\t<meta name=\"twitter:data1\" content=\"Anne Keefer\" \/>\n\t<meta name=\"twitter:label2\" content=\"Est. reading time\" \/>\n\t<meta name=\"twitter:data2\" content=\"2 minutes\" \/>\n<script type=\"application\/ld+json\" class=\"yoast-schema-graph\">{\"@context\":\"https:\\\/\\\/schema.org\",\"@graph\":[{\"@type\":\"Article\",\"@id\":\"https:\\\/\\\/digidem-bayern.de\\\/400-teilnehmende-in-digidem-bayern-eingeschlossen\\\/#article\",\"isPartOf\":{\"@id\":\"https:\\\/\\\/digidem-bayern.de\\\/400-teilnehmende-in-digidem-bayern-eingeschlossen\\\/\"},\"author\":{\"name\":\"Anne Keefer\",\"@id\":\"\\\/#\\\/schema\\\/person\\\/0e8781e0653d1a8e57ca55bd2c3cb01f\"},\"headline\":\"400 Teilnehmende f\u00fcr digiDEM Bayern-Demenzregister befragt\",\"datePublished\":\"2021-12-09T09:00:00+00:00\",\"dateModified\":\"2022-04-07T14:53:10+00:00\",\"mainEntityOfPage\":{\"@id\":\"https:\\\/\\\/digidem-bayern.de\\\/400-teilnehmende-in-digidem-bayern-eingeschlossen\\\/\"},\"wordCount\":240,\"commentCount\":0,\"publisher\":{\"@id\":\"\\\/#organization\"},\"image\":{\"@id\":\"https:\\\/\\\/digidem-bayern.de\\\/400-teilnehmende-in-digidem-bayern-eingeschlossen\\\/#primaryimage\"},\"thumbnailUrl\":\"https:\\\/\\\/digidem-bayern.de\\\/wp-content\\\/uploads\\\/2022\\\/04\\\/400-Teilnehmende_FINALJPG.png\",\"keywords\":[\"Befragungen\",\"Demenz\",\"digidem\",\"digidem Bayern\",\"Digitales Demenzregister Bayern\",\"Forschungspartner\",\"kognitiver Abbau\",\"Studienteilnahme\",\"Teilnehmende\"],\"articleSection\":[\"Aktuelles zu digiDEM\"],\"inLanguage\":\"en-US\",\"potentialAction\":[{\"@type\":\"CommentAction\",\"name\":\"Comment\",\"target\":[\"https:\\\/\\\/digidem-bayern.de\\\/400-teilnehmende-in-digidem-bayern-eingeschlossen\\\/#respond\"]}]},{\"@type\":\"WebPage\",\"@id\":\"https:\\\/\\\/digidem-bayern.de\\\/400-teilnehmende-in-digidem-bayern-eingeschlossen\\\/\",\"url\":\"https:\\\/\\\/digidem-bayern.de\\\/400-teilnehmende-in-digidem-bayern-eingeschlossen\\\/\",\"name\":\"400 Teilnehmende f\u00fcr digiDEM Bayern-Demenzregister befragt - digiDEM Bayern\",\"isPartOf\":{\"@id\":\"\\\/#website\"},\"primaryImageOfPage\":{\"@id\":\"https:\\\/\\\/digidem-bayern.de\\\/400-teilnehmende-in-digidem-bayern-eingeschlossen\\\/#primaryimage\"},\"image\":{\"@id\":\"https:\\\/\\\/digidem-bayern.de\\\/400-teilnehmende-in-digidem-bayern-eingeschlossen\\\/#primaryimage\"},\"thumbnailUrl\":\"https:\\\/\\\/digidem-bayern.de\\\/wp-content\\\/uploads\\\/2022\\\/04\\\/400-Teilnehmende_FINALJPG.png\",\"datePublished\":\"2021-12-09T09:00:00+00:00\",\"dateModified\":\"2022-04-07T14:53:10+00:00\",\"description\":\"Der Bayerische Landesapothekerkammer unterst\u00fctzt digiDEM Bayern mit Hilfe des Netzwerks \\\"Demenzfreundliche Apotheken\\\".\",\"breadcrumb\":{\"@id\":\"https:\\\/\\\/digidem-bayern.de\\\/400-teilnehmende-in-digidem-bayern-eingeschlossen\\\/#breadcrumb\"},\"inLanguage\":\"en-US\",\"potentialAction\":[{\"@type\":\"ReadAction\",\"target\":[\"https:\\\/\\\/digidem-bayern.de\\\/400-teilnehmende-in-digidem-bayern-eingeschlossen\\\/\"]}]},{\"@type\":\"ImageObject\",\"inLanguage\":\"en-US\",\"@id\":\"https:\\\/\\\/digidem-bayern.de\\\/400-teilnehmende-in-digidem-bayern-eingeschlossen\\\/#primaryimage\",\"url\":\"https:\\\/\\\/digidem-bayern.de\\\/wp-content\\\/uploads\\\/2022\\\/04\\\/400-Teilnehmende_FINALJPG.png\",\"contentUrl\":\"https:\\\/\\\/digidem-bayern.de\\\/wp-content\\\/uploads\\\/2022\\\/04\\\/400-Teilnehmende_FINALJPG.png\",\"width\":1237,\"height\":742,\"caption\":\"digiDEM Bayern zielt darauf ab, die Lebensbedingungen von Menschen mit Ged\u00e4chtnisbeeintr\u00e4chtigungen oder Demenz und ihren Angeh\u00f6rigen zu verbessern.\"},{\"@type\":\"BreadcrumbList\",\"@id\":\"https:\\\/\\\/digidem-bayern.de\\\/400-teilnehmende-in-digidem-bayern-eingeschlossen\\\/#breadcrumb\",\"itemListElement\":[{\"@type\":\"ListItem\",\"position\":1,\"name\":\"Startseite\",\"item\":\"https:\\\/\\\/digidem-bayern.de\\\/\"},{\"@type\":\"ListItem\",\"position\":2,\"name\":\"400 Teilnehmende f\u00fcr digiDEM Bayern-Demenzregister befragt\"}]},{\"@type\":\"WebSite\",\"@id\":\"\\\/#website\",\"url\":\"\\\/\",\"name\":\"digiDEM Bayern\",\"description\":\"Das digitale Demenzregister Bayern erforscht und verbessert die Angebotsstuktur f\u00fcr Menschen mit Demenz und deren Angeh\u00f6rige\",\"publisher\":{\"@id\":\"\\\/#organization\"},\"potentialAction\":[{\"@type\":\"SearchAction\",\"target\":{\"@type\":\"EntryPoint\",\"urlTemplate\":\"\\\/?s={search_term_string}\"},\"query-input\":{\"@type\":\"PropertyValueSpecification\",\"valueRequired\":true,\"valueName\":\"search_term_string\"}}],\"inLanguage\":\"en-US\"},{\"@type\":\"Organization\",\"@id\":\"\\\/#organization\",\"name\":\"digiDEM Bayern\",\"url\":\"\\\/\",\"logo\":{\"@type\":\"ImageObject\",\"inLanguage\":\"en-US\",\"@id\":\"\\\/#\\\/schema\\\/logo\\\/image\\\/\",\"url\":\"https:\\\/\\\/digidem-bayern.de\\\/wp-content\\\/uploads\\\/2022\\\/03\\\/cropped-Allgemeines_digiDEMLOGO-removebg-preview.png\",\"contentUrl\":\"https:\\\/\\\/digidem-bayern.de\\\/wp-content\\\/uploads\\\/2022\\\/03\\\/cropped-Allgemeines_digiDEMLOGO-removebg-preview.png\",\"width\":612,\"height\":357,\"caption\":\"digiDEM Bayern\"},\"image\":{\"@id\":\"\\\/#\\\/schema\\\/logo\\\/image\\\/\"},\"sameAs\":[\"https:\\\/\\\/www.facebook.com\\\/digiDEMBayern\\\/\",\"https:\\\/\\\/x.com\\\/digidem_bayern\",\"https:\\\/\\\/www.instagram.com\\\/digidem.bayern\",\"https:\\\/\\\/www.linkedin.com\\\/company\\\/digidem-bayern\\\/\"]},{\"@type\":\"Person\",\"@id\":\"\\\/#\\\/schema\\\/person\\\/0e8781e0653d1a8e57ca55bd2c3cb01f\",\"name\":\"Anne Keefer\",\"url\":\"https:\\\/\\\/digidem-bayern.de\\\/en\\\/author\\\/ag-webinar\\\/\"}]}<\/script>\n<!-- \/ Yoast SEO plugin. -->","yoast_head_json":{"title":"400 Teilnehmende f\u00fcr digiDEM Bayern-Demenzregister befragt - digiDEM Bayern","description":"Der Bayerische Landesapothekerkammer unterst\u00fctzt digiDEM Bayern mit Hilfe des Netzwerks \"Demenzfreundliche Apotheken\".","robots":{"index":"index","follow":"follow","max-snippet":"max-snippet:-1","max-image-preview":"max-image-preview:large","max-video-preview":"max-video-preview:-1"},"canonical":"https:\/\/digidem-bayern.de\/en\/400-teilnehmende-in-digidem-bayern-eingeschlossen\/","og_locale":"en_US","og_type":"article","og_title":"400 Teilnehmende f\u00fcr digiDEM Bayern-Demenzregister befragt - digiDEM Bayern","og_description":"Der Bayerische Landesapothekerkammer unterst\u00fctzt digiDEM Bayern mit Hilfe des Netzwerks \"Demenzfreundliche Apotheken\".","og_url":"https:\/\/digidem-bayern.de\/en\/400-teilnehmende-in-digidem-bayern-eingeschlossen\/","og_site_name":"digiDEM Bayern","article_publisher":"https:\/\/www.facebook.com\/digiDEMBayern\/","article_published_time":"2021-12-09T09:00:00+00:00","article_modified_time":"2022-04-07T14:53:10+00:00","og_image":[{"width":1237,"height":742,"url":"https:\/\/digidem-bayern.de\/wp-content\/uploads\/2022\/04\/400-Teilnehmende_FINALJPG.png","type":"image\/png"}],"author":"Anne Keefer","twitter_misc":{"Written by":"Anne Keefer","Est. reading time":"2 minutes"},"schema":{"@context":"https:\/\/schema.org","@graph":[{"@type":"Article","@id":"https:\/\/digidem-bayern.de\/400-teilnehmende-in-digidem-bayern-eingeschlossen\/#article","isPartOf":{"@id":"https:\/\/digidem-bayern.de\/400-teilnehmende-in-digidem-bayern-eingeschlossen\/"},"author":{"name":"Anne Keefer","@id":"\/#\/schema\/person\/0e8781e0653d1a8e57ca55bd2c3cb01f"},"headline":"400 Teilnehmende f\u00fcr digiDEM Bayern-Demenzregister befragt","datePublished":"2021-12-09T09:00:00+00:00","dateModified":"2022-04-07T14:53:10+00:00","mainEntityOfPage":{"@id":"https:\/\/digidem-bayern.de\/400-teilnehmende-in-digidem-bayern-eingeschlossen\/"},"wordCount":240,"commentCount":0,"publisher":{"@id":"\/#organization"},"image":{"@id":"https:\/\/digidem-bayern.de\/400-teilnehmende-in-digidem-bayern-eingeschlossen\/#primaryimage"},"thumbnailUrl":"https:\/\/digidem-bayern.de\/wp-content\/uploads\/2022\/04\/400-Teilnehmende_FINALJPG.png","keywords":["Befragungen","Demenz","digidem","digidem Bayern","Digitales Demenzregister Bayern","Forschungspartner","kognitiver Abbau","Studienteilnahme","Teilnehmende"],"articleSection":["Aktuelles zu digiDEM"],"inLanguage":"en-US","potentialAction":[{"@type":"CommentAction","name":"Comment","target":["https:\/\/digidem-bayern.de\/400-teilnehmende-in-digidem-bayern-eingeschlossen\/#respond"]}]},{"@type":"WebPage","@id":"https:\/\/digidem-bayern.de\/400-teilnehmende-in-digidem-bayern-eingeschlossen\/","url":"https:\/\/digidem-bayern.de\/400-teilnehmende-in-digidem-bayern-eingeschlossen\/","name":"400 Teilnehmende f\u00fcr digiDEM Bayern-Demenzregister befragt - digiDEM Bayern","isPartOf":{"@id":"\/#website"},"primaryImageOfPage":{"@id":"https:\/\/digidem-bayern.de\/400-teilnehmende-in-digidem-bayern-eingeschlossen\/#primaryimage"},"image":{"@id":"https:\/\/digidem-bayern.de\/400-teilnehmende-in-digidem-bayern-eingeschlossen\/#primaryimage"},"thumbnailUrl":"https:\/\/digidem-bayern.de\/wp-content\/uploads\/2022\/04\/400-Teilnehmende_FINALJPG.png","datePublished":"2021-12-09T09:00:00+00:00","dateModified":"2022-04-07T14:53:10+00:00","description":"Der Bayerische Landesapothekerkammer unterst\u00fctzt digiDEM Bayern mit Hilfe des Netzwerks \"Demenzfreundliche Apotheken\".","breadcrumb":{"@id":"https:\/\/digidem-bayern.de\/400-teilnehmende-in-digidem-bayern-eingeschlossen\/#breadcrumb"},"inLanguage":"en-US","potentialAction":[{"@type":"ReadAction","target":["https:\/\/digidem-bayern.de\/400-teilnehmende-in-digidem-bayern-eingeschlossen\/"]}]},{"@type":"ImageObject","inLanguage":"en-US","@id":"https:\/\/digidem-bayern.de\/400-teilnehmende-in-digidem-bayern-eingeschlossen\/#primaryimage","url":"https:\/\/digidem-bayern.de\/wp-content\/uploads\/2022\/04\/400-Teilnehmende_FINALJPG.png","contentUrl":"https:\/\/digidem-bayern.de\/wp-content\/uploads\/2022\/04\/400-Teilnehmende_FINALJPG.png","width":1237,"height":742,"caption":"digiDEM Bayern zielt darauf ab, die Lebensbedingungen von Menschen mit Ged\u00e4chtnisbeeintr\u00e4chtigungen oder Demenz und ihren Angeh\u00f6rigen zu verbessern."},{"@type":"BreadcrumbList","@id":"https:\/\/digidem-bayern.de\/400-teilnehmende-in-digidem-bayern-eingeschlossen\/#breadcrumb","itemListElement":[{"@type":"ListItem","position":1,"name":"Startseite","item":"https:\/\/digidem-bayern.de\/"},{"@type":"ListItem","position":2,"name":"400 Teilnehmende f\u00fcr digiDEM Bayern-Demenzregister befragt"}]},{"@type":"WebSite","@id":"\/#website","url":"\/","name":"digiDEM Bavaria","description":"The digital dementia register in Bavaria researches and improves the structure of services for people with dementia and their relatives","publisher":{"@id":"\/#organization"},"potentialAction":[{"@type":"SearchAction","target":{"@type":"EntryPoint","urlTemplate":"\/?s={search_term_string}"},"query-input":{"@type":"PropertyValueSpecification","valueRequired":true,"valueName":"search_term_string"}}],"inLanguage":"en-US"},{"@type":"Organization","@id":"\/#organization","name":"digiDEM Bavaria","url":"\/","logo":{"@type":"ImageObject","inLanguage":"en-US","@id":"\/#\/schema\/logo\/image\/","url":"https:\/\/digidem-bayern.de\/wp-content\/uploads\/2022\/03\/cropped-Allgemeines_digiDEMLOGO-removebg-preview.png","contentUrl":"https:\/\/digidem-bayern.de\/wp-content\/uploads\/2022\/03\/cropped-Allgemeines_digiDEMLOGO-removebg-preview.png","width":612,"height":357,"caption":"digiDEM Bayern"},"image":{"@id":"\/#\/schema\/logo\/image\/"},"sameAs":["https:\/\/www.facebook.com\/digiDEMBayern\/","https:\/\/x.com\/digidem_bayern","https:\/\/www.instagram.com\/digidem.bayern","https:\/\/www.linkedin.com\/company\/digidem-bayern\/"]},{"@type":"Person","@id":"\/#\/schema\/person\/0e8781e0653d1a8e57ca55bd2c3cb01f","name":"Anne Keefer","url":"https:\/\/digidem-bayern.de\/en\/author\/ag-webinar\/"}]}},"uagb_featured_image_src":{"full":["https:\/\/digidem-bayern.de\/wp-content\/uploads\/2022\/04\/400-Teilnehmende_FINALJPG.png",1237,742,false],"thumbnail":["https:\/\/digidem-bayern.de\/wp-content\/uploads\/2022\/04\/400-Teilnehmende_FINALJPG-80x80.png",80,80,true],"medium":["https:\/\/digidem-bayern.de\/wp-content\/uploads\/2022\/04\/400-Teilnehmende_FINALJPG-300x180.png",300,180,true],"medium_large":["https:\/\/digidem-bayern.de\/wp-content\/uploads\/2022\/04\/400-Teilnehmende_FINALJPG-768x461.png",768,461,true],"large":["https:\/\/digidem-bayern.de\/wp-content\/uploads\/2022\/04\/400-Teilnehmende_FINALJPG-1030x618.png",1030,618,true],"1536x1536":["https:\/\/digidem-bayern.de\/wp-content\/uploads\/2022\/04\/400-Teilnehmende_FINALJPG.png",1237,742,false],"2048x2048":["https:\/\/digidem-bayern.de\/wp-content\/uploads\/2022\/04\/400-Teilnehmende_FINALJPG.png",1237,742,false],"trp-custom-language-flag":["https:\/\/digidem-bayern.de\/wp-content\/uploads\/2022\/04\/400-Teilnehmende_FINALJPG.png",18,12,false],"qubely_landscape":["https:\/\/digidem-bayern.de\/wp-content\/uploads\/2022\/04\/400-Teilnehmende_FINALJPG-1200x742.png",1200,742,true],"qubely_portrait":["https:\/\/digidem-bayern.de\/wp-content\/uploads\/2022\/04\/400-Teilnehmende_FINALJPG-540x320.png",540,320,true],"qubely_thumbnail":["https:\/\/digidem-bayern.de\/wp-content\/uploads\/2022\/04\/400-Teilnehmende_FINALJPG-140x100.png",140,100,true],"post-thumbnail":["https:\/\/digidem-bayern.de\/wp-content\/uploads\/2022\/04\/400-Teilnehmende_FINALJPG-583x350.png",583,350,true],"kahuna-featured":["https:\/\/digidem-bayern.de\/wp-content\/uploads\/2022\/04\/400-Teilnehmende_FINALJPG-734x350.png",734,350,true],"kahuna-featured-lp":["https:\/\/digidem-bayern.de\/wp-content\/uploads\/2022\/04\/400-Teilnehmende_FINALJPG-520x350.png",520,350,true],"kahuna-featured-half":["https:\/\/digidem-bayern.de\/wp-content\/uploads\/2022\/04\/400-Teilnehmende_FINALJPG-800x350.png",800,350,true],"kahuna-featured-third":["https:\/\/digidem-bayern.de\/wp-content\/uploads\/2022\/04\/400-Teilnehmende_FINALJPG-512x350.png",512,350,true],"kahuna-lpbox-1":["https:\/\/digidem-bayern.de\/wp-content\/uploads\/2022\/04\/400-Teilnehmende_FINALJPG-520x300.png",520,300,true],"kahuna-lpbox-2":["https:\/\/digidem-bayern.de\/wp-content\/uploads\/2022\/04\/400-Teilnehmende_FINALJPG-520x350.png",520,350,true],"demand-language-flag":["https:\/\/digidem-bayern.de\/wp-content\/uploads\/2022\/04\/400-Teilnehmende_FINALJPG.png",36,22,false],"dddkt-language-flag":["https:\/\/digidem-bayern.de\/wp-content\/uploads\/2022\/04\/400-Teilnehmende_FINALJPG-36x36.png",36,36,true],"ddiqc-language-flag":["https:\/\/digidem-bayern.de\/wp-content\/uploads\/2022\/04\/400-Teilnehmende_FINALJPG-36x36.png",36,36,true],"ddtl-language-flag":["https:\/\/digidem-bayern.de\/wp-content\/uploads\/2022\/04\/400-Teilnehmende_FINALJPG-36x36.png",36,36,true],"mailpoet_newsletter_max":["https:\/\/digidem-bayern.de\/wp-content\/uploads\/2022\/04\/400-Teilnehmende_FINALJPG.png",1237,742,false],"kahuna-lpbox-3":["https:\/\/digidem-bayern.de\/wp-content\/uploads\/2022\/04\/400-Teilnehmende_FINALJPG-520x350.png",520,350,true],"kahuna-featured-square":["https:\/\/digidem-bayern.de\/wp-content\/uploads\/2022\/04\/400-Teilnehmende_FINALJPG-512x512.png",512,512,true],"kahuna-featured-square-large":["https:\/\/digidem-bayern.de\/wp-content\/uploads\/2022\/04\/400-Teilnehmende_FINALJPG-1024x742.png",1024,742,true]},"uagb_author_info":{"display_name":"Anne Keefer","author_link":"https:\/\/digidem-bayern.de\/en\/author\/ag-webinar\/"},"uagb_comment_info":3,"uagb_excerpt":"Die Projektphase von digiDEM Bayern startete am 01.01.2021. Seitdem wurden 400 Menschen mit leichten kognitiven Einschr\u00e4nkungen (MCI) und Menschen mit Demenz sowie ihre pflegenden Angeh\u00f6rigen zu ihrer Versorgungssituation befragt. Trotz erschwerter Bedingungen im Rahmen der COVID-19 Pandemie gelang es den digiDEM Forschungspartner*innen in allen sieben bayerischen Regierungsbezirken, zahlreiche Teilnehmende zu &hellip;","_links":{"self":[{"href":"https:\/\/digidem-bayern.de\/en\/wp-json\/wp\/v2\/posts\/18218","targetHints":{"allow":["GET"]}}],"collection":[{"href":"https:\/\/digidem-bayern.de\/en\/wp-json\/wp\/v2\/posts"}],"about":[{"href":"https:\/\/digidem-bayern.de\/en\/wp-json\/wp\/v2\/types\/post"}],"author":[{"embeddable":true,"href":"https:\/\/digidem-bayern.de\/en\/wp-json\/wp\/v2\/users\/7"}],"replies":[{"embeddable":true,"href":"https:\/\/digidem-bayern.de\/en\/wp-json\/wp\/v2\/comments?post=18218"}],"version-history":[{"count":5,"href":"https:\/\/digidem-bayern.de\/en\/wp-json\/wp\/v2\/posts\/18218\/revisions"}],"predecessor-version":[{"id":18601,"href":"https:\/\/digidem-bayern.de\/en\/wp-json\/wp\/v2\/posts\/18218\/revisions\/18601"}],"wp:featuredmedia":[{"embeddable":true,"href":"https:\/\/digidem-bayern.de\/en\/wp-json\/wp\/v2\/media\/18451"}],"wp:attachment":[{"href":"https:\/\/digidem-bayern.de\/en\/wp-json\/wp\/v2\/media?parent=18218"}],"wp:term":[{"taxonomy":"category","embeddable":true,"href":"https:\/\/digidem-bayern.de\/en\/wp-json\/wp\/v2\/categories?post=18218"},{"taxonomy":"post_tag","embeddable":true,"href":"https:\/\/digidem-bayern.de\/en\/wp-json\/wp\/v2\/tags?post=18218"}],"curies":[{"name":"wp","href":"https:\/\/api.w.org\/{rel}","templated":true}]}}