{"id":16612,"date":"2022-03-24T13:25:01","date_gmt":"2022-03-24T12:25:01","guid":{"rendered":"https:\/\/digidem-bayern.de\/?p=16612"},"modified":"2022-03-24T14:09:57","modified_gmt":"2022-03-24T13:09:57","slug":"analoges-zifferblatt-oder-digitalanzeige","status":"publish","type":"post","link":"https:\/\/digidem-bayern.de\/en\/analoges-zifferblatt-oder-digitalanzeige\/","title":{"rendered":"Analoges Zifferblatt oder Digitalanzeige?"},"content":{"rendered":"<p><strong>Um zu wissen, wie sp\u00e4t es ist, gen\u00fcgt der Blick auf die Uhr. Doch welcher Typ Uhr erleichtert es Menschen mit Demenz, die Uhrzeit abzulesen? Das analoge Zifferblatt oder die Digitalanzeige? Eine neue Studie aus Japan \u00fcber demenzfreundliches Uhrendesign beantwortet diese Frage.<\/strong><\/p>\n\n\n\n<p>Menschen mit Demenz sind t\u00e4glich und in mehrfacher Hinsicht mit kognitiven Einschr\u00e4nkungen konfrontiert. Umso wichtiger ist es, ihnen Hilfestellungen zu geben und das Leben der Betroffenen wo immer zu erleichtern, sei es im h\u00e4uslichen Bereich oder im Krankenzimmer. Dazu geh\u00f6rt es, dass Menschen mit Demenz problemlos die Uhrzeit ablesen k\u00f6nnen. Doch welcher Typ einer Uhr eignet sich dazu besser &#8211; eine Uhr mit analogem Zifferblatt oder eine mit Digitalanzeige?<\/p>\n\n\n\n<p><strong>Lesen und Kopfrechnen<\/strong><\/p>\n\n\n\n<div class=\"wp-block-image\"><figure class=\"alignright size-medium is-resized\"><img loading=\"lazy\" decoding=\"async\" src=\"https:\/\/digidem-bayern.de\/wp-content\/uploads\/2022\/03\/shutterstock_156104165-300x200.jpg\" alt=\"F\u00fcr Menschen mit Demenz ist eine Digitaluhr hilfreich.\" class=\"wp-image-16603\" width=\"400\" height=\"300\"\/><\/figure><\/div>\n\n\n\n<p>Mit dieser Frage haben sich Wissenschaftler*innen nun erstmals befasst. In der aktuellen Studie aus Japan erbrachten die Forscher den wissenschaftlichen Nachweis: Die Uhrzeit von einer Digitaluhr abzulesen, gestaltete sich f\u00fcr Menschen mit Alzheimer-Demenz und Lewy-K\u00f6rperchen-Demenz einfacher als die Uhrzeit auf einer analogen Uhr zu erfassen. Die F\u00e4higkeit zu lesen war signifikant mit der F\u00e4higkeit des Kopfrechnens verkn\u00fcpft und der F\u00e4higkeit, eine Uhr zu zeichnen. Die 55 teilnehmenden Menschen mit Demenz haben in der Studie Demenztests wie zum Beispiel den MMST (Mini Mental Status Test) und den sogenannten Uhrenlesetest (Clock Reading Test, CRT) absolviert<\/p>\n\n\n\n<p>Um das normale t\u00e4glich Leben aufrechtzuerhalten, sei die Orientierung an der Uhrzeit und deren Verst\u00e4ndnis sei entscheidend. &#8222;Das Erkennen der aktuellen Zeit ist eine der wichtigsten kognitiven F\u00e4higkeiten f\u00fcr das menschliche Leben&#8220;, hei\u00dft es in der Studie. Wenn eine Person ohne Uhren lebt, kann ihr zirkadianer Rhythmus \u2013 ein Teil der &#8222;inneren Uhr&#8220;, die bestimmte physiologische Funktionen synchronisiert \u00ad\u2013 gest\u00f6rt werden.<\/p>\n\n\n\n<p><strong><strong>Schl\u00fcsselfaktor f\u00fcr geistige Gesundheit<\/strong><\/strong><\/p>\n\n\n\n<p>Besonders bei \u00e4lteren Menschen sind St\u00f6rungen des zirkadianen Rhythmus h\u00e4ufig und bei Menschen mit Demenz st\u00e4rker ausgepr\u00e4gt. Zudem k\u00f6nnen die St\u00f6rungen ein potenzieller Risikofaktor f\u00fcr die Entwicklung einer Demenz sein, schreiben die Autor*innen.Dies bedeutet im Umkehrschluss: Die aktuelle Zeit mithilfe einer Uhr zu erkennen, kann auch als ein Schl\u00fcsselfaktor f\u00fcr die Aufrechterhaltung einer guten geistigen Gesundheit von Menschen mit Demenz verstanden werden.<\/p>\n\n\n\n<p>In der Studie unterstreichen die Autor*innen, dass weitere Forschung notwendig ist. Doch die Studie weist wissenschaftlich nach, wie wichtig demenzfreundliches Uhrendesign ist &#8211; um f\u00fcr Menschen mit Demenz individuelle Umgebungsbedingen zu entwickeln.<\/p>\n\n\n\n<p>Hier geht&#8217;s zur Studie:<\/p>\n\n\n\n<p><strong><a href=\"https:\/\/www.karger.com\/Article\/FullText\/518350\">Are Analogue or Digital Clocks Friendlier for People Living with Dementia?<\/a><\/strong><\/p>\n\n\n\n<h4 class=\"wp-block-heading\"><\/h4>\n\n\n\n<p style=\"font-size:20px\"><\/p>\n\n\n\n<div style=\"height:20px\" aria-hidden=\"true\" class=\"wp-block-spacer\"><\/div>\n\n\n\n<div style=\"height:20px\" aria-hidden=\"true\" class=\"wp-block-spacer\"><\/div>","protected":false},"excerpt":{"rendered":"<p>Um zu wissen, wie sp\u00e4t es ist, gen\u00fcgt der Blick auf die Uhr. Doch welcher Typ Uhr erleichtert es Menschen mit Demenz, die Uhrzeit abzulesen? Das analoge Zifferblatt oder die Digitalanzeige? Eine neue Studie aus Japan \u00fcber demenzfreundliches Uhrendesign beantwortet diese Frage. Menschen mit Demenz sind t\u00e4glich und in mehrfacher &hellip;<\/p>","protected":false},"author":12,"featured_media":16603,"comment_status":"open","ping_status":"closed","sticky":false,"template":"","format":"standard","meta":{"qubely_global_settings":"","qubely_interactions":"","_uag_custom_page_level_css":"","footnotes":""},"categories":[5],"tags":[13,406,403,12,14,17,55,404,400,375,217,409,402,405],"class_list":["post-16612","post","type-post","status-publish","format-standard","has-post-thumbnail","hentry","category-wissenschaft-forschung","tag-alzheimer","tag-alzheimer-demenz","tag-analoguhr","tag-demenz-2","tag-digidem","tag-digidem-bayern","tag-digitales-demenzregister-bayern","tag-digitaluhr","tag-kognitive-faehigkeiten","tag-publikation","tag-senioren","tag-uhrendesign","tag-uhrzeit","tag-zifferblatt"],"qubely_featured_image_url":{"full":["https:\/\/digidem-bayern.de\/wp-content\/uploads\/2022\/03\/shutterstock_156104165.jpg",1600,1067,false],"landscape":["https:\/\/digidem-bayern.de\/wp-content\/uploads\/2022\/03\/shutterstock_156104165-1200x750.jpg",1200,750,true],"portraits":["https:\/\/digidem-bayern.de\/wp-content\/uploads\/2022\/03\/shutterstock_156104165-540x320.jpg",540,320,true],"thumbnail":["https:\/\/digidem-bayern.de\/wp-content\/uploads\/2022\/03\/shutterstock_156104165-80x80.jpg",80,80,true],"medium":["https:\/\/digidem-bayern.de\/wp-content\/uploads\/2022\/03\/shutterstock_156104165-300x200.jpg",300,200,true],"medium_large":["https:\/\/digidem-bayern.de\/wp-content\/uploads\/2022\/03\/shutterstock_156104165-768x512.jpg",768,512,true],"large":["https:\/\/digidem-bayern.de\/wp-content\/uploads\/2022\/03\/shutterstock_156104165-1030x687.jpg",1030,687,true],"1536x1536":["https:\/\/digidem-bayern.de\/wp-content\/uploads\/2022\/03\/shutterstock_156104165-1536x1025.jpg",1536,1025,true],"2048x2048":["https:\/\/digidem-bayern.de\/wp-content\/uploads\/2022\/03\/shutterstock_156104165-2048x1366.jpg",2048,1366,true],"trp-custom-language-flag":["https:\/\/digidem-bayern.de\/wp-content\/uploads\/2022\/03\/shutterstock_156104165.jpg",18,12,false],"qubely_landscape":["https:\/\/digidem-bayern.de\/wp-content\/uploads\/2022\/03\/shutterstock_156104165-1200x750.jpg",1200,750,true],"qubely_portrait":["https:\/\/digidem-bayern.de\/wp-content\/uploads\/2022\/03\/shutterstock_156104165-540x320.jpg",540,320,true],"qubely_thumbnail":["https:\/\/digidem-bayern.de\/wp-content\/uploads\/2022\/03\/shutterstock_156104165-140x100.jpg",140,100,true],"post-thumbnail":["https:\/\/digidem-bayern.de\/wp-content\/uploads\/2022\/03\/shutterstock_156104165-525x350.jpg",525,350,true],"kahuna-featured":["https:\/\/digidem-bayern.de\/wp-content\/uploads\/2022\/03\/shutterstock_156104165-734x350.jpg",734,350,true],"kahuna-featured-lp":["https:\/\/digidem-bayern.de\/wp-content\/uploads\/2022\/03\/shutterstock_156104165-520x350.jpg",520,350,true],"kahuna-featured-half":["https:\/\/digidem-bayern.de\/wp-content\/uploads\/2022\/03\/shutterstock_156104165-800x350.jpg",800,350,true],"kahuna-featured-third":["https:\/\/digidem-bayern.de\/wp-content\/uploads\/2022\/03\/shutterstock_156104165-512x350.jpg",512,350,true],"kahuna-lpbox-1":["https:\/\/digidem-bayern.de\/wp-content\/uploads\/2022\/03\/shutterstock_156104165-520x300.jpg",520,300,true],"kahuna-lpbox-2":["https:\/\/digidem-bayern.de\/wp-content\/uploads\/2022\/03\/shutterstock_156104165-520x350.jpg",520,350,true],"demand-language-flag":["https:\/\/digidem-bayern.de\/wp-content\/uploads\/2022\/03\/shutterstock_156104165.jpg",36,24,false],"dddkt-language-flag":["https:\/\/digidem-bayern.de\/wp-content\/uploads\/2022\/03\/shutterstock_156104165.jpg",36,24,false],"ddiqc-language-flag":["https:\/\/digidem-bayern.de\/wp-content\/uploads\/2022\/03\/shutterstock_156104165-36x36.jpg",36,36,true],"ddtl-language-flag":["https:\/\/digidem-bayern.de\/wp-content\/uploads\/2022\/03\/shutterstock_156104165-36x36.jpg",36,36,true],"mailpoet_newsletter_max":["https:\/\/digidem-bayern.de\/wp-content\/uploads\/2022\/03\/shutterstock_156104165-1320x881.jpg",1320,881,true],"kahuna-lpbox-3":["https:\/\/digidem-bayern.de\/wp-content\/uploads\/2022\/03\/shutterstock_156104165-520x350.jpg",520,350,true],"kahuna-featured-square":["https:\/\/digidem-bayern.de\/wp-content\/uploads\/2022\/03\/shutterstock_156104165-512x512.jpg",512,512,true],"kahuna-featured-square-large":["https:\/\/digidem-bayern.de\/wp-content\/uploads\/2022\/03\/shutterstock_156104165-1024x1024.jpg",1024,1024,true]},"qubely_author":{"display_name":"Ilona H\u00f6rath","author_link":"https:\/\/digidem-bayern.de\/en\/author\/hoeratia\/"},"qubely_comment":0,"qubely_category":"<a href=\"https:\/\/digidem-bayern.de\/en\/category\/wissenschaft-forschung\/\" rel=\"category tag\">Wissenschaft &amp; Forschung<\/a>","qubely_excerpt":"Um zu wissen, wie sp\u00e4t es ist, gen\u00fcgt der Blick auf die Uhr. Doch welcher Typ Uhr erleichtert es Menschen mit Demenz, die Uhrzeit abzulesen? Das analoge Zifferblatt oder die Digitalanzeige? Eine neue Studie aus Japan \u00fcber demenzfreundliches Uhrendesign beantwortet diese Frage. Menschen mit Demenz sind t\u00e4glich und in mehrfacher &hellip;","featured_image_urls_v2":{"full":["https:\/\/digidem-bayern.de\/wp-content\/uploads\/2022\/03\/shutterstock_156104165.jpg",1600,1067,false],"thumbnail":["https:\/\/digidem-bayern.de\/wp-content\/uploads\/2022\/03\/shutterstock_156104165-80x80.jpg",80,80,true],"medium":["https:\/\/digidem-bayern.de\/wp-content\/uploads\/2022\/03\/shutterstock_156104165-300x200.jpg",300,200,true],"medium_large":["https:\/\/digidem-bayern.de\/wp-content\/uploads\/2022\/03\/shutterstock_156104165-768x512.jpg",768,512,true],"large":["https:\/\/digidem-bayern.de\/wp-content\/uploads\/2022\/03\/shutterstock_156104165-1030x687.jpg",1030,687,true],"1536x1536":["https:\/\/digidem-bayern.de\/wp-content\/uploads\/2022\/03\/shutterstock_156104165-1536x1025.jpg",1536,1025,true],"2048x2048":["https:\/\/digidem-bayern.de\/wp-content\/uploads\/2022\/03\/shutterstock_156104165-2048x1366.jpg",2048,1366,true],"trp-custom-language-flag":["https:\/\/digidem-bayern.de\/wp-content\/uploads\/2022\/03\/shutterstock_156104165.jpg",18,12,false],"qubely_landscape":["https:\/\/digidem-bayern.de\/wp-content\/uploads\/2022\/03\/shutterstock_156104165-1200x750.jpg",1200,750,true],"qubely_portrait":["https:\/\/digidem-bayern.de\/wp-content\/uploads\/2022\/03\/shutterstock_156104165-540x320.jpg",540,320,true],"qubely_thumbnail":["https:\/\/digidem-bayern.de\/wp-content\/uploads\/2022\/03\/shutterstock_156104165-140x100.jpg",140,100,true],"post-thumbnail":["https:\/\/digidem-bayern.de\/wp-content\/uploads\/2022\/03\/shutterstock_156104165-525x350.jpg",525,350,true],"kahuna-featured":["https:\/\/digidem-bayern.de\/wp-content\/uploads\/2022\/03\/shutterstock_156104165-734x350.jpg",734,350,true],"kahuna-featured-lp":["https:\/\/digidem-bayern.de\/wp-content\/uploads\/2022\/03\/shutterstock_156104165-520x350.jpg",520,350,true],"kahuna-featured-half":["https:\/\/digidem-bayern.de\/wp-content\/uploads\/2022\/03\/shutterstock_156104165-800x350.jpg",800,350,true],"kahuna-featured-third":["https:\/\/digidem-bayern.de\/wp-content\/uploads\/2022\/03\/shutterstock_156104165-512x350.jpg",512,350,true],"kahuna-lpbox-1":["https:\/\/digidem-bayern.de\/wp-content\/uploads\/2022\/03\/shutterstock_156104165-520x300.jpg",520,300,true],"kahuna-lpbox-2":["https:\/\/digidem-bayern.de\/wp-content\/uploads\/2022\/03\/shutterstock_156104165-520x350.jpg",520,350,true],"demand-language-flag":["https:\/\/digidem-bayern.de\/wp-content\/uploads\/2022\/03\/shutterstock_156104165.jpg",36,24,false],"dddkt-language-flag":["https:\/\/digidem-bayern.de\/wp-content\/uploads\/2022\/03\/shutterstock_156104165.jpg",36,24,false],"ddiqc-language-flag":["https:\/\/digidem-bayern.de\/wp-content\/uploads\/2022\/03\/shutterstock_156104165-36x36.jpg",36,36,true],"ddtl-language-flag":["https:\/\/digidem-bayern.de\/wp-content\/uploads\/2022\/03\/shutterstock_156104165-36x36.jpg",36,36,true],"mailpoet_newsletter_max":["https:\/\/digidem-bayern.de\/wp-content\/uploads\/2022\/03\/shutterstock_156104165-1320x881.jpg",1320,881,true],"kahuna-lpbox-3":["https:\/\/digidem-bayern.de\/wp-content\/uploads\/2022\/03\/shutterstock_156104165-520x350.jpg",520,350,true],"kahuna-featured-square":["https:\/\/digidem-bayern.de\/wp-content\/uploads\/2022\/03\/shutterstock_156104165-512x512.jpg",512,512,true],"kahuna-featured-square-large":["https:\/\/digidem-bayern.de\/wp-content\/uploads\/2022\/03\/shutterstock_156104165-1024x1024.jpg",1024,1024,true]},"post_excerpt_stackable_v2":"<p>Um zu wissen, wie sp\u00e4t es ist, gen\u00fcgt der Blick auf die Uhr. Doch welcher Typ Uhr erleichtert es Menschen mit Demenz, die Uhrzeit abzulesen? Das analoge Zifferblatt oder die Digitalanzeige? Eine neue Studie aus Japan \u00fcber demenzfreundliches Uhrendesign beantwortet diese Frage. Menschen mit Demenz sind t\u00e4glich und in mehrfacher Hinsicht mit kognitiven Einschr\u00e4nkungen konfrontiert. Umso wichtiger ist es, ihnen Hilfestellungen zu geben und das Leben der Betroffenen wo immer zu erleichtern, sei es im h\u00e4uslichen Bereich oder im Krankenzimmer. Dazu geh\u00f6rt es, dass Menschen mit Demenz problemlos die Uhrzeit ablesen k\u00f6nnen. Doch welcher Typ einer Uhr eignet sich dazu&hellip;<\/p>\n","category_list_v2":"<a href=\"https:\/\/digidem-bayern.de\/en\/category\/wissenschaft-forschung\/\" rel=\"category tag\">Wissenschaft &amp; Forschung<\/a>","author_info_v2":{"name":"Ilona H\u00f6rath","url":"https:\/\/digidem-bayern.de\/en\/author\/hoeratia\/"},"comments_num_v2":"0 comments","yoast_head":"<!-- This site is optimized with the Yoast SEO plugin v27.4 - https:\/\/yoast.com\/product\/yoast-seo-wordpress\/ -->\n<title>Analoges Zifferblatt oder Digitalanzeige? - digiDEM Bayern<\/title>\n<meta name=\"description\" content=\"Der Bayerische Landesapothekerkammer unterst\u00fctzt digiDEM Bayern mit Hilfe des Netzwerks &quot;Demenzfreundliche Apotheken&quot;.\" \/>\n<meta name=\"robots\" content=\"index, follow, max-snippet:-1, max-image-preview:large, max-video-preview:-1\" \/>\n<link rel=\"canonical\" href=\"https:\/\/digidem-bayern.de\/en\/analoges-zifferblatt-oder-digitalanzeige\/\" \/>\n<meta property=\"og:locale\" content=\"en_US\" \/>\n<meta property=\"og:type\" content=\"article\" \/>\n<meta property=\"og:title\" content=\"Analoges Zifferblatt oder Digitalanzeige? - digiDEM Bayern\" \/>\n<meta property=\"og:description\" content=\"Der Bayerische Landesapothekerkammer unterst\u00fctzt digiDEM Bayern mit Hilfe des Netzwerks &quot;Demenzfreundliche Apotheken&quot;.\" \/>\n<meta property=\"og:url\" content=\"https:\/\/digidem-bayern.de\/en\/analoges-zifferblatt-oder-digitalanzeige\/\" \/>\n<meta property=\"og:site_name\" content=\"digiDEM Bayern\" \/>\n<meta property=\"article:publisher\" content=\"https:\/\/www.facebook.com\/digiDEMBayern\/\" \/>\n<meta property=\"article:published_time\" content=\"2022-03-24T12:25:01+00:00\" \/>\n<meta property=\"article:modified_time\" content=\"2022-03-24T13:09:57+00:00\" \/>\n<meta property=\"og:image\" content=\"https:\/\/digidem-bayern.de\/wp-content\/uploads\/2022\/03\/shutterstock_156104165.jpg\" \/>\n\t<meta property=\"og:image:width\" content=\"1600\" \/>\n\t<meta property=\"og:image:height\" content=\"1067\" \/>\n\t<meta property=\"og:image:type\" content=\"image\/jpeg\" \/>\n<meta name=\"author\" content=\"Ilona H\u00f6rath\" \/>\n<meta name=\"twitter:label1\" content=\"Written by\" \/>\n\t<meta name=\"twitter:data1\" content=\"Ilona H\u00f6rath\" \/>\n\t<meta name=\"twitter:label2\" content=\"Est. reading time\" \/>\n\t<meta name=\"twitter:data2\" content=\"2 minutes\" \/>\n<script type=\"application\/ld+json\" class=\"yoast-schema-graph\">{\"@context\":\"https:\\\/\\\/schema.org\",\"@graph\":[{\"@type\":\"Article\",\"@id\":\"https:\\\/\\\/digidem-bayern.de\\\/analoges-zifferblatt-oder-digitalanzeige\\\/#article\",\"isPartOf\":{\"@id\":\"https:\\\/\\\/digidem-bayern.de\\\/analoges-zifferblatt-oder-digitalanzeige\\\/\"},\"author\":{\"name\":\"Ilona H\u00f6rath\",\"@id\":\"\\\/#\\\/schema\\\/person\\\/0bc1494f46fc2a051c761322a80e0941\"},\"headline\":\"Analoges Zifferblatt oder Digitalanzeige?\",\"datePublished\":\"2022-03-24T12:25:01+00:00\",\"dateModified\":\"2022-03-24T13:09:57+00:00\",\"mainEntityOfPage\":{\"@id\":\"https:\\\/\\\/digidem-bayern.de\\\/analoges-zifferblatt-oder-digitalanzeige\\\/\"},\"wordCount\":418,\"commentCount\":0,\"publisher\":{\"@id\":\"\\\/#organization\"},\"image\":{\"@id\":\"https:\\\/\\\/digidem-bayern.de\\\/analoges-zifferblatt-oder-digitalanzeige\\\/#primaryimage\"},\"thumbnailUrl\":\"https:\\\/\\\/digidem-bayern.de\\\/wp-content\\\/uploads\\\/2022\\\/03\\\/shutterstock_156104165.jpg\",\"keywords\":[\"Alzheimer\",\"Alzheimer-Demenz\",\"Analoguhr\",\"Demenz\",\"digidem\",\"digidem Bayern\",\"Digitales Demenzregister Bayern\",\"Digitaluhr\",\"Kognitive F\u00e4higkeiten\",\"Publikation\",\"Senioren\",\"Uhrendesign\",\"Uhrzeit\",\"Zifferblatt\"],\"articleSection\":[\"Wissenschaft &amp; Forschung\"],\"inLanguage\":\"en-US\",\"potentialAction\":[{\"@type\":\"CommentAction\",\"name\":\"Comment\",\"target\":[\"https:\\\/\\\/digidem-bayern.de\\\/analoges-zifferblatt-oder-digitalanzeige\\\/#respond\"]}]},{\"@type\":\"WebPage\",\"@id\":\"https:\\\/\\\/digidem-bayern.de\\\/analoges-zifferblatt-oder-digitalanzeige\\\/\",\"url\":\"https:\\\/\\\/digidem-bayern.de\\\/analoges-zifferblatt-oder-digitalanzeige\\\/\",\"name\":\"Analoges Zifferblatt oder Digitalanzeige? - digiDEM Bayern\",\"isPartOf\":{\"@id\":\"\\\/#website\"},\"primaryImageOfPage\":{\"@id\":\"https:\\\/\\\/digidem-bayern.de\\\/analoges-zifferblatt-oder-digitalanzeige\\\/#primaryimage\"},\"image\":{\"@id\":\"https:\\\/\\\/digidem-bayern.de\\\/analoges-zifferblatt-oder-digitalanzeige\\\/#primaryimage\"},\"thumbnailUrl\":\"https:\\\/\\\/digidem-bayern.de\\\/wp-content\\\/uploads\\\/2022\\\/03\\\/shutterstock_156104165.jpg\",\"datePublished\":\"2022-03-24T12:25:01+00:00\",\"dateModified\":\"2022-03-24T13:09:57+00:00\",\"description\":\"Der Bayerische Landesapothekerkammer unterst\u00fctzt digiDEM Bayern mit Hilfe des Netzwerks \\\"Demenzfreundliche Apotheken\\\".\",\"breadcrumb\":{\"@id\":\"https:\\\/\\\/digidem-bayern.de\\\/analoges-zifferblatt-oder-digitalanzeige\\\/#breadcrumb\"},\"inLanguage\":\"en-US\",\"potentialAction\":[{\"@type\":\"ReadAction\",\"target\":[\"https:\\\/\\\/digidem-bayern.de\\\/analoges-zifferblatt-oder-digitalanzeige\\\/\"]}]},{\"@type\":\"ImageObject\",\"inLanguage\":\"en-US\",\"@id\":\"https:\\\/\\\/digidem-bayern.de\\\/analoges-zifferblatt-oder-digitalanzeige\\\/#primaryimage\",\"url\":\"https:\\\/\\\/digidem-bayern.de\\\/wp-content\\\/uploads\\\/2022\\\/03\\\/shutterstock_156104165.jpg\",\"contentUrl\":\"https:\\\/\\\/digidem-bayern.de\\\/wp-content\\\/uploads\\\/2022\\\/03\\\/shutterstock_156104165.jpg\",\"width\":1600,\"height\":1067,\"caption\":\"F\u00fcr Menschen mit Demenz ist eine Digitaluhr hilfreich.\"},{\"@type\":\"BreadcrumbList\",\"@id\":\"https:\\\/\\\/digidem-bayern.de\\\/analoges-zifferblatt-oder-digitalanzeige\\\/#breadcrumb\",\"itemListElement\":[{\"@type\":\"ListItem\",\"position\":1,\"name\":\"Startseite\",\"item\":\"https:\\\/\\\/digidem-bayern.de\\\/\"},{\"@type\":\"ListItem\",\"position\":2,\"name\":\"Analoges Zifferblatt oder Digitalanzeige?\"}]},{\"@type\":\"WebSite\",\"@id\":\"\\\/#website\",\"url\":\"\\\/\",\"name\":\"digiDEM Bayern\",\"description\":\"Das digitale Demenzregister Bayern erforscht und verbessert die Angebotsstuktur f\u00fcr Menschen mit Demenz und deren Angeh\u00f6rige\",\"publisher\":{\"@id\":\"\\\/#organization\"},\"potentialAction\":[{\"@type\":\"SearchAction\",\"target\":{\"@type\":\"EntryPoint\",\"urlTemplate\":\"\\\/?s={search_term_string}\"},\"query-input\":{\"@type\":\"PropertyValueSpecification\",\"valueRequired\":true,\"valueName\":\"search_term_string\"}}],\"inLanguage\":\"en-US\"},{\"@type\":\"Organization\",\"@id\":\"\\\/#organization\",\"name\":\"digiDEM Bayern\",\"url\":\"\\\/\",\"logo\":{\"@type\":\"ImageObject\",\"inLanguage\":\"en-US\",\"@id\":\"\\\/#\\\/schema\\\/logo\\\/image\\\/\",\"url\":\"https:\\\/\\\/digidem-bayern.de\\\/wp-content\\\/uploads\\\/2022\\\/03\\\/cropped-Allgemeines_digiDEMLOGO-removebg-preview.png\",\"contentUrl\":\"https:\\\/\\\/digidem-bayern.de\\\/wp-content\\\/uploads\\\/2022\\\/03\\\/cropped-Allgemeines_digiDEMLOGO-removebg-preview.png\",\"width\":612,\"height\":357,\"caption\":\"digiDEM Bayern\"},\"image\":{\"@id\":\"\\\/#\\\/schema\\\/logo\\\/image\\\/\"},\"sameAs\":[\"https:\\\/\\\/www.facebook.com\\\/digiDEMBayern\\\/\",\"https:\\\/\\\/x.com\\\/digidem_bayern\",\"https:\\\/\\\/www.instagram.com\\\/digidem.bayern\",\"https:\\\/\\\/www.linkedin.com\\\/company\\\/digidem-bayern\\\/\"]},{\"@type\":\"Person\",\"@id\":\"\\\/#\\\/schema\\\/person\\\/0bc1494f46fc2a051c761322a80e0941\",\"name\":\"Ilona H\u00f6rath\",\"url\":\"https:\\\/\\\/digidem-bayern.de\\\/en\\\/author\\\/hoeratia\\\/\"}]}<\/script>\n<!-- \/ Yoast SEO plugin. -->","yoast_head_json":{"title":"Analoges Zifferblatt oder Digitalanzeige? - digiDEM Bayern","description":"Der Bayerische Landesapothekerkammer unterst\u00fctzt digiDEM Bayern mit Hilfe des Netzwerks \"Demenzfreundliche Apotheken\".","robots":{"index":"index","follow":"follow","max-snippet":"max-snippet:-1","max-image-preview":"max-image-preview:large","max-video-preview":"max-video-preview:-1"},"canonical":"https:\/\/digidem-bayern.de\/en\/analoges-zifferblatt-oder-digitalanzeige\/","og_locale":"en_US","og_type":"article","og_title":"Analoges Zifferblatt oder Digitalanzeige? - digiDEM Bayern","og_description":"Der Bayerische Landesapothekerkammer unterst\u00fctzt digiDEM Bayern mit Hilfe des Netzwerks \"Demenzfreundliche Apotheken\".","og_url":"https:\/\/digidem-bayern.de\/en\/analoges-zifferblatt-oder-digitalanzeige\/","og_site_name":"digiDEM Bayern","article_publisher":"https:\/\/www.facebook.com\/digiDEMBayern\/","article_published_time":"2022-03-24T12:25:01+00:00","article_modified_time":"2022-03-24T13:09:57+00:00","og_image":[{"width":1600,"height":1067,"url":"https:\/\/digidem-bayern.de\/wp-content\/uploads\/2022\/03\/shutterstock_156104165.jpg","type":"image\/jpeg"}],"author":"Ilona H\u00f6rath","twitter_misc":{"Written by":"Ilona H\u00f6rath","Est. reading time":"2 minutes"},"schema":{"@context":"https:\/\/schema.org","@graph":[{"@type":"Article","@id":"https:\/\/digidem-bayern.de\/analoges-zifferblatt-oder-digitalanzeige\/#article","isPartOf":{"@id":"https:\/\/digidem-bayern.de\/analoges-zifferblatt-oder-digitalanzeige\/"},"author":{"name":"Ilona H\u00f6rath","@id":"\/#\/schema\/person\/0bc1494f46fc2a051c761322a80e0941"},"headline":"Analoges Zifferblatt oder Digitalanzeige?","datePublished":"2022-03-24T12:25:01+00:00","dateModified":"2022-03-24T13:09:57+00:00","mainEntityOfPage":{"@id":"https:\/\/digidem-bayern.de\/analoges-zifferblatt-oder-digitalanzeige\/"},"wordCount":418,"commentCount":0,"publisher":{"@id":"\/#organization"},"image":{"@id":"https:\/\/digidem-bayern.de\/analoges-zifferblatt-oder-digitalanzeige\/#primaryimage"},"thumbnailUrl":"https:\/\/digidem-bayern.de\/wp-content\/uploads\/2022\/03\/shutterstock_156104165.jpg","keywords":["Alzheimer","Alzheimer-Demenz","Analoguhr","Demenz","digidem","digidem Bayern","Digitales Demenzregister Bayern","Digitaluhr","Kognitive F\u00e4higkeiten","Publikation","Senioren","Uhrendesign","Uhrzeit","Zifferblatt"],"articleSection":["Wissenschaft &amp; Forschung"],"inLanguage":"en-US","potentialAction":[{"@type":"CommentAction","name":"Comment","target":["https:\/\/digidem-bayern.de\/analoges-zifferblatt-oder-digitalanzeige\/#respond"]}]},{"@type":"WebPage","@id":"https:\/\/digidem-bayern.de\/analoges-zifferblatt-oder-digitalanzeige\/","url":"https:\/\/digidem-bayern.de\/analoges-zifferblatt-oder-digitalanzeige\/","name":"Analoges Zifferblatt oder Digitalanzeige? - digiDEM Bayern","isPartOf":{"@id":"\/#website"},"primaryImageOfPage":{"@id":"https:\/\/digidem-bayern.de\/analoges-zifferblatt-oder-digitalanzeige\/#primaryimage"},"image":{"@id":"https:\/\/digidem-bayern.de\/analoges-zifferblatt-oder-digitalanzeige\/#primaryimage"},"thumbnailUrl":"https:\/\/digidem-bayern.de\/wp-content\/uploads\/2022\/03\/shutterstock_156104165.jpg","datePublished":"2022-03-24T12:25:01+00:00","dateModified":"2022-03-24T13:09:57+00:00","description":"Der Bayerische Landesapothekerkammer unterst\u00fctzt digiDEM Bayern mit Hilfe des Netzwerks \"Demenzfreundliche Apotheken\".","breadcrumb":{"@id":"https:\/\/digidem-bayern.de\/analoges-zifferblatt-oder-digitalanzeige\/#breadcrumb"},"inLanguage":"en-US","potentialAction":[{"@type":"ReadAction","target":["https:\/\/digidem-bayern.de\/analoges-zifferblatt-oder-digitalanzeige\/"]}]},{"@type":"ImageObject","inLanguage":"en-US","@id":"https:\/\/digidem-bayern.de\/analoges-zifferblatt-oder-digitalanzeige\/#primaryimage","url":"https:\/\/digidem-bayern.de\/wp-content\/uploads\/2022\/03\/shutterstock_156104165.jpg","contentUrl":"https:\/\/digidem-bayern.de\/wp-content\/uploads\/2022\/03\/shutterstock_156104165.jpg","width":1600,"height":1067,"caption":"F\u00fcr Menschen mit Demenz ist eine Digitaluhr hilfreich."},{"@type":"BreadcrumbList","@id":"https:\/\/digidem-bayern.de\/analoges-zifferblatt-oder-digitalanzeige\/#breadcrumb","itemListElement":[{"@type":"ListItem","position":1,"name":"Startseite","item":"https:\/\/digidem-bayern.de\/"},{"@type":"ListItem","position":2,"name":"Analoges Zifferblatt oder Digitalanzeige?"}]},{"@type":"WebSite","@id":"\/#website","url":"\/","name":"digiDEM Bavaria","description":"The digital dementia register in Bavaria researches and improves the structure of services for people with dementia and their relatives","publisher":{"@id":"\/#organization"},"potentialAction":[{"@type":"SearchAction","target":{"@type":"EntryPoint","urlTemplate":"\/?s={search_term_string}"},"query-input":{"@type":"PropertyValueSpecification","valueRequired":true,"valueName":"search_term_string"}}],"inLanguage":"en-US"},{"@type":"Organization","@id":"\/#organization","name":"digiDEM Bavaria","url":"\/","logo":{"@type":"ImageObject","inLanguage":"en-US","@id":"\/#\/schema\/logo\/image\/","url":"https:\/\/digidem-bayern.de\/wp-content\/uploads\/2022\/03\/cropped-Allgemeines_digiDEMLOGO-removebg-preview.png","contentUrl":"https:\/\/digidem-bayern.de\/wp-content\/uploads\/2022\/03\/cropped-Allgemeines_digiDEMLOGO-removebg-preview.png","width":612,"height":357,"caption":"digiDEM Bayern"},"image":{"@id":"\/#\/schema\/logo\/image\/"},"sameAs":["https:\/\/www.facebook.com\/digiDEMBayern\/","https:\/\/x.com\/digidem_bayern","https:\/\/www.instagram.com\/digidem.bayern","https:\/\/www.linkedin.com\/company\/digidem-bayern\/"]},{"@type":"Person","@id":"\/#\/schema\/person\/0bc1494f46fc2a051c761322a80e0941","name":"Ilona H\u00f6rath","url":"https:\/\/digidem-bayern.de\/en\/author\/hoeratia\/"}]}},"uagb_featured_image_src":{"full":["https:\/\/digidem-bayern.de\/wp-content\/uploads\/2022\/03\/shutterstock_156104165.jpg",1600,1067,false],"thumbnail":["https:\/\/digidem-bayern.de\/wp-content\/uploads\/2022\/03\/shutterstock_156104165-80x80.jpg",80,80,true],"medium":["https:\/\/digidem-bayern.de\/wp-content\/uploads\/2022\/03\/shutterstock_156104165-300x200.jpg",300,200,true],"medium_large":["https:\/\/digidem-bayern.de\/wp-content\/uploads\/2022\/03\/shutterstock_156104165-768x512.jpg",768,512,true],"large":["https:\/\/digidem-bayern.de\/wp-content\/uploads\/2022\/03\/shutterstock_156104165-1030x687.jpg",1030,687,true],"1536x1536":["https:\/\/digidem-bayern.de\/wp-content\/uploads\/2022\/03\/shutterstock_156104165-1536x1025.jpg",1536,1025,true],"2048x2048":["https:\/\/digidem-bayern.de\/wp-content\/uploads\/2022\/03\/shutterstock_156104165-2048x1366.jpg",2048,1366,true],"trp-custom-language-flag":["https:\/\/digidem-bayern.de\/wp-content\/uploads\/2022\/03\/shutterstock_156104165.jpg",18,12,false],"qubely_landscape":["https:\/\/digidem-bayern.de\/wp-content\/uploads\/2022\/03\/shutterstock_156104165-1200x750.jpg",1200,750,true],"qubely_portrait":["https:\/\/digidem-bayern.de\/wp-content\/uploads\/2022\/03\/shutterstock_156104165-540x320.jpg",540,320,true],"qubely_thumbnail":["https:\/\/digidem-bayern.de\/wp-content\/uploads\/2022\/03\/shutterstock_156104165-140x100.jpg",140,100,true],"post-thumbnail":["https:\/\/digidem-bayern.de\/wp-content\/uploads\/2022\/03\/shutterstock_156104165-525x350.jpg",525,350,true],"kahuna-featured":["https:\/\/digidem-bayern.de\/wp-content\/uploads\/2022\/03\/shutterstock_156104165-734x350.jpg",734,350,true],"kahuna-featured-lp":["https:\/\/digidem-bayern.de\/wp-content\/uploads\/2022\/03\/shutterstock_156104165-520x350.jpg",520,350,true],"kahuna-featured-half":["https:\/\/digidem-bayern.de\/wp-content\/uploads\/2022\/03\/shutterstock_156104165-800x350.jpg",800,350,true],"kahuna-featured-third":["https:\/\/digidem-bayern.de\/wp-content\/uploads\/2022\/03\/shutterstock_156104165-512x350.jpg",512,350,true],"kahuna-lpbox-1":["https:\/\/digidem-bayern.de\/wp-content\/uploads\/2022\/03\/shutterstock_156104165-520x300.jpg",520,300,true],"kahuna-lpbox-2":["https:\/\/digidem-bayern.de\/wp-content\/uploads\/2022\/03\/shutterstock_156104165-520x350.jpg",520,350,true],"demand-language-flag":["https:\/\/digidem-bayern.de\/wp-content\/uploads\/2022\/03\/shutterstock_156104165.jpg",36,24,false],"dddkt-language-flag":["https:\/\/digidem-bayern.de\/wp-content\/uploads\/2022\/03\/shutterstock_156104165.jpg",36,24,false],"ddiqc-language-flag":["https:\/\/digidem-bayern.de\/wp-content\/uploads\/2022\/03\/shutterstock_156104165-36x36.jpg",36,36,true],"ddtl-language-flag":["https:\/\/digidem-bayern.de\/wp-content\/uploads\/2022\/03\/shutterstock_156104165-36x36.jpg",36,36,true],"mailpoet_newsletter_max":["https:\/\/digidem-bayern.de\/wp-content\/uploads\/2022\/03\/shutterstock_156104165-1320x881.jpg",1320,881,true],"kahuna-lpbox-3":["https:\/\/digidem-bayern.de\/wp-content\/uploads\/2022\/03\/shutterstock_156104165-520x350.jpg",520,350,true],"kahuna-featured-square":["https:\/\/digidem-bayern.de\/wp-content\/uploads\/2022\/03\/shutterstock_156104165-512x512.jpg",512,512,true],"kahuna-featured-square-large":["https:\/\/digidem-bayern.de\/wp-content\/uploads\/2022\/03\/shutterstock_156104165-1024x1024.jpg",1024,1024,true]},"uagb_author_info":{"display_name":"Ilona H\u00f6rath","author_link":"https:\/\/digidem-bayern.de\/en\/author\/hoeratia\/"},"uagb_comment_info":0,"uagb_excerpt":"Um zu wissen, wie sp\u00e4t es ist, gen\u00fcgt der Blick auf die Uhr. Doch welcher Typ Uhr erleichtert es Menschen mit Demenz, die Uhrzeit abzulesen? Das analoge Zifferblatt oder die Digitalanzeige? Eine neue Studie aus Japan \u00fcber demenzfreundliches Uhrendesign beantwortet diese Frage. Menschen mit Demenz sind t\u00e4glich und in mehrfacher &hellip;","_links":{"self":[{"href":"https:\/\/digidem-bayern.de\/en\/wp-json\/wp\/v2\/posts\/16612","targetHints":{"allow":["GET"]}}],"collection":[{"href":"https:\/\/digidem-bayern.de\/en\/wp-json\/wp\/v2\/posts"}],"about":[{"href":"https:\/\/digidem-bayern.de\/en\/wp-json\/wp\/v2\/types\/post"}],"author":[{"embeddable":true,"href":"https:\/\/digidem-bayern.de\/en\/wp-json\/wp\/v2\/users\/12"}],"replies":[{"embeddable":true,"href":"https:\/\/digidem-bayern.de\/en\/wp-json\/wp\/v2\/comments?post=16612"}],"version-history":[{"count":3,"href":"https:\/\/digidem-bayern.de\/en\/wp-json\/wp\/v2\/posts\/16612\/revisions"}],"predecessor-version":[{"id":16616,"href":"https:\/\/digidem-bayern.de\/en\/wp-json\/wp\/v2\/posts\/16612\/revisions\/16616"}],"wp:featuredmedia":[{"embeddable":true,"href":"https:\/\/digidem-bayern.de\/en\/wp-json\/wp\/v2\/media\/16603"}],"wp:attachment":[{"href":"https:\/\/digidem-bayern.de\/en\/wp-json\/wp\/v2\/media?parent=16612"}],"wp:term":[{"taxonomy":"category","embeddable":true,"href":"https:\/\/digidem-bayern.de\/en\/wp-json\/wp\/v2\/categories?post=16612"},{"taxonomy":"post_tag","embeddable":true,"href":"https:\/\/digidem-bayern.de\/en\/wp-json\/wp\/v2\/tags?post=16612"}],"curies":[{"name":"wp","href":"https:\/\/api.w.org\/{rel}","templated":true}]}}