{"id":16574,"date":"2022-03-22T15:41:24","date_gmt":"2022-03-22T14:41:24","guid":{"rendered":"https:\/\/digidem-bayern.de\/?p=16574"},"modified":"2023-05-11T15:15:58","modified_gmt":"2023-05-11T13:15:58","slug":"medikamente-fuer-menschen-mit-demenz-faktencheck-zu-aducanumab","status":"publish","type":"post","link":"https:\/\/digidem-bayern.de\/en\/medikamente-fuer-menschen-mit-demenz-faktencheck-zu-aducanumab\/","title":{"rendered":"Medikamente f\u00fcr Menschen mit Demenz \u2013 Faktencheck zu Aducanumab"},"content":{"rendered":"<h4 class=\"wp-block-heading\" id=\"richtig-kommunizieren-aber-wie-wie-bereits-im-letzten-webinar-deutlich-wurde-konnen-bei-der-kommunikation-mit-menschen-mit-demenz-verschiedene-barrieren-auftreten-sie-erschweren-den-austausch-und-konnen-so-die-personliche-beziehung-mit-der-betroffenen-person-belasten-h-und-die-damit-verbundene-gesellschaftliche-teilhabe-erschwert-werden\">Den Ged\u00e4chtnisverlust bei Demenz stoppen \u2013 darauf hoffen viele Menschen weltweit. Seit Juni 2021 ist in den USA nun das Medikament Aducanumab zur Behandlung der Alzheimer-Krankheit zugelassen \u2013 in Europa aber nicht. In unserem Faktencheck erfahren Sie mehr \u00fcber die Wirksamkeit und warum strenge wissenschaftliche Kriterien bei der Bewertung eines neuartigen Medikamentes wichtig sind.<\/h4>\n\n\n\n<div class=\"wp-block-group\"><div class=\"wp-block-group__inner-container is-layout-flow wp-block-group-is-layout-flow\">\n<div class=\"wp-block-stackable-text stk-block-text stk-block stk-2c02e38\" data-block-id=\"2c02e38\"><p class=\"stk-block-text__text\">Im Dezember gab die Europ\u00e4ische Medikamentenagentur EMA bekannt, Aducanumab nicht f\u00fcr die Behandlung zuzulassen. Ihre Entscheidung begr\u00fcndete die EMA mit einer wissenschaftlich nicht belegten Wirksamkeit von Aducanumab, eines Wirkstoffes, der gegen fleckf\u00f6rmige (Plaque)-Ablagerungen im Gehirn helfen soll, die typisch f\u00fcr eine Alzheimer-Krankheit sind. Mehrere Pharmafirmen forschen seit vielen Jahren daran, mit Hilfe von Antik\u00f6rpern \u2013 wie zum Beispiel Aducanumab \u2013 das sogenannte Beta-Amyloid zu bek\u00e4mpfen, d.h. diese Plaques aufzul\u00f6sen. Im Gehirn von vielen Alzheimer-Patienten f\u00fchrt das Eiwei\u00df Beta-Amyloid zu diesen unl\u00f6slichen Plaques. Diese werden mit dem Nachlassen verschiedener Funktionen des Gehirns in Verbindung gebracht. Eine wirksame Therapie, die an den Ursachen der Alzheimer-Krankheit ansetzt, existiert bis heute nicht. Manche Medikamente mildern nur leicht und kurzzeitig die Symptome.<\/p><\/div>\n\n\n\n<p>Der Arzt und Versorgungsforscher Prof. Dr. med. Elmar Gr\u00e4\u00dfel ist Leiter des Zentrums f\u00fcr Medizinische Versorgungsforschung am Universit\u00e4tsklinikum Erlangen und einer der Projektleiter des Digitalen Demenzregisters Bayern, digiDEM Bayern. In einer Literatur-Studie hat der Wissenschaftler Fakten \u00fcber die klinische Wirksamkeit von Aducanumab gesammelt. Im Webinar hat er die Ergebnisse vorgestellt und dargelegt, warum der Wirkstoff in Europa nicht zugelassen wurde und was dies f\u00fcr die Behandlung bedeutet.<\/p>\n\n\n\n<p>   <\/p>\n<\/div><\/div>\n\n\n\n<div style=\"height:20px\" aria-hidden=\"true\" class=\"wp-block-spacer\"><\/div>\n\n\n\n<figure class=\"wp-block-embed is-type-video is-provider-youtube wp-block-embed-youtube wp-embed-aspect-16-9 wp-has-aspect-ratio\"><div class=\"wp-block-embed__wrapper\">\n<iframe loading=\"lazy\" title=\"2022 03 22 Science Watch LIVE Webinar Nr 33\" width=\"1223\" height=\"688\" src=\"https:\/\/www.youtube.com\/embed\/wTXWAwMgQ3Y?feature=oembed\" frameborder=\"0\" allow=\"accelerometer; autoplay; clipboard-write; encrypted-media; gyroscope; picture-in-picture\" allowfullscreen><\/iframe>\n<\/div><\/figure>\n\n\n\n<div style=\"height:20px\" aria-hidden=\"true\" class=\"wp-block-spacer\"><\/div>\n\n\n\n<p class=\"has-text-align-center\"><strong>Hier gibt es das Webinar als PDF zum <a href=\"https:\/\/digidem-bayern.de\/wp-content\/uploads\/2022\/03\/2022-03-22_digiDEM-Webinar_Nr.-33_Webseite_Copyright.pdf\">Download<\/a><\/strong><\/p>\n\n\n\n<p><\/p>\n\n\n\n<div style=\"height:20px\" aria-hidden=\"true\" class=\"wp-block-spacer\"><\/div>\n\n\n\n<h2 class=\"wp-block-heading has-text-align-center\" id=\"dienstag-08-02-2022-11-00-11-45-uhr\"><strong><strong>Dienstag, 22.03.2022, 11.00-11.45 Uhr<\/strong><\/strong><\/h2>\n\n\n\n<div class=\"wp-block-stackable-columns stk-block-columns stk-block stk-ddc7389\" data-block-id=\"ddc7389\"><div class=\"stk-row stk-inner-blocks stk-block-content stk-content-align stk-ddc7389-column\">\n<div class=\"wp-block-stackable-column stk-block-column stk-column stk-block stk-072d4d6\" data-block-id=\"072d4d6\"><div class=\"stk-column-wrapper stk-block-column__content stk-container stk-072d4d6-container stk--no-background stk--no-padding\"><div class=\"stk-block-content stk-inner-blocks\">\n<div class=\"wp-block-group\"><div class=\"wp-block-group__inner-container is-layout-flow wp-block-group-is-layout-flow\">\n<div class=\"wp-block-uagb-team uagb-team__image-position-above uagb-team__align-center uagb-team__stack-tablet uagb-block-01af0050\"><div class=\"uagb-team__content\"><img decoding=\"async\" class=\"uagb-team__image-crop-circle\" src=\"https:\/\/digidem-bayern.de\/wp-content\/uploads\/2022\/03\/Jana-Bild-Quadratisch2-80x80.jpeg\" alt=\"\" height=\"120\" width=\"120\" loading=\"lazy\"\/><h3 class=\"uagb-team__title\">Jana R\u00fchl<\/h3><span class=\"uagb-team__prefix\">Wissenschaftliche Mitarbeiterin M. Sc.<\/span><p class=\"uagb-team__desc\">Moderation<\/p><\/div><\/div>\n<\/div><\/div>\n<\/div><\/div><\/div>\n\n\n\n<div class=\"wp-block-stackable-column stk-block-column stk-column stk-block stk-27c5f87\" data-block-id=\"27c5f87\"><div class=\"stk-column-wrapper stk-block-column__content stk-container stk-27c5f87-container stk--no-background stk--no-padding\"><div class=\"stk-block-content stk-inner-blocks\">\n<div class=\"wp-block-uagb-team uagb-team__image-position-above uagb-team__align-center uagb-team__stack-tablet uagb-block-cca3c0c4\"><div class=\"uagb-team__content\"><img decoding=\"async\" class=\"uagb-team__image-crop-circle\" src=\"https:\/\/digidem-bayern.de\/wp-content\/uploads\/2021\/08\/AKE-80x80.png\" alt=\"\" height=\"120\" width=\"120\" loading=\"lazy\"\/><h3 class=\"uagb-team__title\">Anne Keefer<\/h3><span class=\"uagb-team__prefix\">Wissenschaftliche Mitarbeiterin M. Sc.<\/span><p class=\"uagb-team__desc\">Betreuung Chatroom &amp; Fragen<\/p><\/div><\/div>\n<\/div><\/div><\/div>\n<\/div><\/div>\n\n\n\n<div style=\"height:20px\" aria-hidden=\"true\" class=\"wp-block-spacer\"><\/div>\n\n\n\n<div style=\"height:20px\" aria-hidden=\"true\" class=\"wp-block-spacer\"><\/div>\n\n\n\n<p>Sie interessieren Sich f\u00fcr weitere Webinare zu Themen aus der internationalen Demenz-Forschung? In unserer <a href=\"https:\/\/test.digidem-bayern.de\/science-watch-live\/\">Mediathek<\/a> finden Sie alle vergangenen Webinare als Video-Mitschnitte.<\/p>\n\n\n\n<p>Mit der Webinar-Reihe \u201eScience Watch LIVE\u201c bieten wir einen zus\u00e4tzlichen Service zu unserem monatlichen Newsletter <a href=\"https:\/\/test.digidem-bayern.de\/newsletter\/\">digiDEM Bayern Science Wa<\/a><a href=\"https:\/\/test.digidem-bayern.de\/newsletter-2\/\">tch<\/a>, in dem wir wissenschaftliche Erkenntnisse aus der Demenzforschung bereitstellen. &nbsp;<\/p>\n\n\n\n<p>Vor dem Hintergrund massenhaft verbreiteter Halbwahrheiten und Fake News,  ist evidenzbasierte Wissenschaft gefragt. Es ist wichtiger denn je, wissenschaftliche Erkenntnisse so zu vermitteln, dass sie f\u00fcr die Gesellschaft verst\u00e4ndlich sind und ein Austausch dar\u00fcber gef\u00f6rdert wird. Dazu m\u00f6chten wir als digiDEM Bayern-Projektteam beitragen, jetzt auch mit <strong><em>digiDEM Bayern Science Wach LIVE<\/em><\/strong>.<\/p>\n\n\n\n<p><\/p>","protected":false},"excerpt":{"rendered":"<p>Den Ged\u00e4chtnisverlust bei Demenz stoppen \u2013 darauf hoffen viele Menschen weltweit. Seit Juni 2021 ist in den USA nun das Medikament Aducanumab zur Behandlung der Alzheimer-Krankheit zugelassen \u2013 in Europa aber nicht. In unserem Faktencheck erfahren Sie mehr \u00fcber die Wirksamkeit und warum strenge wissenschaftliche Kriterien bei der Bewertung eines &hellip;<\/p>","protected":false},"author":7,"featured_media":16453,"comment_status":"open","ping_status":"closed","sticky":false,"template":"","format":"standard","meta":{"qubely_global_settings":"true","qubely_interactions":"","_uag_custom_page_level_css":"","footnotes":""},"categories":[123],"tags":[361,13,12,95,14,17,55,359,94],"class_list":["post-16574","post","type-post","status-publish","format-standard","has-post-thumbnail","hentry","category-sciene-watch-live-archiv","tag-aducanumab","tag-alzheimer","tag-demenz-2","tag-demenzforschung","tag-digidem","tag-digidem-bayern","tag-digitales-demenzregister-bayern","tag-medikament","tag-webinar"],"qubely_featured_image_url":{"full":["https:\/\/digidem-bayern.de\/wp-content\/uploads\/2022\/03\/Aducanumab-shutterstock_2036777810.jpg",1600,1067,false],"landscape":["https:\/\/digidem-bayern.de\/wp-content\/uploads\/2022\/03\/Aducanumab-shutterstock_2036777810-1200x750.jpg",1200,750,true],"portraits":["https:\/\/digidem-bayern.de\/wp-content\/uploads\/2022\/03\/Aducanumab-shutterstock_2036777810-540x320.jpg",540,320,true],"thumbnail":["https:\/\/digidem-bayern.de\/wp-content\/uploads\/2022\/03\/Aducanumab-shutterstock_2036777810-80x80.jpg",80,80,true],"medium":["https:\/\/digidem-bayern.de\/wp-content\/uploads\/2022\/03\/Aducanumab-shutterstock_2036777810-300x200.jpg",300,200,true],"medium_large":["https:\/\/digidem-bayern.de\/wp-content\/uploads\/2022\/03\/Aducanumab-shutterstock_2036777810-768x512.jpg",768,512,true],"large":["https:\/\/digidem-bayern.de\/wp-content\/uploads\/2022\/03\/Aducanumab-shutterstock_2036777810-1030x687.jpg",1030,687,true],"1536x1536":["https:\/\/digidem-bayern.de\/wp-content\/uploads\/2022\/03\/Aducanumab-shutterstock_2036777810-1536x1024.jpg",1536,1024,true],"2048x2048":["https:\/\/digidem-bayern.de\/wp-content\/uploads\/2022\/03\/Aducanumab-shutterstock_2036777810-2048x1365.jpg",2048,1365,true],"trp-custom-language-flag":["https:\/\/digidem-bayern.de\/wp-content\/uploads\/2022\/03\/Aducanumab-shutterstock_2036777810.jpg",18,12,false],"qubely_landscape":["https:\/\/digidem-bayern.de\/wp-content\/uploads\/2022\/03\/Aducanumab-shutterstock_2036777810-1200x750.jpg",1200,750,true],"qubely_portrait":["https:\/\/digidem-bayern.de\/wp-content\/uploads\/2022\/03\/Aducanumab-shutterstock_2036777810-540x320.jpg",540,320,true],"qubely_thumbnail":["https:\/\/digidem-bayern.de\/wp-content\/uploads\/2022\/03\/Aducanumab-shutterstock_2036777810-140x100.jpg",140,100,true],"post-thumbnail":["https:\/\/digidem-bayern.de\/wp-content\/uploads\/2022\/03\/Aducanumab-shutterstock_2036777810-525x350.jpg",525,350,true],"kahuna-featured":["https:\/\/digidem-bayern.de\/wp-content\/uploads\/2022\/03\/Aducanumab-shutterstock_2036777810-734x350.jpg",734,350,true],"kahuna-featured-lp":["https:\/\/digidem-bayern.de\/wp-content\/uploads\/2022\/03\/Aducanumab-shutterstock_2036777810-520x350.jpg",520,350,true],"kahuna-featured-half":["https:\/\/digidem-bayern.de\/wp-content\/uploads\/2022\/03\/Aducanumab-shutterstock_2036777810-800x350.jpg",800,350,true],"kahuna-featured-third":["https:\/\/digidem-bayern.de\/wp-content\/uploads\/2022\/03\/Aducanumab-shutterstock_2036777810-512x350.jpg",512,350,true],"kahuna-lpbox-1":["https:\/\/digidem-bayern.de\/wp-content\/uploads\/2022\/03\/Aducanumab-shutterstock_2036777810-520x300.jpg",520,300,true],"kahuna-lpbox-2":["https:\/\/digidem-bayern.de\/wp-content\/uploads\/2022\/03\/Aducanumab-shutterstock_2036777810-520x350.jpg",520,350,true],"demand-language-flag":["https:\/\/digidem-bayern.de\/wp-content\/uploads\/2022\/03\/Aducanumab-shutterstock_2036777810.jpg",36,24,false],"dddkt-language-flag":["https:\/\/digidem-bayern.de\/wp-content\/uploads\/2022\/03\/Aducanumab-shutterstock_2036777810.jpg",36,24,false],"ddiqc-language-flag":["https:\/\/digidem-bayern.de\/wp-content\/uploads\/2022\/03\/Aducanumab-shutterstock_2036777810-36x36.jpg",36,36,true],"ddtl-language-flag":["https:\/\/digidem-bayern.de\/wp-content\/uploads\/2022\/03\/Aducanumab-shutterstock_2036777810-36x36.jpg",36,36,true],"mailpoet_newsletter_max":["https:\/\/digidem-bayern.de\/wp-content\/uploads\/2022\/03\/Aducanumab-shutterstock_2036777810-1320x880.jpg",1320,880,true],"kahuna-lpbox-3":["https:\/\/digidem-bayern.de\/wp-content\/uploads\/2022\/03\/Aducanumab-shutterstock_2036777810-520x350.jpg",520,350,true],"kahuna-featured-square":["https:\/\/digidem-bayern.de\/wp-content\/uploads\/2022\/03\/Aducanumab-shutterstock_2036777810-512x512.jpg",512,512,true],"kahuna-featured-square-large":["https:\/\/digidem-bayern.de\/wp-content\/uploads\/2022\/03\/Aducanumab-shutterstock_2036777810-1024x1024.jpg",1024,1024,true]},"qubely_author":{"display_name":"Anne Keefer","author_link":"https:\/\/digidem-bayern.de\/en\/author\/ag-webinar\/"},"qubely_comment":0,"qubely_category":"<a href=\"https:\/\/digidem-bayern.de\/en\/category\/sciene-watch-live-archiv\/\" rel=\"category tag\">Sciene Watch Live ARCHIV<\/a>","qubely_excerpt":"Den Ged\u00e4chtnisverlust bei Demenz stoppen \u2013 darauf hoffen viele Menschen weltweit. Seit Juni 2021 ist in den USA nun das Medikament Aducanumab zur Behandlung der Alzheimer-Krankheit zugelassen \u2013 in Europa aber nicht. In unserem Faktencheck erfahren Sie mehr \u00fcber die Wirksamkeit und warum strenge wissenschaftliche Kriterien bei der Bewertung eines &hellip;","featured_image_urls_v2":{"full":["https:\/\/digidem-bayern.de\/wp-content\/uploads\/2022\/03\/Aducanumab-shutterstock_2036777810.jpg",1600,1067,false],"thumbnail":["https:\/\/digidem-bayern.de\/wp-content\/uploads\/2022\/03\/Aducanumab-shutterstock_2036777810-80x80.jpg",80,80,true],"medium":["https:\/\/digidem-bayern.de\/wp-content\/uploads\/2022\/03\/Aducanumab-shutterstock_2036777810-300x200.jpg",300,200,true],"medium_large":["https:\/\/digidem-bayern.de\/wp-content\/uploads\/2022\/03\/Aducanumab-shutterstock_2036777810-768x512.jpg",768,512,true],"large":["https:\/\/digidem-bayern.de\/wp-content\/uploads\/2022\/03\/Aducanumab-shutterstock_2036777810-1030x687.jpg",1030,687,true],"1536x1536":["https:\/\/digidem-bayern.de\/wp-content\/uploads\/2022\/03\/Aducanumab-shutterstock_2036777810-1536x1024.jpg",1536,1024,true],"2048x2048":["https:\/\/digidem-bayern.de\/wp-content\/uploads\/2022\/03\/Aducanumab-shutterstock_2036777810-2048x1365.jpg",2048,1365,true],"trp-custom-language-flag":["https:\/\/digidem-bayern.de\/wp-content\/uploads\/2022\/03\/Aducanumab-shutterstock_2036777810.jpg",18,12,false],"qubely_landscape":["https:\/\/digidem-bayern.de\/wp-content\/uploads\/2022\/03\/Aducanumab-shutterstock_2036777810-1200x750.jpg",1200,750,true],"qubely_portrait":["https:\/\/digidem-bayern.de\/wp-content\/uploads\/2022\/03\/Aducanumab-shutterstock_2036777810-540x320.jpg",540,320,true],"qubely_thumbnail":["https:\/\/digidem-bayern.de\/wp-content\/uploads\/2022\/03\/Aducanumab-shutterstock_2036777810-140x100.jpg",140,100,true],"post-thumbnail":["https:\/\/digidem-bayern.de\/wp-content\/uploads\/2022\/03\/Aducanumab-shutterstock_2036777810-525x350.jpg",525,350,true],"kahuna-featured":["https:\/\/digidem-bayern.de\/wp-content\/uploads\/2022\/03\/Aducanumab-shutterstock_2036777810-734x350.jpg",734,350,true],"kahuna-featured-lp":["https:\/\/digidem-bayern.de\/wp-content\/uploads\/2022\/03\/Aducanumab-shutterstock_2036777810-520x350.jpg",520,350,true],"kahuna-featured-half":["https:\/\/digidem-bayern.de\/wp-content\/uploads\/2022\/03\/Aducanumab-shutterstock_2036777810-800x350.jpg",800,350,true],"kahuna-featured-third":["https:\/\/digidem-bayern.de\/wp-content\/uploads\/2022\/03\/Aducanumab-shutterstock_2036777810-512x350.jpg",512,350,true],"kahuna-lpbox-1":["https:\/\/digidem-bayern.de\/wp-content\/uploads\/2022\/03\/Aducanumab-shutterstock_2036777810-520x300.jpg",520,300,true],"kahuna-lpbox-2":["https:\/\/digidem-bayern.de\/wp-content\/uploads\/2022\/03\/Aducanumab-shutterstock_2036777810-520x350.jpg",520,350,true],"demand-language-flag":["https:\/\/digidem-bayern.de\/wp-content\/uploads\/2022\/03\/Aducanumab-shutterstock_2036777810.jpg",36,24,false],"dddkt-language-flag":["https:\/\/digidem-bayern.de\/wp-content\/uploads\/2022\/03\/Aducanumab-shutterstock_2036777810.jpg",36,24,false],"ddiqc-language-flag":["https:\/\/digidem-bayern.de\/wp-content\/uploads\/2022\/03\/Aducanumab-shutterstock_2036777810-36x36.jpg",36,36,true],"ddtl-language-flag":["https:\/\/digidem-bayern.de\/wp-content\/uploads\/2022\/03\/Aducanumab-shutterstock_2036777810-36x36.jpg",36,36,true],"mailpoet_newsletter_max":["https:\/\/digidem-bayern.de\/wp-content\/uploads\/2022\/03\/Aducanumab-shutterstock_2036777810-1320x880.jpg",1320,880,true],"kahuna-lpbox-3":["https:\/\/digidem-bayern.de\/wp-content\/uploads\/2022\/03\/Aducanumab-shutterstock_2036777810-520x350.jpg",520,350,true],"kahuna-featured-square":["https:\/\/digidem-bayern.de\/wp-content\/uploads\/2022\/03\/Aducanumab-shutterstock_2036777810-512x512.jpg",512,512,true],"kahuna-featured-square-large":["https:\/\/digidem-bayern.de\/wp-content\/uploads\/2022\/03\/Aducanumab-shutterstock_2036777810-1024x1024.jpg",1024,1024,true]},"post_excerpt_stackable_v2":"<p>Den Ged\u00e4chtnisverlust bei Demenz stoppen \u2013 darauf hoffen viele Menschen weltweit. Seit Juni 2021 ist in den USA nun das Medikament Aducanumab zur Behandlung der Alzheimer-Krankheit zugelassen \u2013 in Europa aber nicht. In unserem Faktencheck erfahren Sie mehr \u00fcber die Wirksamkeit und warum strenge wissenschaftliche Kriterien bei der Bewertung eines neuartigen Medikamentes wichtig sind. Im Dezember gab die Europ\u00e4ische Medikamentenagentur EMA bekannt, Aducanumab nicht f\u00fcr die Behandlung zuzulassen. Ihre Entscheidung begr\u00fcndete die EMA mit einer wissenschaftlich nicht belegten Wirksamkeit von Aducanumab, eines Wirkstoffes, der gegen fleckf\u00f6rmige (Plaque)-Ablagerungen im Gehirn helfen soll, die typisch f\u00fcr eine Alzheimer-Krankheit sind. Mehrere Pharmafirmen forschen&hellip;<\/p>\n","category_list_v2":"<a href=\"https:\/\/digidem-bayern.de\/en\/category\/sciene-watch-live-archiv\/\" rel=\"category tag\">Sciene Watch Live ARCHIV<\/a>","author_info_v2":{"name":"Anne Keefer","url":"https:\/\/digidem-bayern.de\/en\/author\/ag-webinar\/"},"comments_num_v2":"0 comments","yoast_head":"<!-- This site is optimized with the Yoast SEO plugin v27.4 - https:\/\/yoast.com\/product\/yoast-seo-wordpress\/ -->\n<title>Medikamente f\u00fcr Menschen mit Demenz \u2013 Faktencheck zu Aducanumab - digiDEM Bayern<\/title>\n<meta name=\"description\" content=\"Im Webinar &quot;digiDEM Bayern Science Watch LIVE&quot; behandeln Wissenschaftler ein Thema aus der Demenzforschung und stehen live f\u00fcr Fragen zur Verf\u00fcgung.\" \/>\n<meta name=\"robots\" content=\"index, follow, max-snippet:-1, max-image-preview:large, max-video-preview:-1\" \/>\n<link rel=\"canonical\" href=\"https:\/\/digidem-bayern.de\/en\/medikamente-fuer-menschen-mit-demenz-faktencheck-zu-aducanumab\/\" \/>\n<meta property=\"og:locale\" content=\"en_US\" \/>\n<meta property=\"og:type\" content=\"article\" \/>\n<meta property=\"og:title\" content=\"Medikamente f\u00fcr Menschen mit Demenz \u2013 Faktencheck zu Aducanumab - digiDEM Bayern\" \/>\n<meta property=\"og:description\" content=\"Im Webinar &quot;digiDEM Bayern Science Watch LIVE&quot; behandeln Wissenschaftler ein Thema aus der Demenzforschung und stehen live f\u00fcr Fragen zur Verf\u00fcgung.\" \/>\n<meta property=\"og:url\" content=\"https:\/\/digidem-bayern.de\/en\/medikamente-fuer-menschen-mit-demenz-faktencheck-zu-aducanumab\/\" \/>\n<meta property=\"og:site_name\" content=\"digiDEM Bayern\" \/>\n<meta property=\"article:publisher\" content=\"https:\/\/www.facebook.com\/digiDEMBayern\/\" \/>\n<meta property=\"article:published_time\" content=\"2022-03-22T14:41:24+00:00\" \/>\n<meta property=\"article:modified_time\" content=\"2023-05-11T13:15:58+00:00\" \/>\n<meta property=\"og:image\" content=\"https:\/\/digidem-bayern.de\/wp-content\/uploads\/2022\/03\/Aducanumab-shutterstock_2036777810.jpg\" \/>\n\t<meta property=\"og:image:width\" content=\"1600\" \/>\n\t<meta property=\"og:image:height\" content=\"1067\" \/>\n\t<meta property=\"og:image:type\" content=\"image\/jpeg\" \/>\n<meta name=\"author\" content=\"Anne Keefer\" \/>\n<meta name=\"twitter:label1\" content=\"Written by\" \/>\n\t<meta name=\"twitter:data1\" content=\"Anne Keefer\" \/>\n\t<meta name=\"twitter:label2\" content=\"Est. reading time\" \/>\n\t<meta name=\"twitter:data2\" content=\"3 minutes\" \/>\n<script type=\"application\/ld+json\" class=\"yoast-schema-graph\">{\"@context\":\"https:\\\/\\\/schema.org\",\"@graph\":[{\"@type\":\"Article\",\"@id\":\"https:\\\/\\\/digidem-bayern.de\\\/medikamente-fuer-menschen-mit-demenz-faktencheck-zu-aducanumab\\\/#article\",\"isPartOf\":{\"@id\":\"https:\\\/\\\/digidem-bayern.de\\\/medikamente-fuer-menschen-mit-demenz-faktencheck-zu-aducanumab\\\/\"},\"author\":{\"name\":\"Anne Keefer\",\"@id\":\"\\\/#\\\/schema\\\/person\\\/0e8781e0653d1a8e57ca55bd2c3cb01f\"},\"headline\":\"Medikamente f\u00fcr Menschen mit Demenz \u2013 Faktencheck zu Aducanumab\",\"datePublished\":\"2022-03-22T14:41:24+00:00\",\"dateModified\":\"2023-05-11T13:15:58+00:00\",\"mainEntityOfPage\":{\"@id\":\"https:\\\/\\\/digidem-bayern.de\\\/medikamente-fuer-menschen-mit-demenz-faktencheck-zu-aducanumab\\\/\"},\"wordCount\":407,\"commentCount\":0,\"publisher\":{\"@id\":\"\\\/#organization\"},\"image\":{\"@id\":\"https:\\\/\\\/digidem-bayern.de\\\/medikamente-fuer-menschen-mit-demenz-faktencheck-zu-aducanumab\\\/#primaryimage\"},\"thumbnailUrl\":\"https:\\\/\\\/digidem-bayern.de\\\/wp-content\\\/uploads\\\/2022\\\/03\\\/Aducanumab-shutterstock_2036777810.jpg\",\"keywords\":[\"Aducanumab\",\"Alzheimer\",\"Demenz\",\"Demenzforschung\",\"digidem\",\"digidem Bayern\",\"Digitales Demenzregister Bayern\",\"Medikament\",\"Webinar\"],\"articleSection\":[\"Sciene Watch Live ARCHIV\"],\"inLanguage\":\"en-US\",\"potentialAction\":[{\"@type\":\"CommentAction\",\"name\":\"Comment\",\"target\":[\"https:\\\/\\\/digidem-bayern.de\\\/medikamente-fuer-menschen-mit-demenz-faktencheck-zu-aducanumab\\\/#respond\"]}]},{\"@type\":\"WebPage\",\"@id\":\"https:\\\/\\\/digidem-bayern.de\\\/medikamente-fuer-menschen-mit-demenz-faktencheck-zu-aducanumab\\\/\",\"url\":\"https:\\\/\\\/digidem-bayern.de\\\/medikamente-fuer-menschen-mit-demenz-faktencheck-zu-aducanumab\\\/\",\"name\":\"Medikamente f\u00fcr Menschen mit Demenz \u2013 Faktencheck zu Aducanumab - digiDEM Bayern\",\"isPartOf\":{\"@id\":\"\\\/#website\"},\"primaryImageOfPage\":{\"@id\":\"https:\\\/\\\/digidem-bayern.de\\\/medikamente-fuer-menschen-mit-demenz-faktencheck-zu-aducanumab\\\/#primaryimage\"},\"image\":{\"@id\":\"https:\\\/\\\/digidem-bayern.de\\\/medikamente-fuer-menschen-mit-demenz-faktencheck-zu-aducanumab\\\/#primaryimage\"},\"thumbnailUrl\":\"https:\\\/\\\/digidem-bayern.de\\\/wp-content\\\/uploads\\\/2022\\\/03\\\/Aducanumab-shutterstock_2036777810.jpg\",\"datePublished\":\"2022-03-22T14:41:24+00:00\",\"dateModified\":\"2023-05-11T13:15:58+00:00\",\"description\":\"Im Webinar \\\"digiDEM Bayern Science Watch LIVE\\\" behandeln Wissenschaftler ein Thema aus der Demenzforschung und stehen live f\u00fcr Fragen zur Verf\u00fcgung.\",\"breadcrumb\":{\"@id\":\"https:\\\/\\\/digidem-bayern.de\\\/medikamente-fuer-menschen-mit-demenz-faktencheck-zu-aducanumab\\\/#breadcrumb\"},\"inLanguage\":\"en-US\",\"potentialAction\":[{\"@type\":\"ReadAction\",\"target\":[\"https:\\\/\\\/digidem-bayern.de\\\/medikamente-fuer-menschen-mit-demenz-faktencheck-zu-aducanumab\\\/\"]}]},{\"@type\":\"ImageObject\",\"inLanguage\":\"en-US\",\"@id\":\"https:\\\/\\\/digidem-bayern.de\\\/medikamente-fuer-menschen-mit-demenz-faktencheck-zu-aducanumab\\\/#primaryimage\",\"url\":\"https:\\\/\\\/digidem-bayern.de\\\/wp-content\\\/uploads\\\/2022\\\/03\\\/Aducanumab-shutterstock_2036777810.jpg\",\"contentUrl\":\"https:\\\/\\\/digidem-bayern.de\\\/wp-content\\\/uploads\\\/2022\\\/03\\\/Aducanumab-shutterstock_2036777810.jpg\",\"width\":1600,\"height\":1067,\"caption\":\"Aducanumab ist ein Wirkstoff, der gegen Ablagerungen im Gehirn helfen soll.\"},{\"@type\":\"BreadcrumbList\",\"@id\":\"https:\\\/\\\/digidem-bayern.de\\\/medikamente-fuer-menschen-mit-demenz-faktencheck-zu-aducanumab\\\/#breadcrumb\",\"itemListElement\":[{\"@type\":\"ListItem\",\"position\":1,\"name\":\"Startseite\",\"item\":\"https:\\\/\\\/digidem-bayern.de\\\/\"},{\"@type\":\"ListItem\",\"position\":2,\"name\":\"Medikamente f\u00fcr Menschen mit Demenz \u2013 Faktencheck zu Aducanumab\"}]},{\"@type\":\"WebSite\",\"@id\":\"\\\/#website\",\"url\":\"\\\/\",\"name\":\"digiDEM Bayern\",\"description\":\"Das digitale Demenzregister Bayern erforscht und verbessert die Angebotsstuktur f\u00fcr Menschen mit Demenz und deren Angeh\u00f6rige\",\"publisher\":{\"@id\":\"\\\/#organization\"},\"potentialAction\":[{\"@type\":\"SearchAction\",\"target\":{\"@type\":\"EntryPoint\",\"urlTemplate\":\"\\\/?s={search_term_string}\"},\"query-input\":{\"@type\":\"PropertyValueSpecification\",\"valueRequired\":true,\"valueName\":\"search_term_string\"}}],\"inLanguage\":\"en-US\"},{\"@type\":\"Organization\",\"@id\":\"\\\/#organization\",\"name\":\"digiDEM Bayern\",\"url\":\"\\\/\",\"logo\":{\"@type\":\"ImageObject\",\"inLanguage\":\"en-US\",\"@id\":\"\\\/#\\\/schema\\\/logo\\\/image\\\/\",\"url\":\"https:\\\/\\\/digidem-bayern.de\\\/wp-content\\\/uploads\\\/2022\\\/03\\\/cropped-Allgemeines_digiDEMLOGO-removebg-preview.png\",\"contentUrl\":\"https:\\\/\\\/digidem-bayern.de\\\/wp-content\\\/uploads\\\/2022\\\/03\\\/cropped-Allgemeines_digiDEMLOGO-removebg-preview.png\",\"width\":612,\"height\":357,\"caption\":\"digiDEM Bayern\"},\"image\":{\"@id\":\"\\\/#\\\/schema\\\/logo\\\/image\\\/\"},\"sameAs\":[\"https:\\\/\\\/www.facebook.com\\\/digiDEMBayern\\\/\",\"https:\\\/\\\/x.com\\\/digidem_bayern\",\"https:\\\/\\\/www.instagram.com\\\/digidem.bayern\",\"https:\\\/\\\/www.linkedin.com\\\/company\\\/digidem-bayern\\\/\"]},{\"@type\":\"Person\",\"@id\":\"\\\/#\\\/schema\\\/person\\\/0e8781e0653d1a8e57ca55bd2c3cb01f\",\"name\":\"Anne Keefer\",\"url\":\"https:\\\/\\\/digidem-bayern.de\\\/en\\\/author\\\/ag-webinar\\\/\"}]}<\/script>\n<!-- \/ Yoast SEO plugin. -->","yoast_head_json":{"title":"Medikamente f\u00fcr Menschen mit Demenz \u2013 Faktencheck zu Aducanumab - digiDEM Bayern","description":"Im Webinar \"digiDEM Bayern Science Watch LIVE\" behandeln Wissenschaftler ein Thema aus der Demenzforschung und stehen live f\u00fcr Fragen zur Verf\u00fcgung.","robots":{"index":"index","follow":"follow","max-snippet":"max-snippet:-1","max-image-preview":"max-image-preview:large","max-video-preview":"max-video-preview:-1"},"canonical":"https:\/\/digidem-bayern.de\/en\/medikamente-fuer-menschen-mit-demenz-faktencheck-zu-aducanumab\/","og_locale":"en_US","og_type":"article","og_title":"Medikamente f\u00fcr Menschen mit Demenz \u2013 Faktencheck zu Aducanumab - digiDEM Bayern","og_description":"Im Webinar \"digiDEM Bayern Science Watch LIVE\" behandeln Wissenschaftler ein Thema aus der Demenzforschung und stehen live f\u00fcr Fragen zur Verf\u00fcgung.","og_url":"https:\/\/digidem-bayern.de\/en\/medikamente-fuer-menschen-mit-demenz-faktencheck-zu-aducanumab\/","og_site_name":"digiDEM Bayern","article_publisher":"https:\/\/www.facebook.com\/digiDEMBayern\/","article_published_time":"2022-03-22T14:41:24+00:00","article_modified_time":"2023-05-11T13:15:58+00:00","og_image":[{"width":1600,"height":1067,"url":"https:\/\/digidem-bayern.de\/wp-content\/uploads\/2022\/03\/Aducanumab-shutterstock_2036777810.jpg","type":"image\/jpeg"}],"author":"Anne Keefer","twitter_misc":{"Written by":"Anne Keefer","Est. reading time":"3 minutes"},"schema":{"@context":"https:\/\/schema.org","@graph":[{"@type":"Article","@id":"https:\/\/digidem-bayern.de\/medikamente-fuer-menschen-mit-demenz-faktencheck-zu-aducanumab\/#article","isPartOf":{"@id":"https:\/\/digidem-bayern.de\/medikamente-fuer-menschen-mit-demenz-faktencheck-zu-aducanumab\/"},"author":{"name":"Anne Keefer","@id":"\/#\/schema\/person\/0e8781e0653d1a8e57ca55bd2c3cb01f"},"headline":"Medikamente f\u00fcr Menschen mit Demenz \u2013 Faktencheck zu Aducanumab","datePublished":"2022-03-22T14:41:24+00:00","dateModified":"2023-05-11T13:15:58+00:00","mainEntityOfPage":{"@id":"https:\/\/digidem-bayern.de\/medikamente-fuer-menschen-mit-demenz-faktencheck-zu-aducanumab\/"},"wordCount":407,"commentCount":0,"publisher":{"@id":"\/#organization"},"image":{"@id":"https:\/\/digidem-bayern.de\/medikamente-fuer-menschen-mit-demenz-faktencheck-zu-aducanumab\/#primaryimage"},"thumbnailUrl":"https:\/\/digidem-bayern.de\/wp-content\/uploads\/2022\/03\/Aducanumab-shutterstock_2036777810.jpg","keywords":["Aducanumab","Alzheimer","Demenz","Demenzforschung","digidem","digidem Bayern","Digitales Demenzregister Bayern","Medikament","Webinar"],"articleSection":["Sciene Watch Live ARCHIV"],"inLanguage":"en-US","potentialAction":[{"@type":"CommentAction","name":"Comment","target":["https:\/\/digidem-bayern.de\/medikamente-fuer-menschen-mit-demenz-faktencheck-zu-aducanumab\/#respond"]}]},{"@type":"WebPage","@id":"https:\/\/digidem-bayern.de\/medikamente-fuer-menschen-mit-demenz-faktencheck-zu-aducanumab\/","url":"https:\/\/digidem-bayern.de\/medikamente-fuer-menschen-mit-demenz-faktencheck-zu-aducanumab\/","name":"Medikamente f\u00fcr Menschen mit Demenz \u2013 Faktencheck zu Aducanumab - digiDEM Bayern","isPartOf":{"@id":"\/#website"},"primaryImageOfPage":{"@id":"https:\/\/digidem-bayern.de\/medikamente-fuer-menschen-mit-demenz-faktencheck-zu-aducanumab\/#primaryimage"},"image":{"@id":"https:\/\/digidem-bayern.de\/medikamente-fuer-menschen-mit-demenz-faktencheck-zu-aducanumab\/#primaryimage"},"thumbnailUrl":"https:\/\/digidem-bayern.de\/wp-content\/uploads\/2022\/03\/Aducanumab-shutterstock_2036777810.jpg","datePublished":"2022-03-22T14:41:24+00:00","dateModified":"2023-05-11T13:15:58+00:00","description":"Im Webinar \"digiDEM Bayern Science Watch LIVE\" behandeln Wissenschaftler ein Thema aus der Demenzforschung und stehen live f\u00fcr Fragen zur Verf\u00fcgung.","breadcrumb":{"@id":"https:\/\/digidem-bayern.de\/medikamente-fuer-menschen-mit-demenz-faktencheck-zu-aducanumab\/#breadcrumb"},"inLanguage":"en-US","potentialAction":[{"@type":"ReadAction","target":["https:\/\/digidem-bayern.de\/medikamente-fuer-menschen-mit-demenz-faktencheck-zu-aducanumab\/"]}]},{"@type":"ImageObject","inLanguage":"en-US","@id":"https:\/\/digidem-bayern.de\/medikamente-fuer-menschen-mit-demenz-faktencheck-zu-aducanumab\/#primaryimage","url":"https:\/\/digidem-bayern.de\/wp-content\/uploads\/2022\/03\/Aducanumab-shutterstock_2036777810.jpg","contentUrl":"https:\/\/digidem-bayern.de\/wp-content\/uploads\/2022\/03\/Aducanumab-shutterstock_2036777810.jpg","width":1600,"height":1067,"caption":"Aducanumab ist ein Wirkstoff, der gegen Ablagerungen im Gehirn helfen soll."},{"@type":"BreadcrumbList","@id":"https:\/\/digidem-bayern.de\/medikamente-fuer-menschen-mit-demenz-faktencheck-zu-aducanumab\/#breadcrumb","itemListElement":[{"@type":"ListItem","position":1,"name":"Startseite","item":"https:\/\/digidem-bayern.de\/"},{"@type":"ListItem","position":2,"name":"Medikamente f\u00fcr Menschen mit Demenz \u2013 Faktencheck zu Aducanumab"}]},{"@type":"WebSite","@id":"\/#website","url":"\/","name":"digiDEM Bavaria","description":"The digital dementia register in Bavaria researches and improves the structure of services for people with dementia and their relatives","publisher":{"@id":"\/#organization"},"potentialAction":[{"@type":"SearchAction","target":{"@type":"EntryPoint","urlTemplate":"\/?s={search_term_string}"},"query-input":{"@type":"PropertyValueSpecification","valueRequired":true,"valueName":"search_term_string"}}],"inLanguage":"en-US"},{"@type":"Organization","@id":"\/#organization","name":"digiDEM Bavaria","url":"\/","logo":{"@type":"ImageObject","inLanguage":"en-US","@id":"\/#\/schema\/logo\/image\/","url":"https:\/\/digidem-bayern.de\/wp-content\/uploads\/2022\/03\/cropped-Allgemeines_digiDEMLOGO-removebg-preview.png","contentUrl":"https:\/\/digidem-bayern.de\/wp-content\/uploads\/2022\/03\/cropped-Allgemeines_digiDEMLOGO-removebg-preview.png","width":612,"height":357,"caption":"digiDEM Bayern"},"image":{"@id":"\/#\/schema\/logo\/image\/"},"sameAs":["https:\/\/www.facebook.com\/digiDEMBayern\/","https:\/\/x.com\/digidem_bayern","https:\/\/www.instagram.com\/digidem.bayern","https:\/\/www.linkedin.com\/company\/digidem-bayern\/"]},{"@type":"Person","@id":"\/#\/schema\/person\/0e8781e0653d1a8e57ca55bd2c3cb01f","name":"Anne Keefer","url":"https:\/\/digidem-bayern.de\/en\/author\/ag-webinar\/"}]}},"uagb_featured_image_src":{"full":["https:\/\/digidem-bayern.de\/wp-content\/uploads\/2022\/03\/Aducanumab-shutterstock_2036777810.jpg",1600,1067,false],"thumbnail":["https:\/\/digidem-bayern.de\/wp-content\/uploads\/2022\/03\/Aducanumab-shutterstock_2036777810-80x80.jpg",80,80,true],"medium":["https:\/\/digidem-bayern.de\/wp-content\/uploads\/2022\/03\/Aducanumab-shutterstock_2036777810-300x200.jpg",300,200,true],"medium_large":["https:\/\/digidem-bayern.de\/wp-content\/uploads\/2022\/03\/Aducanumab-shutterstock_2036777810-768x512.jpg",768,512,true],"large":["https:\/\/digidem-bayern.de\/wp-content\/uploads\/2022\/03\/Aducanumab-shutterstock_2036777810-1030x687.jpg",1030,687,true],"1536x1536":["https:\/\/digidem-bayern.de\/wp-content\/uploads\/2022\/03\/Aducanumab-shutterstock_2036777810-1536x1024.jpg",1536,1024,true],"2048x2048":["https:\/\/digidem-bayern.de\/wp-content\/uploads\/2022\/03\/Aducanumab-shutterstock_2036777810-2048x1365.jpg",2048,1365,true],"trp-custom-language-flag":["https:\/\/digidem-bayern.de\/wp-content\/uploads\/2022\/03\/Aducanumab-shutterstock_2036777810.jpg",18,12,false],"qubely_landscape":["https:\/\/digidem-bayern.de\/wp-content\/uploads\/2022\/03\/Aducanumab-shutterstock_2036777810-1200x750.jpg",1200,750,true],"qubely_portrait":["https:\/\/digidem-bayern.de\/wp-content\/uploads\/2022\/03\/Aducanumab-shutterstock_2036777810-540x320.jpg",540,320,true],"qubely_thumbnail":["https:\/\/digidem-bayern.de\/wp-content\/uploads\/2022\/03\/Aducanumab-shutterstock_2036777810-140x100.jpg",140,100,true],"post-thumbnail":["https:\/\/digidem-bayern.de\/wp-content\/uploads\/2022\/03\/Aducanumab-shutterstock_2036777810-525x350.jpg",525,350,true],"kahuna-featured":["https:\/\/digidem-bayern.de\/wp-content\/uploads\/2022\/03\/Aducanumab-shutterstock_2036777810-734x350.jpg",734,350,true],"kahuna-featured-lp":["https:\/\/digidem-bayern.de\/wp-content\/uploads\/2022\/03\/Aducanumab-shutterstock_2036777810-520x350.jpg",520,350,true],"kahuna-featured-half":["https:\/\/digidem-bayern.de\/wp-content\/uploads\/2022\/03\/Aducanumab-shutterstock_2036777810-800x350.jpg",800,350,true],"kahuna-featured-third":["https:\/\/digidem-bayern.de\/wp-content\/uploads\/2022\/03\/Aducanumab-shutterstock_2036777810-512x350.jpg",512,350,true],"kahuna-lpbox-1":["https:\/\/digidem-bayern.de\/wp-content\/uploads\/2022\/03\/Aducanumab-shutterstock_2036777810-520x300.jpg",520,300,true],"kahuna-lpbox-2":["https:\/\/digidem-bayern.de\/wp-content\/uploads\/2022\/03\/Aducanumab-shutterstock_2036777810-520x350.jpg",520,350,true],"demand-language-flag":["https:\/\/digidem-bayern.de\/wp-content\/uploads\/2022\/03\/Aducanumab-shutterstock_2036777810.jpg",36,24,false],"dddkt-language-flag":["https:\/\/digidem-bayern.de\/wp-content\/uploads\/2022\/03\/Aducanumab-shutterstock_2036777810.jpg",36,24,false],"ddiqc-language-flag":["https:\/\/digidem-bayern.de\/wp-content\/uploads\/2022\/03\/Aducanumab-shutterstock_2036777810-36x36.jpg",36,36,true],"ddtl-language-flag":["https:\/\/digidem-bayern.de\/wp-content\/uploads\/2022\/03\/Aducanumab-shutterstock_2036777810-36x36.jpg",36,36,true],"mailpoet_newsletter_max":["https:\/\/digidem-bayern.de\/wp-content\/uploads\/2022\/03\/Aducanumab-shutterstock_2036777810-1320x880.jpg",1320,880,true],"kahuna-lpbox-3":["https:\/\/digidem-bayern.de\/wp-content\/uploads\/2022\/03\/Aducanumab-shutterstock_2036777810-520x350.jpg",520,350,true],"kahuna-featured-square":["https:\/\/digidem-bayern.de\/wp-content\/uploads\/2022\/03\/Aducanumab-shutterstock_2036777810-512x512.jpg",512,512,true],"kahuna-featured-square-large":["https:\/\/digidem-bayern.de\/wp-content\/uploads\/2022\/03\/Aducanumab-shutterstock_2036777810-1024x1024.jpg",1024,1024,true]},"uagb_author_info":{"display_name":"Anne Keefer","author_link":"https:\/\/digidem-bayern.de\/en\/author\/ag-webinar\/"},"uagb_comment_info":0,"uagb_excerpt":"Den Ged\u00e4chtnisverlust bei Demenz stoppen \u2013 darauf hoffen viele Menschen weltweit. Seit Juni 2021 ist in den USA nun das Medikament Aducanumab zur Behandlung der Alzheimer-Krankheit zugelassen \u2013 in Europa aber nicht. In unserem Faktencheck erfahren Sie mehr \u00fcber die Wirksamkeit und warum strenge wissenschaftliche Kriterien bei der Bewertung eines &hellip;","_links":{"self":[{"href":"https:\/\/digidem-bayern.de\/en\/wp-json\/wp\/v2\/posts\/16574","targetHints":{"allow":["GET"]}}],"collection":[{"href":"https:\/\/digidem-bayern.de\/en\/wp-json\/wp\/v2\/posts"}],"about":[{"href":"https:\/\/digidem-bayern.de\/en\/wp-json\/wp\/v2\/types\/post"}],"author":[{"embeddable":true,"href":"https:\/\/digidem-bayern.de\/en\/wp-json\/wp\/v2\/users\/7"}],"replies":[{"embeddable":true,"href":"https:\/\/digidem-bayern.de\/en\/wp-json\/wp\/v2\/comments?post=16574"}],"version-history":[{"count":7,"href":"https:\/\/digidem-bayern.de\/en\/wp-json\/wp\/v2\/posts\/16574\/revisions"}],"predecessor-version":[{"id":27983,"href":"https:\/\/digidem-bayern.de\/en\/wp-json\/wp\/v2\/posts\/16574\/revisions\/27983"}],"wp:featuredmedia":[{"embeddable":true,"href":"https:\/\/digidem-bayern.de\/en\/wp-json\/wp\/v2\/media\/16453"}],"wp:attachment":[{"href":"https:\/\/digidem-bayern.de\/en\/wp-json\/wp\/v2\/media?parent=16574"}],"wp:term":[{"taxonomy":"category","embeddable":true,"href":"https:\/\/digidem-bayern.de\/en\/wp-json\/wp\/v2\/categories?post=16574"},{"taxonomy":"post_tag","embeddable":true,"href":"https:\/\/digidem-bayern.de\/en\/wp-json\/wp\/v2\/tags?post=16574"}],"curies":[{"name":"wp","href":"https:\/\/api.w.org\/{rel}","templated":true}]}}