{"id":16207,"date":"2022-03-11T09:00:00","date_gmt":"2022-03-11T08:00:00","guid":{"rendered":"https:\/\/digidem-bayern.de\/?p=16207"},"modified":"2023-06-02T12:17:25","modified_gmt":"2023-06-02T10:17:25","slug":"webinar-weiteres-digitales-angebot-von-digidem-bayern-beurteilung-der-gedaechtnisleistung","status":"publish","type":"post","link":"https:\/\/digidem-bayern.de\/en\/webinar-weiteres-digitales-angebot-von-digidem-bayern-beurteilung-der-gedaechtnisleistung\/","title":{"rendered":"Webinar: Weiteres digitales Angebot von digiDEM Bayern: Beurteilung der Ged\u00e4chtnisleistung"},"content":{"rendered":"<h4 class=\"wp-block-heading\" id=\"1-ehrenamtlich-t%C3%A4tige-sind-ein-wichtiger-baustein-bei-der-versorgung-von-menschen-mit-demenz-und-der-entlastung-von-pflegenden-angeh%C3%B6rigen-aufgrund-des-demografischen-wandels-der-ver%C3%A4nderten-famili%C3%A4ren-strukturen-und-der-steigenden-anzahl-an-demenzerkrankungen-ist-die-f%C3%B6rderung-freiwilligen-engagements-im-themenfeld-demenz-immer-mehr-in-den-fokus-der-politik-ger%C3%BCckt-dar%C3%BCber-hinaus-besch%C3%A4ftigen-sich-auch-zunehmend-forscherinnen-damit-ob-ehrenamtliche-t%C3%A4tigkeit-eine-positive-auswirkung-auf-die-kognitiven-f%C3%A4higkeiten-der-ehrenamtlichen-hat-\">75% der Menschen mit Demenz weltweit leben ohne eine gesicherte Diagnose, so der j\u00fcngste Welt-Alzheimer-Report 2021. Eine deutsche Studie berichtet einen \u00e4hnlichen Anteil. Demzufolge haben 60% keine gesicherte Diagnose. Ein wesentliches Instrument, um mehr Demenzerkrankungen zu erkennen, sind digitale Angebote.<\/h4>\n\n\n\n<p>Deshalb stellt das Team von digiDEM Bayern im kommenden Webinar ein neues, wissenschaftlich gesichertes digitales Angebot vor, die \u201dBeurteilung der Ged\u00e4chtnisleistung\u201d. Dabei handelt es sich um ein weltweit anerkanntes Screening-Instrument f\u00fcr eine zeitgerechte Diagnostik von demenziellen Erkrankungen. Ziel ist es, die kognitiven Ver\u00e4nderungen innerhalb der vergangenen beiden Jahre zu erfassen, um fr\u00fchzeitig handeln zu k\u00f6nnen. Das Angebot ist kostenfrei auf digiDEM-bayern.de abrufbar.<\/p>\n\n\n\n<p>Das neue Angebot erm\u00f6glicht es Bezugspersonen von Menschen mit Demenz, deren Ged\u00e4chtnisleistung zuverl\u00e4ssig zu beurteilen. Damit bietet der Fragebogen eine sehr gute Einstiegsorientierung hin zu einer weiterf\u00fchrenden Diagnostik. Wird ein bestimmter Wert erreicht, ist die umfassende \u00e4rztliche Diagnostik in einer spezialisierten diagnostischen Einrichtung, zum Beispiel einer Ged\u00e4chtnisambulanz, n\u00f6tig.<\/p>\n\n\n\n<p>Je rechtzeitiger Menschen mit Demenz und ihre Angeh\u00f6rigen Gewissheit erlangen, desto fr\u00fcher lassen sich Behandlungsm\u00f6glichkeiten umsetzen und Unterst\u00fctzungsma\u00dfnahmen planen und koordinieren. Der Fragebogen zur Beurteilung der Ged\u00e4chtnisleistung ist in seiner Qualit\u00e4t vergleichbar mit anderen diagnostischen Frageb\u00f6gen wie zum Beispiel dem Mini Mental Status Test (MMST).<\/p>\n\n\n\n<p>Im Webinar erfahren Sie mehr \u00fcber die wissenschaftlichen Grundlagen des neuen digiDEM Bayern-Angebotes, seine St\u00e4rken sowie die hohe Zuverl\u00e4ssigkeit und G\u00fcltigkeit der Ergebnisse der Beurteilung der Ged\u00e4chtnisleistung.<\/p>\n\n\n\n<p><\/p>\n\n\n\n<p><\/p>\n\n\n\n<h2 class=\"wp-block-heading has-text-align-center\" id=\"2---mittwoch-03062020-1100-1130-uhr--\"><strong><strong>Dienstag, 05.04.2022, 11.00-11.45 Uhr<\/strong><\/strong><\/h2>\n\n\n\n<p><\/p>\n\n\n\n<div class=\"wp-block-qubely-button qubely-block-c9a479\"><div class=\"qubely-block-btn-wrapper\"><div class=\"qubely-block-btn\"><a class=\"qubely-block-btn-anchor is-large\" href=\"https:\/\/attendee.gotowebinar.com\/register\/2078711816714088715\" target=\"_blank\" rel=\"noopener noreferrer\">Melden Sie sich hier an<\/a><\/div><\/div><\/div>\n\n\n\n<div class=\"wp-block-columns is-layout-flex wp-container-core-columns-is-layout-9d6595d7 wp-block-columns-is-layout-flex\">\n<div class=\"wp-block-column is-layout-flow wp-block-column-is-layout-flow\">\n<div class=\"wp-block-uagb-team uagb-team__image-position-above uagb-team__align-center uagb-team__stack-tablet uagb-block-83b161a4\"><div class=\"uagb-team__content\"><img decoding=\"async\" class=\"uagb-team__image-crop-circle\" src=\"https:\/\/digidem-bayern.de\/wp-content\/uploads\/2021\/08\/MZE-80x80.png\" alt=\"\" height=\"100\" width=\"100\" loading=\"lazy\"\/><h3 class=\"uagb-team__title\">Michael Zeiler<\/h3><span class=\"uagb-team__prefix\">Wissenschaftlicher Mitarbeiter M. Sc.<\/span><p class=\"uagb-team__desc\"><\/p><\/div><\/div>\n<\/div>\n\n\n\n<div class=\"wp-block-column is-layout-flow wp-block-column-is-layout-flow\">\n<div class=\"wp-block-uagb-team uagb-team__image-position-above uagb-team__align-center uagb-team__stack-tablet uagb-block-1476e191\"><div class=\"uagb-team__content\"><img decoding=\"async\" class=\"uagb-team__image-crop-circle\" src=\"https:\/\/digidem-bayern.de\/wp-content\/uploads\/2022\/03\/Jana-Bild-Quadratisch2-80x80.jpeg\" alt=\"\" height=\"100\" width=\"100\" loading=\"lazy\"\/><h3 class=\"uagb-team__title\">Jana R\u00fchl<\/h3><span class=\"uagb-team__prefix\">Wissenschaftliche Mitarbeiterin M. Sc.<\/span><p class=\"uagb-team__desc\"><\/p><\/div><\/div>\n<\/div>\n<\/div>","protected":false},"excerpt":{"rendered":"<p>75% der Menschen mit Demenz weltweit leben ohne eine gesicherte Diagnose, so der j\u00fcngste Welt-Alzheimer-Report 2021. Eine deutsche Studie berichtet einen \u00e4hnlichen Anteil. Demzufolge haben 60% keine gesicherte Diagnose. Ein wesentliches Instrument, um mehr Demenzerkrankungen zu erkennen, sind digitale Angebote. Deshalb stellt das Team von digiDEM Bayern im kommenden Webinar &hellip;<\/p>","protected":false},"author":7,"featured_media":16297,"comment_status":"open","ping_status":"closed","sticky":false,"template":"","format":"standard","meta":{"qubely_global_settings":"true","qubely_interactions":"","_uag_custom_page_level_css":"","footnotes":""},"categories":[8],"tags":[370,13,12,95,414,14,17,55,384,143,94],"class_list":["post-16207","post","type-post","status-publish","format-standard","has-post-thumbnail","hentry","category-aktuelles-zu-digidem","tag-aktuelles_webinar","tag-alzheimer","tag-demenz-2","tag-demenzforschung","tag-demenzscreening","tag-digidem","tag-digidem-bayern","tag-digitales-demenzregister-bayern","tag-gedaechtnisambulanz","tag-screening","tag-webinar"],"qubely_featured_image_url":{"full":["https:\/\/digidem-bayern.de\/wp-content\/uploads\/2022\/03\/IQCODE_Vorschau.jpg",1600,1067,false],"landscape":["https:\/\/digidem-bayern.de\/wp-content\/uploads\/2022\/03\/IQCODE_Vorschau-1200x750.jpg",1200,750,true],"portraits":["https:\/\/digidem-bayern.de\/wp-content\/uploads\/2022\/03\/IQCODE_Vorschau-540x320.jpg",540,320,true],"thumbnail":["https:\/\/digidem-bayern.de\/wp-content\/uploads\/2022\/03\/IQCODE_Vorschau-80x80.jpg",80,80,true],"medium":["https:\/\/digidem-bayern.de\/wp-content\/uploads\/2022\/03\/IQCODE_Vorschau-300x200.jpg",300,200,true],"medium_large":["https:\/\/digidem-bayern.de\/wp-content\/uploads\/2022\/03\/IQCODE_Vorschau-768x512.jpg",768,512,true],"large":["https:\/\/digidem-bayern.de\/wp-content\/uploads\/2022\/03\/IQCODE_Vorschau-1030x687.jpg",1030,687,true],"1536x1536":["https:\/\/digidem-bayern.de\/wp-content\/uploads\/2022\/03\/IQCODE_Vorschau-1536x1024.jpg",1536,1024,true],"2048x2048":["https:\/\/digidem-bayern.de\/wp-content\/uploads\/2022\/03\/IQCODE_Vorschau-2048x1366.jpg",2048,1366,true],"trp-custom-language-flag":["https:\/\/digidem-bayern.de\/wp-content\/uploads\/2022\/03\/IQCODE_Vorschau.jpg",18,12,false],"qubely_landscape":["https:\/\/digidem-bayern.de\/wp-content\/uploads\/2022\/03\/IQCODE_Vorschau-1200x750.jpg",1200,750,true],"qubely_portrait":["https:\/\/digidem-bayern.de\/wp-content\/uploads\/2022\/03\/IQCODE_Vorschau-540x320.jpg",540,320,true],"qubely_thumbnail":["https:\/\/digidem-bayern.de\/wp-content\/uploads\/2022\/03\/IQCODE_Vorschau-140x100.jpg",140,100,true],"post-thumbnail":["https:\/\/digidem-bayern.de\/wp-content\/uploads\/2022\/03\/IQCODE_Vorschau-525x350.jpg",525,350,true],"kahuna-featured":["https:\/\/digidem-bayern.de\/wp-content\/uploads\/2022\/03\/IQCODE_Vorschau-734x350.jpg",734,350,true],"kahuna-featured-lp":["https:\/\/digidem-bayern.de\/wp-content\/uploads\/2022\/03\/IQCODE_Vorschau-520x350.jpg",520,350,true],"kahuna-featured-half":["https:\/\/digidem-bayern.de\/wp-content\/uploads\/2022\/03\/IQCODE_Vorschau-800x350.jpg",800,350,true],"kahuna-featured-third":["https:\/\/digidem-bayern.de\/wp-content\/uploads\/2022\/03\/IQCODE_Vorschau-512x350.jpg",512,350,true],"kahuna-lpbox-1":["https:\/\/digidem-bayern.de\/wp-content\/uploads\/2022\/03\/IQCODE_Vorschau-520x300.jpg",520,300,true],"kahuna-lpbox-2":["https:\/\/digidem-bayern.de\/wp-content\/uploads\/2022\/03\/IQCODE_Vorschau-520x350.jpg",520,350,true],"demand-language-flag":["https:\/\/digidem-bayern.de\/wp-content\/uploads\/2022\/03\/IQCODE_Vorschau.jpg",36,24,false],"dddkt-language-flag":["https:\/\/digidem-bayern.de\/wp-content\/uploads\/2022\/03\/IQCODE_Vorschau.jpg",36,24,false],"ddiqc-language-flag":["https:\/\/digidem-bayern.de\/wp-content\/uploads\/2022\/03\/IQCODE_Vorschau-36x36.jpg",36,36,true],"ddtl-language-flag":["https:\/\/digidem-bayern.de\/wp-content\/uploads\/2022\/03\/IQCODE_Vorschau-36x36.jpg",36,36,true],"mailpoet_newsletter_max":["https:\/\/digidem-bayern.de\/wp-content\/uploads\/2022\/03\/IQCODE_Vorschau-1320x880.jpg",1320,880,true],"kahuna-lpbox-3":["https:\/\/digidem-bayern.de\/wp-content\/uploads\/2022\/03\/IQCODE_Vorschau-520x350.jpg",520,350,true],"kahuna-featured-square":["https:\/\/digidem-bayern.de\/wp-content\/uploads\/2022\/03\/IQCODE_Vorschau-512x512.jpg",512,512,true],"kahuna-featured-square-large":["https:\/\/digidem-bayern.de\/wp-content\/uploads\/2022\/03\/IQCODE_Vorschau-1024x1024.jpg",1024,1024,true]},"qubely_author":{"display_name":"Anne Keefer","author_link":"https:\/\/digidem-bayern.de\/en\/author\/ag-webinar\/"},"qubely_comment":4,"qubely_category":"<a href=\"https:\/\/digidem-bayern.de\/en\/category\/aktuelles-zu-digidem\/\" rel=\"category tag\">Aktuelles zu digiDEM<\/a>","qubely_excerpt":"75% der Menschen mit Demenz weltweit leben ohne eine gesicherte Diagnose, so der j\u00fcngste Welt-Alzheimer-Report 2021. Eine deutsche Studie berichtet einen \u00e4hnlichen Anteil. Demzufolge haben 60% keine gesicherte Diagnose. Ein wesentliches Instrument, um mehr Demenzerkrankungen zu erkennen, sind digitale Angebote. Deshalb stellt das Team von digiDEM Bayern im kommenden Webinar &hellip;","featured_image_urls_v2":{"full":["https:\/\/digidem-bayern.de\/wp-content\/uploads\/2022\/03\/IQCODE_Vorschau.jpg",1600,1067,false],"thumbnail":["https:\/\/digidem-bayern.de\/wp-content\/uploads\/2022\/03\/IQCODE_Vorschau-80x80.jpg",80,80,true],"medium":["https:\/\/digidem-bayern.de\/wp-content\/uploads\/2022\/03\/IQCODE_Vorschau-300x200.jpg",300,200,true],"medium_large":["https:\/\/digidem-bayern.de\/wp-content\/uploads\/2022\/03\/IQCODE_Vorschau-768x512.jpg",768,512,true],"large":["https:\/\/digidem-bayern.de\/wp-content\/uploads\/2022\/03\/IQCODE_Vorschau-1030x687.jpg",1030,687,true],"1536x1536":["https:\/\/digidem-bayern.de\/wp-content\/uploads\/2022\/03\/IQCODE_Vorschau-1536x1024.jpg",1536,1024,true],"2048x2048":["https:\/\/digidem-bayern.de\/wp-content\/uploads\/2022\/03\/IQCODE_Vorschau-2048x1366.jpg",2048,1366,true],"trp-custom-language-flag":["https:\/\/digidem-bayern.de\/wp-content\/uploads\/2022\/03\/IQCODE_Vorschau.jpg",18,12,false],"qubely_landscape":["https:\/\/digidem-bayern.de\/wp-content\/uploads\/2022\/03\/IQCODE_Vorschau-1200x750.jpg",1200,750,true],"qubely_portrait":["https:\/\/digidem-bayern.de\/wp-content\/uploads\/2022\/03\/IQCODE_Vorschau-540x320.jpg",540,320,true],"qubely_thumbnail":["https:\/\/digidem-bayern.de\/wp-content\/uploads\/2022\/03\/IQCODE_Vorschau-140x100.jpg",140,100,true],"post-thumbnail":["https:\/\/digidem-bayern.de\/wp-content\/uploads\/2022\/03\/IQCODE_Vorschau-525x350.jpg",525,350,true],"kahuna-featured":["https:\/\/digidem-bayern.de\/wp-content\/uploads\/2022\/03\/IQCODE_Vorschau-734x350.jpg",734,350,true],"kahuna-featured-lp":["https:\/\/digidem-bayern.de\/wp-content\/uploads\/2022\/03\/IQCODE_Vorschau-520x350.jpg",520,350,true],"kahuna-featured-half":["https:\/\/digidem-bayern.de\/wp-content\/uploads\/2022\/03\/IQCODE_Vorschau-800x350.jpg",800,350,true],"kahuna-featured-third":["https:\/\/digidem-bayern.de\/wp-content\/uploads\/2022\/03\/IQCODE_Vorschau-512x350.jpg",512,350,true],"kahuna-lpbox-1":["https:\/\/digidem-bayern.de\/wp-content\/uploads\/2022\/03\/IQCODE_Vorschau-520x300.jpg",520,300,true],"kahuna-lpbox-2":["https:\/\/digidem-bayern.de\/wp-content\/uploads\/2022\/03\/IQCODE_Vorschau-520x350.jpg",520,350,true],"demand-language-flag":["https:\/\/digidem-bayern.de\/wp-content\/uploads\/2022\/03\/IQCODE_Vorschau.jpg",36,24,false],"dddkt-language-flag":["https:\/\/digidem-bayern.de\/wp-content\/uploads\/2022\/03\/IQCODE_Vorschau.jpg",36,24,false],"ddiqc-language-flag":["https:\/\/digidem-bayern.de\/wp-content\/uploads\/2022\/03\/IQCODE_Vorschau-36x36.jpg",36,36,true],"ddtl-language-flag":["https:\/\/digidem-bayern.de\/wp-content\/uploads\/2022\/03\/IQCODE_Vorschau-36x36.jpg",36,36,true],"mailpoet_newsletter_max":["https:\/\/digidem-bayern.de\/wp-content\/uploads\/2022\/03\/IQCODE_Vorschau-1320x880.jpg",1320,880,true],"kahuna-lpbox-3":["https:\/\/digidem-bayern.de\/wp-content\/uploads\/2022\/03\/IQCODE_Vorschau-520x350.jpg",520,350,true],"kahuna-featured-square":["https:\/\/digidem-bayern.de\/wp-content\/uploads\/2022\/03\/IQCODE_Vorschau-512x512.jpg",512,512,true],"kahuna-featured-square-large":["https:\/\/digidem-bayern.de\/wp-content\/uploads\/2022\/03\/IQCODE_Vorschau-1024x1024.jpg",1024,1024,true]},"post_excerpt_stackable_v2":"<p>75% der Menschen mit Demenz weltweit leben ohne eine gesicherte Diagnose, so der j\u00fcngste Welt-Alzheimer-Report 2021. Eine deutsche Studie berichtet einen \u00e4hnlichen Anteil. Demzufolge haben 60% keine gesicherte Diagnose. Ein wesentliches Instrument, um mehr Demenzerkrankungen zu erkennen, sind digitale Angebote. Deshalb stellt das Team von digiDEM Bayern im kommenden Webinar ein neues, wissenschaftlich gesichertes digitales Angebot vor, die \u201dBeurteilung der Ged\u00e4chtnisleistung\u201d. Dabei handelt es sich um ein weltweit anerkanntes Screening-Instrument f\u00fcr eine zeitgerechte Diagnostik von demenziellen Erkrankungen. Ziel ist es, die kognitiven Ver\u00e4nderungen innerhalb der vergangenen beiden Jahre zu erfassen, um fr\u00fchzeitig handeln zu k\u00f6nnen. Das Angebot ist kostenfrei auf&hellip;<\/p>\n","category_list_v2":"<a href=\"https:\/\/digidem-bayern.de\/en\/category\/aktuelles-zu-digidem\/\" rel=\"category tag\">Aktuelles zu digiDEM<\/a>","author_info_v2":{"name":"Anne Keefer","url":"https:\/\/digidem-bayern.de\/en\/author\/ag-webinar\/"},"comments_num_v2":"2 comments","yoast_head":"<!-- This site is optimized with the Yoast SEO plugin v27.4 - https:\/\/yoast.com\/product\/yoast-seo-wordpress\/ -->\n<title>Webinar: Weiteres digitales Angebot von digiDEM Bayern: Beurteilung der Ged\u00e4chtnisleistung - digiDEM Bayern<\/title>\n<meta name=\"description\" content=\"Im Webinar &quot;digiDEM Bayern Science Watch LIVE&quot; behandeln Wissenschaftler ein Thema aus der Demenzforschung und stehen live f\u00fcr Fragen zur Verf\u00fcgung.\" \/>\n<meta name=\"robots\" content=\"index, follow, max-snippet:-1, max-image-preview:large, max-video-preview:-1\" \/>\n<link rel=\"canonical\" href=\"https:\/\/digidem-bayern.de\/en\/webinar-weiteres-digitales-angebot-von-digidem-bayern-beurteilung-der-gedaechtnisleistung\/\" \/>\n<meta property=\"og:locale\" content=\"en_US\" \/>\n<meta property=\"og:type\" content=\"article\" \/>\n<meta property=\"og:title\" content=\"Webinar: Weiteres digitales Angebot von digiDEM Bayern: Beurteilung der Ged\u00e4chtnisleistung - digiDEM Bayern\" \/>\n<meta property=\"og:description\" content=\"Im Webinar &quot;digiDEM Bayern Science Watch LIVE&quot; behandeln Wissenschaftler ein Thema aus der Demenzforschung und stehen live f\u00fcr Fragen zur Verf\u00fcgung.\" \/>\n<meta property=\"og:url\" content=\"https:\/\/digidem-bayern.de\/en\/webinar-weiteres-digitales-angebot-von-digidem-bayern-beurteilung-der-gedaechtnisleistung\/\" \/>\n<meta property=\"og:site_name\" content=\"digiDEM Bayern\" \/>\n<meta property=\"article:publisher\" content=\"https:\/\/www.facebook.com\/digiDEMBayern\/\" \/>\n<meta property=\"article:published_time\" content=\"2022-03-11T08:00:00+00:00\" \/>\n<meta property=\"article:modified_time\" content=\"2023-06-02T10:17:25+00:00\" \/>\n<meta property=\"og:image\" content=\"https:\/\/digidem-bayern.de\/wp-content\/uploads\/2022\/03\/IQCODE_Vorschau.jpg\" \/>\n\t<meta property=\"og:image:width\" content=\"1600\" \/>\n\t<meta property=\"og:image:height\" content=\"1067\" \/>\n\t<meta property=\"og:image:type\" content=\"image\/jpeg\" \/>\n<meta name=\"author\" content=\"Anne Keefer\" \/>\n<meta name=\"twitter:label1\" content=\"Written by\" \/>\n\t<meta name=\"twitter:data1\" content=\"Anne Keefer\" \/>\n\t<meta name=\"twitter:label2\" content=\"Est. reading time\" \/>\n\t<meta name=\"twitter:data2\" content=\"2 minutes\" \/>\n<script type=\"application\/ld+json\" class=\"yoast-schema-graph\">{\"@context\":\"https:\\\/\\\/schema.org\",\"@graph\":[{\"@type\":\"Article\",\"@id\":\"https:\\\/\\\/digidem-bayern.de\\\/webinar-weiteres-digitales-angebot-von-digidem-bayern-beurteilung-der-gedaechtnisleistung\\\/#article\",\"isPartOf\":{\"@id\":\"https:\\\/\\\/digidem-bayern.de\\\/webinar-weiteres-digitales-angebot-von-digidem-bayern-beurteilung-der-gedaechtnisleistung\\\/\"},\"author\":{\"name\":\"Anne Keefer\",\"@id\":\"\\\/#\\\/schema\\\/person\\\/0e8781e0653d1a8e57ca55bd2c3cb01f\"},\"headline\":\"Webinar: Weiteres digitales Angebot von digiDEM Bayern: Beurteilung der Ged\u00e4chtnisleistung\",\"datePublished\":\"2022-03-11T08:00:00+00:00\",\"dateModified\":\"2023-06-02T10:17:25+00:00\",\"mainEntityOfPage\":{\"@id\":\"https:\\\/\\\/digidem-bayern.de\\\/webinar-weiteres-digitales-angebot-von-digidem-bayern-beurteilung-der-gedaechtnisleistung\\\/\"},\"wordCount\":276,\"commentCount\":2,\"publisher\":{\"@id\":\"\\\/#organization\"},\"image\":{\"@id\":\"https:\\\/\\\/digidem-bayern.de\\\/webinar-weiteres-digitales-angebot-von-digidem-bayern-beurteilung-der-gedaechtnisleistung\\\/#primaryimage\"},\"thumbnailUrl\":\"https:\\\/\\\/digidem-bayern.de\\\/wp-content\\\/uploads\\\/2022\\\/03\\\/IQCODE_Vorschau.jpg\",\"keywords\":[\"aktuelles_webinar\",\"Alzheimer\",\"Demenz\",\"Demenzforschung\",\"Demenzscreening\",\"digidem\",\"digidem Bayern\",\"Digitales Demenzregister Bayern\",\"Ged\u00e4chtnisambulanz\",\"Screening\",\"Webinar\"],\"articleSection\":[\"Aktuelles zu digiDEM\"],\"inLanguage\":\"en-US\",\"potentialAction\":[{\"@type\":\"CommentAction\",\"name\":\"Comment\",\"target\":[\"https:\\\/\\\/digidem-bayern.de\\\/webinar-weiteres-digitales-angebot-von-digidem-bayern-beurteilung-der-gedaechtnisleistung\\\/#respond\"]}]},{\"@type\":\"WebPage\",\"@id\":\"https:\\\/\\\/digidem-bayern.de\\\/webinar-weiteres-digitales-angebot-von-digidem-bayern-beurteilung-der-gedaechtnisleistung\\\/\",\"url\":\"https:\\\/\\\/digidem-bayern.de\\\/webinar-weiteres-digitales-angebot-von-digidem-bayern-beurteilung-der-gedaechtnisleistung\\\/\",\"name\":\"Webinar: Weiteres digitales Angebot von digiDEM Bayern: Beurteilung der Ged\u00e4chtnisleistung - digiDEM Bayern\",\"isPartOf\":{\"@id\":\"\\\/#website\"},\"primaryImageOfPage\":{\"@id\":\"https:\\\/\\\/digidem-bayern.de\\\/webinar-weiteres-digitales-angebot-von-digidem-bayern-beurteilung-der-gedaechtnisleistung\\\/#primaryimage\"},\"image\":{\"@id\":\"https:\\\/\\\/digidem-bayern.de\\\/webinar-weiteres-digitales-angebot-von-digidem-bayern-beurteilung-der-gedaechtnisleistung\\\/#primaryimage\"},\"thumbnailUrl\":\"https:\\\/\\\/digidem-bayern.de\\\/wp-content\\\/uploads\\\/2022\\\/03\\\/IQCODE_Vorschau.jpg\",\"datePublished\":\"2022-03-11T08:00:00+00:00\",\"dateModified\":\"2023-06-02T10:17:25+00:00\",\"description\":\"Im Webinar \\\"digiDEM Bayern Science Watch LIVE\\\" behandeln Wissenschaftler ein Thema aus der Demenzforschung und stehen live f\u00fcr Fragen zur Verf\u00fcgung.\",\"breadcrumb\":{\"@id\":\"https:\\\/\\\/digidem-bayern.de\\\/webinar-weiteres-digitales-angebot-von-digidem-bayern-beurteilung-der-gedaechtnisleistung\\\/#breadcrumb\"},\"inLanguage\":\"en-US\",\"potentialAction\":[{\"@type\":\"ReadAction\",\"target\":[\"https:\\\/\\\/digidem-bayern.de\\\/webinar-weiteres-digitales-angebot-von-digidem-bayern-beurteilung-der-gedaechtnisleistung\\\/\"]}]},{\"@type\":\"ImageObject\",\"inLanguage\":\"en-US\",\"@id\":\"https:\\\/\\\/digidem-bayern.de\\\/webinar-weiteres-digitales-angebot-von-digidem-bayern-beurteilung-der-gedaechtnisleistung\\\/#primaryimage\",\"url\":\"https:\\\/\\\/digidem-bayern.de\\\/wp-content\\\/uploads\\\/2022\\\/03\\\/IQCODE_Vorschau.jpg\",\"contentUrl\":\"https:\\\/\\\/digidem-bayern.de\\\/wp-content\\\/uploads\\\/2022\\\/03\\\/IQCODE_Vorschau.jpg\",\"width\":1600,\"height\":1067},{\"@type\":\"BreadcrumbList\",\"@id\":\"https:\\\/\\\/digidem-bayern.de\\\/webinar-weiteres-digitales-angebot-von-digidem-bayern-beurteilung-der-gedaechtnisleistung\\\/#breadcrumb\",\"itemListElement\":[{\"@type\":\"ListItem\",\"position\":1,\"name\":\"Startseite\",\"item\":\"https:\\\/\\\/digidem-bayern.de\\\/\"},{\"@type\":\"ListItem\",\"position\":2,\"name\":\"Webinar: Weiteres digitales Angebot von digiDEM Bayern: Beurteilung der Ged\u00e4chtnisleistung\"}]},{\"@type\":\"WebSite\",\"@id\":\"\\\/#website\",\"url\":\"\\\/\",\"name\":\"digiDEM Bayern\",\"description\":\"Das digitale Demenzregister Bayern erforscht und verbessert die Angebotsstuktur f\u00fcr Menschen mit Demenz und deren Angeh\u00f6rige\",\"publisher\":{\"@id\":\"\\\/#organization\"},\"potentialAction\":[{\"@type\":\"SearchAction\",\"target\":{\"@type\":\"EntryPoint\",\"urlTemplate\":\"\\\/?s={search_term_string}\"},\"query-input\":{\"@type\":\"PropertyValueSpecification\",\"valueRequired\":true,\"valueName\":\"search_term_string\"}}],\"inLanguage\":\"en-US\"},{\"@type\":\"Organization\",\"@id\":\"\\\/#organization\",\"name\":\"digiDEM Bayern\",\"url\":\"\\\/\",\"logo\":{\"@type\":\"ImageObject\",\"inLanguage\":\"en-US\",\"@id\":\"\\\/#\\\/schema\\\/logo\\\/image\\\/\",\"url\":\"https:\\\/\\\/digidem-bayern.de\\\/wp-content\\\/uploads\\\/2022\\\/03\\\/cropped-Allgemeines_digiDEMLOGO-removebg-preview.png\",\"contentUrl\":\"https:\\\/\\\/digidem-bayern.de\\\/wp-content\\\/uploads\\\/2022\\\/03\\\/cropped-Allgemeines_digiDEMLOGO-removebg-preview.png\",\"width\":612,\"height\":357,\"caption\":\"digiDEM Bayern\"},\"image\":{\"@id\":\"\\\/#\\\/schema\\\/logo\\\/image\\\/\"},\"sameAs\":[\"https:\\\/\\\/www.facebook.com\\\/digiDEMBayern\\\/\",\"https:\\\/\\\/x.com\\\/digidem_bayern\",\"https:\\\/\\\/www.instagram.com\\\/digidem.bayern\",\"https:\\\/\\\/www.linkedin.com\\\/company\\\/digidem-bayern\\\/\"]},{\"@type\":\"Person\",\"@id\":\"\\\/#\\\/schema\\\/person\\\/0e8781e0653d1a8e57ca55bd2c3cb01f\",\"name\":\"Anne Keefer\",\"url\":\"https:\\\/\\\/digidem-bayern.de\\\/en\\\/author\\\/ag-webinar\\\/\"}]}<\/script>\n<!-- \/ Yoast SEO plugin. -->","yoast_head_json":{"title":"Webinar: Weiteres digitales Angebot von digiDEM Bayern: Beurteilung der Ged\u00e4chtnisleistung - digiDEM Bayern","description":"Im Webinar \"digiDEM Bayern Science Watch LIVE\" behandeln Wissenschaftler ein Thema aus der Demenzforschung und stehen live f\u00fcr Fragen zur Verf\u00fcgung.","robots":{"index":"index","follow":"follow","max-snippet":"max-snippet:-1","max-image-preview":"max-image-preview:large","max-video-preview":"max-video-preview:-1"},"canonical":"https:\/\/digidem-bayern.de\/en\/webinar-weiteres-digitales-angebot-von-digidem-bayern-beurteilung-der-gedaechtnisleistung\/","og_locale":"en_US","og_type":"article","og_title":"Webinar: Weiteres digitales Angebot von digiDEM Bayern: Beurteilung der Ged\u00e4chtnisleistung - digiDEM Bayern","og_description":"Im Webinar \"digiDEM Bayern Science Watch LIVE\" behandeln Wissenschaftler ein Thema aus der Demenzforschung und stehen live f\u00fcr Fragen zur Verf\u00fcgung.","og_url":"https:\/\/digidem-bayern.de\/en\/webinar-weiteres-digitales-angebot-von-digidem-bayern-beurteilung-der-gedaechtnisleistung\/","og_site_name":"digiDEM Bayern","article_publisher":"https:\/\/www.facebook.com\/digiDEMBayern\/","article_published_time":"2022-03-11T08:00:00+00:00","article_modified_time":"2023-06-02T10:17:25+00:00","og_image":[{"width":1600,"height":1067,"url":"https:\/\/digidem-bayern.de\/wp-content\/uploads\/2022\/03\/IQCODE_Vorschau.jpg","type":"image\/jpeg"}],"author":"Anne Keefer","twitter_misc":{"Written by":"Anne Keefer","Est. reading time":"2 minutes"},"schema":{"@context":"https:\/\/schema.org","@graph":[{"@type":"Article","@id":"https:\/\/digidem-bayern.de\/webinar-weiteres-digitales-angebot-von-digidem-bayern-beurteilung-der-gedaechtnisleistung\/#article","isPartOf":{"@id":"https:\/\/digidem-bayern.de\/webinar-weiteres-digitales-angebot-von-digidem-bayern-beurteilung-der-gedaechtnisleistung\/"},"author":{"name":"Anne Keefer","@id":"\/#\/schema\/person\/0e8781e0653d1a8e57ca55bd2c3cb01f"},"headline":"Webinar: Weiteres digitales Angebot von digiDEM Bayern: Beurteilung der Ged\u00e4chtnisleistung","datePublished":"2022-03-11T08:00:00+00:00","dateModified":"2023-06-02T10:17:25+00:00","mainEntityOfPage":{"@id":"https:\/\/digidem-bayern.de\/webinar-weiteres-digitales-angebot-von-digidem-bayern-beurteilung-der-gedaechtnisleistung\/"},"wordCount":276,"commentCount":2,"publisher":{"@id":"\/#organization"},"image":{"@id":"https:\/\/digidem-bayern.de\/webinar-weiteres-digitales-angebot-von-digidem-bayern-beurteilung-der-gedaechtnisleistung\/#primaryimage"},"thumbnailUrl":"https:\/\/digidem-bayern.de\/wp-content\/uploads\/2022\/03\/IQCODE_Vorschau.jpg","keywords":["aktuelles_webinar","Alzheimer","Demenz","Demenzforschung","Demenzscreening","digidem","digidem Bayern","Digitales Demenzregister Bayern","Ged\u00e4chtnisambulanz","Screening","Webinar"],"articleSection":["Aktuelles zu digiDEM"],"inLanguage":"en-US","potentialAction":[{"@type":"CommentAction","name":"Comment","target":["https:\/\/digidem-bayern.de\/webinar-weiteres-digitales-angebot-von-digidem-bayern-beurteilung-der-gedaechtnisleistung\/#respond"]}]},{"@type":"WebPage","@id":"https:\/\/digidem-bayern.de\/webinar-weiteres-digitales-angebot-von-digidem-bayern-beurteilung-der-gedaechtnisleistung\/","url":"https:\/\/digidem-bayern.de\/webinar-weiteres-digitales-angebot-von-digidem-bayern-beurteilung-der-gedaechtnisleistung\/","name":"Webinar: Weiteres digitales Angebot von digiDEM Bayern: Beurteilung der Ged\u00e4chtnisleistung - digiDEM Bayern","isPartOf":{"@id":"\/#website"},"primaryImageOfPage":{"@id":"https:\/\/digidem-bayern.de\/webinar-weiteres-digitales-angebot-von-digidem-bayern-beurteilung-der-gedaechtnisleistung\/#primaryimage"},"image":{"@id":"https:\/\/digidem-bayern.de\/webinar-weiteres-digitales-angebot-von-digidem-bayern-beurteilung-der-gedaechtnisleistung\/#primaryimage"},"thumbnailUrl":"https:\/\/digidem-bayern.de\/wp-content\/uploads\/2022\/03\/IQCODE_Vorschau.jpg","datePublished":"2022-03-11T08:00:00+00:00","dateModified":"2023-06-02T10:17:25+00:00","description":"Im Webinar \"digiDEM Bayern Science Watch LIVE\" behandeln Wissenschaftler ein Thema aus der Demenzforschung und stehen live f\u00fcr Fragen zur Verf\u00fcgung.","breadcrumb":{"@id":"https:\/\/digidem-bayern.de\/webinar-weiteres-digitales-angebot-von-digidem-bayern-beurteilung-der-gedaechtnisleistung\/#breadcrumb"},"inLanguage":"en-US","potentialAction":[{"@type":"ReadAction","target":["https:\/\/digidem-bayern.de\/webinar-weiteres-digitales-angebot-von-digidem-bayern-beurteilung-der-gedaechtnisleistung\/"]}]},{"@type":"ImageObject","inLanguage":"en-US","@id":"https:\/\/digidem-bayern.de\/webinar-weiteres-digitales-angebot-von-digidem-bayern-beurteilung-der-gedaechtnisleistung\/#primaryimage","url":"https:\/\/digidem-bayern.de\/wp-content\/uploads\/2022\/03\/IQCODE_Vorschau.jpg","contentUrl":"https:\/\/digidem-bayern.de\/wp-content\/uploads\/2022\/03\/IQCODE_Vorschau.jpg","width":1600,"height":1067},{"@type":"BreadcrumbList","@id":"https:\/\/digidem-bayern.de\/webinar-weiteres-digitales-angebot-von-digidem-bayern-beurteilung-der-gedaechtnisleistung\/#breadcrumb","itemListElement":[{"@type":"ListItem","position":1,"name":"Startseite","item":"https:\/\/digidem-bayern.de\/"},{"@type":"ListItem","position":2,"name":"Webinar: Weiteres digitales Angebot von digiDEM Bayern: Beurteilung der Ged\u00e4chtnisleistung"}]},{"@type":"WebSite","@id":"\/#website","url":"\/","name":"digiDEM Bavaria","description":"The digital dementia register in Bavaria researches and improves the structure of services for people with dementia and their relatives","publisher":{"@id":"\/#organization"},"potentialAction":[{"@type":"SearchAction","target":{"@type":"EntryPoint","urlTemplate":"\/?s={search_term_string}"},"query-input":{"@type":"PropertyValueSpecification","valueRequired":true,"valueName":"search_term_string"}}],"inLanguage":"en-US"},{"@type":"Organization","@id":"\/#organization","name":"digiDEM Bavaria","url":"\/","logo":{"@type":"ImageObject","inLanguage":"en-US","@id":"\/#\/schema\/logo\/image\/","url":"https:\/\/digidem-bayern.de\/wp-content\/uploads\/2022\/03\/cropped-Allgemeines_digiDEMLOGO-removebg-preview.png","contentUrl":"https:\/\/digidem-bayern.de\/wp-content\/uploads\/2022\/03\/cropped-Allgemeines_digiDEMLOGO-removebg-preview.png","width":612,"height":357,"caption":"digiDEM Bayern"},"image":{"@id":"\/#\/schema\/logo\/image\/"},"sameAs":["https:\/\/www.facebook.com\/digiDEMBayern\/","https:\/\/x.com\/digidem_bayern","https:\/\/www.instagram.com\/digidem.bayern","https:\/\/www.linkedin.com\/company\/digidem-bayern\/"]},{"@type":"Person","@id":"\/#\/schema\/person\/0e8781e0653d1a8e57ca55bd2c3cb01f","name":"Anne Keefer","url":"https:\/\/digidem-bayern.de\/en\/author\/ag-webinar\/"}]}},"uagb_featured_image_src":{"full":["https:\/\/digidem-bayern.de\/wp-content\/uploads\/2022\/03\/IQCODE_Vorschau.jpg",1600,1067,false],"thumbnail":["https:\/\/digidem-bayern.de\/wp-content\/uploads\/2022\/03\/IQCODE_Vorschau-80x80.jpg",80,80,true],"medium":["https:\/\/digidem-bayern.de\/wp-content\/uploads\/2022\/03\/IQCODE_Vorschau-300x200.jpg",300,200,true],"medium_large":["https:\/\/digidem-bayern.de\/wp-content\/uploads\/2022\/03\/IQCODE_Vorschau-768x512.jpg",768,512,true],"large":["https:\/\/digidem-bayern.de\/wp-content\/uploads\/2022\/03\/IQCODE_Vorschau-1030x687.jpg",1030,687,true],"1536x1536":["https:\/\/digidem-bayern.de\/wp-content\/uploads\/2022\/03\/IQCODE_Vorschau-1536x1024.jpg",1536,1024,true],"2048x2048":["https:\/\/digidem-bayern.de\/wp-content\/uploads\/2022\/03\/IQCODE_Vorschau-2048x1366.jpg",2048,1366,true],"trp-custom-language-flag":["https:\/\/digidem-bayern.de\/wp-content\/uploads\/2022\/03\/IQCODE_Vorschau.jpg",18,12,false],"qubely_landscape":["https:\/\/digidem-bayern.de\/wp-content\/uploads\/2022\/03\/IQCODE_Vorschau-1200x750.jpg",1200,750,true],"qubely_portrait":["https:\/\/digidem-bayern.de\/wp-content\/uploads\/2022\/03\/IQCODE_Vorschau-540x320.jpg",540,320,true],"qubely_thumbnail":["https:\/\/digidem-bayern.de\/wp-content\/uploads\/2022\/03\/IQCODE_Vorschau-140x100.jpg",140,100,true],"post-thumbnail":["https:\/\/digidem-bayern.de\/wp-content\/uploads\/2022\/03\/IQCODE_Vorschau-525x350.jpg",525,350,true],"kahuna-featured":["https:\/\/digidem-bayern.de\/wp-content\/uploads\/2022\/03\/IQCODE_Vorschau-734x350.jpg",734,350,true],"kahuna-featured-lp":["https:\/\/digidem-bayern.de\/wp-content\/uploads\/2022\/03\/IQCODE_Vorschau-520x350.jpg",520,350,true],"kahuna-featured-half":["https:\/\/digidem-bayern.de\/wp-content\/uploads\/2022\/03\/IQCODE_Vorschau-800x350.jpg",800,350,true],"kahuna-featured-third":["https:\/\/digidem-bayern.de\/wp-content\/uploads\/2022\/03\/IQCODE_Vorschau-512x350.jpg",512,350,true],"kahuna-lpbox-1":["https:\/\/digidem-bayern.de\/wp-content\/uploads\/2022\/03\/IQCODE_Vorschau-520x300.jpg",520,300,true],"kahuna-lpbox-2":["https:\/\/digidem-bayern.de\/wp-content\/uploads\/2022\/03\/IQCODE_Vorschau-520x350.jpg",520,350,true],"demand-language-flag":["https:\/\/digidem-bayern.de\/wp-content\/uploads\/2022\/03\/IQCODE_Vorschau.jpg",36,24,false],"dddkt-language-flag":["https:\/\/digidem-bayern.de\/wp-content\/uploads\/2022\/03\/IQCODE_Vorschau.jpg",36,24,false],"ddiqc-language-flag":["https:\/\/digidem-bayern.de\/wp-content\/uploads\/2022\/03\/IQCODE_Vorschau-36x36.jpg",36,36,true],"ddtl-language-flag":["https:\/\/digidem-bayern.de\/wp-content\/uploads\/2022\/03\/IQCODE_Vorschau-36x36.jpg",36,36,true],"mailpoet_newsletter_max":["https:\/\/digidem-bayern.de\/wp-content\/uploads\/2022\/03\/IQCODE_Vorschau-1320x880.jpg",1320,880,true],"kahuna-lpbox-3":["https:\/\/digidem-bayern.de\/wp-content\/uploads\/2022\/03\/IQCODE_Vorschau-520x350.jpg",520,350,true],"kahuna-featured-square":["https:\/\/digidem-bayern.de\/wp-content\/uploads\/2022\/03\/IQCODE_Vorschau-512x512.jpg",512,512,true],"kahuna-featured-square-large":["https:\/\/digidem-bayern.de\/wp-content\/uploads\/2022\/03\/IQCODE_Vorschau-1024x1024.jpg",1024,1024,true]},"uagb_author_info":{"display_name":"Anne Keefer","author_link":"https:\/\/digidem-bayern.de\/en\/author\/ag-webinar\/"},"uagb_comment_info":4,"uagb_excerpt":"75% der Menschen mit Demenz weltweit leben ohne eine gesicherte Diagnose, so der j\u00fcngste Welt-Alzheimer-Report 2021. Eine deutsche Studie berichtet einen \u00e4hnlichen Anteil. Demzufolge haben 60% keine gesicherte Diagnose. Ein wesentliches Instrument, um mehr Demenzerkrankungen zu erkennen, sind digitale Angebote. Deshalb stellt das Team von digiDEM Bayern im kommenden Webinar &hellip;","_links":{"self":[{"href":"https:\/\/digidem-bayern.de\/en\/wp-json\/wp\/v2\/posts\/16207","targetHints":{"allow":["GET"]}}],"collection":[{"href":"https:\/\/digidem-bayern.de\/en\/wp-json\/wp\/v2\/posts"}],"about":[{"href":"https:\/\/digidem-bayern.de\/en\/wp-json\/wp\/v2\/types\/post"}],"author":[{"embeddable":true,"href":"https:\/\/digidem-bayern.de\/en\/wp-json\/wp\/v2\/users\/7"}],"replies":[{"embeddable":true,"href":"https:\/\/digidem-bayern.de\/en\/wp-json\/wp\/v2\/comments?post=16207"}],"version-history":[{"count":10,"href":"https:\/\/digidem-bayern.de\/en\/wp-json\/wp\/v2\/posts\/16207\/revisions"}],"predecessor-version":[{"id":28635,"href":"https:\/\/digidem-bayern.de\/en\/wp-json\/wp\/v2\/posts\/16207\/revisions\/28635"}],"wp:featuredmedia":[{"embeddable":true,"href":"https:\/\/digidem-bayern.de\/en\/wp-json\/wp\/v2\/media\/16297"}],"wp:attachment":[{"href":"https:\/\/digidem-bayern.de\/en\/wp-json\/wp\/v2\/media?parent=16207"}],"wp:term":[{"taxonomy":"category","embeddable":true,"href":"https:\/\/digidem-bayern.de\/en\/wp-json\/wp\/v2\/categories?post=16207"},{"taxonomy":"post_tag","embeddable":true,"href":"https:\/\/digidem-bayern.de\/en\/wp-json\/wp\/v2\/tags?post=16207"}],"curies":[{"name":"wp","href":"https:\/\/api.w.org\/{rel}","templated":true}]}}