{"id":16081,"date":"2022-02-24T14:25:22","date_gmt":"2022-02-24T13:25:22","guid":{"rendered":"https:\/\/digidem-bayern.de\/?p=16081"},"modified":"2022-02-24T14:53:00","modified_gmt":"2022-02-24T13:53:00","slug":"beurteilung-der-fahrtauglichkeit-die-einschaetzungen-der-pflegenden-ist-gefragt","status":"publish","type":"post","link":"https:\/\/digidem-bayern.de\/en\/beurteilung-der-fahrtauglichkeit-die-einschaetzungen-der-pflegenden-ist-gefragt\/","title":{"rendered":"Beurteilung der Fahrtauglichkeit: Die Einsch\u00e4tzungen der Pflegenden ist gefragt"},"content":{"rendered":"<p><\/p>\n\n\n\n<p><strong>Wer einen Menschen mit Demenz (MmD) pflegt, kennt ihn und seine Bed\u00fcrfnisse sehr gut. Deshalb ist es umso wichtiger, pflegende Personen bei der Beurteilung der Fahrtauglichkeit des MmD heranzuziehen.<\/strong><\/p>\n\n\n\n<p>Pflegende befinden sich in der einzigartigen Situation, die Fahrleistung eines Patienten zu beobachten, schreiben die Autor*innen einer Studie, die im Januar 2022 ver\u00f6ffentlicht wurde. Denn aufgrund ihrer Kenntnisse gewinnen Pflegende im Lauf der Zeit einen direkten Einblick in die Fahrf\u00e4higkeiten der Patienten. Dies kommt gerade dann zum Tragen, wenn kognitive Beeintr\u00e4chtigungen neu auftreten oder fortschreiten.&nbsp;<\/p>\n\n\n\n<div class=\"wp-block-image\"><figure class=\"alignright size-large is-resized\"><img loading=\"lazy\" decoding=\"async\" src=\"https:\/\/digidem-bayern.de\/wp-content\/uploads\/2022\/02\/shutterstock_735361786-1030x687.jpg\" alt=\"\" class=\"wp-image-16082\" width=\"421\" height=\"281\" srcset=\"https:\/\/digidem-bayern.de\/wp-content\/uploads\/2022\/02\/shutterstock_735361786-1030x687.jpg 1030w, https:\/\/digidem-bayern.de\/wp-content\/uploads\/2022\/02\/shutterstock_735361786-300x200.jpg 300w, https:\/\/digidem-bayern.de\/wp-content\/uploads\/2022\/02\/shutterstock_735361786-768x512.jpg 768w, https:\/\/digidem-bayern.de\/wp-content\/uploads\/2022\/02\/shutterstock_735361786-1536x1024.jpg 1536w, https:\/\/digidem-bayern.de\/wp-content\/uploads\/2022\/02\/shutterstock_735361786-2048x1366.jpg 2048w, https:\/\/digidem-bayern.de\/wp-content\/uploads\/2022\/02\/shutterstock_735361786-525x350.jpg 525w, https:\/\/digidem-bayern.de\/wp-content\/uploads\/2022\/02\/shutterstock_735361786-1320x880.jpg 1320w, https:\/\/digidem-bayern.de\/wp-content\/uploads\/2022\/02\/shutterstock_735361786-scaled.jpg 1600w\" sizes=\"auto, (max-width: 421px) 100vw, 421px\" \/><\/figure><\/div>\n\n\n\n<p><strong>Zwei Frageb\u00f6gen<\/strong><\/p>\n\n\n\n<p>H\u00e4ufig ist es jedoch schwierig zu bestimmen, wann genau die Fahrsicherheit aufgrund von Demenz beeintr\u00e4chtigt ist und ob \u2013 fr\u00fchzeitig genug \u2013 eine umfassende Fahrbeurteilung durchgef\u00fchrt werden muss. Zu der Entscheidung, ob ein Erwachsener mit Demenz sorgf\u00e4ltiger auf seine Fahrtauglichkeit untersucht werden sollte, kann nun die Studie \u201eCaregiver Prediction of Driving Fitness in Older Adults with Dementia\u201c beitragen. Darin f\u00fcllten die Betreuer einen Fragebogen zur Fahrtauglichkeit und einen Fragebogen aus, ob die Betroffene zum Beispiel noch eine ausgewogene Mahlzeit zubereiten k\u00f6nnen.<\/p>\n\n\n\n<p>Die Autor*innen der Studie mit 179 Teilnehmenden mit Demenz kamen zu dem Ergebnis: F\u00fcr Familien und Kliniker kann es hilfreich sein, wenn pflegende Personen nicht nur die Fahrtauglichkeit beurteilen. Sondern wenn die Betreuer auch das Ausma\u00df der ben\u00f6tigten funktionellen Aktivit\u00e4ten des t\u00e4glichen Lebens einsch\u00e4tzen, zu denen unter anderem das Autofahren geh\u00f6rt.<\/p>\n\n\n\n<p><strong>Gewichtige Beurteilung durch die Pflegenden<\/strong><\/p>\n\n\n\n<p>Diese Beurteilung erwies sich als der st\u00e4rkste Faktor f\u00fcr die Einsch\u00e4tzung der Fahrtauglichkeit. Konkret: Beurteilen die Pflegenden die Fahrqualit\u00e4t, ist dies die st\u00e4rkste Variable der Vorhersage, ob Menschen mit Demenz den Praxisfahrtest bestehen oder nicht. Je schlechter die Fahrqualit\u00e4t bewertet wird und je mehr Unterst\u00fctzung ein Teilnehmender ben\u00f6tigte, um sich an Ereignisse zu erinnern, desto h\u00f6her war die Wahrscheinlichkeit, dass der Teilnehmende den Praxistest nicht bestehen w\u00fcrde.<\/p>\n\n\n\n<p>Die Kombination aus der Meinung des Betreuers \u00fcber die Fahrtauglichkeit mit dem Fragebogen-Unterpunkt \u201eGed\u00e4chtnis&#8220; erwies sich laut den Autoren als hingegen m\u00e4\u00dfig geeignet f\u00fcr die Vorhersage, bei der Pr\u00fcfung durchzufallen.<\/p>\n\n\n\n<p>Hier geht&#8217;s zur Studie:<\/p>\n\n\n\n<p><strong><strong><a href=\"https:\/\/www.tandfonline.com\/doi\/abs\/10.1080\/07317115.2021.1872130?journalCode=wcli20\">Caregiver Prediction of Driving Fitness in Older Adults with Dementia<\/a><\/strong><\/strong><\/p>\n\n\n\n<h4 class=\"wp-block-heading\"><\/h4>\n\n\n\n<p style=\"font-size:20px\"><\/p>\n\n\n\n<div style=\"height:20px\" aria-hidden=\"true\" class=\"wp-block-spacer\"><\/div>\n\n\n\n<div style=\"height:20px\" aria-hidden=\"true\" class=\"wp-block-spacer\"><\/div>","protected":false},"excerpt":{"rendered":"<p>Wer einen Menschen mit Demenz (MmD) pflegt, kennt ihn und seine Bed\u00fcrfnisse sehr gut. Deshalb ist es umso wichtiger, pflegende Personen bei der Beurteilung der Fahrtauglichkeit des MmD heranzuziehen. Pflegende befinden sich in der einzigartigen Situation, die Fahrleistung eines Patienten zu beobachten, schreiben die Autor*innen einer Studie, die im Januar &hellip;<\/p>","protected":false},"author":12,"featured_media":16082,"comment_status":"open","ping_status":"closed","sticky":false,"template":"","format":"standard","meta":{"qubely_global_settings":"","qubely_interactions":"","_uag_custom_page_level_css":"","footnotes":""},"categories":[5],"tags":[374,12,14,17,55,40,375,376,217],"class_list":["post-16081","post","type-post","status-publish","format-standard","has-post-thumbnail","hentry","category-wissenschaft-forschung","tag-autofahren","tag-demenz-2","tag-digidem","tag-digidem-bayern","tag-digitales-demenzregister-bayern","tag-fahrtauglichkeit","tag-publikation","tag-senior","tag-senioren"],"qubely_featured_image_url":{"full":["https:\/\/digidem-bayern.de\/wp-content\/uploads\/2022\/02\/shutterstock_735361786-scaled.jpg",1600,1067,false],"landscape":["https:\/\/digidem-bayern.de\/wp-content\/uploads\/2022\/02\/shutterstock_735361786-1200x750.jpg",1200,750,true],"portraits":["https:\/\/digidem-bayern.de\/wp-content\/uploads\/2022\/02\/shutterstock_735361786-540x320.jpg",540,320,true],"thumbnail":["https:\/\/digidem-bayern.de\/wp-content\/uploads\/2022\/02\/shutterstock_735361786-80x80.jpg",80,80,true],"medium":["https:\/\/digidem-bayern.de\/wp-content\/uploads\/2022\/02\/shutterstock_735361786-300x200.jpg",300,200,true],"medium_large":["https:\/\/digidem-bayern.de\/wp-content\/uploads\/2022\/02\/shutterstock_735361786-768x512.jpg",768,512,true],"large":["https:\/\/digidem-bayern.de\/wp-content\/uploads\/2022\/02\/shutterstock_735361786-1030x687.jpg",1030,687,true],"1536x1536":["https:\/\/digidem-bayern.de\/wp-content\/uploads\/2022\/02\/shutterstock_735361786-1536x1024.jpg",1536,1024,true],"2048x2048":["https:\/\/digidem-bayern.de\/wp-content\/uploads\/2022\/02\/shutterstock_735361786-2048x1366.jpg",2048,1366,true],"trp-custom-language-flag":["https:\/\/digidem-bayern.de\/wp-content\/uploads\/2022\/02\/shutterstock_735361786-scaled.jpg",18,12,false],"qubely_landscape":["https:\/\/digidem-bayern.de\/wp-content\/uploads\/2022\/02\/shutterstock_735361786-1200x750.jpg",1200,750,true],"qubely_portrait":["https:\/\/digidem-bayern.de\/wp-content\/uploads\/2022\/02\/shutterstock_735361786-540x320.jpg",540,320,true],"qubely_thumbnail":["https:\/\/digidem-bayern.de\/wp-content\/uploads\/2022\/02\/shutterstock_735361786-140x100.jpg",140,100,true],"post-thumbnail":["https:\/\/digidem-bayern.de\/wp-content\/uploads\/2022\/02\/shutterstock_735361786-525x350.jpg",525,350,true],"kahuna-featured":["https:\/\/digidem-bayern.de\/wp-content\/uploads\/2022\/02\/shutterstock_735361786-734x350.jpg",734,350,true],"kahuna-featured-lp":["https:\/\/digidem-bayern.de\/wp-content\/uploads\/2022\/02\/shutterstock_735361786-520x350.jpg",520,350,true],"kahuna-featured-half":["https:\/\/digidem-bayern.de\/wp-content\/uploads\/2022\/02\/shutterstock_735361786-800x350.jpg",800,350,true],"kahuna-featured-third":["https:\/\/digidem-bayern.de\/wp-content\/uploads\/2022\/02\/shutterstock_735361786-512x350.jpg",512,350,true],"kahuna-lpbox-1":["https:\/\/digidem-bayern.de\/wp-content\/uploads\/2022\/02\/shutterstock_735361786-520x300.jpg",520,300,true],"kahuna-lpbox-2":["https:\/\/digidem-bayern.de\/wp-content\/uploads\/2022\/02\/shutterstock_735361786-520x350.jpg",520,350,true],"demand-language-flag":["https:\/\/digidem-bayern.de\/wp-content\/uploads\/2022\/02\/shutterstock_735361786-scaled.jpg",36,24,false],"dddkt-language-flag":["https:\/\/digidem-bayern.de\/wp-content\/uploads\/2022\/02\/shutterstock_735361786-scaled.jpg",36,24,false],"ddiqc-language-flag":["https:\/\/digidem-bayern.de\/wp-content\/uploads\/2022\/02\/shutterstock_735361786-36x36.jpg",36,36,true],"ddtl-language-flag":["https:\/\/digidem-bayern.de\/wp-content\/uploads\/2022\/02\/shutterstock_735361786-36x36.jpg",36,36,true],"mailpoet_newsletter_max":["https:\/\/digidem-bayern.de\/wp-content\/uploads\/2022\/02\/shutterstock_735361786-1320x880.jpg",1320,880,true],"kahuna-lpbox-3":["https:\/\/digidem-bayern.de\/wp-content\/uploads\/2022\/02\/shutterstock_735361786-520x350.jpg",520,350,true],"kahuna-featured-square":["https:\/\/digidem-bayern.de\/wp-content\/uploads\/2022\/02\/shutterstock_735361786-512x512.jpg",512,512,true],"kahuna-featured-square-large":["https:\/\/digidem-bayern.de\/wp-content\/uploads\/2022\/02\/shutterstock_735361786-1024x1024.jpg",1024,1024,true]},"qubely_author":{"display_name":"Ilona H\u00f6rath","author_link":"https:\/\/digidem-bayern.de\/en\/author\/hoeratia\/"},"qubely_comment":1,"qubely_category":"<a href=\"https:\/\/digidem-bayern.de\/en\/category\/wissenschaft-forschung\/\" rel=\"category tag\">Wissenschaft &amp; Forschung<\/a>","qubely_excerpt":"Wer einen Menschen mit Demenz (MmD) pflegt, kennt ihn und seine Bed\u00fcrfnisse sehr gut. Deshalb ist es umso wichtiger, pflegende Personen bei der Beurteilung der Fahrtauglichkeit des MmD heranzuziehen. Pflegende befinden sich in der einzigartigen Situation, die Fahrleistung eines Patienten zu beobachten, schreiben die Autor*innen einer Studie, die im Januar &hellip;","featured_image_urls_v2":{"full":["https:\/\/digidem-bayern.de\/wp-content\/uploads\/2022\/02\/shutterstock_735361786-scaled.jpg",1600,1067,false],"thumbnail":["https:\/\/digidem-bayern.de\/wp-content\/uploads\/2022\/02\/shutterstock_735361786-80x80.jpg",80,80,true],"medium":["https:\/\/digidem-bayern.de\/wp-content\/uploads\/2022\/02\/shutterstock_735361786-300x200.jpg",300,200,true],"medium_large":["https:\/\/digidem-bayern.de\/wp-content\/uploads\/2022\/02\/shutterstock_735361786-768x512.jpg",768,512,true],"large":["https:\/\/digidem-bayern.de\/wp-content\/uploads\/2022\/02\/shutterstock_735361786-1030x687.jpg",1030,687,true],"1536x1536":["https:\/\/digidem-bayern.de\/wp-content\/uploads\/2022\/02\/shutterstock_735361786-1536x1024.jpg",1536,1024,true],"2048x2048":["https:\/\/digidem-bayern.de\/wp-content\/uploads\/2022\/02\/shutterstock_735361786-2048x1366.jpg",2048,1366,true],"trp-custom-language-flag":["https:\/\/digidem-bayern.de\/wp-content\/uploads\/2022\/02\/shutterstock_735361786-scaled.jpg",18,12,false],"qubely_landscape":["https:\/\/digidem-bayern.de\/wp-content\/uploads\/2022\/02\/shutterstock_735361786-1200x750.jpg",1200,750,true],"qubely_portrait":["https:\/\/digidem-bayern.de\/wp-content\/uploads\/2022\/02\/shutterstock_735361786-540x320.jpg",540,320,true],"qubely_thumbnail":["https:\/\/digidem-bayern.de\/wp-content\/uploads\/2022\/02\/shutterstock_735361786-140x100.jpg",140,100,true],"post-thumbnail":["https:\/\/digidem-bayern.de\/wp-content\/uploads\/2022\/02\/shutterstock_735361786-525x350.jpg",525,350,true],"kahuna-featured":["https:\/\/digidem-bayern.de\/wp-content\/uploads\/2022\/02\/shutterstock_735361786-734x350.jpg",734,350,true],"kahuna-featured-lp":["https:\/\/digidem-bayern.de\/wp-content\/uploads\/2022\/02\/shutterstock_735361786-520x350.jpg",520,350,true],"kahuna-featured-half":["https:\/\/digidem-bayern.de\/wp-content\/uploads\/2022\/02\/shutterstock_735361786-800x350.jpg",800,350,true],"kahuna-featured-third":["https:\/\/digidem-bayern.de\/wp-content\/uploads\/2022\/02\/shutterstock_735361786-512x350.jpg",512,350,true],"kahuna-lpbox-1":["https:\/\/digidem-bayern.de\/wp-content\/uploads\/2022\/02\/shutterstock_735361786-520x300.jpg",520,300,true],"kahuna-lpbox-2":["https:\/\/digidem-bayern.de\/wp-content\/uploads\/2022\/02\/shutterstock_735361786-520x350.jpg",520,350,true],"demand-language-flag":["https:\/\/digidem-bayern.de\/wp-content\/uploads\/2022\/02\/shutterstock_735361786-scaled.jpg",36,24,false],"dddkt-language-flag":["https:\/\/digidem-bayern.de\/wp-content\/uploads\/2022\/02\/shutterstock_735361786-scaled.jpg",36,24,false],"ddiqc-language-flag":["https:\/\/digidem-bayern.de\/wp-content\/uploads\/2022\/02\/shutterstock_735361786-36x36.jpg",36,36,true],"ddtl-language-flag":["https:\/\/digidem-bayern.de\/wp-content\/uploads\/2022\/02\/shutterstock_735361786-36x36.jpg",36,36,true],"mailpoet_newsletter_max":["https:\/\/digidem-bayern.de\/wp-content\/uploads\/2022\/02\/shutterstock_735361786-1320x880.jpg",1320,880,true],"kahuna-lpbox-3":["https:\/\/digidem-bayern.de\/wp-content\/uploads\/2022\/02\/shutterstock_735361786-520x350.jpg",520,350,true],"kahuna-featured-square":["https:\/\/digidem-bayern.de\/wp-content\/uploads\/2022\/02\/shutterstock_735361786-512x512.jpg",512,512,true],"kahuna-featured-square-large":["https:\/\/digidem-bayern.de\/wp-content\/uploads\/2022\/02\/shutterstock_735361786-1024x1024.jpg",1024,1024,true]},"post_excerpt_stackable_v2":"<p>Wer einen Menschen mit Demenz (MmD) pflegt, kennt ihn und seine Bed\u00fcrfnisse sehr gut. Deshalb ist es umso wichtiger, pflegende Personen bei der Beurteilung der Fahrtauglichkeit des MmD heranzuziehen. Pflegende befinden sich in der einzigartigen Situation, die Fahrleistung eines Patienten zu beobachten, schreiben die Autor*innen einer Studie, die im Januar 2022 ver\u00f6ffentlicht wurde. Denn aufgrund ihrer Kenntnisse gewinnen Pflegende im Lauf der Zeit einen direkten Einblick in die Fahrf\u00e4higkeiten der Patienten. Dies kommt gerade dann zum Tragen, wenn kognitive Beeintr\u00e4chtigungen neu auftreten oder fortschreiten.&nbsp; Zwei Frageb\u00f6gen H\u00e4ufig ist es jedoch schwierig zu bestimmen, wann genau die Fahrsicherheit aufgrund von Demenz&hellip;<\/p>\n","category_list_v2":"<a href=\"https:\/\/digidem-bayern.de\/en\/category\/wissenschaft-forschung\/\" rel=\"category tag\">Wissenschaft &amp; Forschung<\/a>","author_info_v2":{"name":"Ilona H\u00f6rath","url":"https:\/\/digidem-bayern.de\/en\/author\/hoeratia\/"},"comments_num_v2":"0 comments","yoast_head":"<!-- This site is optimized with the Yoast SEO plugin v27.4 - https:\/\/yoast.com\/product\/yoast-seo-wordpress\/ -->\n<title>Beurteilung der Fahrtauglichkeit: Die Einsch\u00e4tzungen der Pflegenden ist gefragt - digiDEM Bayern<\/title>\n<meta name=\"description\" content=\"Der Bayerische Landesapothekerkammer unterst\u00fctzt digiDEM Bayern mit Hilfe des Netzwerks &quot;Demenzfreundliche Apotheken&quot;.\" \/>\n<meta name=\"robots\" content=\"index, follow, max-snippet:-1, max-image-preview:large, max-video-preview:-1\" \/>\n<link rel=\"canonical\" href=\"https:\/\/digidem-bayern.de\/en\/beurteilung-der-fahrtauglichkeit-die-einschaetzungen-der-pflegenden-ist-gefragt\/\" \/>\n<meta property=\"og:locale\" content=\"en_US\" \/>\n<meta property=\"og:type\" content=\"article\" \/>\n<meta property=\"og:title\" content=\"Beurteilung der Fahrtauglichkeit: Die Einsch\u00e4tzungen der Pflegenden ist gefragt - digiDEM Bayern\" \/>\n<meta property=\"og:description\" content=\"Der Bayerische Landesapothekerkammer unterst\u00fctzt digiDEM Bayern mit Hilfe des Netzwerks &quot;Demenzfreundliche Apotheken&quot;.\" \/>\n<meta property=\"og:url\" content=\"https:\/\/digidem-bayern.de\/en\/beurteilung-der-fahrtauglichkeit-die-einschaetzungen-der-pflegenden-ist-gefragt\/\" \/>\n<meta property=\"og:site_name\" content=\"digiDEM Bayern\" \/>\n<meta property=\"article:publisher\" content=\"https:\/\/www.facebook.com\/digiDEMBayern\/\" \/>\n<meta property=\"article:published_time\" content=\"2022-02-24T13:25:22+00:00\" \/>\n<meta property=\"article:modified_time\" content=\"2022-02-24T13:53:00+00:00\" \/>\n<meta property=\"og:image\" content=\"https:\/\/digidem-bayern.de\/wp-content\/uploads\/2022\/02\/shutterstock_735361786-scaled.jpg\" \/>\n\t<meta property=\"og:image:width\" content=\"1600\" \/>\n\t<meta property=\"og:image:height\" content=\"1067\" \/>\n\t<meta property=\"og:image:type\" content=\"image\/jpeg\" \/>\n<meta name=\"author\" content=\"Ilona H\u00f6rath\" \/>\n<meta name=\"twitter:label1\" content=\"Written by\" \/>\n\t<meta name=\"twitter:data1\" content=\"Ilona H\u00f6rath\" \/>\n\t<meta name=\"twitter:label2\" content=\"Est. reading time\" \/>\n\t<meta name=\"twitter:data2\" content=\"2 minutes\" \/>\n<script type=\"application\/ld+json\" class=\"yoast-schema-graph\">{\"@context\":\"https:\\\/\\\/schema.org\",\"@graph\":[{\"@type\":\"Article\",\"@id\":\"https:\\\/\\\/digidem-bayern.de\\\/beurteilung-der-fahrtauglichkeit-die-einschaetzungen-der-pflegenden-ist-gefragt\\\/#article\",\"isPartOf\":{\"@id\":\"https:\\\/\\\/digidem-bayern.de\\\/beurteilung-der-fahrtauglichkeit-die-einschaetzungen-der-pflegenden-ist-gefragt\\\/\"},\"author\":{\"name\":\"Ilona H\u00f6rath\",\"@id\":\"\\\/#\\\/schema\\\/person\\\/0bc1494f46fc2a051c761322a80e0941\"},\"headline\":\"Beurteilung der Fahrtauglichkeit: Die Einsch\u00e4tzungen der Pflegenden ist gefragt\",\"datePublished\":\"2022-02-24T13:25:22+00:00\",\"dateModified\":\"2022-02-24T13:53:00+00:00\",\"mainEntityOfPage\":{\"@id\":\"https:\\\/\\\/digidem-bayern.de\\\/beurteilung-der-fahrtauglichkeit-die-einschaetzungen-der-pflegenden-ist-gefragt\\\/\"},\"wordCount\":376,\"commentCount\":0,\"publisher\":{\"@id\":\"\\\/#organization\"},\"image\":{\"@id\":\"https:\\\/\\\/digidem-bayern.de\\\/beurteilung-der-fahrtauglichkeit-die-einschaetzungen-der-pflegenden-ist-gefragt\\\/#primaryimage\"},\"thumbnailUrl\":\"https:\\\/\\\/digidem-bayern.de\\\/wp-content\\\/uploads\\\/2022\\\/02\\\/shutterstock_735361786-scaled.jpg\",\"keywords\":[\"Autofahren\",\"Demenz\",\"digidem\",\"digidem Bayern\",\"Digitales Demenzregister Bayern\",\"Fahrtauglichkeit\",\"Publikation\",\"Senior\",\"Senioren\"],\"articleSection\":[\"Wissenschaft &amp; Forschung\"],\"inLanguage\":\"en-US\",\"potentialAction\":[{\"@type\":\"CommentAction\",\"name\":\"Comment\",\"target\":[\"https:\\\/\\\/digidem-bayern.de\\\/beurteilung-der-fahrtauglichkeit-die-einschaetzungen-der-pflegenden-ist-gefragt\\\/#respond\"]}]},{\"@type\":\"WebPage\",\"@id\":\"https:\\\/\\\/digidem-bayern.de\\\/beurteilung-der-fahrtauglichkeit-die-einschaetzungen-der-pflegenden-ist-gefragt\\\/\",\"url\":\"https:\\\/\\\/digidem-bayern.de\\\/beurteilung-der-fahrtauglichkeit-die-einschaetzungen-der-pflegenden-ist-gefragt\\\/\",\"name\":\"Beurteilung der Fahrtauglichkeit: Die Einsch\u00e4tzungen der Pflegenden ist gefragt - digiDEM Bayern\",\"isPartOf\":{\"@id\":\"\\\/#website\"},\"primaryImageOfPage\":{\"@id\":\"https:\\\/\\\/digidem-bayern.de\\\/beurteilung-der-fahrtauglichkeit-die-einschaetzungen-der-pflegenden-ist-gefragt\\\/#primaryimage\"},\"image\":{\"@id\":\"https:\\\/\\\/digidem-bayern.de\\\/beurteilung-der-fahrtauglichkeit-die-einschaetzungen-der-pflegenden-ist-gefragt\\\/#primaryimage\"},\"thumbnailUrl\":\"https:\\\/\\\/digidem-bayern.de\\\/wp-content\\\/uploads\\\/2022\\\/02\\\/shutterstock_735361786-scaled.jpg\",\"datePublished\":\"2022-02-24T13:25:22+00:00\",\"dateModified\":\"2022-02-24T13:53:00+00:00\",\"description\":\"Der Bayerische Landesapothekerkammer unterst\u00fctzt digiDEM Bayern mit Hilfe des Netzwerks \\\"Demenzfreundliche Apotheken\\\".\",\"breadcrumb\":{\"@id\":\"https:\\\/\\\/digidem-bayern.de\\\/beurteilung-der-fahrtauglichkeit-die-einschaetzungen-der-pflegenden-ist-gefragt\\\/#breadcrumb\"},\"inLanguage\":\"en-US\",\"potentialAction\":[{\"@type\":\"ReadAction\",\"target\":[\"https:\\\/\\\/digidem-bayern.de\\\/beurteilung-der-fahrtauglichkeit-die-einschaetzungen-der-pflegenden-ist-gefragt\\\/\"]}]},{\"@type\":\"ImageObject\",\"inLanguage\":\"en-US\",\"@id\":\"https:\\\/\\\/digidem-bayern.de\\\/beurteilung-der-fahrtauglichkeit-die-einschaetzungen-der-pflegenden-ist-gefragt\\\/#primaryimage\",\"url\":\"https:\\\/\\\/digidem-bayern.de\\\/wp-content\\\/uploads\\\/2022\\\/02\\\/shutterstock_735361786-scaled.jpg\",\"contentUrl\":\"https:\\\/\\\/digidem-bayern.de\\\/wp-content\\\/uploads\\\/2022\\\/02\\\/shutterstock_735361786-scaled.jpg\",\"width\":1600,\"height\":1067},{\"@type\":\"BreadcrumbList\",\"@id\":\"https:\\\/\\\/digidem-bayern.de\\\/beurteilung-der-fahrtauglichkeit-die-einschaetzungen-der-pflegenden-ist-gefragt\\\/#breadcrumb\",\"itemListElement\":[{\"@type\":\"ListItem\",\"position\":1,\"name\":\"Startseite\",\"item\":\"https:\\\/\\\/digidem-bayern.de\\\/\"},{\"@type\":\"ListItem\",\"position\":2,\"name\":\"Beurteilung der Fahrtauglichkeit: Die Einsch\u00e4tzungen der Pflegenden ist gefragt\"}]},{\"@type\":\"WebSite\",\"@id\":\"\\\/#website\",\"url\":\"\\\/\",\"name\":\"digiDEM Bayern\",\"description\":\"Das digitale Demenzregister Bayern erforscht und verbessert die Angebotsstuktur f\u00fcr Menschen mit Demenz und deren Angeh\u00f6rige\",\"publisher\":{\"@id\":\"\\\/#organization\"},\"potentialAction\":[{\"@type\":\"SearchAction\",\"target\":{\"@type\":\"EntryPoint\",\"urlTemplate\":\"\\\/?s={search_term_string}\"},\"query-input\":{\"@type\":\"PropertyValueSpecification\",\"valueRequired\":true,\"valueName\":\"search_term_string\"}}],\"inLanguage\":\"en-US\"},{\"@type\":\"Organization\",\"@id\":\"\\\/#organization\",\"name\":\"digiDEM Bayern\",\"url\":\"\\\/\",\"logo\":{\"@type\":\"ImageObject\",\"inLanguage\":\"en-US\",\"@id\":\"\\\/#\\\/schema\\\/logo\\\/image\\\/\",\"url\":\"https:\\\/\\\/digidem-bayern.de\\\/wp-content\\\/uploads\\\/2022\\\/03\\\/cropped-Allgemeines_digiDEMLOGO-removebg-preview.png\",\"contentUrl\":\"https:\\\/\\\/digidem-bayern.de\\\/wp-content\\\/uploads\\\/2022\\\/03\\\/cropped-Allgemeines_digiDEMLOGO-removebg-preview.png\",\"width\":612,\"height\":357,\"caption\":\"digiDEM Bayern\"},\"image\":{\"@id\":\"\\\/#\\\/schema\\\/logo\\\/image\\\/\"},\"sameAs\":[\"https:\\\/\\\/www.facebook.com\\\/digiDEMBayern\\\/\",\"https:\\\/\\\/x.com\\\/digidem_bayern\",\"https:\\\/\\\/www.instagram.com\\\/digidem.bayern\",\"https:\\\/\\\/www.linkedin.com\\\/company\\\/digidem-bayern\\\/\"]},{\"@type\":\"Person\",\"@id\":\"\\\/#\\\/schema\\\/person\\\/0bc1494f46fc2a051c761322a80e0941\",\"name\":\"Ilona H\u00f6rath\",\"url\":\"https:\\\/\\\/digidem-bayern.de\\\/en\\\/author\\\/hoeratia\\\/\"}]}<\/script>\n<!-- \/ Yoast SEO plugin. -->","yoast_head_json":{"title":"Beurteilung der Fahrtauglichkeit: Die Einsch\u00e4tzungen der Pflegenden ist gefragt - digiDEM Bayern","description":"Der Bayerische Landesapothekerkammer unterst\u00fctzt digiDEM Bayern mit Hilfe des Netzwerks \"Demenzfreundliche Apotheken\".","robots":{"index":"index","follow":"follow","max-snippet":"max-snippet:-1","max-image-preview":"max-image-preview:large","max-video-preview":"max-video-preview:-1"},"canonical":"https:\/\/digidem-bayern.de\/en\/beurteilung-der-fahrtauglichkeit-die-einschaetzungen-der-pflegenden-ist-gefragt\/","og_locale":"en_US","og_type":"article","og_title":"Beurteilung der Fahrtauglichkeit: Die Einsch\u00e4tzungen der Pflegenden ist gefragt - digiDEM Bayern","og_description":"Der Bayerische Landesapothekerkammer unterst\u00fctzt digiDEM Bayern mit Hilfe des Netzwerks \"Demenzfreundliche Apotheken\".","og_url":"https:\/\/digidem-bayern.de\/en\/beurteilung-der-fahrtauglichkeit-die-einschaetzungen-der-pflegenden-ist-gefragt\/","og_site_name":"digiDEM Bayern","article_publisher":"https:\/\/www.facebook.com\/digiDEMBayern\/","article_published_time":"2022-02-24T13:25:22+00:00","article_modified_time":"2022-02-24T13:53:00+00:00","og_image":[{"width":1600,"height":1067,"url":"https:\/\/digidem-bayern.de\/wp-content\/uploads\/2022\/02\/shutterstock_735361786-scaled.jpg","type":"image\/jpeg"}],"author":"Ilona H\u00f6rath","twitter_misc":{"Written by":"Ilona H\u00f6rath","Est. reading time":"2 minutes"},"schema":{"@context":"https:\/\/schema.org","@graph":[{"@type":"Article","@id":"https:\/\/digidem-bayern.de\/beurteilung-der-fahrtauglichkeit-die-einschaetzungen-der-pflegenden-ist-gefragt\/#article","isPartOf":{"@id":"https:\/\/digidem-bayern.de\/beurteilung-der-fahrtauglichkeit-die-einschaetzungen-der-pflegenden-ist-gefragt\/"},"author":{"name":"Ilona H\u00f6rath","@id":"\/#\/schema\/person\/0bc1494f46fc2a051c761322a80e0941"},"headline":"Beurteilung der Fahrtauglichkeit: Die Einsch\u00e4tzungen der Pflegenden ist gefragt","datePublished":"2022-02-24T13:25:22+00:00","dateModified":"2022-02-24T13:53:00+00:00","mainEntityOfPage":{"@id":"https:\/\/digidem-bayern.de\/beurteilung-der-fahrtauglichkeit-die-einschaetzungen-der-pflegenden-ist-gefragt\/"},"wordCount":376,"commentCount":0,"publisher":{"@id":"\/#organization"},"image":{"@id":"https:\/\/digidem-bayern.de\/beurteilung-der-fahrtauglichkeit-die-einschaetzungen-der-pflegenden-ist-gefragt\/#primaryimage"},"thumbnailUrl":"https:\/\/digidem-bayern.de\/wp-content\/uploads\/2022\/02\/shutterstock_735361786-scaled.jpg","keywords":["Autofahren","Demenz","digidem","digidem Bayern","Digitales Demenzregister Bayern","Fahrtauglichkeit","Publikation","Senior","Senioren"],"articleSection":["Wissenschaft &amp; Forschung"],"inLanguage":"en-US","potentialAction":[{"@type":"CommentAction","name":"Comment","target":["https:\/\/digidem-bayern.de\/beurteilung-der-fahrtauglichkeit-die-einschaetzungen-der-pflegenden-ist-gefragt\/#respond"]}]},{"@type":"WebPage","@id":"https:\/\/digidem-bayern.de\/beurteilung-der-fahrtauglichkeit-die-einschaetzungen-der-pflegenden-ist-gefragt\/","url":"https:\/\/digidem-bayern.de\/beurteilung-der-fahrtauglichkeit-die-einschaetzungen-der-pflegenden-ist-gefragt\/","name":"Beurteilung der Fahrtauglichkeit: Die Einsch\u00e4tzungen der Pflegenden ist gefragt - digiDEM Bayern","isPartOf":{"@id":"\/#website"},"primaryImageOfPage":{"@id":"https:\/\/digidem-bayern.de\/beurteilung-der-fahrtauglichkeit-die-einschaetzungen-der-pflegenden-ist-gefragt\/#primaryimage"},"image":{"@id":"https:\/\/digidem-bayern.de\/beurteilung-der-fahrtauglichkeit-die-einschaetzungen-der-pflegenden-ist-gefragt\/#primaryimage"},"thumbnailUrl":"https:\/\/digidem-bayern.de\/wp-content\/uploads\/2022\/02\/shutterstock_735361786-scaled.jpg","datePublished":"2022-02-24T13:25:22+00:00","dateModified":"2022-02-24T13:53:00+00:00","description":"Der Bayerische Landesapothekerkammer unterst\u00fctzt digiDEM Bayern mit Hilfe des Netzwerks \"Demenzfreundliche Apotheken\".","breadcrumb":{"@id":"https:\/\/digidem-bayern.de\/beurteilung-der-fahrtauglichkeit-die-einschaetzungen-der-pflegenden-ist-gefragt\/#breadcrumb"},"inLanguage":"en-US","potentialAction":[{"@type":"ReadAction","target":["https:\/\/digidem-bayern.de\/beurteilung-der-fahrtauglichkeit-die-einschaetzungen-der-pflegenden-ist-gefragt\/"]}]},{"@type":"ImageObject","inLanguage":"en-US","@id":"https:\/\/digidem-bayern.de\/beurteilung-der-fahrtauglichkeit-die-einschaetzungen-der-pflegenden-ist-gefragt\/#primaryimage","url":"https:\/\/digidem-bayern.de\/wp-content\/uploads\/2022\/02\/shutterstock_735361786-scaled.jpg","contentUrl":"https:\/\/digidem-bayern.de\/wp-content\/uploads\/2022\/02\/shutterstock_735361786-scaled.jpg","width":1600,"height":1067},{"@type":"BreadcrumbList","@id":"https:\/\/digidem-bayern.de\/beurteilung-der-fahrtauglichkeit-die-einschaetzungen-der-pflegenden-ist-gefragt\/#breadcrumb","itemListElement":[{"@type":"ListItem","position":1,"name":"Startseite","item":"https:\/\/digidem-bayern.de\/"},{"@type":"ListItem","position":2,"name":"Beurteilung der Fahrtauglichkeit: Die Einsch\u00e4tzungen der Pflegenden ist gefragt"}]},{"@type":"WebSite","@id":"\/#website","url":"\/","name":"digiDEM Bavaria","description":"The digital dementia register in Bavaria researches and improves the structure of services for people with dementia and their relatives","publisher":{"@id":"\/#organization"},"potentialAction":[{"@type":"SearchAction","target":{"@type":"EntryPoint","urlTemplate":"\/?s={search_term_string}"},"query-input":{"@type":"PropertyValueSpecification","valueRequired":true,"valueName":"search_term_string"}}],"inLanguage":"en-US"},{"@type":"Organization","@id":"\/#organization","name":"digiDEM Bavaria","url":"\/","logo":{"@type":"ImageObject","inLanguage":"en-US","@id":"\/#\/schema\/logo\/image\/","url":"https:\/\/digidem-bayern.de\/wp-content\/uploads\/2022\/03\/cropped-Allgemeines_digiDEMLOGO-removebg-preview.png","contentUrl":"https:\/\/digidem-bayern.de\/wp-content\/uploads\/2022\/03\/cropped-Allgemeines_digiDEMLOGO-removebg-preview.png","width":612,"height":357,"caption":"digiDEM Bayern"},"image":{"@id":"\/#\/schema\/logo\/image\/"},"sameAs":["https:\/\/www.facebook.com\/digiDEMBayern\/","https:\/\/x.com\/digidem_bayern","https:\/\/www.instagram.com\/digidem.bayern","https:\/\/www.linkedin.com\/company\/digidem-bayern\/"]},{"@type":"Person","@id":"\/#\/schema\/person\/0bc1494f46fc2a051c761322a80e0941","name":"Ilona H\u00f6rath","url":"https:\/\/digidem-bayern.de\/en\/author\/hoeratia\/"}]}},"uagb_featured_image_src":{"full":["https:\/\/digidem-bayern.de\/wp-content\/uploads\/2022\/02\/shutterstock_735361786-scaled.jpg",1600,1067,false],"thumbnail":["https:\/\/digidem-bayern.de\/wp-content\/uploads\/2022\/02\/shutterstock_735361786-80x80.jpg",80,80,true],"medium":["https:\/\/digidem-bayern.de\/wp-content\/uploads\/2022\/02\/shutterstock_735361786-300x200.jpg",300,200,true],"medium_large":["https:\/\/digidem-bayern.de\/wp-content\/uploads\/2022\/02\/shutterstock_735361786-768x512.jpg",768,512,true],"large":["https:\/\/digidem-bayern.de\/wp-content\/uploads\/2022\/02\/shutterstock_735361786-1030x687.jpg",1030,687,true],"1536x1536":["https:\/\/digidem-bayern.de\/wp-content\/uploads\/2022\/02\/shutterstock_735361786-1536x1024.jpg",1536,1024,true],"2048x2048":["https:\/\/digidem-bayern.de\/wp-content\/uploads\/2022\/02\/shutterstock_735361786-2048x1366.jpg",2048,1366,true],"trp-custom-language-flag":["https:\/\/digidem-bayern.de\/wp-content\/uploads\/2022\/02\/shutterstock_735361786-scaled.jpg",18,12,false],"qubely_landscape":["https:\/\/digidem-bayern.de\/wp-content\/uploads\/2022\/02\/shutterstock_735361786-1200x750.jpg",1200,750,true],"qubely_portrait":["https:\/\/digidem-bayern.de\/wp-content\/uploads\/2022\/02\/shutterstock_735361786-540x320.jpg",540,320,true],"qubely_thumbnail":["https:\/\/digidem-bayern.de\/wp-content\/uploads\/2022\/02\/shutterstock_735361786-140x100.jpg",140,100,true],"post-thumbnail":["https:\/\/digidem-bayern.de\/wp-content\/uploads\/2022\/02\/shutterstock_735361786-525x350.jpg",525,350,true],"kahuna-featured":["https:\/\/digidem-bayern.de\/wp-content\/uploads\/2022\/02\/shutterstock_735361786-734x350.jpg",734,350,true],"kahuna-featured-lp":["https:\/\/digidem-bayern.de\/wp-content\/uploads\/2022\/02\/shutterstock_735361786-520x350.jpg",520,350,true],"kahuna-featured-half":["https:\/\/digidem-bayern.de\/wp-content\/uploads\/2022\/02\/shutterstock_735361786-800x350.jpg",800,350,true],"kahuna-featured-third":["https:\/\/digidem-bayern.de\/wp-content\/uploads\/2022\/02\/shutterstock_735361786-512x350.jpg",512,350,true],"kahuna-lpbox-1":["https:\/\/digidem-bayern.de\/wp-content\/uploads\/2022\/02\/shutterstock_735361786-520x300.jpg",520,300,true],"kahuna-lpbox-2":["https:\/\/digidem-bayern.de\/wp-content\/uploads\/2022\/02\/shutterstock_735361786-520x350.jpg",520,350,true],"demand-language-flag":["https:\/\/digidem-bayern.de\/wp-content\/uploads\/2022\/02\/shutterstock_735361786-scaled.jpg",36,24,false],"dddkt-language-flag":["https:\/\/digidem-bayern.de\/wp-content\/uploads\/2022\/02\/shutterstock_735361786-scaled.jpg",36,24,false],"ddiqc-language-flag":["https:\/\/digidem-bayern.de\/wp-content\/uploads\/2022\/02\/shutterstock_735361786-36x36.jpg",36,36,true],"ddtl-language-flag":["https:\/\/digidem-bayern.de\/wp-content\/uploads\/2022\/02\/shutterstock_735361786-36x36.jpg",36,36,true],"mailpoet_newsletter_max":["https:\/\/digidem-bayern.de\/wp-content\/uploads\/2022\/02\/shutterstock_735361786-1320x880.jpg",1320,880,true],"kahuna-lpbox-3":["https:\/\/digidem-bayern.de\/wp-content\/uploads\/2022\/02\/shutterstock_735361786-520x350.jpg",520,350,true],"kahuna-featured-square":["https:\/\/digidem-bayern.de\/wp-content\/uploads\/2022\/02\/shutterstock_735361786-512x512.jpg",512,512,true],"kahuna-featured-square-large":["https:\/\/digidem-bayern.de\/wp-content\/uploads\/2022\/02\/shutterstock_735361786-1024x1024.jpg",1024,1024,true]},"uagb_author_info":{"display_name":"Ilona H\u00f6rath","author_link":"https:\/\/digidem-bayern.de\/en\/author\/hoeratia\/"},"uagb_comment_info":1,"uagb_excerpt":"Wer einen Menschen mit Demenz (MmD) pflegt, kennt ihn und seine Bed\u00fcrfnisse sehr gut. Deshalb ist es umso wichtiger, pflegende Personen bei der Beurteilung der Fahrtauglichkeit des MmD heranzuziehen. Pflegende befinden sich in der einzigartigen Situation, die Fahrleistung eines Patienten zu beobachten, schreiben die Autor*innen einer Studie, die im Januar &hellip;","_links":{"self":[{"href":"https:\/\/digidem-bayern.de\/en\/wp-json\/wp\/v2\/posts\/16081","targetHints":{"allow":["GET"]}}],"collection":[{"href":"https:\/\/digidem-bayern.de\/en\/wp-json\/wp\/v2\/posts"}],"about":[{"href":"https:\/\/digidem-bayern.de\/en\/wp-json\/wp\/v2\/types\/post"}],"author":[{"embeddable":true,"href":"https:\/\/digidem-bayern.de\/en\/wp-json\/wp\/v2\/users\/12"}],"replies":[{"embeddable":true,"href":"https:\/\/digidem-bayern.de\/en\/wp-json\/wp\/v2\/comments?post=16081"}],"version-history":[{"count":2,"href":"https:\/\/digidem-bayern.de\/en\/wp-json\/wp\/v2\/posts\/16081\/revisions"}],"predecessor-version":[{"id":16091,"href":"https:\/\/digidem-bayern.de\/en\/wp-json\/wp\/v2\/posts\/16081\/revisions\/16091"}],"wp:featuredmedia":[{"embeddable":true,"href":"https:\/\/digidem-bayern.de\/en\/wp-json\/wp\/v2\/media\/16082"}],"wp:attachment":[{"href":"https:\/\/digidem-bayern.de\/en\/wp-json\/wp\/v2\/media?parent=16081"}],"wp:term":[{"taxonomy":"category","embeddable":true,"href":"https:\/\/digidem-bayern.de\/en\/wp-json\/wp\/v2\/categories?post=16081"},{"taxonomy":"post_tag","embeddable":true,"href":"https:\/\/digidem-bayern.de\/en\/wp-json\/wp\/v2\/tags?post=16081"}],"curies":[{"name":"wp","href":"https:\/\/api.w.org\/{rel}","templated":true}]}}