{"id":15873,"date":"2022-02-10T16:02:21","date_gmt":"2022-02-10T15:02:21","guid":{"rendered":"https:\/\/digidem-bayern.de\/?p=15873"},"modified":"2023-05-11T15:16:26","modified_gmt":"2023-05-11T13:16:26","slug":"webinar-kommunikation-mit-menschen-mit-demenz-gesprache-fuhren-anhand-des-beispiels-der-integrativen-validation","status":"publish","type":"post","link":"https:\/\/digidem-bayern.de\/en\/webinar-kommunikation-mit-menschen-mit-demenz-gesprache-fuhren-anhand-des-beispiels-der-integrativen-validation\/","title":{"rendered":"Kommunikation mit Menschen mit Demenz \u2013 Gespr\u00e4che f\u00fchren anhand des Beispiels der Integrativen Validation\u00ae"},"content":{"rendered":"<h4 class=\"wp-block-heading\" id=\"richtig-kommunizieren-aber-wie-wie-bereits-im-letzten-webinar-deutlich-wurde-konnen-bei-der-kommunikation-mit-menschen-mit-demenz-verschiedene-barrieren-auftreten-sie-erschweren-den-austausch-und-konnen-so-die-personliche-beziehung-mit-der-betroffenen-person-belasten-h-und-die-damit-verbundene-gesellschaftliche-teilhabe-erschwert-werden\">Richtig kommunizieren \u2013 aber wie? Wie bereits im letzten Webinar deutlich wurde, k\u00f6nnen bei der Kommunikation mit Menschen mit Demenz verschiedene Barrieren auftreten. Sie erschweren den Austausch und k\u00f6nnen so die pers\u00f6nliche Beziehung mit der betroffenen Person belasten.h und die damit verbundene gesellschaftliche Teilhabe erschwert werden.<\/h4>\n\n\n\n<div class=\"wp-block-group\"><div class=\"wp-block-group__inner-container is-layout-flow wp-block-group-is-layout-flow\">\n<div class=\"wp-block-stackable-text stk-block-text stk-block stk-2c02e38\" data-block-id=\"2c02e38\"><p class=\"stk-block-text__text\">Die Kommunikation mit Menschen mit Demenz kann erleichtert werden, indem man eine wertsch\u00e4tzende Haltung einnimmt und noch vorhandene Ressourcen in den Vordergrund r\u00fcckt. Diese beiden Aspekte sind wichtige Bausteine der Integrativen Validation nach Richard\u00ae, welche Angeh\u00f6rige und\/oder Pflegende im Umgang mit Menschen mit Demenz unterst\u00fctzen kann. Diese Methode eignet sich zum einen, um pr\u00e4ventiv Konfliktsituationen zu vermeiden, zum anderen kann in herausfordernden Situationen besser reagiert werden.<\/p><\/div>\n\n\n\n<p>Die Dipl. Psychogerontologin Sabine Seipp ist fachliche Mitarbeiterin der Fachstelle f\u00fcr Demenz und Pflege in Unterfranken (Halma e.V.) und baute zudem die Fachstelle pflegende Angeh\u00f6rige und den Pflegest\u00fctzpunkt Region W\u00fcrzburg mit auf. Im Webinar berichtet sie von verschiedenen Erfahrungen in der Kommunikation mit Menschen mit Demenz und beschreibt diese anhand des Beispiels der Integrativen Validation nach Richard\u00ae.<\/p>\n\n\n\n<p>   <\/p>\n<\/div><\/div>\n\n\n\n<div style=\"height:20px\" aria-hidden=\"true\" class=\"wp-block-spacer\"><\/div>\n\n\n\n<figure class=\"wp-block-embed is-type-video is-provider-youtube wp-block-embed-youtube wp-embed-aspect-16-9 wp-has-aspect-ratio\"><div class=\"wp-block-embed__wrapper\">\n<iframe loading=\"lazy\" title=\"Kommunikation mit Menschen mit Demenz - Gespr\u00e4che f\u00fchren anhand der Integrativen Validation\" width=\"1223\" height=\"688\" src=\"https:\/\/www.youtube.com\/embed\/qfV-CnfITjA?feature=oembed\" frameborder=\"0\" allow=\"accelerometer; autoplay; clipboard-write; encrypted-media; gyroscope; picture-in-picture\" allowfullscreen><\/iframe>\n<\/div><\/figure>\n\n\n\n<div style=\"height:20px\" aria-hidden=\"true\" class=\"wp-block-spacer\"><\/div>\n\n\n\n<p class=\"has-text-align-center\"><strong>Hier gibt es das Webinar als PDF zum <a href=\"https:\/\/digidem-bayern.de\/wp-content\/uploads\/2022\/02\/2022-02-08_digiDEM-Bayern-Science-Watch-LIVE-Nr.-31_Copyright.pdf\">Download<\/a>. <\/strong><\/p>\n\n\n\n<p class=\"has-text-align-center\"><strong>Fragen der Teilnehmer*innen und Antworten von Sabine Seipp:<\/strong><\/p>\n\n\n\n<div class=\"qubely-block-accordion  qubely-block-c349ce\" data-item-toggle=\"true\">\n<div class=\"wp-block-qubely-accordion-item qubely-block-a06377\"><div class=\"qubely-accordion-item qubely-type-fill qubely-accordion-active\"><div class=\"qubely-accordion-panel qubely-icon-position-right\"><span class=\"qubely-accordion-panel-handler\" role=\"button\"><span class=\"qubely-accordion-panel-handler-label\"><strong>Kann die integrative Validation bei Menschen, die man gut kennt, besser gelingen als bei Fremden?<\/strong><\/span><span class=\"qubely-accordion-icon fa fa-plus\"><\/span><\/span><\/div><div class=\"qubely-accordion-body\" style=\"display:block\"><div itemprop=\"text\">\n<p>Wenn man einen Menschen besser kennt, gelingt es in der Regel nat\u00fcrlich besser, weil man mehr \u00fcber die Biographie wei\u00df und den Menschen aus der vergangenen Zeit kennt. Man wei\u00df dann beispielsweise sehr gut, welche Antriebe, welche Gef\u00fchle oder welche Hobbies der Mensch hat. Aber man kann,&nbsp;wenn man die Methode sehr gut kennen gelernt hat, auch (fremde) Menschen in der Gegenwart sehr gut validieren und versuchen auf sie zuzugehen.&nbsp;Daf\u00fcr braucht man gute Sensoren, um die Haltung des Menschen und den Gesichtsausdrucks lesen zu k\u00f6nnen. Dadurch kann man erahnen, welches Gef\u00fchl im Vordergrund stehen k\u00f6nnte, so dass man dieses sehr gut spiegeln kann. Da muss man seine Schubladen mit&nbsp; Gef\u00fchlen,&nbsp;Antrieben und Redewendungen f\u00fcllen und dann hat man erstaunlicherweise doch immer wieder Erfolg damit.<\/p>\n<\/div><\/div><\/div><\/div>\n\n\n\n<div class=\"wp-block-qubely-accordion-item qubely-block-b226b1\"><div class=\"qubely-accordion-item qubely-type-fill false\"><div class=\"qubely-accordion-panel qubely-icon-position-right\"><span class=\"qubely-accordion-panel-handler\" role=\"button\"><span class=\"qubely-accordion-panel-handler-label\"><strong>Wie kann man auf herausforderndes Verhalten, wie\u00a0 z.B. lautes Schreien, Benutzen von W\u00f6rtern unter der G\u00fcrtellinie oder wiederholtes Stellen derselben Fragen, reagieren?<\/strong><\/span><span class=\"qubely-accordion-icon fa fa-plus\"><\/span><\/span><\/div><div class=\"qubely-accordion-body\"><div itemprop=\"text\">\n<p>Das Schreien ist es nochmal eine ganz besondere Thematik. Hier ist viel Wissen n\u00f6tig, zum Beispiel welche Krankheiten zu Grunde liegen oder in welchen Situationen das Schreien auftritt. Das genaue Beobachten und Aufschreiben des herausfordernden Verhaltens ist ein ganz wichtiger Punkt. Gibt es beispielsweise Zeiten am Tag, wo diese Situationen weniger oder mehr auftreten? Die Validation ist eine M\u00f6glichkeit, proaktiv, also im Vorfeld, t\u00e4tig zu werden. Zum Beispiel auf jemanden zu zugehen und ihm Angebote zu machen, wenn er ruhigere und stillere Phasen hat.<\/p>\n<\/div><\/div><\/div><\/div>\n\n\n\n<div class=\"wp-block-qubely-accordion-item qubely-block-317126\"><div class=\"qubely-accordion-item qubely-type-fill false\"><div class=\"qubely-accordion-panel qubely-icon-position-right\"><span class=\"qubely-accordion-panel-handler\" role=\"button\"><span class=\"qubely-accordion-panel-handler-label\"><strong>Wenn falsche Aussagen nicht get\u00e4tigt werden sollen, kann man trotzdem kleine Notl\u00fcgen verwenden, wenn man z.B. eine heikle Frage von dem Menschen mit Demenz gestellt bekommt? Wie kann ich damit umgehen?<\/strong><\/span><span class=\"qubely-accordion-icon fa fa-plus\"><\/span><\/span><\/div><div class=\"qubely-accordion-body\"><div itemprop=\"text\">\n<p>Es geht ja darum dem Menschen Sicherheit zu vermitteln. Wichtig ist es falsche Aussagen nicht zu best\u00e4tigen und dass man sich damit herausnimmt, um es auf eine allgemeiner Ebene zu heben. Man sollte Phrasen wie \u201eIch denke das ist so und so\u2026\u201c vermeiden&nbsp;und stattdessen Phrasen wie \u201eDa kann man sich schon wundern\u201c oder&nbsp;\u201eDas ist mir jetzt auch nicht erkl\u00e4rlich\u201c verwenden. Also man muss darauf achten, welcher Satz in der Situation passt, sodass man nicht korrigiert und die Unwahrheiten auch nicht best\u00e4tigt. Man sollte versuchen, sich aus der Situation so ein bisschen herauszuwinden, aber&nbsp;man k\u00f6nnte dies besser an konkreten Beispielen besprechen.<\/p>\n<\/div><\/div><\/div><\/div>\n\n\n\n<div class=\"wp-block-qubely-accordion-item qubely-block-af13a8\"><div class=\"qubely-accordion-item qubely-type-fill false\"><div class=\"qubely-accordion-panel qubely-icon-position-right\"><span class=\"qubely-accordion-panel-handler\" role=\"button\"><span class=\"qubely-accordion-panel-handler-label\"><strong>Ein Mensch mit Demenz sagt \u201eBleib bei mir, gehe nicht weg\u201c. Der pflegende Angeh\u00f6rige muss aber los, um Erledigungen zu machen. Wie sollte man als Angeh\u00f6riger reagieren?<\/strong><\/span><span class=\"qubely-accordion-icon fa fa-plus\"><\/span><\/span><\/div><div class=\"qubely-accordion-body\"><div itemprop=\"text\">\n<p>Zun\u00e4chst ist es hilfreich sich selber einmal zu beobachten, wie man den Abschied gestaltet und welche Haltung man selbe zu Abschieden hat.<\/p>\n\n\n\n<p>Es ist hilfreich von Beginn an Abschiedsrituale (Getr\u00e4nk und eine Kleinigkeit zu Essen (etwas zu naschen hilft h\u00e4ufig) bereitstellen, eventuell ein Haustier oder Besch\u00e4ftigung einf\u00fchren, manchmal klappt es auch mit einem Stofftier o.\u00e4.) einzuf\u00fchren und diese regelm\u00e4\u00dfig durchzuf\u00fchren. Das wirkt beruhigend. Hilfreich w\u00e4re ebenfalls eine weitere Person in die Betreuung einzubinden, um in Ruhe seine eigenen Angelegenheiten erledigen zu k\u00f6nnen (z. B. ehrenamtlichen Helfer, Nachbarschaftshilfe o.\u00e4.). Sagen k\u00f6nne man je nach Situation: \u201eEs ist ganz schwer allein zu sein \u2013 man h\u00e4tte lieber jemanden um sich \u2013 das kann ich gut verstehen.\u201c<\/p>\n<\/div><\/div><\/div><\/div>\n\n\n\n<div class=\"wp-block-qubely-accordion-item qubely-block-30d526\"><div class=\"qubely-accordion-item qubely-type-fill false\"><div class=\"qubely-accordion-panel qubely-icon-position-right\"><span class=\"qubely-accordion-panel-handler\" role=\"button\"><span class=\"qubely-accordion-panel-handler-label\"><strong>Was k\u00f6nnte man einem Menschen mit Demenz sagen, der zu Hause lebt und jeden Abend in die &#8222;richtige&#8220; Wohnung gehen will<\/strong>?<\/span><span class=\"qubely-accordion-icon fa fa-plus\"><\/span><\/span><\/div><div class=\"qubely-accordion-body\"><div itemprop=\"text\">\n<p>H\u00e4ufig hilft ein kurzer Spaziergang mit der R\u00fcckkehr in die richtige Wohnung. Vielleicht w\u00e4re es ebenfalls eine M\u00f6glichkeit auch pr\u00e4ventiv einen Spaziergang zu unternehmen. Zur\u00fcck in die \u201erichtige\u201c Wohnung ist meistens das Bed\u00fcrfnis nach Sicherheit und Geborgenheit. Diese Grundbed\u00fcrfnisse kann man benennen. Vielleicht w\u00e4re es auch m\u00f6glich eine Besch\u00e4ftigung aus der Lebensgeschichte anzubieten oder ein neues Angebot. Besprechen Sie die Situationen mit anderen Menschen\/ einer Beratungsstelle \u2013 f\u00fchren selber ein Rollenspiel und schauen, was am ehesten auch bei Ihnen selber beruhigend wirkt. Was brauchen Sie, um sich Zuhause zu f\u00fchlen?<\/p>\n<\/div><\/div><\/div><\/div>\n\n\n\n<div class=\"wp-block-qubely-accordion-item qubely-block-4124a1\"><div class=\"qubely-accordion-item qubely-type-fill false\"><div class=\"qubely-accordion-panel qubely-icon-position-right\"><span class=\"qubely-accordion-panel-handler\" role=\"button\"><span class=\"qubely-accordion-panel-handler-label\"><strong>Welche gute Literatur\/Buchtipps gibt es zu dieser Thematik<\/strong>?<\/span><span class=\"qubely-accordion-icon fa fa-plus\"><\/span><\/span><\/div><div class=\"qubely-accordion-body\"><div itemprop=\"text\">\n<p>Unsere Referentin empfiehlt: <\/p>\n\n\n\n<p>Feil, N., &amp; de Klerk-Rubin, V. (2017).&nbsp;<em><span style=\"color: #777777;\" class=\"stk-highlight\">Validation: ein Weg zum Verst\u00e4ndnis verwirrter alter Mens<\/span>chen<\/em>. Ernst Reinhardt Verlag.<\/p>\n\n\n\n<p>Richard, N.&amp; Richard, M. (2016).<em> <span style=\"color: #777777;\" class=\"stk-highlight\">DIE INTEGRATIVE VALIDATION nach Richard\u00ae <\/span><\/em>(2.Aufl.). Eigenverlag Institut f\u00fcr Integrative Validation GbR, Carlo und Monika Richard. <\/p>\n\n\n\n<p>Richard, N.&amp; Richard, M. (2016).<em> <span style=\"color: #777777;\" class=\"stk-highlight\">Integrative Validation nach Richard\u00ae &#8211; Menschen mit Demenz wertsch\u00e4tzend begegnen <\/span><\/em>(2.Aufl.). Eigenverlag Institut f\u00fcr Integrative Validation GbR, Carlo und Monika Richard.<\/p>\n<\/div><\/div><\/div><\/div>\n<\/div>\n\n\n\n<p><\/p>\n\n\n\n<p><\/p>\n\n\n\n<div style=\"height:20px\" aria-hidden=\"true\" class=\"wp-block-spacer\"><\/div>\n\n\n\n<h2 class=\"wp-block-heading has-text-align-center\" id=\"dienstag-08-02-2022-11-00-11-45-uhr\"><strong><strong>Dienstag, 08.02.2022, 11.00-11.45 Uhr<\/strong><\/strong><\/h2>\n\n\n\n<div class=\"wp-block-stackable-columns stk-block-columns stk-block stk-2d00d0a\" data-block-id=\"2d00d0a\"><div class=\"stk-row stk-inner-blocks stk-block-content stk-content-align stk-2d00d0a-column\">\n<div class=\"wp-block-stackable-column stk-block-column stk-column stk-block stk-4be652f\" data-block-id=\"4be652f\"><div class=\"stk-column-wrapper stk-block-column__content stk-container stk-4be652f-container stk--no-background stk--no-padding\"><div class=\"stk-block-content stk-inner-blocks\">\n<div class=\"wp-block-group\"><div class=\"wp-block-group__inner-container is-layout-flow wp-block-group-is-layout-flow\">\n<div class=\"wp-block-uagb-team uagb-team__image-position-above uagb-team__align-center uagb-team__stack-tablet uagb-block-94371590\"><div class=\"uagb-team__content\"><img decoding=\"async\" class=\"uagb-team__image-crop-circle\" src=\"https:\/\/digidem-bayern.de\/wp-content\/uploads\/2021\/08\/AKE-80x80.png\" alt=\"\" height=\"120\" width=\"120\" loading=\"lazy\"\/><h3 class=\"uagb-team__title\">Anne Keefer<\/h3><span class=\"uagb-team__prefix\">Wissenschaftliche Mitarbeiterin M. Sc.<\/span><p class=\"uagb-team__desc\">Moderation<\/p><\/div><\/div>\n<\/div><\/div>\n<\/div><\/div><\/div>\n\n\n\n<div class=\"wp-block-stackable-column stk-block-column stk-column stk-block stk-0638756\" data-block-id=\"0638756\"><div class=\"stk-column-wrapper stk-block-column__content stk-container stk-0638756-container stk--no-background stk--no-padding\"><div class=\"stk-block-content stk-inner-blocks\">\n<div class=\"wp-block-uagb-team uagb-team__image-position-above uagb-team__align-center uagb-team__stack-tablet uagb-block-1ed0a67b\"><div class=\"uagb-team__content\"><img decoding=\"async\" class=\"uagb-team__image-crop-circle\" src=\"https:\/\/digidem-bayern.de\/wp-content\/uploads\/2021\/08\/JRU-80x80.png\" alt=\"\" height=\"120\" width=\"120\" loading=\"lazy\"\/><h3 class=\"uagb-team__title\">Jana R\u00fchl<\/h3><span class=\"uagb-team__prefix\">Wissenschaftliche Mitarbeiterin M. Sc.<\/span><p class=\"uagb-team__desc\">Betreuung Chatroom &amp; Fragen<\/p><\/div><\/div>\n<\/div><\/div><\/div>\n<\/div><\/div>\n\n\n\n<div style=\"height:20px\" aria-hidden=\"true\" class=\"wp-block-spacer\"><\/div>\n\n\n\n<div style=\"height:20px\" aria-hidden=\"true\" class=\"wp-block-spacer\"><\/div>\n\n\n\n<p>Sie interessieren Sich f\u00fcr weitere Webinare zu Themen aus der internationalen Demenz-Forschung? In unserer <a href=\"https:\/\/test.digidem-bayern.de\/science-watch-live\/\">Mediathek<\/a> finden Sie alle vergangenen Webinare als Video-Mitschnitte.<\/p>\n\n\n\n<p>Mit der Webinar-Reihe \u201eScience Watch LIVE\u201c bieten wir einen zus\u00e4tzlichen Service zu unserem monatlichen Newsletter <a href=\"https:\/\/test.digidem-bayern.de\/newsletter\/\">digiDEM Bayern Science Wa<\/a><a href=\"https:\/\/test.digidem-bayern.de\/newsletter-2\/\">tch<\/a>, in dem wir wissenschaftliche Erkenntnisse aus der Demenzforschung bereitstellen. &nbsp;<\/p>\n\n\n\n<p>Vor dem Hintergrund massenhaft verbreiteter Halbwahrheiten und Fake News, aktuell zum Beispiel \u00fcber das neue Corona-Virus, ist gerade jetzt evidenzbasierte Wissenschaft gefragt. Es ist wichtiger denn je, wissenschaftliche Erkenntnisse so zu vermitteln, dass sie f\u00fcr die Gesellschaft verst\u00e4ndlich sind und ein Austausch dar\u00fcber gef\u00f6rdert wird. Dazu m\u00f6chten wir als digiDEM Bayern-Projektteam beitragen, jetzt auch mit <strong><em>digiDEM Bayern Science Wach LIVE<\/em><\/strong>.<\/p>\n\n\n\n<p><\/p>","protected":false},"excerpt":{"rendered":"<p>Richtig kommunizieren \u2013 aber wie? Wie bereits im letzten Webinar deutlich wurde, k\u00f6nnen bei der Kommunikation mit Menschen mit Demenz verschiedene Barrieren auftreten. Sie erschweren den Austausch und k\u00f6nnen so die pers\u00f6nliche Beziehung mit der betroffenen Person belasten.h und die damit verbundene gesellschaftliche Teilhabe erschwert werden. Die Kommunikation mit Menschen &hellip;<\/p>","protected":false},"author":12,"featured_media":14885,"comment_status":"open","ping_status":"closed","sticky":false,"template":"","format":"standard","meta":{"qubely_global_settings":"true","qubely_interactions":"","_uag_custom_page_level_css":"","footnotes":""},"categories":[123],"tags":[13,12,95,14,17,55,368,367,94],"class_list":["post-15873","post","type-post","status-publish","format-standard","has-post-thumbnail","hentry","category-sciene-watch-live-archiv","tag-alzheimer","tag-demenz-2","tag-demenzforschung","tag-digidem","tag-digidem-bayern","tag-digitales-demenzregister-bayern","tag-gabriele-wilz","tag-kommunikation","tag-webinar"],"qubely_featured_image_url":{"full":["https:\/\/digidem-bayern.de\/wp-content\/uploads\/2021\/11\/2021-11-05_Zusammenleben-1030x687-1.jpg",1030,687,false],"landscape":["https:\/\/digidem-bayern.de\/wp-content\/uploads\/2021\/11\/2021-11-05_Zusammenleben-1030x687-1.jpg",1030,687,false],"portraits":["https:\/\/digidem-bayern.de\/wp-content\/uploads\/2021\/11\/2021-11-05_Zusammenleben-1030x687-1-540x320.jpg",540,320,true],"thumbnail":["https:\/\/digidem-bayern.de\/wp-content\/uploads\/2021\/11\/2021-11-05_Zusammenleben-1030x687-1-80x80.jpg",80,80,true],"medium":["https:\/\/digidem-bayern.de\/wp-content\/uploads\/2021\/11\/2021-11-05_Zusammenleben-1030x687-1-300x200.jpg",300,200,true],"medium_large":["https:\/\/digidem-bayern.de\/wp-content\/uploads\/2021\/11\/2021-11-05_Zusammenleben-1030x687-1-768x512.jpg",768,512,true],"large":["https:\/\/digidem-bayern.de\/wp-content\/uploads\/2021\/11\/2021-11-05_Zusammenleben-1030x687-1.jpg",1030,687,false],"1536x1536":["https:\/\/digidem-bayern.de\/wp-content\/uploads\/2021\/11\/2021-11-05_Zusammenleben-1030x687-1.jpg",1030,687,false],"2048x2048":["https:\/\/digidem-bayern.de\/wp-content\/uploads\/2021\/11\/2021-11-05_Zusammenleben-1030x687-1.jpg",1030,687,false],"trp-custom-language-flag":["https:\/\/digidem-bayern.de\/wp-content\/uploads\/2021\/11\/2021-11-05_Zusammenleben-1030x687-1.jpg",18,12,false],"qubely_landscape":["https:\/\/digidem-bayern.de\/wp-content\/uploads\/2021\/11\/2021-11-05_Zusammenleben-1030x687-1.jpg",1030,687,false],"qubely_portrait":["https:\/\/digidem-bayern.de\/wp-content\/uploads\/2021\/11\/2021-11-05_Zusammenleben-1030x687-1-540x320.jpg",540,320,true],"qubely_thumbnail":["https:\/\/digidem-bayern.de\/wp-content\/uploads\/2021\/11\/2021-11-05_Zusammenleben-1030x687-1-140x100.jpg",140,100,true],"post-thumbnail":["https:\/\/digidem-bayern.de\/wp-content\/uploads\/2021\/11\/2021-11-05_Zusammenleben-1030x687-1-525x350.jpg",525,350,true],"kahuna-featured":["https:\/\/digidem-bayern.de\/wp-content\/uploads\/2021\/11\/2021-11-05_Zusammenleben-1030x687-1-734x350.jpg",734,350,true],"kahuna-featured-lp":["https:\/\/digidem-bayern.de\/wp-content\/uploads\/2021\/11\/2021-11-05_Zusammenleben-1030x687-1-520x350.jpg",520,350,true],"kahuna-featured-half":["https:\/\/digidem-bayern.de\/wp-content\/uploads\/2021\/11\/2021-11-05_Zusammenleben-1030x687-1-800x350.jpg",800,350,true],"kahuna-featured-third":["https:\/\/digidem-bayern.de\/wp-content\/uploads\/2021\/11\/2021-11-05_Zusammenleben-1030x687-1-512x350.jpg",512,350,true],"kahuna-lpbox-1":["https:\/\/digidem-bayern.de\/wp-content\/uploads\/2021\/11\/2021-11-05_Zusammenleben-1030x687-1-520x300.jpg",520,300,true],"kahuna-lpbox-2":["https:\/\/digidem-bayern.de\/wp-content\/uploads\/2021\/11\/2021-11-05_Zusammenleben-1030x687-1-520x350.jpg",520,350,true],"demand-language-flag":["https:\/\/digidem-bayern.de\/wp-content\/uploads\/2021\/11\/2021-11-05_Zusammenleben-1030x687-1.jpg",36,24,false],"dddkt-language-flag":["https:\/\/digidem-bayern.de\/wp-content\/uploads\/2021\/11\/2021-11-05_Zusammenleben-1030x687-1.jpg",36,24,false],"ddiqc-language-flag":["https:\/\/digidem-bayern.de\/wp-content\/uploads\/2021\/11\/2021-11-05_Zusammenleben-1030x687-1.jpg",36,24,false],"ddtl-language-flag":["https:\/\/digidem-bayern.de\/wp-content\/uploads\/2021\/11\/2021-11-05_Zusammenleben-1030x687-1-36x36.jpg",36,36,true],"mailpoet_newsletter_max":["https:\/\/digidem-bayern.de\/wp-content\/uploads\/2021\/11\/2021-11-05_Zusammenleben-1030x687-1.jpg",1030,687,false],"kahuna-lpbox-3":["https:\/\/digidem-bayern.de\/wp-content\/uploads\/2021\/11\/2021-11-05_Zusammenleben-1030x687-1-520x350.jpg",520,350,true],"kahuna-featured-square":["https:\/\/digidem-bayern.de\/wp-content\/uploads\/2021\/11\/2021-11-05_Zusammenleben-1030x687-1-512x512.jpg",512,512,true],"kahuna-featured-square-large":["https:\/\/digidem-bayern.de\/wp-content\/uploads\/2021\/11\/2021-11-05_Zusammenleben-1030x687-1-1024x687.jpg",1024,687,true]},"qubely_author":{"display_name":"Ilona H\u00f6rath","author_link":"https:\/\/digidem-bayern.de\/en\/author\/hoeratia\/"},"qubely_comment":2,"qubely_category":"<a href=\"https:\/\/digidem-bayern.de\/en\/category\/sciene-watch-live-archiv\/\" rel=\"category tag\">Sciene Watch Live ARCHIV<\/a>","qubely_excerpt":"Richtig kommunizieren \u2013 aber wie? Wie bereits im letzten Webinar deutlich wurde, k\u00f6nnen bei der Kommunikation mit Menschen mit Demenz verschiedene Barrieren auftreten. Sie erschweren den Austausch und k\u00f6nnen so die pers\u00f6nliche Beziehung mit der betroffenen Person belasten.h und die damit verbundene gesellschaftliche Teilhabe erschwert werden. Die Kommunikation mit Menschen &hellip;","featured_image_urls_v2":{"full":["https:\/\/digidem-bayern.de\/wp-content\/uploads\/2021\/11\/2021-11-05_Zusammenleben-1030x687-1.jpg",1030,687,false],"thumbnail":["https:\/\/digidem-bayern.de\/wp-content\/uploads\/2021\/11\/2021-11-05_Zusammenleben-1030x687-1-80x80.jpg",80,80,true],"medium":["https:\/\/digidem-bayern.de\/wp-content\/uploads\/2021\/11\/2021-11-05_Zusammenleben-1030x687-1-300x200.jpg",300,200,true],"medium_large":["https:\/\/digidem-bayern.de\/wp-content\/uploads\/2021\/11\/2021-11-05_Zusammenleben-1030x687-1-768x512.jpg",768,512,true],"large":["https:\/\/digidem-bayern.de\/wp-content\/uploads\/2021\/11\/2021-11-05_Zusammenleben-1030x687-1.jpg",1030,687,false],"1536x1536":["https:\/\/digidem-bayern.de\/wp-content\/uploads\/2021\/11\/2021-11-05_Zusammenleben-1030x687-1.jpg",1030,687,false],"2048x2048":["https:\/\/digidem-bayern.de\/wp-content\/uploads\/2021\/11\/2021-11-05_Zusammenleben-1030x687-1.jpg",1030,687,false],"trp-custom-language-flag":["https:\/\/digidem-bayern.de\/wp-content\/uploads\/2021\/11\/2021-11-05_Zusammenleben-1030x687-1.jpg",18,12,false],"qubely_landscape":["https:\/\/digidem-bayern.de\/wp-content\/uploads\/2021\/11\/2021-11-05_Zusammenleben-1030x687-1.jpg",1030,687,false],"qubely_portrait":["https:\/\/digidem-bayern.de\/wp-content\/uploads\/2021\/11\/2021-11-05_Zusammenleben-1030x687-1-540x320.jpg",540,320,true],"qubely_thumbnail":["https:\/\/digidem-bayern.de\/wp-content\/uploads\/2021\/11\/2021-11-05_Zusammenleben-1030x687-1-140x100.jpg",140,100,true],"post-thumbnail":["https:\/\/digidem-bayern.de\/wp-content\/uploads\/2021\/11\/2021-11-05_Zusammenleben-1030x687-1-525x350.jpg",525,350,true],"kahuna-featured":["https:\/\/digidem-bayern.de\/wp-content\/uploads\/2021\/11\/2021-11-05_Zusammenleben-1030x687-1-734x350.jpg",734,350,true],"kahuna-featured-lp":["https:\/\/digidem-bayern.de\/wp-content\/uploads\/2021\/11\/2021-11-05_Zusammenleben-1030x687-1-520x350.jpg",520,350,true],"kahuna-featured-half":["https:\/\/digidem-bayern.de\/wp-content\/uploads\/2021\/11\/2021-11-05_Zusammenleben-1030x687-1-800x350.jpg",800,350,true],"kahuna-featured-third":["https:\/\/digidem-bayern.de\/wp-content\/uploads\/2021\/11\/2021-11-05_Zusammenleben-1030x687-1-512x350.jpg",512,350,true],"kahuna-lpbox-1":["https:\/\/digidem-bayern.de\/wp-content\/uploads\/2021\/11\/2021-11-05_Zusammenleben-1030x687-1-520x300.jpg",520,300,true],"kahuna-lpbox-2":["https:\/\/digidem-bayern.de\/wp-content\/uploads\/2021\/11\/2021-11-05_Zusammenleben-1030x687-1-520x350.jpg",520,350,true],"demand-language-flag":["https:\/\/digidem-bayern.de\/wp-content\/uploads\/2021\/11\/2021-11-05_Zusammenleben-1030x687-1.jpg",36,24,false],"dddkt-language-flag":["https:\/\/digidem-bayern.de\/wp-content\/uploads\/2021\/11\/2021-11-05_Zusammenleben-1030x687-1.jpg",36,24,false],"ddiqc-language-flag":["https:\/\/digidem-bayern.de\/wp-content\/uploads\/2021\/11\/2021-11-05_Zusammenleben-1030x687-1.jpg",36,24,false],"ddtl-language-flag":["https:\/\/digidem-bayern.de\/wp-content\/uploads\/2021\/11\/2021-11-05_Zusammenleben-1030x687-1-36x36.jpg",36,36,true],"mailpoet_newsletter_max":["https:\/\/digidem-bayern.de\/wp-content\/uploads\/2021\/11\/2021-11-05_Zusammenleben-1030x687-1.jpg",1030,687,false],"kahuna-lpbox-3":["https:\/\/digidem-bayern.de\/wp-content\/uploads\/2021\/11\/2021-11-05_Zusammenleben-1030x687-1-520x350.jpg",520,350,true],"kahuna-featured-square":["https:\/\/digidem-bayern.de\/wp-content\/uploads\/2021\/11\/2021-11-05_Zusammenleben-1030x687-1-512x512.jpg",512,512,true],"kahuna-featured-square-large":["https:\/\/digidem-bayern.de\/wp-content\/uploads\/2021\/11\/2021-11-05_Zusammenleben-1030x687-1-1024x687.jpg",1024,687,true]},"post_excerpt_stackable_v2":"<p>Richtig kommunizieren \u2013 aber wie? Wie bereits im letzten Webinar deutlich wurde, k\u00f6nnen bei der Kommunikation mit Menschen mit Demenz verschiedene Barrieren auftreten. Sie erschweren den Austausch und k\u00f6nnen so die pers\u00f6nliche Beziehung mit der betroffenen Person belasten.h und die damit verbundene gesellschaftliche Teilhabe erschwert werden. Die Kommunikation mit Menschen mit Demenz kann erleichtert werden, indem man eine wertsch\u00e4tzende Haltung einnimmt und noch vorhandene Ressourcen in den Vordergrund r\u00fcckt. Diese beiden Aspekte sind wichtige Bausteine der Integrativen Validation nach Richard\u00ae, welche Angeh\u00f6rige und\/oder Pflegende im Umgang mit Menschen mit Demenz unterst\u00fctzen kann. Diese Methode eignet sich zum einen, um pr\u00e4ventiv&hellip;<\/p>\n","category_list_v2":"<a href=\"https:\/\/digidem-bayern.de\/en\/category\/sciene-watch-live-archiv\/\" rel=\"category tag\">Sciene Watch Live ARCHIV<\/a>","author_info_v2":{"name":"Ilona H\u00f6rath","url":"https:\/\/digidem-bayern.de\/en\/author\/hoeratia\/"},"comments_num_v2":"0 comments","yoast_head":"<!-- This site is optimized with the Yoast SEO plugin v27.4 - https:\/\/yoast.com\/product\/yoast-seo-wordpress\/ -->\n<title>Kommunikation mit Menschen mit Demenz \u2013 Gespr\u00e4che f\u00fchren anhand des Beispiels der Integrativen Validation\u00ae - digiDEM Bayern<\/title>\n<meta name=\"description\" content=\"Im Webinar &quot;digiDEM Bayern Science Watch LIVE&quot; behandeln Wissenschaftler ein Thema aus der Demenzforschung und stehen live f\u00fcr Fragen zur Verf\u00fcgung.\" \/>\n<meta name=\"robots\" content=\"index, follow, max-snippet:-1, max-image-preview:large, max-video-preview:-1\" \/>\n<link rel=\"canonical\" href=\"https:\/\/digidem-bayern.de\/en\/webinar-kommunikation-mit-menschen-mit-demenz-gesprache-fuhren-anhand-des-beispiels-der-integrativen-validation\/\" \/>\n<meta property=\"og:locale\" content=\"en_US\" \/>\n<meta property=\"og:type\" content=\"article\" \/>\n<meta property=\"og:title\" content=\"Kommunikation mit Menschen mit Demenz \u2013 Gespr\u00e4che f\u00fchren anhand des Beispiels der Integrativen Validation\u00ae - digiDEM Bayern\" \/>\n<meta property=\"og:description\" content=\"Im Webinar &quot;digiDEM Bayern Science Watch LIVE&quot; behandeln Wissenschaftler ein Thema aus der Demenzforschung und stehen live f\u00fcr Fragen zur Verf\u00fcgung.\" \/>\n<meta property=\"og:url\" content=\"https:\/\/digidem-bayern.de\/en\/webinar-kommunikation-mit-menschen-mit-demenz-gesprache-fuhren-anhand-des-beispiels-der-integrativen-validation\/\" \/>\n<meta property=\"og:site_name\" content=\"digiDEM Bayern\" \/>\n<meta property=\"article:publisher\" content=\"https:\/\/www.facebook.com\/digiDEMBayern\/\" \/>\n<meta property=\"article:published_time\" content=\"2022-02-10T15:02:21+00:00\" \/>\n<meta property=\"article:modified_time\" content=\"2023-05-11T13:16:26+00:00\" \/>\n<meta property=\"og:image\" content=\"https:\/\/digidem-bayern.de\/wp-content\/uploads\/2021\/11\/2021-11-05_Zusammenleben-1030x687-1.jpg\" \/>\n\t<meta property=\"og:image:width\" content=\"1030\" \/>\n\t<meta property=\"og:image:height\" content=\"687\" \/>\n\t<meta property=\"og:image:type\" content=\"image\/jpeg\" \/>\n<meta name=\"author\" content=\"Ilona H\u00f6rath\" \/>\n<meta name=\"twitter:label1\" content=\"Written by\" \/>\n\t<meta name=\"twitter:data1\" content=\"Ilona H\u00f6rath\" \/>\n\t<meta name=\"twitter:label2\" content=\"Est. reading time\" \/>\n\t<meta name=\"twitter:data2\" content=\"3 minutes\" \/>\n<script type=\"application\/ld+json\" class=\"yoast-schema-graph\">{\"@context\":\"https:\\\/\\\/schema.org\",\"@graph\":[{\"@type\":\"Article\",\"@id\":\"https:\\\/\\\/digidem-bayern.de\\\/webinar-kommunikation-mit-menschen-mit-demenz-gesprache-fuhren-anhand-des-beispiels-der-integrativen-validation\\\/#article\",\"isPartOf\":{\"@id\":\"https:\\\/\\\/digidem-bayern.de\\\/webinar-kommunikation-mit-menschen-mit-demenz-gesprache-fuhren-anhand-des-beispiels-der-integrativen-validation\\\/\"},\"author\":{\"name\":\"Ilona H\u00f6rath\",\"@id\":\"\\\/#\\\/schema\\\/person\\\/0bc1494f46fc2a051c761322a80e0941\"},\"headline\":\"Kommunikation mit Menschen mit Demenz \u2013 Gespr\u00e4che f\u00fchren anhand des Beispiels der Integrativen Validation\u00ae\",\"datePublished\":\"2022-02-10T15:02:21+00:00\",\"dateModified\":\"2023-05-11T13:16:26+00:00\",\"mainEntityOfPage\":{\"@id\":\"https:\\\/\\\/digidem-bayern.de\\\/webinar-kommunikation-mit-menschen-mit-demenz-gesprache-fuhren-anhand-des-beispiels-der-integrativen-validation\\\/\"},\"wordCount\":1129,\"commentCount\":0,\"publisher\":{\"@id\":\"\\\/#organization\"},\"image\":{\"@id\":\"https:\\\/\\\/digidem-bayern.de\\\/webinar-kommunikation-mit-menschen-mit-demenz-gesprache-fuhren-anhand-des-beispiels-der-integrativen-validation\\\/#primaryimage\"},\"thumbnailUrl\":\"https:\\\/\\\/digidem-bayern.de\\\/wp-content\\\/uploads\\\/2021\\\/11\\\/2021-11-05_Zusammenleben-1030x687-1.jpg\",\"keywords\":[\"Alzheimer\",\"Demenz\",\"Demenzforschung\",\"digidem\",\"digidem Bayern\",\"Digitales Demenzregister Bayern\",\"Gabriele Wilz\",\"Kommunikation\",\"Webinar\"],\"articleSection\":[\"Sciene Watch Live ARCHIV\"],\"inLanguage\":\"en-US\",\"potentialAction\":[{\"@type\":\"CommentAction\",\"name\":\"Comment\",\"target\":[\"https:\\\/\\\/digidem-bayern.de\\\/webinar-kommunikation-mit-menschen-mit-demenz-gesprache-fuhren-anhand-des-beispiels-der-integrativen-validation\\\/#respond\"]}]},{\"@type\":\"WebPage\",\"@id\":\"https:\\\/\\\/digidem-bayern.de\\\/webinar-kommunikation-mit-menschen-mit-demenz-gesprache-fuhren-anhand-des-beispiels-der-integrativen-validation\\\/\",\"url\":\"https:\\\/\\\/digidem-bayern.de\\\/webinar-kommunikation-mit-menschen-mit-demenz-gesprache-fuhren-anhand-des-beispiels-der-integrativen-validation\\\/\",\"name\":\"Kommunikation mit Menschen mit Demenz \u2013 Gespr\u00e4che f\u00fchren anhand des Beispiels der Integrativen Validation\u00ae - digiDEM Bayern\",\"isPartOf\":{\"@id\":\"\\\/#website\"},\"primaryImageOfPage\":{\"@id\":\"https:\\\/\\\/digidem-bayern.de\\\/webinar-kommunikation-mit-menschen-mit-demenz-gesprache-fuhren-anhand-des-beispiels-der-integrativen-validation\\\/#primaryimage\"},\"image\":{\"@id\":\"https:\\\/\\\/digidem-bayern.de\\\/webinar-kommunikation-mit-menschen-mit-demenz-gesprache-fuhren-anhand-des-beispiels-der-integrativen-validation\\\/#primaryimage\"},\"thumbnailUrl\":\"https:\\\/\\\/digidem-bayern.de\\\/wp-content\\\/uploads\\\/2021\\\/11\\\/2021-11-05_Zusammenleben-1030x687-1.jpg\",\"datePublished\":\"2022-02-10T15:02:21+00:00\",\"dateModified\":\"2023-05-11T13:16:26+00:00\",\"description\":\"Im Webinar \\\"digiDEM Bayern Science Watch LIVE\\\" behandeln Wissenschaftler ein Thema aus der Demenzforschung und stehen live f\u00fcr Fragen zur Verf\u00fcgung.\",\"breadcrumb\":{\"@id\":\"https:\\\/\\\/digidem-bayern.de\\\/webinar-kommunikation-mit-menschen-mit-demenz-gesprache-fuhren-anhand-des-beispiels-der-integrativen-validation\\\/#breadcrumb\"},\"inLanguage\":\"en-US\",\"potentialAction\":[{\"@type\":\"ReadAction\",\"target\":[\"https:\\\/\\\/digidem-bayern.de\\\/webinar-kommunikation-mit-menschen-mit-demenz-gesprache-fuhren-anhand-des-beispiels-der-integrativen-validation\\\/\"]}]},{\"@type\":\"ImageObject\",\"inLanguage\":\"en-US\",\"@id\":\"https:\\\/\\\/digidem-bayern.de\\\/webinar-kommunikation-mit-menschen-mit-demenz-gesprache-fuhren-anhand-des-beispiels-der-integrativen-validation\\\/#primaryimage\",\"url\":\"https:\\\/\\\/digidem-bayern.de\\\/wp-content\\\/uploads\\\/2021\\\/11\\\/2021-11-05_Zusammenleben-1030x687-1.jpg\",\"contentUrl\":\"https:\\\/\\\/digidem-bayern.de\\\/wp-content\\\/uploads\\\/2021\\\/11\\\/2021-11-05_Zusammenleben-1030x687-1.jpg\",\"width\":1030,\"height\":687},{\"@type\":\"BreadcrumbList\",\"@id\":\"https:\\\/\\\/digidem-bayern.de\\\/webinar-kommunikation-mit-menschen-mit-demenz-gesprache-fuhren-anhand-des-beispiels-der-integrativen-validation\\\/#breadcrumb\",\"itemListElement\":[{\"@type\":\"ListItem\",\"position\":1,\"name\":\"Startseite\",\"item\":\"https:\\\/\\\/digidem-bayern.de\\\/\"},{\"@type\":\"ListItem\",\"position\":2,\"name\":\"Kommunikation mit Menschen mit Demenz \u2013 Gespr\u00e4che f\u00fchren anhand des Beispiels der Integrativen Validation\u00ae\"}]},{\"@type\":\"WebSite\",\"@id\":\"\\\/#website\",\"url\":\"\\\/\",\"name\":\"digiDEM Bayern\",\"description\":\"Das digitale Demenzregister Bayern erforscht und verbessert die Angebotsstuktur f\u00fcr Menschen mit Demenz und deren Angeh\u00f6rige\",\"publisher\":{\"@id\":\"\\\/#organization\"},\"potentialAction\":[{\"@type\":\"SearchAction\",\"target\":{\"@type\":\"EntryPoint\",\"urlTemplate\":\"\\\/?s={search_term_string}\"},\"query-input\":{\"@type\":\"PropertyValueSpecification\",\"valueRequired\":true,\"valueName\":\"search_term_string\"}}],\"inLanguage\":\"en-US\"},{\"@type\":\"Organization\",\"@id\":\"\\\/#organization\",\"name\":\"digiDEM Bayern\",\"url\":\"\\\/\",\"logo\":{\"@type\":\"ImageObject\",\"inLanguage\":\"en-US\",\"@id\":\"\\\/#\\\/schema\\\/logo\\\/image\\\/\",\"url\":\"https:\\\/\\\/digidem-bayern.de\\\/wp-content\\\/uploads\\\/2022\\\/03\\\/cropped-Allgemeines_digiDEMLOGO-removebg-preview.png\",\"contentUrl\":\"https:\\\/\\\/digidem-bayern.de\\\/wp-content\\\/uploads\\\/2022\\\/03\\\/cropped-Allgemeines_digiDEMLOGO-removebg-preview.png\",\"width\":612,\"height\":357,\"caption\":\"digiDEM Bayern\"},\"image\":{\"@id\":\"\\\/#\\\/schema\\\/logo\\\/image\\\/\"},\"sameAs\":[\"https:\\\/\\\/www.facebook.com\\\/digiDEMBayern\\\/\",\"https:\\\/\\\/x.com\\\/digidem_bayern\",\"https:\\\/\\\/www.instagram.com\\\/digidem.bayern\",\"https:\\\/\\\/www.linkedin.com\\\/company\\\/digidem-bayern\\\/\"]},{\"@type\":\"Person\",\"@id\":\"\\\/#\\\/schema\\\/person\\\/0bc1494f46fc2a051c761322a80e0941\",\"name\":\"Ilona H\u00f6rath\",\"url\":\"https:\\\/\\\/digidem-bayern.de\\\/en\\\/author\\\/hoeratia\\\/\"}]}<\/script>\n<!-- \/ Yoast SEO plugin. -->","yoast_head_json":{"title":"Kommunikation mit Menschen mit Demenz \u2013 Gespr\u00e4che f\u00fchren anhand des Beispiels der Integrativen Validation\u00ae - digiDEM Bayern","description":"Im Webinar \"digiDEM Bayern Science Watch LIVE\" behandeln Wissenschaftler ein Thema aus der Demenzforschung und stehen live f\u00fcr Fragen zur Verf\u00fcgung.","robots":{"index":"index","follow":"follow","max-snippet":"max-snippet:-1","max-image-preview":"max-image-preview:large","max-video-preview":"max-video-preview:-1"},"canonical":"https:\/\/digidem-bayern.de\/en\/webinar-kommunikation-mit-menschen-mit-demenz-gesprache-fuhren-anhand-des-beispiels-der-integrativen-validation\/","og_locale":"en_US","og_type":"article","og_title":"Kommunikation mit Menschen mit Demenz \u2013 Gespr\u00e4che f\u00fchren anhand des Beispiels der Integrativen Validation\u00ae - digiDEM Bayern","og_description":"Im Webinar \"digiDEM Bayern Science Watch LIVE\" behandeln Wissenschaftler ein Thema aus der Demenzforschung und stehen live f\u00fcr Fragen zur Verf\u00fcgung.","og_url":"https:\/\/digidem-bayern.de\/en\/webinar-kommunikation-mit-menschen-mit-demenz-gesprache-fuhren-anhand-des-beispiels-der-integrativen-validation\/","og_site_name":"digiDEM Bayern","article_publisher":"https:\/\/www.facebook.com\/digiDEMBayern\/","article_published_time":"2022-02-10T15:02:21+00:00","article_modified_time":"2023-05-11T13:16:26+00:00","og_image":[{"width":1030,"height":687,"url":"https:\/\/digidem-bayern.de\/wp-content\/uploads\/2021\/11\/2021-11-05_Zusammenleben-1030x687-1.jpg","type":"image\/jpeg"}],"author":"Ilona H\u00f6rath","twitter_misc":{"Written by":"Ilona H\u00f6rath","Est. reading time":"3 minutes"},"schema":{"@context":"https:\/\/schema.org","@graph":[{"@type":"Article","@id":"https:\/\/digidem-bayern.de\/webinar-kommunikation-mit-menschen-mit-demenz-gesprache-fuhren-anhand-des-beispiels-der-integrativen-validation\/#article","isPartOf":{"@id":"https:\/\/digidem-bayern.de\/webinar-kommunikation-mit-menschen-mit-demenz-gesprache-fuhren-anhand-des-beispiels-der-integrativen-validation\/"},"author":{"name":"Ilona H\u00f6rath","@id":"\/#\/schema\/person\/0bc1494f46fc2a051c761322a80e0941"},"headline":"Kommunikation mit Menschen mit Demenz \u2013 Gespr\u00e4che f\u00fchren anhand des Beispiels der Integrativen Validation\u00ae","datePublished":"2022-02-10T15:02:21+00:00","dateModified":"2023-05-11T13:16:26+00:00","mainEntityOfPage":{"@id":"https:\/\/digidem-bayern.de\/webinar-kommunikation-mit-menschen-mit-demenz-gesprache-fuhren-anhand-des-beispiels-der-integrativen-validation\/"},"wordCount":1129,"commentCount":0,"publisher":{"@id":"\/#organization"},"image":{"@id":"https:\/\/digidem-bayern.de\/webinar-kommunikation-mit-menschen-mit-demenz-gesprache-fuhren-anhand-des-beispiels-der-integrativen-validation\/#primaryimage"},"thumbnailUrl":"https:\/\/digidem-bayern.de\/wp-content\/uploads\/2021\/11\/2021-11-05_Zusammenleben-1030x687-1.jpg","keywords":["Alzheimer","Demenz","Demenzforschung","digidem","digidem Bayern","Digitales Demenzregister Bayern","Gabriele Wilz","Kommunikation","Webinar"],"articleSection":["Sciene Watch Live ARCHIV"],"inLanguage":"en-US","potentialAction":[{"@type":"CommentAction","name":"Comment","target":["https:\/\/digidem-bayern.de\/webinar-kommunikation-mit-menschen-mit-demenz-gesprache-fuhren-anhand-des-beispiels-der-integrativen-validation\/#respond"]}]},{"@type":"WebPage","@id":"https:\/\/digidem-bayern.de\/webinar-kommunikation-mit-menschen-mit-demenz-gesprache-fuhren-anhand-des-beispiels-der-integrativen-validation\/","url":"https:\/\/digidem-bayern.de\/webinar-kommunikation-mit-menschen-mit-demenz-gesprache-fuhren-anhand-des-beispiels-der-integrativen-validation\/","name":"Kommunikation mit Menschen mit Demenz \u2013 Gespr\u00e4che f\u00fchren anhand des Beispiels der Integrativen Validation\u00ae - digiDEM Bayern","isPartOf":{"@id":"\/#website"},"primaryImageOfPage":{"@id":"https:\/\/digidem-bayern.de\/webinar-kommunikation-mit-menschen-mit-demenz-gesprache-fuhren-anhand-des-beispiels-der-integrativen-validation\/#primaryimage"},"image":{"@id":"https:\/\/digidem-bayern.de\/webinar-kommunikation-mit-menschen-mit-demenz-gesprache-fuhren-anhand-des-beispiels-der-integrativen-validation\/#primaryimage"},"thumbnailUrl":"https:\/\/digidem-bayern.de\/wp-content\/uploads\/2021\/11\/2021-11-05_Zusammenleben-1030x687-1.jpg","datePublished":"2022-02-10T15:02:21+00:00","dateModified":"2023-05-11T13:16:26+00:00","description":"Im Webinar \"digiDEM Bayern Science Watch LIVE\" behandeln Wissenschaftler ein Thema aus der Demenzforschung und stehen live f\u00fcr Fragen zur Verf\u00fcgung.","breadcrumb":{"@id":"https:\/\/digidem-bayern.de\/webinar-kommunikation-mit-menschen-mit-demenz-gesprache-fuhren-anhand-des-beispiels-der-integrativen-validation\/#breadcrumb"},"inLanguage":"en-US","potentialAction":[{"@type":"ReadAction","target":["https:\/\/digidem-bayern.de\/webinar-kommunikation-mit-menschen-mit-demenz-gesprache-fuhren-anhand-des-beispiels-der-integrativen-validation\/"]}]},{"@type":"ImageObject","inLanguage":"en-US","@id":"https:\/\/digidem-bayern.de\/webinar-kommunikation-mit-menschen-mit-demenz-gesprache-fuhren-anhand-des-beispiels-der-integrativen-validation\/#primaryimage","url":"https:\/\/digidem-bayern.de\/wp-content\/uploads\/2021\/11\/2021-11-05_Zusammenleben-1030x687-1.jpg","contentUrl":"https:\/\/digidem-bayern.de\/wp-content\/uploads\/2021\/11\/2021-11-05_Zusammenleben-1030x687-1.jpg","width":1030,"height":687},{"@type":"BreadcrumbList","@id":"https:\/\/digidem-bayern.de\/webinar-kommunikation-mit-menschen-mit-demenz-gesprache-fuhren-anhand-des-beispiels-der-integrativen-validation\/#breadcrumb","itemListElement":[{"@type":"ListItem","position":1,"name":"Startseite","item":"https:\/\/digidem-bayern.de\/"},{"@type":"ListItem","position":2,"name":"Kommunikation mit Menschen mit Demenz \u2013 Gespr\u00e4che f\u00fchren anhand des Beispiels der Integrativen Validation\u00ae"}]},{"@type":"WebSite","@id":"\/#website","url":"\/","name":"digiDEM Bavaria","description":"The digital dementia register in Bavaria researches and improves the structure of services for people with dementia and their relatives","publisher":{"@id":"\/#organization"},"potentialAction":[{"@type":"SearchAction","target":{"@type":"EntryPoint","urlTemplate":"\/?s={search_term_string}"},"query-input":{"@type":"PropertyValueSpecification","valueRequired":true,"valueName":"search_term_string"}}],"inLanguage":"en-US"},{"@type":"Organization","@id":"\/#organization","name":"digiDEM Bavaria","url":"\/","logo":{"@type":"ImageObject","inLanguage":"en-US","@id":"\/#\/schema\/logo\/image\/","url":"https:\/\/digidem-bayern.de\/wp-content\/uploads\/2022\/03\/cropped-Allgemeines_digiDEMLOGO-removebg-preview.png","contentUrl":"https:\/\/digidem-bayern.de\/wp-content\/uploads\/2022\/03\/cropped-Allgemeines_digiDEMLOGO-removebg-preview.png","width":612,"height":357,"caption":"digiDEM Bayern"},"image":{"@id":"\/#\/schema\/logo\/image\/"},"sameAs":["https:\/\/www.facebook.com\/digiDEMBayern\/","https:\/\/x.com\/digidem_bayern","https:\/\/www.instagram.com\/digidem.bayern","https:\/\/www.linkedin.com\/company\/digidem-bayern\/"]},{"@type":"Person","@id":"\/#\/schema\/person\/0bc1494f46fc2a051c761322a80e0941","name":"Ilona H\u00f6rath","url":"https:\/\/digidem-bayern.de\/en\/author\/hoeratia\/"}]}},"uagb_featured_image_src":{"full":["https:\/\/digidem-bayern.de\/wp-content\/uploads\/2021\/11\/2021-11-05_Zusammenleben-1030x687-1.jpg",1030,687,false],"thumbnail":["https:\/\/digidem-bayern.de\/wp-content\/uploads\/2021\/11\/2021-11-05_Zusammenleben-1030x687-1-80x80.jpg",80,80,true],"medium":["https:\/\/digidem-bayern.de\/wp-content\/uploads\/2021\/11\/2021-11-05_Zusammenleben-1030x687-1-300x200.jpg",300,200,true],"medium_large":["https:\/\/digidem-bayern.de\/wp-content\/uploads\/2021\/11\/2021-11-05_Zusammenleben-1030x687-1-768x512.jpg",768,512,true],"large":["https:\/\/digidem-bayern.de\/wp-content\/uploads\/2021\/11\/2021-11-05_Zusammenleben-1030x687-1.jpg",1030,687,false],"1536x1536":["https:\/\/digidem-bayern.de\/wp-content\/uploads\/2021\/11\/2021-11-05_Zusammenleben-1030x687-1.jpg",1030,687,false],"2048x2048":["https:\/\/digidem-bayern.de\/wp-content\/uploads\/2021\/11\/2021-11-05_Zusammenleben-1030x687-1.jpg",1030,687,false],"trp-custom-language-flag":["https:\/\/digidem-bayern.de\/wp-content\/uploads\/2021\/11\/2021-11-05_Zusammenleben-1030x687-1.jpg",18,12,false],"qubely_landscape":["https:\/\/digidem-bayern.de\/wp-content\/uploads\/2021\/11\/2021-11-05_Zusammenleben-1030x687-1.jpg",1030,687,false],"qubely_portrait":["https:\/\/digidem-bayern.de\/wp-content\/uploads\/2021\/11\/2021-11-05_Zusammenleben-1030x687-1-540x320.jpg",540,320,true],"qubely_thumbnail":["https:\/\/digidem-bayern.de\/wp-content\/uploads\/2021\/11\/2021-11-05_Zusammenleben-1030x687-1-140x100.jpg",140,100,true],"post-thumbnail":["https:\/\/digidem-bayern.de\/wp-content\/uploads\/2021\/11\/2021-11-05_Zusammenleben-1030x687-1-525x350.jpg",525,350,true],"kahuna-featured":["https:\/\/digidem-bayern.de\/wp-content\/uploads\/2021\/11\/2021-11-05_Zusammenleben-1030x687-1-734x350.jpg",734,350,true],"kahuna-featured-lp":["https:\/\/digidem-bayern.de\/wp-content\/uploads\/2021\/11\/2021-11-05_Zusammenleben-1030x687-1-520x350.jpg",520,350,true],"kahuna-featured-half":["https:\/\/digidem-bayern.de\/wp-content\/uploads\/2021\/11\/2021-11-05_Zusammenleben-1030x687-1-800x350.jpg",800,350,true],"kahuna-featured-third":["https:\/\/digidem-bayern.de\/wp-content\/uploads\/2021\/11\/2021-11-05_Zusammenleben-1030x687-1-512x350.jpg",512,350,true],"kahuna-lpbox-1":["https:\/\/digidem-bayern.de\/wp-content\/uploads\/2021\/11\/2021-11-05_Zusammenleben-1030x687-1-520x300.jpg",520,300,true],"kahuna-lpbox-2":["https:\/\/digidem-bayern.de\/wp-content\/uploads\/2021\/11\/2021-11-05_Zusammenleben-1030x687-1-520x350.jpg",520,350,true],"demand-language-flag":["https:\/\/digidem-bayern.de\/wp-content\/uploads\/2021\/11\/2021-11-05_Zusammenleben-1030x687-1.jpg",36,24,false],"dddkt-language-flag":["https:\/\/digidem-bayern.de\/wp-content\/uploads\/2021\/11\/2021-11-05_Zusammenleben-1030x687-1.jpg",36,24,false],"ddiqc-language-flag":["https:\/\/digidem-bayern.de\/wp-content\/uploads\/2021\/11\/2021-11-05_Zusammenleben-1030x687-1.jpg",36,24,false],"ddtl-language-flag":["https:\/\/digidem-bayern.de\/wp-content\/uploads\/2021\/11\/2021-11-05_Zusammenleben-1030x687-1-36x36.jpg",36,36,true],"mailpoet_newsletter_max":["https:\/\/digidem-bayern.de\/wp-content\/uploads\/2021\/11\/2021-11-05_Zusammenleben-1030x687-1.jpg",1030,687,false],"kahuna-lpbox-3":["https:\/\/digidem-bayern.de\/wp-content\/uploads\/2021\/11\/2021-11-05_Zusammenleben-1030x687-1-520x350.jpg",520,350,true],"kahuna-featured-square":["https:\/\/digidem-bayern.de\/wp-content\/uploads\/2021\/11\/2021-11-05_Zusammenleben-1030x687-1-512x512.jpg",512,512,true],"kahuna-featured-square-large":["https:\/\/digidem-bayern.de\/wp-content\/uploads\/2021\/11\/2021-11-05_Zusammenleben-1030x687-1-1024x687.jpg",1024,687,true]},"uagb_author_info":{"display_name":"Ilona H\u00f6rath","author_link":"https:\/\/digidem-bayern.de\/en\/author\/hoeratia\/"},"uagb_comment_info":2,"uagb_excerpt":"Richtig kommunizieren \u2013 aber wie? Wie bereits im letzten Webinar deutlich wurde, k\u00f6nnen bei der Kommunikation mit Menschen mit Demenz verschiedene Barrieren auftreten. Sie erschweren den Austausch und k\u00f6nnen so die pers\u00f6nliche Beziehung mit der betroffenen Person belasten.h und die damit verbundene gesellschaftliche Teilhabe erschwert werden. Die Kommunikation mit Menschen &hellip;","_links":{"self":[{"href":"https:\/\/digidem-bayern.de\/en\/wp-json\/wp\/v2\/posts\/15873","targetHints":{"allow":["GET"]}}],"collection":[{"href":"https:\/\/digidem-bayern.de\/en\/wp-json\/wp\/v2\/posts"}],"about":[{"href":"https:\/\/digidem-bayern.de\/en\/wp-json\/wp\/v2\/types\/post"}],"author":[{"embeddable":true,"href":"https:\/\/digidem-bayern.de\/en\/wp-json\/wp\/v2\/users\/12"}],"replies":[{"embeddable":true,"href":"https:\/\/digidem-bayern.de\/en\/wp-json\/wp\/v2\/comments?post=15873"}],"version-history":[{"count":10,"href":"https:\/\/digidem-bayern.de\/en\/wp-json\/wp\/v2\/posts\/15873\/revisions"}],"predecessor-version":[{"id":27985,"href":"https:\/\/digidem-bayern.de\/en\/wp-json\/wp\/v2\/posts\/15873\/revisions\/27985"}],"wp:featuredmedia":[{"embeddable":true,"href":"https:\/\/digidem-bayern.de\/en\/wp-json\/wp\/v2\/media\/14885"}],"wp:attachment":[{"href":"https:\/\/digidem-bayern.de\/en\/wp-json\/wp\/v2\/media?parent=15873"}],"wp:term":[{"taxonomy":"category","embeddable":true,"href":"https:\/\/digidem-bayern.de\/en\/wp-json\/wp\/v2\/categories?post=15873"},{"taxonomy":"post_tag","embeddable":true,"href":"https:\/\/digidem-bayern.de\/en\/wp-json\/wp\/v2\/tags?post=15873"}],"curies":[{"name":"wp","href":"https:\/\/api.w.org\/{rel}","templated":true}]}}