{"id":15447,"date":"2022-01-20T15:35:00","date_gmt":"2022-01-20T14:35:00","guid":{"rendered":"https:\/\/digidem-bayern.de\/?p=15447"},"modified":"2023-05-11T15:16:52","modified_gmt":"2023-05-11T13:16:52","slug":"webinar-kommunikation-mit-menschen-mit-demenz-allgemeine-hinweise-und-umgang-in-problemsituationen-2","status":"publish","type":"post","link":"https:\/\/digidem-bayern.de\/en\/webinar-kommunikation-mit-menschen-mit-demenz-allgemeine-hinweise-und-umgang-in-problemsituationen-2\/","title":{"rendered":"Kommunikation mit Menschen mit Demenz \u2013 Allgemeine Hinweise und Umgang in Problemsituationen"},"content":{"rendered":"<h4 class=\"wp-block-heading\">Die Kommunikation mit anderen Personen ist ein wesentlicher Bestandteil in unserem Alltag. Bei der Kommunikation mit Menschen mit Demenz treten jedoch verschiedene Barrieren auf, wodurch der Austausch und die damit verbundene gesellschaftliche Teilhabe erschwert werden.<\/h4>\n\n\n\n<div class=\"wp-block-group\"><div class=\"wp-block-group__inner-container is-layout-flow wp-block-group-is-layout-flow\">\n<p>Unverst\u00e4ndnis, Diskussionen, Wut und \u00c4rger oder auch sozialer R\u00fcckzug k\u00f6nnen die Folgen sein. Im Vortrag werden Hinweise gegeben, was bei der Kommunikation mit Menschen mit Demenz zu beachten ist. Zudem werden M\u00f6glichkeiten aufgezeigt, wie mit schwierigen Situationen in der h\u00e4uslichen Pflege umgegangen werden kann.<\/p>\n\n\n\n<p>Frau Prof. Dr. Gabriele Wilz leitet die Abteilung f\u00fcr Klinisch-psychologische Intervention, den Weiterbildungsstudiengang Psychologische Psychotherapie und die Ambulanz f\u00fcr Forschung und Lehre an der Friedrich-Schiller-Universit\u00e4t Jena. Sie hat im Webinar bedeutsame Aspekte, welche in der Kommunikation mit Menschen mit Demenz beachtet werden sollen, n\u00e4hergebracht. Basierend auf aktuell laufenden wissenschaftlichen Projekten hat Sie verschiedene M\u00f6glichkeiten der Gestaltung der Kommunikation anschaulich beschrieben.<\/p>\n<\/div><\/div>\n\n\n\n<div style=\"height:20px\" aria-hidden=\"true\" class=\"wp-block-spacer\"><\/div>\n\n\n\n<figure class=\"wp-block-embed is-type-video is-provider-youtube wp-block-embed-youtube wp-embed-aspect-16-9 wp-has-aspect-ratio\"><div class=\"wp-block-embed__wrapper\">\n<iframe loading=\"lazy\" title=\"Webinar: Kommunikation mit Menschen mit Demenz\u2013Allgemeine Hinweise und Umgang in Problemsituationen\" width=\"1223\" height=\"688\" src=\"https:\/\/www.youtube.com\/embed\/pIKW4p-_GUQ?feature=oembed\" frameborder=\"0\" allow=\"accelerometer; autoplay; clipboard-write; encrypted-media; gyroscope; picture-in-picture\" allowfullscreen><\/iframe>\n<\/div><\/figure>\n\n\n\n<div style=\"height:20px\" aria-hidden=\"true\" class=\"wp-block-spacer\"><\/div>\n\n\n\n<p class=\"has-text-align-center\"><strong>Hier gibt es das Webinar als PDF zum <a href=\"https:\/\/digidem-bayern.de\/wp-content\/uploads\/2022\/01\/2022-01-18_digiDEM-Bayern-Science-Watch-LIVE-Nr.-30_Copyright.pdf\" data-type=\"URL\" data-id=\"https:\/\/digidem-bayern.de\/wp-content\/uploads\/2022\/01\/2022-01-18_digiDEM-Bayern-Science-Watch-LIVE-Nr.-30_Copyright.pdf\" target=\"_blank\" rel=\"noreferrer noopener\">Download<\/a>. <\/strong><\/p>\n\n\n\n<p class=\"has-text-align-center\"><\/p>\n\n\n\n<p><\/p>\n\n\n\n<p><\/p>\n\n\n\n<p><\/p>\n\n\n\n<div style=\"height:20px\" aria-hidden=\"true\" class=\"wp-block-spacer\"><\/div>\n\n\n\n<h2 class=\"wp-block-heading has-text-align-center\"><strong><strong>Dienstag, 18.01.2022, 11.00-11.45 Uhr<\/strong><\/strong><\/h2>\n\n\n\n<div class=\"wp-block-stackable-columns stk-block-columns stk-block stk-a179e91\" data-block-id=\"a179e91\"><div class=\"stk-row stk-inner-blocks stk-block-content stk-content-align stk-a179e91-column\">\n<div class=\"wp-block-stackable-column stk-block-column stk-column stk-block stk-b475dfa\" data-block-id=\"b475dfa\"><div class=\"stk-column-wrapper stk-block-column__content stk-container stk-b475dfa-container stk--no-background stk--no-padding\"><div class=\"stk-block-content stk-inner-blocks\">\n<div class=\"wp-block-group\"><div class=\"wp-block-group__inner-container is-layout-flow wp-block-group-is-layout-flow\">\n<div class=\"wp-block-uagb-team uagb-team__image-position-above uagb-team__align-center uagb-team__stack-tablet uagb-block-683cd64f\"><div class=\"uagb-team__content\"><img decoding=\"async\" class=\"uagb-team__image-crop-circle\" src=\"https:\/\/digidem-bayern.de\/wp-content\/uploads\/2021\/08\/JRU-80x80.png\" alt=\"\" height=\"120\" width=\"120\" loading=\"lazy\"\/><h3 class=\"uagb-team__title\">Jana R\u00fchl<\/h3><span class=\"uagb-team__prefix\">Wissenschaftliche Mitarbeiterin M. Sc.<\/span><p class=\"uagb-team__desc\">Moderation<\/p><\/div><\/div>\n<\/div><\/div>\n<\/div><\/div><\/div>\n\n\n\n<div class=\"wp-block-stackable-column stk-block-column stk-column stk-block stk-437fff1\" data-block-id=\"437fff1\"><div class=\"stk-column-wrapper stk-block-column__content stk-container stk-437fff1-container stk--no-background stk--no-padding\"><div class=\"stk-block-content stk-inner-blocks\">\n<div class=\"wp-block-uagb-team uagb-team__image-position-above uagb-team__align-center uagb-team__stack-tablet uagb-block-2495d2a2\"><div class=\"uagb-team__content\"><img decoding=\"async\" class=\"uagb-team__image-crop-circle\" src=\"https:\/\/digidem-bayern.de\/wp-content\/uploads\/2021\/08\/AKE-80x80.png\" alt=\"\" height=\"120\" width=\"120\" loading=\"lazy\"\/><h3 class=\"uagb-team__title\">Anne Keefer<\/h3><span class=\"uagb-team__prefix\">Wissenschaftliche Mitarbeiterin M. Sc.<\/span><p class=\"uagb-team__desc\">Betreuung Chatroom &amp; Fragen<\/p><\/div><\/div>\n<\/div><\/div><\/div>\n<\/div><\/div>\n\n\n\n<div style=\"height:20px\" aria-hidden=\"true\" class=\"wp-block-spacer\"><\/div>\n\n\n\n<div style=\"height:20px\" aria-hidden=\"true\" class=\"wp-block-spacer\"><\/div>\n\n\n\n<p>Sie interessieren Sich f\u00fcr weitere Webinare zu Themen aus der internationalen Demenz-Forschung? In unserer <a href=\"https:\/\/test.digidem-bayern.de\/science-watch-live\/\">Mediathek<\/a> finden Sie alle vergangenen Webinare als Video-Mitschnitte.<\/p>\n\n\n\n<p>Mit der Webinar-Reihe \u201eScience Watch LIVE\u201c bieten wir einen zus\u00e4tzlichen Service zu unserem monatlichen Newsletter <a href=\"https:\/\/test.digidem-bayern.de\/newsletter\/\">digiDEM Bayern Science Wa<\/a><a href=\"https:\/\/test.digidem-bayern.de\/newsletter-2\/\">tch<\/a>, in dem wir wissenschaftliche Erkenntnisse aus der Demenzforschung bereitstellen. &nbsp;<\/p>\n\n\n\n<p>Vor dem Hintergrund massenhaft verbreiteter Halbwahrheiten und Fake News, aktuell zum Beispiel \u00fcber das neue Corona-Virus, ist gerade jetzt evidenzbasierte Wissenschaft gefragt. Es ist wichtiger denn je, wissenschaftliche Erkenntnisse so zu vermitteln, dass sie f\u00fcr die Gesellschaft verst\u00e4ndlich sind und ein Austausch dar\u00fcber gef\u00f6rdert wird. Dazu m\u00f6chten wir als digiDEM Bayern-Projektteam beitragen, jetzt auch mit <strong><em>digiDEM Bayern Science Wach LIVE<\/em><\/strong>.<\/p>\n\n\n\n<p><\/p>","protected":false},"excerpt":{"rendered":"<p>Die Kommunikation mit anderen Personen ist ein wesentlicher Bestandteil in unserem Alltag. Bei der Kommunikation mit Menschen mit Demenz treten jedoch verschiedene Barrieren auf, wodurch der Austausch und die damit verbundene gesellschaftliche Teilhabe erschwert werden. Unverst\u00e4ndnis, Diskussionen, Wut und \u00c4rger oder auch sozialer R\u00fcckzug k\u00f6nnen die Folgen sein. Im Vortrag &hellip;<\/p>","protected":false},"author":7,"featured_media":14885,"comment_status":"open","ping_status":"closed","sticky":false,"template":"","format":"standard","meta":{"qubely_global_settings":"true","qubely_interactions":"","_uag_custom_page_level_css":"","footnotes":""},"categories":[123],"tags":[13,12,95,14,17,55,368,367,94],"class_list":["post-15447","post","type-post","status-publish","format-standard","has-post-thumbnail","hentry","category-sciene-watch-live-archiv","tag-alzheimer","tag-demenz-2","tag-demenzforschung","tag-digidem","tag-digidem-bayern","tag-digitales-demenzregister-bayern","tag-gabriele-wilz","tag-kommunikation","tag-webinar"],"qubely_featured_image_url":{"full":["https:\/\/digidem-bayern.de\/wp-content\/uploads\/2021\/11\/2021-11-05_Zusammenleben-1030x687-1.jpg",1030,687,false],"landscape":["https:\/\/digidem-bayern.de\/wp-content\/uploads\/2021\/11\/2021-11-05_Zusammenleben-1030x687-1.jpg",1030,687,false],"portraits":["https:\/\/digidem-bayern.de\/wp-content\/uploads\/2021\/11\/2021-11-05_Zusammenleben-1030x687-1-540x320.jpg",540,320,true],"thumbnail":["https:\/\/digidem-bayern.de\/wp-content\/uploads\/2021\/11\/2021-11-05_Zusammenleben-1030x687-1-80x80.jpg",80,80,true],"medium":["https:\/\/digidem-bayern.de\/wp-content\/uploads\/2021\/11\/2021-11-05_Zusammenleben-1030x687-1-300x200.jpg",300,200,true],"medium_large":["https:\/\/digidem-bayern.de\/wp-content\/uploads\/2021\/11\/2021-11-05_Zusammenleben-1030x687-1-768x512.jpg",768,512,true],"large":["https:\/\/digidem-bayern.de\/wp-content\/uploads\/2021\/11\/2021-11-05_Zusammenleben-1030x687-1.jpg",1030,687,false],"1536x1536":["https:\/\/digidem-bayern.de\/wp-content\/uploads\/2021\/11\/2021-11-05_Zusammenleben-1030x687-1.jpg",1030,687,false],"2048x2048":["https:\/\/digidem-bayern.de\/wp-content\/uploads\/2021\/11\/2021-11-05_Zusammenleben-1030x687-1.jpg",1030,687,false],"trp-custom-language-flag":["https:\/\/digidem-bayern.de\/wp-content\/uploads\/2021\/11\/2021-11-05_Zusammenleben-1030x687-1.jpg",18,12,false],"qubely_landscape":["https:\/\/digidem-bayern.de\/wp-content\/uploads\/2021\/11\/2021-11-05_Zusammenleben-1030x687-1.jpg",1030,687,false],"qubely_portrait":["https:\/\/digidem-bayern.de\/wp-content\/uploads\/2021\/11\/2021-11-05_Zusammenleben-1030x687-1-540x320.jpg",540,320,true],"qubely_thumbnail":["https:\/\/digidem-bayern.de\/wp-content\/uploads\/2021\/11\/2021-11-05_Zusammenleben-1030x687-1-140x100.jpg",140,100,true],"post-thumbnail":["https:\/\/digidem-bayern.de\/wp-content\/uploads\/2021\/11\/2021-11-05_Zusammenleben-1030x687-1-525x350.jpg",525,350,true],"kahuna-featured":["https:\/\/digidem-bayern.de\/wp-content\/uploads\/2021\/11\/2021-11-05_Zusammenleben-1030x687-1-734x350.jpg",734,350,true],"kahuna-featured-lp":["https:\/\/digidem-bayern.de\/wp-content\/uploads\/2021\/11\/2021-11-05_Zusammenleben-1030x687-1-520x350.jpg",520,350,true],"kahuna-featured-half":["https:\/\/digidem-bayern.de\/wp-content\/uploads\/2021\/11\/2021-11-05_Zusammenleben-1030x687-1-800x350.jpg",800,350,true],"kahuna-featured-third":["https:\/\/digidem-bayern.de\/wp-content\/uploads\/2021\/11\/2021-11-05_Zusammenleben-1030x687-1-512x350.jpg",512,350,true],"kahuna-lpbox-1":["https:\/\/digidem-bayern.de\/wp-content\/uploads\/2021\/11\/2021-11-05_Zusammenleben-1030x687-1-520x300.jpg",520,300,true],"kahuna-lpbox-2":["https:\/\/digidem-bayern.de\/wp-content\/uploads\/2021\/11\/2021-11-05_Zusammenleben-1030x687-1-520x350.jpg",520,350,true],"demand-language-flag":["https:\/\/digidem-bayern.de\/wp-content\/uploads\/2021\/11\/2021-11-05_Zusammenleben-1030x687-1.jpg",36,24,false],"dddkt-language-flag":["https:\/\/digidem-bayern.de\/wp-content\/uploads\/2021\/11\/2021-11-05_Zusammenleben-1030x687-1.jpg",36,24,false],"ddiqc-language-flag":["https:\/\/digidem-bayern.de\/wp-content\/uploads\/2021\/11\/2021-11-05_Zusammenleben-1030x687-1.jpg",36,24,false],"ddtl-language-flag":["https:\/\/digidem-bayern.de\/wp-content\/uploads\/2021\/11\/2021-11-05_Zusammenleben-1030x687-1-36x36.jpg",36,36,true],"mailpoet_newsletter_max":["https:\/\/digidem-bayern.de\/wp-content\/uploads\/2021\/11\/2021-11-05_Zusammenleben-1030x687-1.jpg",1030,687,false],"kahuna-lpbox-3":["https:\/\/digidem-bayern.de\/wp-content\/uploads\/2021\/11\/2021-11-05_Zusammenleben-1030x687-1-520x350.jpg",520,350,true],"kahuna-featured-square":["https:\/\/digidem-bayern.de\/wp-content\/uploads\/2021\/11\/2021-11-05_Zusammenleben-1030x687-1-512x512.jpg",512,512,true],"kahuna-featured-square-large":["https:\/\/digidem-bayern.de\/wp-content\/uploads\/2021\/11\/2021-11-05_Zusammenleben-1030x687-1-1024x687.jpg",1024,687,true]},"qubely_author":{"display_name":"Anne Keefer","author_link":"https:\/\/digidem-bayern.de\/en\/author\/ag-webinar\/"},"qubely_comment":19,"qubely_category":"<a href=\"https:\/\/digidem-bayern.de\/en\/category\/sciene-watch-live-archiv\/\" rel=\"category tag\">Sciene Watch Live ARCHIV<\/a>","qubely_excerpt":"Die Kommunikation mit anderen Personen ist ein wesentlicher Bestandteil in unserem Alltag. Bei der Kommunikation mit Menschen mit Demenz treten jedoch verschiedene Barrieren auf, wodurch der Austausch und die damit verbundene gesellschaftliche Teilhabe erschwert werden. Unverst\u00e4ndnis, Diskussionen, Wut und \u00c4rger oder auch sozialer R\u00fcckzug k\u00f6nnen die Folgen sein. Im Vortrag &hellip;","featured_image_urls_v2":{"full":["https:\/\/digidem-bayern.de\/wp-content\/uploads\/2021\/11\/2021-11-05_Zusammenleben-1030x687-1.jpg",1030,687,false],"thumbnail":["https:\/\/digidem-bayern.de\/wp-content\/uploads\/2021\/11\/2021-11-05_Zusammenleben-1030x687-1-80x80.jpg",80,80,true],"medium":["https:\/\/digidem-bayern.de\/wp-content\/uploads\/2021\/11\/2021-11-05_Zusammenleben-1030x687-1-300x200.jpg",300,200,true],"medium_large":["https:\/\/digidem-bayern.de\/wp-content\/uploads\/2021\/11\/2021-11-05_Zusammenleben-1030x687-1-768x512.jpg",768,512,true],"large":["https:\/\/digidem-bayern.de\/wp-content\/uploads\/2021\/11\/2021-11-05_Zusammenleben-1030x687-1.jpg",1030,687,false],"1536x1536":["https:\/\/digidem-bayern.de\/wp-content\/uploads\/2021\/11\/2021-11-05_Zusammenleben-1030x687-1.jpg",1030,687,false],"2048x2048":["https:\/\/digidem-bayern.de\/wp-content\/uploads\/2021\/11\/2021-11-05_Zusammenleben-1030x687-1.jpg",1030,687,false],"trp-custom-language-flag":["https:\/\/digidem-bayern.de\/wp-content\/uploads\/2021\/11\/2021-11-05_Zusammenleben-1030x687-1.jpg",18,12,false],"qubely_landscape":["https:\/\/digidem-bayern.de\/wp-content\/uploads\/2021\/11\/2021-11-05_Zusammenleben-1030x687-1.jpg",1030,687,false],"qubely_portrait":["https:\/\/digidem-bayern.de\/wp-content\/uploads\/2021\/11\/2021-11-05_Zusammenleben-1030x687-1-540x320.jpg",540,320,true],"qubely_thumbnail":["https:\/\/digidem-bayern.de\/wp-content\/uploads\/2021\/11\/2021-11-05_Zusammenleben-1030x687-1-140x100.jpg",140,100,true],"post-thumbnail":["https:\/\/digidem-bayern.de\/wp-content\/uploads\/2021\/11\/2021-11-05_Zusammenleben-1030x687-1-525x350.jpg",525,350,true],"kahuna-featured":["https:\/\/digidem-bayern.de\/wp-content\/uploads\/2021\/11\/2021-11-05_Zusammenleben-1030x687-1-734x350.jpg",734,350,true],"kahuna-featured-lp":["https:\/\/digidem-bayern.de\/wp-content\/uploads\/2021\/11\/2021-11-05_Zusammenleben-1030x687-1-520x350.jpg",520,350,true],"kahuna-featured-half":["https:\/\/digidem-bayern.de\/wp-content\/uploads\/2021\/11\/2021-11-05_Zusammenleben-1030x687-1-800x350.jpg",800,350,true],"kahuna-featured-third":["https:\/\/digidem-bayern.de\/wp-content\/uploads\/2021\/11\/2021-11-05_Zusammenleben-1030x687-1-512x350.jpg",512,350,true],"kahuna-lpbox-1":["https:\/\/digidem-bayern.de\/wp-content\/uploads\/2021\/11\/2021-11-05_Zusammenleben-1030x687-1-520x300.jpg",520,300,true],"kahuna-lpbox-2":["https:\/\/digidem-bayern.de\/wp-content\/uploads\/2021\/11\/2021-11-05_Zusammenleben-1030x687-1-520x350.jpg",520,350,true],"demand-language-flag":["https:\/\/digidem-bayern.de\/wp-content\/uploads\/2021\/11\/2021-11-05_Zusammenleben-1030x687-1.jpg",36,24,false],"dddkt-language-flag":["https:\/\/digidem-bayern.de\/wp-content\/uploads\/2021\/11\/2021-11-05_Zusammenleben-1030x687-1.jpg",36,24,false],"ddiqc-language-flag":["https:\/\/digidem-bayern.de\/wp-content\/uploads\/2021\/11\/2021-11-05_Zusammenleben-1030x687-1.jpg",36,24,false],"ddtl-language-flag":["https:\/\/digidem-bayern.de\/wp-content\/uploads\/2021\/11\/2021-11-05_Zusammenleben-1030x687-1-36x36.jpg",36,36,true],"mailpoet_newsletter_max":["https:\/\/digidem-bayern.de\/wp-content\/uploads\/2021\/11\/2021-11-05_Zusammenleben-1030x687-1.jpg",1030,687,false],"kahuna-lpbox-3":["https:\/\/digidem-bayern.de\/wp-content\/uploads\/2021\/11\/2021-11-05_Zusammenleben-1030x687-1-520x350.jpg",520,350,true],"kahuna-featured-square":["https:\/\/digidem-bayern.de\/wp-content\/uploads\/2021\/11\/2021-11-05_Zusammenleben-1030x687-1-512x512.jpg",512,512,true],"kahuna-featured-square-large":["https:\/\/digidem-bayern.de\/wp-content\/uploads\/2021\/11\/2021-11-05_Zusammenleben-1030x687-1-1024x687.jpg",1024,687,true]},"post_excerpt_stackable_v2":"<p>Die Kommunikation mit anderen Personen ist ein wesentlicher Bestandteil in unserem Alltag. Bei der Kommunikation mit Menschen mit Demenz treten jedoch verschiedene Barrieren auf, wodurch der Austausch und die damit verbundene gesellschaftliche Teilhabe erschwert werden. Unverst\u00e4ndnis, Diskussionen, Wut und \u00c4rger oder auch sozialer R\u00fcckzug k\u00f6nnen die Folgen sein. Im Vortrag werden Hinweise gegeben, was bei der Kommunikation mit Menschen mit Demenz zu beachten ist. Zudem werden M\u00f6glichkeiten aufgezeigt, wie mit schwierigen Situationen in der h\u00e4uslichen Pflege umgegangen werden kann. Frau Prof. Dr. Gabriele Wilz leitet die Abteilung f\u00fcr Klinisch-psychologische Intervention, den Weiterbildungsstudiengang Psychologische Psychotherapie und die Ambulanz f\u00fcr Forschung und&hellip;<\/p>\n","category_list_v2":"<a href=\"https:\/\/digidem-bayern.de\/en\/category\/sciene-watch-live-archiv\/\" rel=\"category tag\">Sciene Watch Live ARCHIV<\/a>","author_info_v2":{"name":"Anne Keefer","url":"https:\/\/digidem-bayern.de\/en\/author\/ag-webinar\/"},"comments_num_v2":"0 comments","yoast_head":"<!-- This site is optimized with the Yoast SEO plugin v27.5 - https:\/\/yoast.com\/product\/yoast-seo-wordpress\/ -->\n<title>Kommunikation mit Menschen mit Demenz \u2013 Allgemeine Hinweise und Umgang in Problemsituationen - digiDEM Bayern<\/title>\n<meta name=\"description\" content=\"Im Webinar &quot;digiDEM Bayern Science Watch LIVE&quot; behandeln Wissenschaftler ein Thema aus der Demenzforschung und stehen live f\u00fcr Fragen zur Verf\u00fcgung.\" \/>\n<meta name=\"robots\" content=\"index, follow, max-snippet:-1, max-image-preview:large, max-video-preview:-1\" \/>\n<link rel=\"canonical\" href=\"https:\/\/digidem-bayern.de\/en\/webinar-kommunikation-mit-menschen-mit-demenz-allgemeine-hinweise-und-umgang-in-problemsituationen-2\/\" \/>\n<meta property=\"og:locale\" content=\"en_US\" \/>\n<meta property=\"og:type\" content=\"article\" \/>\n<meta property=\"og:title\" content=\"Kommunikation mit Menschen mit Demenz \u2013 Allgemeine Hinweise und Umgang in Problemsituationen - digiDEM Bayern\" \/>\n<meta property=\"og:description\" content=\"Im Webinar &quot;digiDEM Bayern Science Watch LIVE&quot; behandeln Wissenschaftler ein Thema aus der Demenzforschung und stehen live f\u00fcr Fragen zur Verf\u00fcgung.\" \/>\n<meta property=\"og:url\" content=\"https:\/\/digidem-bayern.de\/en\/webinar-kommunikation-mit-menschen-mit-demenz-allgemeine-hinweise-und-umgang-in-problemsituationen-2\/\" \/>\n<meta property=\"og:site_name\" content=\"digiDEM Bayern\" \/>\n<meta property=\"article:publisher\" content=\"https:\/\/www.facebook.com\/digiDEMBayern\/\" \/>\n<meta property=\"article:published_time\" content=\"2022-01-20T14:35:00+00:00\" \/>\n<meta property=\"article:modified_time\" content=\"2023-05-11T13:16:52+00:00\" \/>\n<meta property=\"og:image\" content=\"https:\/\/digidem-bayern.de\/wp-content\/uploads\/2021\/11\/2021-11-05_Zusammenleben-1030x687-1.jpg\" \/>\n\t<meta property=\"og:image:width\" content=\"1030\" \/>\n\t<meta property=\"og:image:height\" content=\"687\" \/>\n\t<meta property=\"og:image:type\" content=\"image\/jpeg\" \/>\n<meta name=\"author\" content=\"Anne Keefer\" \/>\n<meta name=\"twitter:label1\" content=\"Written by\" \/>\n\t<meta name=\"twitter:data1\" content=\"Anne Keefer\" \/>\n\t<meta name=\"twitter:label2\" content=\"Est. reading time\" \/>\n\t<meta name=\"twitter:data2\" content=\"3 minutes\" \/>\n<script type=\"application\/ld+json\" class=\"yoast-schema-graph\">{\"@context\":\"https:\\\/\\\/schema.org\",\"@graph\":[{\"@type\":\"Article\",\"@id\":\"https:\\\/\\\/digidem-bayern.de\\\/webinar-kommunikation-mit-menschen-mit-demenz-allgemeine-hinweise-und-umgang-in-problemsituationen-2\\\/#article\",\"isPartOf\":{\"@id\":\"https:\\\/\\\/digidem-bayern.de\\\/webinar-kommunikation-mit-menschen-mit-demenz-allgemeine-hinweise-und-umgang-in-problemsituationen-2\\\/\"},\"author\":{\"name\":\"Anne Keefer\",\"@id\":\"\\\/#\\\/schema\\\/person\\\/0e8781e0653d1a8e57ca55bd2c3cb01f\"},\"headline\":\"Kommunikation mit Menschen mit Demenz \u2013 Allgemeine Hinweise und Umgang in Problemsituationen\",\"datePublished\":\"2022-01-20T14:35:00+00:00\",\"dateModified\":\"2023-05-11T13:16:52+00:00\",\"mainEntityOfPage\":{\"@id\":\"https:\\\/\\\/digidem-bayern.de\\\/webinar-kommunikation-mit-menschen-mit-demenz-allgemeine-hinweise-und-umgang-in-problemsituationen-2\\\/\"},\"wordCount\":318,\"commentCount\":0,\"publisher\":{\"@id\":\"\\\/#organization\"},\"image\":{\"@id\":\"https:\\\/\\\/digidem-bayern.de\\\/webinar-kommunikation-mit-menschen-mit-demenz-allgemeine-hinweise-und-umgang-in-problemsituationen-2\\\/#primaryimage\"},\"thumbnailUrl\":\"https:\\\/\\\/digidem-bayern.de\\\/wp-content\\\/uploads\\\/2021\\\/11\\\/2021-11-05_Zusammenleben-1030x687-1.jpg\",\"keywords\":[\"Alzheimer\",\"Demenz\",\"Demenzforschung\",\"digidem\",\"digidem Bayern\",\"Digitales Demenzregister Bayern\",\"Gabriele Wilz\",\"Kommunikation\",\"Webinar\"],\"articleSection\":[\"Sciene Watch Live ARCHIV\"],\"inLanguage\":\"en-US\",\"potentialAction\":[{\"@type\":\"CommentAction\",\"name\":\"Comment\",\"target\":[\"https:\\\/\\\/digidem-bayern.de\\\/webinar-kommunikation-mit-menschen-mit-demenz-allgemeine-hinweise-und-umgang-in-problemsituationen-2\\\/#respond\"]}]},{\"@type\":\"WebPage\",\"@id\":\"https:\\\/\\\/digidem-bayern.de\\\/webinar-kommunikation-mit-menschen-mit-demenz-allgemeine-hinweise-und-umgang-in-problemsituationen-2\\\/\",\"url\":\"https:\\\/\\\/digidem-bayern.de\\\/webinar-kommunikation-mit-menschen-mit-demenz-allgemeine-hinweise-und-umgang-in-problemsituationen-2\\\/\",\"name\":\"Kommunikation mit Menschen mit Demenz \u2013 Allgemeine Hinweise und Umgang in Problemsituationen - digiDEM Bayern\",\"isPartOf\":{\"@id\":\"\\\/#website\"},\"primaryImageOfPage\":{\"@id\":\"https:\\\/\\\/digidem-bayern.de\\\/webinar-kommunikation-mit-menschen-mit-demenz-allgemeine-hinweise-und-umgang-in-problemsituationen-2\\\/#primaryimage\"},\"image\":{\"@id\":\"https:\\\/\\\/digidem-bayern.de\\\/webinar-kommunikation-mit-menschen-mit-demenz-allgemeine-hinweise-und-umgang-in-problemsituationen-2\\\/#primaryimage\"},\"thumbnailUrl\":\"https:\\\/\\\/digidem-bayern.de\\\/wp-content\\\/uploads\\\/2021\\\/11\\\/2021-11-05_Zusammenleben-1030x687-1.jpg\",\"datePublished\":\"2022-01-20T14:35:00+00:00\",\"dateModified\":\"2023-05-11T13:16:52+00:00\",\"description\":\"Im Webinar \\\"digiDEM Bayern Science Watch LIVE\\\" behandeln Wissenschaftler ein Thema aus der Demenzforschung und stehen live f\u00fcr Fragen zur Verf\u00fcgung.\",\"breadcrumb\":{\"@id\":\"https:\\\/\\\/digidem-bayern.de\\\/webinar-kommunikation-mit-menschen-mit-demenz-allgemeine-hinweise-und-umgang-in-problemsituationen-2\\\/#breadcrumb\"},\"inLanguage\":\"en-US\",\"potentialAction\":[{\"@type\":\"ReadAction\",\"target\":[\"https:\\\/\\\/digidem-bayern.de\\\/webinar-kommunikation-mit-menschen-mit-demenz-allgemeine-hinweise-und-umgang-in-problemsituationen-2\\\/\"]}]},{\"@type\":\"ImageObject\",\"inLanguage\":\"en-US\",\"@id\":\"https:\\\/\\\/digidem-bayern.de\\\/webinar-kommunikation-mit-menschen-mit-demenz-allgemeine-hinweise-und-umgang-in-problemsituationen-2\\\/#primaryimage\",\"url\":\"https:\\\/\\\/digidem-bayern.de\\\/wp-content\\\/uploads\\\/2021\\\/11\\\/2021-11-05_Zusammenleben-1030x687-1.jpg\",\"contentUrl\":\"https:\\\/\\\/digidem-bayern.de\\\/wp-content\\\/uploads\\\/2021\\\/11\\\/2021-11-05_Zusammenleben-1030x687-1.jpg\",\"width\":1030,\"height\":687},{\"@type\":\"BreadcrumbList\",\"@id\":\"https:\\\/\\\/digidem-bayern.de\\\/webinar-kommunikation-mit-menschen-mit-demenz-allgemeine-hinweise-und-umgang-in-problemsituationen-2\\\/#breadcrumb\",\"itemListElement\":[{\"@type\":\"ListItem\",\"position\":1,\"name\":\"Startseite\",\"item\":\"https:\\\/\\\/digidem-bayern.de\\\/\"},{\"@type\":\"ListItem\",\"position\":2,\"name\":\"Kommunikation mit Menschen mit Demenz \u2013 Allgemeine Hinweise und Umgang in Problemsituationen\"}]},{\"@type\":\"WebSite\",\"@id\":\"\\\/#website\",\"url\":\"\\\/\",\"name\":\"digiDEM Bayern\",\"description\":\"Das digitale Demenzregister Bayern erforscht und verbessert die Angebotsstuktur f\u00fcr Menschen mit Demenz und deren Angeh\u00f6rige\",\"publisher\":{\"@id\":\"\\\/#organization\"},\"potentialAction\":[{\"@type\":\"SearchAction\",\"target\":{\"@type\":\"EntryPoint\",\"urlTemplate\":\"\\\/?s={search_term_string}\"},\"query-input\":{\"@type\":\"PropertyValueSpecification\",\"valueRequired\":true,\"valueName\":\"search_term_string\"}}],\"inLanguage\":\"en-US\"},{\"@type\":\"Organization\",\"@id\":\"\\\/#organization\",\"name\":\"digiDEM Bayern\",\"url\":\"\\\/\",\"logo\":{\"@type\":\"ImageObject\",\"inLanguage\":\"en-US\",\"@id\":\"\\\/#\\\/schema\\\/logo\\\/image\\\/\",\"url\":\"https:\\\/\\\/digidem-bayern.de\\\/wp-content\\\/uploads\\\/2022\\\/03\\\/cropped-Allgemeines_digiDEMLOGO-removebg-preview.png\",\"contentUrl\":\"https:\\\/\\\/digidem-bayern.de\\\/wp-content\\\/uploads\\\/2022\\\/03\\\/cropped-Allgemeines_digiDEMLOGO-removebg-preview.png\",\"width\":612,\"height\":357,\"caption\":\"digiDEM Bayern\"},\"image\":{\"@id\":\"\\\/#\\\/schema\\\/logo\\\/image\\\/\"},\"sameAs\":[\"https:\\\/\\\/www.facebook.com\\\/digiDEMBayern\\\/\",\"https:\\\/\\\/x.com\\\/digidem_bayern\",\"https:\\\/\\\/www.instagram.com\\\/digidem.bayern\",\"https:\\\/\\\/www.linkedin.com\\\/company\\\/digidem-bayern\\\/\"]},{\"@type\":\"Person\",\"@id\":\"\\\/#\\\/schema\\\/person\\\/0e8781e0653d1a8e57ca55bd2c3cb01f\",\"name\":\"Anne Keefer\",\"url\":\"https:\\\/\\\/digidem-bayern.de\\\/en\\\/author\\\/ag-webinar\\\/\"}]}<\/script>\n<!-- \/ Yoast SEO plugin. -->","yoast_head_json":{"title":"Kommunikation mit Menschen mit Demenz \u2013 Allgemeine Hinweise und Umgang in Problemsituationen - digiDEM Bayern","description":"Im Webinar \"digiDEM Bayern Science Watch LIVE\" behandeln Wissenschaftler ein Thema aus der Demenzforschung und stehen live f\u00fcr Fragen zur Verf\u00fcgung.","robots":{"index":"index","follow":"follow","max-snippet":"max-snippet:-1","max-image-preview":"max-image-preview:large","max-video-preview":"max-video-preview:-1"},"canonical":"https:\/\/digidem-bayern.de\/en\/webinar-kommunikation-mit-menschen-mit-demenz-allgemeine-hinweise-und-umgang-in-problemsituationen-2\/","og_locale":"en_US","og_type":"article","og_title":"Kommunikation mit Menschen mit Demenz \u2013 Allgemeine Hinweise und Umgang in Problemsituationen - digiDEM Bayern","og_description":"Im Webinar \"digiDEM Bayern Science Watch LIVE\" behandeln Wissenschaftler ein Thema aus der Demenzforschung und stehen live f\u00fcr Fragen zur Verf\u00fcgung.","og_url":"https:\/\/digidem-bayern.de\/en\/webinar-kommunikation-mit-menschen-mit-demenz-allgemeine-hinweise-und-umgang-in-problemsituationen-2\/","og_site_name":"digiDEM Bayern","article_publisher":"https:\/\/www.facebook.com\/digiDEMBayern\/","article_published_time":"2022-01-20T14:35:00+00:00","article_modified_time":"2023-05-11T13:16:52+00:00","og_image":[{"width":1030,"height":687,"url":"https:\/\/digidem-bayern.de\/wp-content\/uploads\/2021\/11\/2021-11-05_Zusammenleben-1030x687-1.jpg","type":"image\/jpeg"}],"author":"Anne Keefer","twitter_misc":{"Written by":"Anne Keefer","Est. reading time":"3 minutes"},"schema":{"@context":"https:\/\/schema.org","@graph":[{"@type":"Article","@id":"https:\/\/digidem-bayern.de\/webinar-kommunikation-mit-menschen-mit-demenz-allgemeine-hinweise-und-umgang-in-problemsituationen-2\/#article","isPartOf":{"@id":"https:\/\/digidem-bayern.de\/webinar-kommunikation-mit-menschen-mit-demenz-allgemeine-hinweise-und-umgang-in-problemsituationen-2\/"},"author":{"name":"Anne Keefer","@id":"\/#\/schema\/person\/0e8781e0653d1a8e57ca55bd2c3cb01f"},"headline":"Kommunikation mit Menschen mit Demenz \u2013 Allgemeine Hinweise und Umgang in Problemsituationen","datePublished":"2022-01-20T14:35:00+00:00","dateModified":"2023-05-11T13:16:52+00:00","mainEntityOfPage":{"@id":"https:\/\/digidem-bayern.de\/webinar-kommunikation-mit-menschen-mit-demenz-allgemeine-hinweise-und-umgang-in-problemsituationen-2\/"},"wordCount":318,"commentCount":0,"publisher":{"@id":"\/#organization"},"image":{"@id":"https:\/\/digidem-bayern.de\/webinar-kommunikation-mit-menschen-mit-demenz-allgemeine-hinweise-und-umgang-in-problemsituationen-2\/#primaryimage"},"thumbnailUrl":"https:\/\/digidem-bayern.de\/wp-content\/uploads\/2021\/11\/2021-11-05_Zusammenleben-1030x687-1.jpg","keywords":["Alzheimer","Demenz","Demenzforschung","digidem","digidem Bayern","Digitales Demenzregister Bayern","Gabriele Wilz","Kommunikation","Webinar"],"articleSection":["Sciene Watch Live ARCHIV"],"inLanguage":"en-US","potentialAction":[{"@type":"CommentAction","name":"Comment","target":["https:\/\/digidem-bayern.de\/webinar-kommunikation-mit-menschen-mit-demenz-allgemeine-hinweise-und-umgang-in-problemsituationen-2\/#respond"]}]},{"@type":"WebPage","@id":"https:\/\/digidem-bayern.de\/webinar-kommunikation-mit-menschen-mit-demenz-allgemeine-hinweise-und-umgang-in-problemsituationen-2\/","url":"https:\/\/digidem-bayern.de\/webinar-kommunikation-mit-menschen-mit-demenz-allgemeine-hinweise-und-umgang-in-problemsituationen-2\/","name":"Kommunikation mit Menschen mit Demenz \u2013 Allgemeine Hinweise und Umgang in Problemsituationen - digiDEM Bayern","isPartOf":{"@id":"\/#website"},"primaryImageOfPage":{"@id":"https:\/\/digidem-bayern.de\/webinar-kommunikation-mit-menschen-mit-demenz-allgemeine-hinweise-und-umgang-in-problemsituationen-2\/#primaryimage"},"image":{"@id":"https:\/\/digidem-bayern.de\/webinar-kommunikation-mit-menschen-mit-demenz-allgemeine-hinweise-und-umgang-in-problemsituationen-2\/#primaryimage"},"thumbnailUrl":"https:\/\/digidem-bayern.de\/wp-content\/uploads\/2021\/11\/2021-11-05_Zusammenleben-1030x687-1.jpg","datePublished":"2022-01-20T14:35:00+00:00","dateModified":"2023-05-11T13:16:52+00:00","description":"Im Webinar \"digiDEM Bayern Science Watch LIVE\" behandeln Wissenschaftler ein Thema aus der Demenzforschung und stehen live f\u00fcr Fragen zur Verf\u00fcgung.","breadcrumb":{"@id":"https:\/\/digidem-bayern.de\/webinar-kommunikation-mit-menschen-mit-demenz-allgemeine-hinweise-und-umgang-in-problemsituationen-2\/#breadcrumb"},"inLanguage":"en-US","potentialAction":[{"@type":"ReadAction","target":["https:\/\/digidem-bayern.de\/webinar-kommunikation-mit-menschen-mit-demenz-allgemeine-hinweise-und-umgang-in-problemsituationen-2\/"]}]},{"@type":"ImageObject","inLanguage":"en-US","@id":"https:\/\/digidem-bayern.de\/webinar-kommunikation-mit-menschen-mit-demenz-allgemeine-hinweise-und-umgang-in-problemsituationen-2\/#primaryimage","url":"https:\/\/digidem-bayern.de\/wp-content\/uploads\/2021\/11\/2021-11-05_Zusammenleben-1030x687-1.jpg","contentUrl":"https:\/\/digidem-bayern.de\/wp-content\/uploads\/2021\/11\/2021-11-05_Zusammenleben-1030x687-1.jpg","width":1030,"height":687},{"@type":"BreadcrumbList","@id":"https:\/\/digidem-bayern.de\/webinar-kommunikation-mit-menschen-mit-demenz-allgemeine-hinweise-und-umgang-in-problemsituationen-2\/#breadcrumb","itemListElement":[{"@type":"ListItem","position":1,"name":"Startseite","item":"https:\/\/digidem-bayern.de\/"},{"@type":"ListItem","position":2,"name":"Kommunikation mit Menschen mit Demenz \u2013 Allgemeine Hinweise und Umgang in Problemsituationen"}]},{"@type":"WebSite","@id":"\/#website","url":"\/","name":"digiDEM Bavaria","description":"The digital dementia register in Bavaria researches and improves the structure of services for people with dementia and their relatives","publisher":{"@id":"\/#organization"},"potentialAction":[{"@type":"SearchAction","target":{"@type":"EntryPoint","urlTemplate":"\/?s={search_term_string}"},"query-input":{"@type":"PropertyValueSpecification","valueRequired":true,"valueName":"search_term_string"}}],"inLanguage":"en-US"},{"@type":"Organization","@id":"\/#organization","name":"digiDEM Bavaria","url":"\/","logo":{"@type":"ImageObject","inLanguage":"en-US","@id":"\/#\/schema\/logo\/image\/","url":"https:\/\/digidem-bayern.de\/wp-content\/uploads\/2022\/03\/cropped-Allgemeines_digiDEMLOGO-removebg-preview.png","contentUrl":"https:\/\/digidem-bayern.de\/wp-content\/uploads\/2022\/03\/cropped-Allgemeines_digiDEMLOGO-removebg-preview.png","width":612,"height":357,"caption":"digiDEM Bayern"},"image":{"@id":"\/#\/schema\/logo\/image\/"},"sameAs":["https:\/\/www.facebook.com\/digiDEMBayern\/","https:\/\/x.com\/digidem_bayern","https:\/\/www.instagram.com\/digidem.bayern","https:\/\/www.linkedin.com\/company\/digidem-bayern\/"]},{"@type":"Person","@id":"\/#\/schema\/person\/0e8781e0653d1a8e57ca55bd2c3cb01f","name":"Anne Keefer","url":"https:\/\/digidem-bayern.de\/en\/author\/ag-webinar\/"}]}},"uagb_featured_image_src":{"full":["https:\/\/digidem-bayern.de\/wp-content\/uploads\/2021\/11\/2021-11-05_Zusammenleben-1030x687-1.jpg",1030,687,false],"thumbnail":["https:\/\/digidem-bayern.de\/wp-content\/uploads\/2021\/11\/2021-11-05_Zusammenleben-1030x687-1-80x80.jpg",80,80,true],"medium":["https:\/\/digidem-bayern.de\/wp-content\/uploads\/2021\/11\/2021-11-05_Zusammenleben-1030x687-1-300x200.jpg",300,200,true],"medium_large":["https:\/\/digidem-bayern.de\/wp-content\/uploads\/2021\/11\/2021-11-05_Zusammenleben-1030x687-1-768x512.jpg",768,512,true],"large":["https:\/\/digidem-bayern.de\/wp-content\/uploads\/2021\/11\/2021-11-05_Zusammenleben-1030x687-1.jpg",1030,687,false],"1536x1536":["https:\/\/digidem-bayern.de\/wp-content\/uploads\/2021\/11\/2021-11-05_Zusammenleben-1030x687-1.jpg",1030,687,false],"2048x2048":["https:\/\/digidem-bayern.de\/wp-content\/uploads\/2021\/11\/2021-11-05_Zusammenleben-1030x687-1.jpg",1030,687,false],"trp-custom-language-flag":["https:\/\/digidem-bayern.de\/wp-content\/uploads\/2021\/11\/2021-11-05_Zusammenleben-1030x687-1.jpg",18,12,false],"qubely_landscape":["https:\/\/digidem-bayern.de\/wp-content\/uploads\/2021\/11\/2021-11-05_Zusammenleben-1030x687-1.jpg",1030,687,false],"qubely_portrait":["https:\/\/digidem-bayern.de\/wp-content\/uploads\/2021\/11\/2021-11-05_Zusammenleben-1030x687-1-540x320.jpg",540,320,true],"qubely_thumbnail":["https:\/\/digidem-bayern.de\/wp-content\/uploads\/2021\/11\/2021-11-05_Zusammenleben-1030x687-1-140x100.jpg",140,100,true],"post-thumbnail":["https:\/\/digidem-bayern.de\/wp-content\/uploads\/2021\/11\/2021-11-05_Zusammenleben-1030x687-1-525x350.jpg",525,350,true],"kahuna-featured":["https:\/\/digidem-bayern.de\/wp-content\/uploads\/2021\/11\/2021-11-05_Zusammenleben-1030x687-1-734x350.jpg",734,350,true],"kahuna-featured-lp":["https:\/\/digidem-bayern.de\/wp-content\/uploads\/2021\/11\/2021-11-05_Zusammenleben-1030x687-1-520x350.jpg",520,350,true],"kahuna-featured-half":["https:\/\/digidem-bayern.de\/wp-content\/uploads\/2021\/11\/2021-11-05_Zusammenleben-1030x687-1-800x350.jpg",800,350,true],"kahuna-featured-third":["https:\/\/digidem-bayern.de\/wp-content\/uploads\/2021\/11\/2021-11-05_Zusammenleben-1030x687-1-512x350.jpg",512,350,true],"kahuna-lpbox-1":["https:\/\/digidem-bayern.de\/wp-content\/uploads\/2021\/11\/2021-11-05_Zusammenleben-1030x687-1-520x300.jpg",520,300,true],"kahuna-lpbox-2":["https:\/\/digidem-bayern.de\/wp-content\/uploads\/2021\/11\/2021-11-05_Zusammenleben-1030x687-1-520x350.jpg",520,350,true],"demand-language-flag":["https:\/\/digidem-bayern.de\/wp-content\/uploads\/2021\/11\/2021-11-05_Zusammenleben-1030x687-1.jpg",36,24,false],"dddkt-language-flag":["https:\/\/digidem-bayern.de\/wp-content\/uploads\/2021\/11\/2021-11-05_Zusammenleben-1030x687-1.jpg",36,24,false],"ddiqc-language-flag":["https:\/\/digidem-bayern.de\/wp-content\/uploads\/2021\/11\/2021-11-05_Zusammenleben-1030x687-1.jpg",36,24,false],"ddtl-language-flag":["https:\/\/digidem-bayern.de\/wp-content\/uploads\/2021\/11\/2021-11-05_Zusammenleben-1030x687-1-36x36.jpg",36,36,true],"mailpoet_newsletter_max":["https:\/\/digidem-bayern.de\/wp-content\/uploads\/2021\/11\/2021-11-05_Zusammenleben-1030x687-1.jpg",1030,687,false],"kahuna-lpbox-3":["https:\/\/digidem-bayern.de\/wp-content\/uploads\/2021\/11\/2021-11-05_Zusammenleben-1030x687-1-520x350.jpg",520,350,true],"kahuna-featured-square":["https:\/\/digidem-bayern.de\/wp-content\/uploads\/2021\/11\/2021-11-05_Zusammenleben-1030x687-1-512x512.jpg",512,512,true],"kahuna-featured-square-large":["https:\/\/digidem-bayern.de\/wp-content\/uploads\/2021\/11\/2021-11-05_Zusammenleben-1030x687-1-1024x687.jpg",1024,687,true]},"uagb_author_info":{"display_name":"Anne Keefer","author_link":"https:\/\/digidem-bayern.de\/en\/author\/ag-webinar\/"},"uagb_comment_info":19,"uagb_excerpt":"Die Kommunikation mit anderen Personen ist ein wesentlicher Bestandteil in unserem Alltag. Bei der Kommunikation mit Menschen mit Demenz treten jedoch verschiedene Barrieren auf, wodurch der Austausch und die damit verbundene gesellschaftliche Teilhabe erschwert werden. Unverst\u00e4ndnis, Diskussionen, Wut und \u00c4rger oder auch sozialer R\u00fcckzug k\u00f6nnen die Folgen sein. Im Vortrag &hellip;","_links":{"self":[{"href":"https:\/\/digidem-bayern.de\/en\/wp-json\/wp\/v2\/posts\/15447","targetHints":{"allow":["GET"]}}],"collection":[{"href":"https:\/\/digidem-bayern.de\/en\/wp-json\/wp\/v2\/posts"}],"about":[{"href":"https:\/\/digidem-bayern.de\/en\/wp-json\/wp\/v2\/types\/post"}],"author":[{"embeddable":true,"href":"https:\/\/digidem-bayern.de\/en\/wp-json\/wp\/v2\/users\/7"}],"replies":[{"embeddable":true,"href":"https:\/\/digidem-bayern.de\/en\/wp-json\/wp\/v2\/comments?post=15447"}],"version-history":[{"count":10,"href":"https:\/\/digidem-bayern.de\/en\/wp-json\/wp\/v2\/posts\/15447\/revisions"}],"predecessor-version":[{"id":27986,"href":"https:\/\/digidem-bayern.de\/en\/wp-json\/wp\/v2\/posts\/15447\/revisions\/27986"}],"wp:featuredmedia":[{"embeddable":true,"href":"https:\/\/digidem-bayern.de\/en\/wp-json\/wp\/v2\/media\/14885"}],"wp:attachment":[{"href":"https:\/\/digidem-bayern.de\/en\/wp-json\/wp\/v2\/media?parent=15447"}],"wp:term":[{"taxonomy":"category","embeddable":true,"href":"https:\/\/digidem-bayern.de\/en\/wp-json\/wp\/v2\/categories?post=15447"},{"taxonomy":"post_tag","embeddable":true,"href":"https:\/\/digidem-bayern.de\/en\/wp-json\/wp\/v2\/tags?post=15447"}],"curies":[{"name":"wp","href":"https:\/\/api.w.org\/{rel}","templated":true}]}}