{"id":15142,"date":"2021-12-03T14:55:34","date_gmt":"2021-12-03T13:55:34","guid":{"rendered":"https:\/\/digidem-bayern.de\/?p=15142"},"modified":"2021-12-06T13:55:37","modified_gmt":"2021-12-06T12:55:37","slug":"das-risiko-einer-frueh-einsetzenden-demenz-bei-menschen-mit-tinnitus","status":"publish","type":"post","link":"https:\/\/digidem-bayern.de\/en\/das-risiko-einer-frueh-einsetzenden-demenz-bei-menschen-mit-tinnitus\/","title":{"rendered":"Das Risiko einer fr\u00fch einsetzenden Demenz bei Menschen mit Tinnitus"},"content":{"rendered":"<h4 class=\"wp-block-heading\">Das Auftreten von Demenz steigt bei Menschen im h\u00f6heren Alter. Allerdings k\u00f6nnen auch j\u00fcngere Menschen von einer Demenz betroffen sein. Ein Tinnitus, dessen Neuauftreten (Inzidenz) in der Allgemeinbev\u00f6lkerung zwischen 7 und 20 % liegt, k\u00f6nnte einer Demenz in j\u00fcngeren Jahren vorausgehen oder parallel dazu auftreten. Ein Tinnitus k\u00f6nnte demnach wie ein Fr\u00fchwarnsignal der Entstehung einer Demenz interpretiert werden. Sind kognitive Beeintr\u00e4chtigungen bei Personen unter 65 Jahren eher bei Personen mit Tinnitus zu beobachten? Mit diesem Thema hat sich ein Forscherteam aus Taiwan befasst.<\/h4>\n\n\n\n<div class=\"wp-block-image\"><figure class=\"alignright size-large is-resized\"><img loading=\"lazy\" decoding=\"async\" src=\"https:\/\/digidem-bayern.de\/wp-content\/uploads\/2021\/12\/2021-12-06_Tinnitus-687x1030.jpg\" alt=\"\" class=\"wp-image-15138\" width=\"344\" height=\"515\" srcset=\"https:\/\/digidem-bayern.de\/wp-content\/uploads\/2021\/12\/2021-12-06_Tinnitus-687x1030.jpg 687w, https:\/\/digidem-bayern.de\/wp-content\/uploads\/2021\/12\/2021-12-06_Tinnitus-200x300.jpg 200w, https:\/\/digidem-bayern.de\/wp-content\/uploads\/2021\/12\/2021-12-06_Tinnitus-768x1152.jpg 768w, https:\/\/digidem-bayern.de\/wp-content\/uploads\/2021\/12\/2021-12-06_Tinnitus-1024x1536.jpg 1024w, https:\/\/digidem-bayern.de\/wp-content\/uploads\/2021\/12\/2021-12-06_Tinnitus-1365x2048.jpg 1365w, https:\/\/digidem-bayern.de\/wp-content\/uploads\/2021\/12\/2021-12-06_Tinnitus-233x350.jpg 233w, https:\/\/digidem-bayern.de\/wp-content\/uploads\/2021\/12\/2021-12-06_Tinnitus-1320x1980.jpg 1320w, https:\/\/digidem-bayern.de\/wp-content\/uploads\/2021\/12\/2021-12-06_Tinnitus.jpg 1067w\" sizes=\"auto, (max-width: 344px) 100vw, 344px\" \/><\/figure><\/div>\n\n\n\n<p>Einige Studien zeigen, dass eine Verbindung zwischen einer schlechten kognitiven Leistungsf\u00e4higkeit und einem Tinnitus besteht. Zudem berichten andere Studien, dass eine hohe Rate von kognitiven Beeintr\u00e4chtigungen bei Patienten mit Tinnitus in allen Altersgruppen zu beobachten ist. Trotz dieser Annahmen gibt es bislang keine Studie, die einen Zusammenhang zwischen Tinnitus und einer fr\u00fch einsetzenden Demenz vor einem Alter von 65 Jahren nachweisen konnte.<\/p>\n\n\n\n<p><strong><strong>Tinnitus ein Zeichen f\u00fcr fr\u00fch einsetzende Demenz?<\/strong><\/strong><\/p>\n\n\n\n<p>Daher hat ein Forschungsteam r\u00fcckblickend (retrospektiv) anhand eines Datensatzes von 2.616 Patient*innen untersucht, ob ein Tinnitus ein Anzeichen f\u00fcr eine fr\u00fch einsetzende Demenz ist. Dabei wurden 1.308 Patient*innen mit einer Demenzdiagnose im Alter von 30 bis 64 Jahren und 1.308 Patient*innen ohne Demenzdiagnose miteinander verglichen.<\/p>\n\n\n\n<p>Im Rahmen ihrer Untersuchung kamen die Forscher*innen zu dem Ergebnis, dass bei 281 Patient*innen (21,5 %) mit einer fr\u00fch einsetzenden Demenz im Vergleich zu 190 Patient*innen (14,5 %) ohne eine Demenzdiagnose ein Tinnitus bestand. Diese Analysen deuten darauf hin, dass bei Patient*innen mit einem bereits vorhandenen Tinnitus im Vergleich zu Patient*innen ohne Tinnitus ein 63 % h\u00f6heres Risiko besteht, im Alter von 30 bis 64 Jahren von einer Demenz betroffen zu sein. Dies erfolgt unabh\u00e4ngig davon, ob ein Bluthochdruck, eine St\u00f6rung des Fettstoffwechsels (Hyperlipid\u00e4mie) oder ein H\u00f6rverlust vorlag.<\/p>\n\n\n\n<p><strong>Anmerkung von digiDEM Bayern:<\/strong> Offen bleibt die Frage, inwieweit Schlafmangel und Depressionen hier eine Mediatorenrolle einnehmen. Menschen mit Tinnitus leiden aufgrund des Tinnitus h\u00e4ufiger unter Depressionen und Schlafmangel. Beides gilt unabh\u00e4ngig voneinander als Risikofaktor f\u00fcr eine sp\u00e4tere Demenzerkrankung. Somit k\u00f6nnte der Tinnitus in diesem Fall nur mittelbar als Risikofaktor gelten.<\/p>\n\n\n\n<p>Hier finden Sie die Studie: <a rel=\"noreferrer noopener\" href=\"https:\/\/www.nature.com\/articles\/s41598-021-92802-y\" target=\"_blank\">Risk of early-onset dementia among persons with tinnitus: a retrospective case\u2013control study<\/a> (2021)<\/p>\n\n\n\n<p><\/p>","protected":false},"excerpt":{"rendered":"<p>Das Auftreten von Demenz steigt bei Menschen im h\u00f6heren Alter. Allerdings k\u00f6nnen auch j\u00fcngere Menschen von einer Demenz betroffen sein. Ein Tinnitus, dessen Neuauftreten (Inzidenz) in der Allgemeinbev\u00f6lkerung zwischen 7 und 20 % liegt, k\u00f6nnte einer Demenz in j\u00fcngeren Jahren vorausgehen oder parallel dazu auftreten. Ein Tinnitus k\u00f6nnte demnach wie &hellip;<\/p>","protected":false},"author":7,"featured_media":15138,"comment_status":"open","ping_status":"closed","sticky":false,"template":"","format":"standard","meta":{"qubely_global_settings":"","qubely_interactions":"","_uag_custom_page_level_css":"","footnotes":""},"categories":[5],"tags":[13,12,14,17,55,104,362],"class_list":["post-15142","post","type-post","status-publish","format-standard","has-post-thumbnail","hentry","category-wissenschaft-forschung","tag-alzheimer","tag-demenz-2","tag-digidem","tag-digidem-bayern","tag-digitales-demenzregister-bayern","tag-risikofaktoren","tag-tinnitus"],"qubely_featured_image_url":{"full":["https:\/\/digidem-bayern.de\/wp-content\/uploads\/2021\/12\/2021-12-06_Tinnitus.jpg",1067,1600,false],"landscape":["https:\/\/digidem-bayern.de\/wp-content\/uploads\/2021\/12\/2021-12-06_Tinnitus-1200x750.jpg",1200,750,true],"portraits":["https:\/\/digidem-bayern.de\/wp-content\/uploads\/2021\/12\/2021-12-06_Tinnitus-540x320.jpg",540,320,true],"thumbnail":["https:\/\/digidem-bayern.de\/wp-content\/uploads\/2021\/12\/2021-12-06_Tinnitus-80x80.jpg",80,80,true],"medium":["https:\/\/digidem-bayern.de\/wp-content\/uploads\/2021\/12\/2021-12-06_Tinnitus-200x300.jpg",200,300,true],"medium_large":["https:\/\/digidem-bayern.de\/wp-content\/uploads\/2021\/12\/2021-12-06_Tinnitus-768x1152.jpg",768,1152,true],"large":["https:\/\/digidem-bayern.de\/wp-content\/uploads\/2021\/12\/2021-12-06_Tinnitus-687x1030.jpg",687,1030,true],"1536x1536":["https:\/\/digidem-bayern.de\/wp-content\/uploads\/2021\/12\/2021-12-06_Tinnitus-1024x1536.jpg",1024,1536,true],"2048x2048":["https:\/\/digidem-bayern.de\/wp-content\/uploads\/2021\/12\/2021-12-06_Tinnitus-1365x2048.jpg",1365,2048,true],"trp-custom-language-flag":["https:\/\/digidem-bayern.de\/wp-content\/uploads\/2021\/12\/2021-12-06_Tinnitus.jpg",8,12,false],"qubely_landscape":["https:\/\/digidem-bayern.de\/wp-content\/uploads\/2021\/12\/2021-12-06_Tinnitus-1200x750.jpg",1200,750,true],"qubely_portrait":["https:\/\/digidem-bayern.de\/wp-content\/uploads\/2021\/12\/2021-12-06_Tinnitus-540x320.jpg",540,320,true],"qubely_thumbnail":["https:\/\/digidem-bayern.de\/wp-content\/uploads\/2021\/12\/2021-12-06_Tinnitus-140x100.jpg",140,100,true],"post-thumbnail":["https:\/\/digidem-bayern.de\/wp-content\/uploads\/2021\/12\/2021-12-06_Tinnitus-233x350.jpg",233,350,true],"kahuna-featured":["https:\/\/digidem-bayern.de\/wp-content\/uploads\/2021\/12\/2021-12-06_Tinnitus-734x350.jpg",734,350,true],"kahuna-featured-lp":["https:\/\/digidem-bayern.de\/wp-content\/uploads\/2021\/12\/2021-12-06_Tinnitus-520x350.jpg",520,350,true],"kahuna-featured-half":["https:\/\/digidem-bayern.de\/wp-content\/uploads\/2021\/12\/2021-12-06_Tinnitus-800x350.jpg",800,350,true],"kahuna-featured-third":["https:\/\/digidem-bayern.de\/wp-content\/uploads\/2021\/12\/2021-12-06_Tinnitus-512x350.jpg",512,350,true],"kahuna-lpbox-1":["https:\/\/digidem-bayern.de\/wp-content\/uploads\/2021\/12\/2021-12-06_Tinnitus-520x300.jpg",520,300,true],"kahuna-lpbox-2":["https:\/\/digidem-bayern.de\/wp-content\/uploads\/2021\/12\/2021-12-06_Tinnitus-520x350.jpg",520,350,true],"demand-language-flag":["https:\/\/digidem-bayern.de\/wp-content\/uploads\/2021\/12\/2021-12-06_Tinnitus.jpg",24,36,false],"dddkt-language-flag":["https:\/\/digidem-bayern.de\/wp-content\/uploads\/2021\/12\/2021-12-06_Tinnitus.jpg",24,36,false],"ddiqc-language-flag":["https:\/\/digidem-bayern.de\/wp-content\/uploads\/2021\/12\/2021-12-06_Tinnitus.jpg",24,36,false],"ddtl-language-flag":["https:\/\/digidem-bayern.de\/wp-content\/uploads\/2021\/12\/2021-12-06_Tinnitus-36x36.jpg",36,36,true],"mailpoet_newsletter_max":["https:\/\/digidem-bayern.de\/wp-content\/uploads\/2021\/12\/2021-12-06_Tinnitus-1320x1980.jpg",1320,1980,true],"kahuna-lpbox-3":["https:\/\/digidem-bayern.de\/wp-content\/uploads\/2021\/12\/2021-12-06_Tinnitus-520x350.jpg",520,350,true],"kahuna-featured-square":["https:\/\/digidem-bayern.de\/wp-content\/uploads\/2021\/12\/2021-12-06_Tinnitus-512x512.jpg",512,512,true],"kahuna-featured-square-large":["https:\/\/digidem-bayern.de\/wp-content\/uploads\/2021\/12\/2021-12-06_Tinnitus-1024x1024.jpg",1024,1024,true]},"qubely_author":{"display_name":"Anne Keefer","author_link":"https:\/\/digidem-bayern.de\/en\/author\/ag-webinar\/"},"qubely_comment":2,"qubely_category":"<a href=\"https:\/\/digidem-bayern.de\/en\/category\/wissenschaft-forschung\/\" rel=\"category tag\">Wissenschaft &amp; Forschung<\/a>","qubely_excerpt":"Das Auftreten von Demenz steigt bei Menschen im h\u00f6heren Alter. Allerdings k\u00f6nnen auch j\u00fcngere Menschen von einer Demenz betroffen sein. Ein Tinnitus, dessen Neuauftreten (Inzidenz) in der Allgemeinbev\u00f6lkerung zwischen 7 und 20 % liegt, k\u00f6nnte einer Demenz in j\u00fcngeren Jahren vorausgehen oder parallel dazu auftreten. Ein Tinnitus k\u00f6nnte demnach wie &hellip;","featured_image_urls_v2":{"full":["https:\/\/digidem-bayern.de\/wp-content\/uploads\/2021\/12\/2021-12-06_Tinnitus.jpg",1067,1600,false],"thumbnail":["https:\/\/digidem-bayern.de\/wp-content\/uploads\/2021\/12\/2021-12-06_Tinnitus-80x80.jpg",80,80,true],"medium":["https:\/\/digidem-bayern.de\/wp-content\/uploads\/2021\/12\/2021-12-06_Tinnitus-200x300.jpg",200,300,true],"medium_large":["https:\/\/digidem-bayern.de\/wp-content\/uploads\/2021\/12\/2021-12-06_Tinnitus-768x1152.jpg",768,1152,true],"large":["https:\/\/digidem-bayern.de\/wp-content\/uploads\/2021\/12\/2021-12-06_Tinnitus-687x1030.jpg",687,1030,true],"1536x1536":["https:\/\/digidem-bayern.de\/wp-content\/uploads\/2021\/12\/2021-12-06_Tinnitus-1024x1536.jpg",1024,1536,true],"2048x2048":["https:\/\/digidem-bayern.de\/wp-content\/uploads\/2021\/12\/2021-12-06_Tinnitus-1365x2048.jpg",1365,2048,true],"trp-custom-language-flag":["https:\/\/digidem-bayern.de\/wp-content\/uploads\/2021\/12\/2021-12-06_Tinnitus.jpg",8,12,false],"qubely_landscape":["https:\/\/digidem-bayern.de\/wp-content\/uploads\/2021\/12\/2021-12-06_Tinnitus-1200x750.jpg",1200,750,true],"qubely_portrait":["https:\/\/digidem-bayern.de\/wp-content\/uploads\/2021\/12\/2021-12-06_Tinnitus-540x320.jpg",540,320,true],"qubely_thumbnail":["https:\/\/digidem-bayern.de\/wp-content\/uploads\/2021\/12\/2021-12-06_Tinnitus-140x100.jpg",140,100,true],"post-thumbnail":["https:\/\/digidem-bayern.de\/wp-content\/uploads\/2021\/12\/2021-12-06_Tinnitus-233x350.jpg",233,350,true],"kahuna-featured":["https:\/\/digidem-bayern.de\/wp-content\/uploads\/2021\/12\/2021-12-06_Tinnitus-734x350.jpg",734,350,true],"kahuna-featured-lp":["https:\/\/digidem-bayern.de\/wp-content\/uploads\/2021\/12\/2021-12-06_Tinnitus-520x350.jpg",520,350,true],"kahuna-featured-half":["https:\/\/digidem-bayern.de\/wp-content\/uploads\/2021\/12\/2021-12-06_Tinnitus-800x350.jpg",800,350,true],"kahuna-featured-third":["https:\/\/digidem-bayern.de\/wp-content\/uploads\/2021\/12\/2021-12-06_Tinnitus-512x350.jpg",512,350,true],"kahuna-lpbox-1":["https:\/\/digidem-bayern.de\/wp-content\/uploads\/2021\/12\/2021-12-06_Tinnitus-520x300.jpg",520,300,true],"kahuna-lpbox-2":["https:\/\/digidem-bayern.de\/wp-content\/uploads\/2021\/12\/2021-12-06_Tinnitus-520x350.jpg",520,350,true],"demand-language-flag":["https:\/\/digidem-bayern.de\/wp-content\/uploads\/2021\/12\/2021-12-06_Tinnitus.jpg",24,36,false],"dddkt-language-flag":["https:\/\/digidem-bayern.de\/wp-content\/uploads\/2021\/12\/2021-12-06_Tinnitus.jpg",24,36,false],"ddiqc-language-flag":["https:\/\/digidem-bayern.de\/wp-content\/uploads\/2021\/12\/2021-12-06_Tinnitus.jpg",24,36,false],"ddtl-language-flag":["https:\/\/digidem-bayern.de\/wp-content\/uploads\/2021\/12\/2021-12-06_Tinnitus-36x36.jpg",36,36,true],"mailpoet_newsletter_max":["https:\/\/digidem-bayern.de\/wp-content\/uploads\/2021\/12\/2021-12-06_Tinnitus-1320x1980.jpg",1320,1980,true],"kahuna-lpbox-3":["https:\/\/digidem-bayern.de\/wp-content\/uploads\/2021\/12\/2021-12-06_Tinnitus-520x350.jpg",520,350,true],"kahuna-featured-square":["https:\/\/digidem-bayern.de\/wp-content\/uploads\/2021\/12\/2021-12-06_Tinnitus-512x512.jpg",512,512,true],"kahuna-featured-square-large":["https:\/\/digidem-bayern.de\/wp-content\/uploads\/2021\/12\/2021-12-06_Tinnitus-1024x1024.jpg",1024,1024,true]},"post_excerpt_stackable_v2":"<p>Das Auftreten von Demenz steigt bei Menschen im h\u00f6heren Alter. Allerdings k\u00f6nnen auch j\u00fcngere Menschen von einer Demenz betroffen sein. Ein Tinnitus, dessen Neuauftreten (Inzidenz) in der Allgemeinbev\u00f6lkerung zwischen 7 und 20 % liegt, k\u00f6nnte einer Demenz in j\u00fcngeren Jahren vorausgehen oder parallel dazu auftreten. Ein Tinnitus k\u00f6nnte demnach wie ein Fr\u00fchwarnsignal der Entstehung einer Demenz interpretiert werden. Sind kognitive Beeintr\u00e4chtigungen bei Personen unter 65 Jahren eher bei Personen mit Tinnitus zu beobachten? Mit diesem Thema hat sich ein Forscherteam aus Taiwan befasst. Einige Studien zeigen, dass eine Verbindung zwischen einer schlechten kognitiven Leistungsf\u00e4higkeit und einem Tinnitus besteht. Zudem berichten&hellip;<\/p>\n","category_list_v2":"<a href=\"https:\/\/digidem-bayern.de\/en\/category\/wissenschaft-forschung\/\" rel=\"category tag\">Wissenschaft &amp; Forschung<\/a>","author_info_v2":{"name":"Anne Keefer","url":"https:\/\/digidem-bayern.de\/en\/author\/ag-webinar\/"},"comments_num_v2":"0 comments","yoast_head":"<!-- This site is optimized with the Yoast SEO plugin v27.5 - https:\/\/yoast.com\/product\/yoast-seo-wordpress\/ -->\n<title>Das Risiko einer fr\u00fch einsetzenden Demenz bei Menschen mit Tinnitus - digiDEM Bayern<\/title>\n<meta name=\"description\" content=\"Eine Studie hat den Einfluss von Ern\u00e4hrungsgewohnheiten - wie dem Zeitpunkt von Mahlzeiten - auf die kognitiven F\u00e4higkeiten untersucht.\" \/>\n<meta name=\"robots\" content=\"index, follow, max-snippet:-1, max-image-preview:large, max-video-preview:-1\" \/>\n<link rel=\"canonical\" href=\"https:\/\/digidem-bayern.de\/en\/das-risiko-einer-frueh-einsetzenden-demenz-bei-menschen-mit-tinnitus\/\" \/>\n<meta property=\"og:locale\" content=\"en_US\" \/>\n<meta property=\"og:type\" content=\"article\" \/>\n<meta property=\"og:title\" content=\"Das Risiko einer fr\u00fch einsetzenden Demenz bei Menschen mit Tinnitus - digiDEM Bayern\" \/>\n<meta property=\"og:description\" content=\"Eine Studie hat den Einfluss von Ern\u00e4hrungsgewohnheiten - wie dem Zeitpunkt von Mahlzeiten - auf die kognitiven F\u00e4higkeiten untersucht.\" \/>\n<meta property=\"og:url\" content=\"https:\/\/digidem-bayern.de\/en\/das-risiko-einer-frueh-einsetzenden-demenz-bei-menschen-mit-tinnitus\/\" \/>\n<meta property=\"og:site_name\" content=\"digiDEM Bayern\" \/>\n<meta property=\"article:publisher\" content=\"https:\/\/www.facebook.com\/digiDEMBayern\/\" \/>\n<meta property=\"article:published_time\" content=\"2021-12-03T13:55:34+00:00\" \/>\n<meta property=\"article:modified_time\" content=\"2021-12-06T12:55:37+00:00\" \/>\n<meta property=\"og:image\" content=\"https:\/\/digidem-bayern.de\/wp-content\/uploads\/2021\/12\/2021-12-06_Tinnitus.jpg\" \/>\n\t<meta property=\"og:image:width\" content=\"1067\" \/>\n\t<meta property=\"og:image:height\" content=\"1600\" \/>\n\t<meta property=\"og:image:type\" content=\"image\/jpeg\" \/>\n<meta name=\"author\" content=\"Anne Keefer\" \/>\n<meta name=\"twitter:label1\" content=\"Written by\" \/>\n\t<meta name=\"twitter:data1\" content=\"Anne Keefer\" \/>\n\t<meta name=\"twitter:label2\" content=\"Est. reading time\" \/>\n\t<meta name=\"twitter:data2\" content=\"3 minutes\" \/>\n<script type=\"application\/ld+json\" class=\"yoast-schema-graph\">{\"@context\":\"https:\\\/\\\/schema.org\",\"@graph\":[{\"@type\":\"Article\",\"@id\":\"https:\\\/\\\/digidem-bayern.de\\\/das-risiko-einer-frueh-einsetzenden-demenz-bei-menschen-mit-tinnitus\\\/#article\",\"isPartOf\":{\"@id\":\"https:\\\/\\\/digidem-bayern.de\\\/das-risiko-einer-frueh-einsetzenden-demenz-bei-menschen-mit-tinnitus\\\/\"},\"author\":{\"name\":\"Anne Keefer\",\"@id\":\"\\\/#\\\/schema\\\/person\\\/0e8781e0653d1a8e57ca55bd2c3cb01f\"},\"headline\":\"Das Risiko einer fr\u00fch einsetzenden Demenz bei Menschen mit Tinnitus\",\"datePublished\":\"2021-12-03T13:55:34+00:00\",\"dateModified\":\"2021-12-06T12:55:37+00:00\",\"mainEntityOfPage\":{\"@id\":\"https:\\\/\\\/digidem-bayern.de\\\/das-risiko-einer-frueh-einsetzenden-demenz-bei-menschen-mit-tinnitus\\\/\"},\"wordCount\":380,\"commentCount\":0,\"publisher\":{\"@id\":\"\\\/#organization\"},\"image\":{\"@id\":\"https:\\\/\\\/digidem-bayern.de\\\/das-risiko-einer-frueh-einsetzenden-demenz-bei-menschen-mit-tinnitus\\\/#primaryimage\"},\"thumbnailUrl\":\"https:\\\/\\\/digidem-bayern.de\\\/wp-content\\\/uploads\\\/2021\\\/12\\\/2021-12-06_Tinnitus.jpg\",\"keywords\":[\"Alzheimer\",\"Demenz\",\"digidem\",\"digidem Bayern\",\"Digitales Demenzregister Bayern\",\"Risikofaktoren\",\"Tinnitus\"],\"articleSection\":[\"Wissenschaft &amp; Forschung\"],\"inLanguage\":\"en-US\",\"potentialAction\":[{\"@type\":\"CommentAction\",\"name\":\"Comment\",\"target\":[\"https:\\\/\\\/digidem-bayern.de\\\/das-risiko-einer-frueh-einsetzenden-demenz-bei-menschen-mit-tinnitus\\\/#respond\"]}]},{\"@type\":\"WebPage\",\"@id\":\"https:\\\/\\\/digidem-bayern.de\\\/das-risiko-einer-frueh-einsetzenden-demenz-bei-menschen-mit-tinnitus\\\/\",\"url\":\"https:\\\/\\\/digidem-bayern.de\\\/das-risiko-einer-frueh-einsetzenden-demenz-bei-menschen-mit-tinnitus\\\/\",\"name\":\"Das Risiko einer fr\u00fch einsetzenden Demenz bei Menschen mit Tinnitus - digiDEM Bayern\",\"isPartOf\":{\"@id\":\"\\\/#website\"},\"primaryImageOfPage\":{\"@id\":\"https:\\\/\\\/digidem-bayern.de\\\/das-risiko-einer-frueh-einsetzenden-demenz-bei-menschen-mit-tinnitus\\\/#primaryimage\"},\"image\":{\"@id\":\"https:\\\/\\\/digidem-bayern.de\\\/das-risiko-einer-frueh-einsetzenden-demenz-bei-menschen-mit-tinnitus\\\/#primaryimage\"},\"thumbnailUrl\":\"https:\\\/\\\/digidem-bayern.de\\\/wp-content\\\/uploads\\\/2021\\\/12\\\/2021-12-06_Tinnitus.jpg\",\"datePublished\":\"2021-12-03T13:55:34+00:00\",\"dateModified\":\"2021-12-06T12:55:37+00:00\",\"description\":\"Eine Studie hat den Einfluss von Ern\u00e4hrungsgewohnheiten - wie dem Zeitpunkt von Mahlzeiten - auf die kognitiven F\u00e4higkeiten untersucht.\",\"breadcrumb\":{\"@id\":\"https:\\\/\\\/digidem-bayern.de\\\/das-risiko-einer-frueh-einsetzenden-demenz-bei-menschen-mit-tinnitus\\\/#breadcrumb\"},\"inLanguage\":\"en-US\",\"potentialAction\":[{\"@type\":\"ReadAction\",\"target\":[\"https:\\\/\\\/digidem-bayern.de\\\/das-risiko-einer-frueh-einsetzenden-demenz-bei-menschen-mit-tinnitus\\\/\"]}]},{\"@type\":\"ImageObject\",\"inLanguage\":\"en-US\",\"@id\":\"https:\\\/\\\/digidem-bayern.de\\\/das-risiko-einer-frueh-einsetzenden-demenz-bei-menschen-mit-tinnitus\\\/#primaryimage\",\"url\":\"https:\\\/\\\/digidem-bayern.de\\\/wp-content\\\/uploads\\\/2021\\\/12\\\/2021-12-06_Tinnitus.jpg\",\"contentUrl\":\"https:\\\/\\\/digidem-bayern.de\\\/wp-content\\\/uploads\\\/2021\\\/12\\\/2021-12-06_Tinnitus.jpg\",\"width\":1067,\"height\":1600},{\"@type\":\"BreadcrumbList\",\"@id\":\"https:\\\/\\\/digidem-bayern.de\\\/das-risiko-einer-frueh-einsetzenden-demenz-bei-menschen-mit-tinnitus\\\/#breadcrumb\",\"itemListElement\":[{\"@type\":\"ListItem\",\"position\":1,\"name\":\"Startseite\",\"item\":\"https:\\\/\\\/digidem-bayern.de\\\/\"},{\"@type\":\"ListItem\",\"position\":2,\"name\":\"Das Risiko einer fr\u00fch einsetzenden Demenz bei Menschen mit Tinnitus\"}]},{\"@type\":\"WebSite\",\"@id\":\"\\\/#website\",\"url\":\"\\\/\",\"name\":\"digiDEM Bayern\",\"description\":\"Das digitale Demenzregister Bayern erforscht und verbessert die Angebotsstuktur f\u00fcr Menschen mit Demenz und deren Angeh\u00f6rige\",\"publisher\":{\"@id\":\"\\\/#organization\"},\"potentialAction\":[{\"@type\":\"SearchAction\",\"target\":{\"@type\":\"EntryPoint\",\"urlTemplate\":\"\\\/?s={search_term_string}\"},\"query-input\":{\"@type\":\"PropertyValueSpecification\",\"valueRequired\":true,\"valueName\":\"search_term_string\"}}],\"inLanguage\":\"en-US\"},{\"@type\":\"Organization\",\"@id\":\"\\\/#organization\",\"name\":\"digiDEM Bayern\",\"url\":\"\\\/\",\"logo\":{\"@type\":\"ImageObject\",\"inLanguage\":\"en-US\",\"@id\":\"\\\/#\\\/schema\\\/logo\\\/image\\\/\",\"url\":\"https:\\\/\\\/digidem-bayern.de\\\/wp-content\\\/uploads\\\/2022\\\/03\\\/cropped-Allgemeines_digiDEMLOGO-removebg-preview.png\",\"contentUrl\":\"https:\\\/\\\/digidem-bayern.de\\\/wp-content\\\/uploads\\\/2022\\\/03\\\/cropped-Allgemeines_digiDEMLOGO-removebg-preview.png\",\"width\":612,\"height\":357,\"caption\":\"digiDEM Bayern\"},\"image\":{\"@id\":\"\\\/#\\\/schema\\\/logo\\\/image\\\/\"},\"sameAs\":[\"https:\\\/\\\/www.facebook.com\\\/digiDEMBayern\\\/\",\"https:\\\/\\\/x.com\\\/digidem_bayern\",\"https:\\\/\\\/www.instagram.com\\\/digidem.bayern\",\"https:\\\/\\\/www.linkedin.com\\\/company\\\/digidem-bayern\\\/\"]},{\"@type\":\"Person\",\"@id\":\"\\\/#\\\/schema\\\/person\\\/0e8781e0653d1a8e57ca55bd2c3cb01f\",\"name\":\"Anne Keefer\",\"url\":\"https:\\\/\\\/digidem-bayern.de\\\/en\\\/author\\\/ag-webinar\\\/\"}]}<\/script>\n<!-- \/ Yoast SEO plugin. -->","yoast_head_json":{"title":"Das Risiko einer fr\u00fch einsetzenden Demenz bei Menschen mit Tinnitus - digiDEM Bayern","description":"Eine Studie hat den Einfluss von Ern\u00e4hrungsgewohnheiten - wie dem Zeitpunkt von Mahlzeiten - auf die kognitiven F\u00e4higkeiten untersucht.","robots":{"index":"index","follow":"follow","max-snippet":"max-snippet:-1","max-image-preview":"max-image-preview:large","max-video-preview":"max-video-preview:-1"},"canonical":"https:\/\/digidem-bayern.de\/en\/das-risiko-einer-frueh-einsetzenden-demenz-bei-menschen-mit-tinnitus\/","og_locale":"en_US","og_type":"article","og_title":"Das Risiko einer fr\u00fch einsetzenden Demenz bei Menschen mit Tinnitus - digiDEM Bayern","og_description":"Eine Studie hat den Einfluss von Ern\u00e4hrungsgewohnheiten - wie dem Zeitpunkt von Mahlzeiten - auf die kognitiven F\u00e4higkeiten untersucht.","og_url":"https:\/\/digidem-bayern.de\/en\/das-risiko-einer-frueh-einsetzenden-demenz-bei-menschen-mit-tinnitus\/","og_site_name":"digiDEM Bayern","article_publisher":"https:\/\/www.facebook.com\/digiDEMBayern\/","article_published_time":"2021-12-03T13:55:34+00:00","article_modified_time":"2021-12-06T12:55:37+00:00","og_image":[{"width":1067,"height":1600,"url":"https:\/\/digidem-bayern.de\/wp-content\/uploads\/2021\/12\/2021-12-06_Tinnitus.jpg","type":"image\/jpeg"}],"author":"Anne Keefer","twitter_misc":{"Written by":"Anne Keefer","Est. reading time":"3 minutes"},"schema":{"@context":"https:\/\/schema.org","@graph":[{"@type":"Article","@id":"https:\/\/digidem-bayern.de\/das-risiko-einer-frueh-einsetzenden-demenz-bei-menschen-mit-tinnitus\/#article","isPartOf":{"@id":"https:\/\/digidem-bayern.de\/das-risiko-einer-frueh-einsetzenden-demenz-bei-menschen-mit-tinnitus\/"},"author":{"name":"Anne Keefer","@id":"\/#\/schema\/person\/0e8781e0653d1a8e57ca55bd2c3cb01f"},"headline":"Das Risiko einer fr\u00fch einsetzenden Demenz bei Menschen mit Tinnitus","datePublished":"2021-12-03T13:55:34+00:00","dateModified":"2021-12-06T12:55:37+00:00","mainEntityOfPage":{"@id":"https:\/\/digidem-bayern.de\/das-risiko-einer-frueh-einsetzenden-demenz-bei-menschen-mit-tinnitus\/"},"wordCount":380,"commentCount":0,"publisher":{"@id":"\/#organization"},"image":{"@id":"https:\/\/digidem-bayern.de\/das-risiko-einer-frueh-einsetzenden-demenz-bei-menschen-mit-tinnitus\/#primaryimage"},"thumbnailUrl":"https:\/\/digidem-bayern.de\/wp-content\/uploads\/2021\/12\/2021-12-06_Tinnitus.jpg","keywords":["Alzheimer","Demenz","digidem","digidem Bayern","Digitales Demenzregister Bayern","Risikofaktoren","Tinnitus"],"articleSection":["Wissenschaft &amp; Forschung"],"inLanguage":"en-US","potentialAction":[{"@type":"CommentAction","name":"Comment","target":["https:\/\/digidem-bayern.de\/das-risiko-einer-frueh-einsetzenden-demenz-bei-menschen-mit-tinnitus\/#respond"]}]},{"@type":"WebPage","@id":"https:\/\/digidem-bayern.de\/das-risiko-einer-frueh-einsetzenden-demenz-bei-menschen-mit-tinnitus\/","url":"https:\/\/digidem-bayern.de\/das-risiko-einer-frueh-einsetzenden-demenz-bei-menschen-mit-tinnitus\/","name":"Das Risiko einer fr\u00fch einsetzenden Demenz bei Menschen mit Tinnitus - digiDEM Bayern","isPartOf":{"@id":"\/#website"},"primaryImageOfPage":{"@id":"https:\/\/digidem-bayern.de\/das-risiko-einer-frueh-einsetzenden-demenz-bei-menschen-mit-tinnitus\/#primaryimage"},"image":{"@id":"https:\/\/digidem-bayern.de\/das-risiko-einer-frueh-einsetzenden-demenz-bei-menschen-mit-tinnitus\/#primaryimage"},"thumbnailUrl":"https:\/\/digidem-bayern.de\/wp-content\/uploads\/2021\/12\/2021-12-06_Tinnitus.jpg","datePublished":"2021-12-03T13:55:34+00:00","dateModified":"2021-12-06T12:55:37+00:00","description":"Eine Studie hat den Einfluss von Ern\u00e4hrungsgewohnheiten - wie dem Zeitpunkt von Mahlzeiten - auf die kognitiven F\u00e4higkeiten untersucht.","breadcrumb":{"@id":"https:\/\/digidem-bayern.de\/das-risiko-einer-frueh-einsetzenden-demenz-bei-menschen-mit-tinnitus\/#breadcrumb"},"inLanguage":"en-US","potentialAction":[{"@type":"ReadAction","target":["https:\/\/digidem-bayern.de\/das-risiko-einer-frueh-einsetzenden-demenz-bei-menschen-mit-tinnitus\/"]}]},{"@type":"ImageObject","inLanguage":"en-US","@id":"https:\/\/digidem-bayern.de\/das-risiko-einer-frueh-einsetzenden-demenz-bei-menschen-mit-tinnitus\/#primaryimage","url":"https:\/\/digidem-bayern.de\/wp-content\/uploads\/2021\/12\/2021-12-06_Tinnitus.jpg","contentUrl":"https:\/\/digidem-bayern.de\/wp-content\/uploads\/2021\/12\/2021-12-06_Tinnitus.jpg","width":1067,"height":1600},{"@type":"BreadcrumbList","@id":"https:\/\/digidem-bayern.de\/das-risiko-einer-frueh-einsetzenden-demenz-bei-menschen-mit-tinnitus\/#breadcrumb","itemListElement":[{"@type":"ListItem","position":1,"name":"Startseite","item":"https:\/\/digidem-bayern.de\/"},{"@type":"ListItem","position":2,"name":"Das Risiko einer fr\u00fch einsetzenden Demenz bei Menschen mit Tinnitus"}]},{"@type":"WebSite","@id":"\/#website","url":"\/","name":"digiDEM Bavaria","description":"The digital dementia register in Bavaria researches and improves the structure of services for people with dementia and their relatives","publisher":{"@id":"\/#organization"},"potentialAction":[{"@type":"SearchAction","target":{"@type":"EntryPoint","urlTemplate":"\/?s={search_term_string}"},"query-input":{"@type":"PropertyValueSpecification","valueRequired":true,"valueName":"search_term_string"}}],"inLanguage":"en-US"},{"@type":"Organization","@id":"\/#organization","name":"digiDEM Bavaria","url":"\/","logo":{"@type":"ImageObject","inLanguage":"en-US","@id":"\/#\/schema\/logo\/image\/","url":"https:\/\/digidem-bayern.de\/wp-content\/uploads\/2022\/03\/cropped-Allgemeines_digiDEMLOGO-removebg-preview.png","contentUrl":"https:\/\/digidem-bayern.de\/wp-content\/uploads\/2022\/03\/cropped-Allgemeines_digiDEMLOGO-removebg-preview.png","width":612,"height":357,"caption":"digiDEM Bayern"},"image":{"@id":"\/#\/schema\/logo\/image\/"},"sameAs":["https:\/\/www.facebook.com\/digiDEMBayern\/","https:\/\/x.com\/digidem_bayern","https:\/\/www.instagram.com\/digidem.bayern","https:\/\/www.linkedin.com\/company\/digidem-bayern\/"]},{"@type":"Person","@id":"\/#\/schema\/person\/0e8781e0653d1a8e57ca55bd2c3cb01f","name":"Anne Keefer","url":"https:\/\/digidem-bayern.de\/en\/author\/ag-webinar\/"}]}},"uagb_featured_image_src":{"full":["https:\/\/digidem-bayern.de\/wp-content\/uploads\/2021\/12\/2021-12-06_Tinnitus.jpg",1067,1600,false],"thumbnail":["https:\/\/digidem-bayern.de\/wp-content\/uploads\/2021\/12\/2021-12-06_Tinnitus-80x80.jpg",80,80,true],"medium":["https:\/\/digidem-bayern.de\/wp-content\/uploads\/2021\/12\/2021-12-06_Tinnitus-200x300.jpg",200,300,true],"medium_large":["https:\/\/digidem-bayern.de\/wp-content\/uploads\/2021\/12\/2021-12-06_Tinnitus-768x1152.jpg",768,1152,true],"large":["https:\/\/digidem-bayern.de\/wp-content\/uploads\/2021\/12\/2021-12-06_Tinnitus-687x1030.jpg",687,1030,true],"1536x1536":["https:\/\/digidem-bayern.de\/wp-content\/uploads\/2021\/12\/2021-12-06_Tinnitus-1024x1536.jpg",1024,1536,true],"2048x2048":["https:\/\/digidem-bayern.de\/wp-content\/uploads\/2021\/12\/2021-12-06_Tinnitus-1365x2048.jpg",1365,2048,true],"trp-custom-language-flag":["https:\/\/digidem-bayern.de\/wp-content\/uploads\/2021\/12\/2021-12-06_Tinnitus.jpg",8,12,false],"qubely_landscape":["https:\/\/digidem-bayern.de\/wp-content\/uploads\/2021\/12\/2021-12-06_Tinnitus-1200x750.jpg",1200,750,true],"qubely_portrait":["https:\/\/digidem-bayern.de\/wp-content\/uploads\/2021\/12\/2021-12-06_Tinnitus-540x320.jpg",540,320,true],"qubely_thumbnail":["https:\/\/digidem-bayern.de\/wp-content\/uploads\/2021\/12\/2021-12-06_Tinnitus-140x100.jpg",140,100,true],"post-thumbnail":["https:\/\/digidem-bayern.de\/wp-content\/uploads\/2021\/12\/2021-12-06_Tinnitus-233x350.jpg",233,350,true],"kahuna-featured":["https:\/\/digidem-bayern.de\/wp-content\/uploads\/2021\/12\/2021-12-06_Tinnitus-734x350.jpg",734,350,true],"kahuna-featured-lp":["https:\/\/digidem-bayern.de\/wp-content\/uploads\/2021\/12\/2021-12-06_Tinnitus-520x350.jpg",520,350,true],"kahuna-featured-half":["https:\/\/digidem-bayern.de\/wp-content\/uploads\/2021\/12\/2021-12-06_Tinnitus-800x350.jpg",800,350,true],"kahuna-featured-third":["https:\/\/digidem-bayern.de\/wp-content\/uploads\/2021\/12\/2021-12-06_Tinnitus-512x350.jpg",512,350,true],"kahuna-lpbox-1":["https:\/\/digidem-bayern.de\/wp-content\/uploads\/2021\/12\/2021-12-06_Tinnitus-520x300.jpg",520,300,true],"kahuna-lpbox-2":["https:\/\/digidem-bayern.de\/wp-content\/uploads\/2021\/12\/2021-12-06_Tinnitus-520x350.jpg",520,350,true],"demand-language-flag":["https:\/\/digidem-bayern.de\/wp-content\/uploads\/2021\/12\/2021-12-06_Tinnitus.jpg",24,36,false],"dddkt-language-flag":["https:\/\/digidem-bayern.de\/wp-content\/uploads\/2021\/12\/2021-12-06_Tinnitus.jpg",24,36,false],"ddiqc-language-flag":["https:\/\/digidem-bayern.de\/wp-content\/uploads\/2021\/12\/2021-12-06_Tinnitus.jpg",24,36,false],"ddtl-language-flag":["https:\/\/digidem-bayern.de\/wp-content\/uploads\/2021\/12\/2021-12-06_Tinnitus-36x36.jpg",36,36,true],"mailpoet_newsletter_max":["https:\/\/digidem-bayern.de\/wp-content\/uploads\/2021\/12\/2021-12-06_Tinnitus-1320x1980.jpg",1320,1980,true],"kahuna-lpbox-3":["https:\/\/digidem-bayern.de\/wp-content\/uploads\/2021\/12\/2021-12-06_Tinnitus-520x350.jpg",520,350,true],"kahuna-featured-square":["https:\/\/digidem-bayern.de\/wp-content\/uploads\/2021\/12\/2021-12-06_Tinnitus-512x512.jpg",512,512,true],"kahuna-featured-square-large":["https:\/\/digidem-bayern.de\/wp-content\/uploads\/2021\/12\/2021-12-06_Tinnitus-1024x1024.jpg",1024,1024,true]},"uagb_author_info":{"display_name":"Anne Keefer","author_link":"https:\/\/digidem-bayern.de\/en\/author\/ag-webinar\/"},"uagb_comment_info":2,"uagb_excerpt":"Das Auftreten von Demenz steigt bei Menschen im h\u00f6heren Alter. Allerdings k\u00f6nnen auch j\u00fcngere Menschen von einer Demenz betroffen sein. Ein Tinnitus, dessen Neuauftreten (Inzidenz) in der Allgemeinbev\u00f6lkerung zwischen 7 und 20 % liegt, k\u00f6nnte einer Demenz in j\u00fcngeren Jahren vorausgehen oder parallel dazu auftreten. Ein Tinnitus k\u00f6nnte demnach wie &hellip;","_links":{"self":[{"href":"https:\/\/digidem-bayern.de\/en\/wp-json\/wp\/v2\/posts\/15142","targetHints":{"allow":["GET"]}}],"collection":[{"href":"https:\/\/digidem-bayern.de\/en\/wp-json\/wp\/v2\/posts"}],"about":[{"href":"https:\/\/digidem-bayern.de\/en\/wp-json\/wp\/v2\/types\/post"}],"author":[{"embeddable":true,"href":"https:\/\/digidem-bayern.de\/en\/wp-json\/wp\/v2\/users\/7"}],"replies":[{"embeddable":true,"href":"https:\/\/digidem-bayern.de\/en\/wp-json\/wp\/v2\/comments?post=15142"}],"version-history":[{"count":5,"href":"https:\/\/digidem-bayern.de\/en\/wp-json\/wp\/v2\/posts\/15142\/revisions"}],"predecessor-version":[{"id":16075,"href":"https:\/\/digidem-bayern.de\/en\/wp-json\/wp\/v2\/posts\/15142\/revisions\/16075"}],"wp:featuredmedia":[{"embeddable":true,"href":"https:\/\/digidem-bayern.de\/en\/wp-json\/wp\/v2\/media\/15138"}],"wp:attachment":[{"href":"https:\/\/digidem-bayern.de\/en\/wp-json\/wp\/v2\/media?parent=15142"}],"wp:term":[{"taxonomy":"category","embeddable":true,"href":"https:\/\/digidem-bayern.de\/en\/wp-json\/wp\/v2\/categories?post=15142"},{"taxonomy":"post_tag","embeddable":true,"href":"https:\/\/digidem-bayern.de\/en\/wp-json\/wp\/v2\/tags?post=15142"}],"curies":[{"name":"wp","href":"https:\/\/api.w.org\/{rel}","templated":true}]}}