{"id":15140,"date":"2021-12-03T15:12:32","date_gmt":"2021-12-03T14:12:32","guid":{"rendered":"https:\/\/digidem-bayern.de\/?p=15140"},"modified":"2021-12-06T13:59:10","modified_gmt":"2021-12-06T12:59:10","slug":"stadt-land-unterschiede-in-der-diagnosestellung-und-behandlung-von-demenz","status":"publish","type":"post","link":"https:\/\/digidem-bayern.de\/en\/stadt-land-unterschiede-in-der-diagnosestellung-und-behandlung-von-demenz\/","title":{"rendered":"Stadt-Land-Unterschiede in der Diagnosestellung und Behandlung von Demenz"},"content":{"rendered":"<h4 class=\"wp-block-heading\">Studien zufolge gibt es Unterschiede sowohl beim Zeitpunkt der Diagnosestellung als auch bei der Behandlung von Menschen mit Demenz zwischen st\u00e4dtischen und l\u00e4ndlichen Regionen. US-amerikanische Forscher*innen wollten herausfinden, wie ausschlaggebend diese Unterschiede sind.<\/h4>\n\n\n\n<p>Hintergrund der Studie von Rahman und Kolleg*innen ist, dass es Ungleichheiten bei der Verf\u00fcgbarkeit, Zug\u00e4nglichkeit und Akzeptanz der Gesundheitsf\u00fchrsorge bei \u00e4lteren Erwachsenen in l\u00e4ndlichen Gebieten gibt. Dies f\u00fchrt zu einer wachsenden Diskrepanz in der Lebenserwartung zwischen st\u00e4dtischen und l\u00e4ndlichen Gemeinden nach der Diagnose Demenz. Mithilfe der Studie sollen Strategien entwickelt werden, um die rechtzeitige Diagnosestellung und den Zugang zu unterst\u00fctzenden Diensten f\u00fcr \u00e4ltere Erwachsene in l\u00e4ndlichen Gemeinden zu verbessern.<\/p>\n\n\n\n<div class=\"wp-block-image\"><figure class=\"alignright size-large is-resized\"><img loading=\"lazy\" decoding=\"async\" src=\"https:\/\/digidem-bayern.de\/wp-content\/uploads\/2021\/12\/2021-12-06_Stadt-Land-1030x687.jpg\" alt=\"\" class=\"wp-image-15137\" width=\"300\" height=\"200\" srcset=\"https:\/\/digidem-bayern.de\/wp-content\/uploads\/2021\/12\/2021-12-06_Stadt-Land-1030x687.jpg 1030w, https:\/\/digidem-bayern.de\/wp-content\/uploads\/2021\/12\/2021-12-06_Stadt-Land-300x200.jpg 300w, https:\/\/digidem-bayern.de\/wp-content\/uploads\/2021\/12\/2021-12-06_Stadt-Land-768x512.jpg 768w, https:\/\/digidem-bayern.de\/wp-content\/uploads\/2021\/12\/2021-12-06_Stadt-Land-1536x1024.jpg 1536w, https:\/\/digidem-bayern.de\/wp-content\/uploads\/2021\/12\/2021-12-06_Stadt-Land-2048x1365.jpg 2048w, https:\/\/digidem-bayern.de\/wp-content\/uploads\/2021\/12\/2021-12-06_Stadt-Land-525x350.jpg 525w, https:\/\/digidem-bayern.de\/wp-content\/uploads\/2021\/12\/2021-12-06_Stadt-Land-1320x880.jpg 1320w, https:\/\/digidem-bayern.de\/wp-content\/uploads\/2021\/12\/2021-12-06_Stadt-Land.jpg 1600w\" sizes=\"auto, (max-width: 300px) 100vw, 300px\" \/><\/figure><\/div>\n\n\n\n<p><strong><strong>Daten von tausenden Versicherten ausgewertet<\/strong><\/strong><\/p>\n\n\n\n<p>Demenzielle Erkrankungen vom Typ-Alzheimer und verwandte Demenzerkrankungen betreffen in den USA etwa 14 % der \u00fcber 70-J\u00e4hrigen und mehr als 37 % der \u00fcber 90-J\u00e4hrigen. Dabei leben &#8211; in den USA wie in Deutschland &#8211; mehr \u00e4ltere Erwachsene in l\u00e4ndlichen Regionen als in st\u00e4dtischen. In die Studie wurden alle Erwachsenen \u00fcber 65 Jahre eingeschlossen, die zwischen 2008 und 2015 als Leistungsempf\u00e4nger*innen bei Medicare gemeldet waren.<\/p>\n\n\n\n<p><strong>\u00c4ltere Erwachsene<ins>,<\/ins> die bei Diagnosestellung in einer Stadt leben, leben l\u00e4nger<\/strong><\/p>\n\n\n\n<p>Unter den Versicherten, bei denen im Jahr 2008 eine Demenz diagnostiziert wurde, lebten die Einwohner*innen von gro\u00dfen St\u00e4dten l\u00e4nger als diejenigen in kleineren und l\u00e4ndlichen Gemeinden. Die \u00dcberlebensrate nach 7 Jahren war in Metropolregionen um etwa 14 % h\u00f6her als in nicht st\u00e4dtischen Kreisen. <\/p>\n\n\n\n<p>Die Forscher*innen gehen davon aus, dass alle Formen der Demenz in l\u00e4ndlichen Regionen nicht vollst\u00e4ndig bzw. zu sp\u00e4t diagnostiziert werden und sich dadurch die \u00dcberlebenszeit verringert. Das ist vor allem einem erschwerten Zugang zu Gesundheitsdienstleister*innen auf dem Land geschuldet. Spezialisierte \u00c4rzt*innen sind in den gro\u00dfen Metropolregionen angesiedelt. Durch diese Gegebenheiten sind die Diagnosem\u00f6glichkeiten auf dem Land reduziert und es erfolgt eine zu sp\u00e4te Diagnose.<\/p>\n\n\n\n<p><strong>Demographischer Wandel spitzt die Versorgungslage weiter zu<\/strong><\/p>\n\n\n\n<p>Zus\u00e4tzlich sind Menschen mit Demenz im l\u00e4ndlichen Raum auch vermehrt auf die Pflege von Angeh\u00f6rigen angewiesen. Mit der Alterung der Bev\u00f6lkerung wird jedoch mit einem R\u00fcckgang der pflegenden Angeh\u00f6rigen gerechnet. J\u00e4hrlich erbringen informelle Pflegepersonen \u00fcber 18 Milliarden Stunden unbezahlter Pflege f\u00fcr Menschen mit Demenz in den USA. Ein R\u00fcckgang der Verf\u00fcgbarkeit von pflegenden Angeh\u00f6rigen wird die Nachfrage nach formellen Unterst\u00fctzungsdiensten erh\u00f6hen, die Verf\u00fcgbarkeit und der Zugang zu solchen Diensten in l\u00e4ndlichen Gebieten ist jedoch begrenzt.<\/p>\n\n\n\n<p><strong>Neue Strategien m\u00fcssen entwickelt werden<\/strong><\/p>\n\n\n\n<p>Um die Spaltung zwischen st\u00e4dtischen und l\u00e4ndlichen Regionen in der Gesundheitsversorgung aufzuhalten, fordern die Forschenden neue Strategien, damit Betroffene schon in einem fr\u00fchen Stadium der Demenz behandelt werden k\u00f6nnen.<\/p>\n\n\n\n<p>Hier finden Sie die Studie: <a rel=\"noreferrer noopener\" href=\"https:\/\/alz-journals.onlinelibrary.wiley.com\/doi\/10.1002\/alz.12285\" target=\"_blank\">Rural-urban differences in diagnostic incidence and prevalence of Alzheimer\u2019s disease and related dementias<\/a> (2021)<\/p>\n\n\n\n<p><\/p>","protected":false},"excerpt":{"rendered":"<p>Studien zufolge gibt es Unterschiede sowohl beim Zeitpunkt der Diagnosestellung als auch bei der Behandlung von Menschen mit Demenz zwischen st\u00e4dtischen und l\u00e4ndlichen Regionen. US-amerikanische Forscher*innen wollten herausfinden, wie ausschlaggebend diese Unterschiede sind. Hintergrund der Studie von Rahman und Kolleg*innen ist, dass es Ungleichheiten bei der Verf\u00fcgbarkeit, Zug\u00e4nglichkeit und Akzeptanz &hellip;<\/p>","protected":false},"author":7,"featured_media":15137,"comment_status":"open","ping_status":"closed","sticky":false,"template":"","format":"standard","meta":{"qubely_global_settings":"","qubely_interactions":"","_uag_custom_page_level_css":"","footnotes":""},"categories":[5],"tags":[13,366,12,365,14,17,55,364,363],"class_list":["post-15140","post","type-post","status-publish","format-standard","has-post-thumbnail","hentry","category-wissenschaft-forschung","tag-alzheimer","tag-behandlung","tag-demenz-2","tag-diagnose","tag-digidem","tag-digidem-bayern","tag-digitales-demenzregister-bayern","tag-land","tag-stadt"],"qubely_featured_image_url":{"full":["https:\/\/digidem-bayern.de\/wp-content\/uploads\/2021\/12\/2021-12-06_Stadt-Land.jpg",1600,1067,false],"landscape":["https:\/\/digidem-bayern.de\/wp-content\/uploads\/2021\/12\/2021-12-06_Stadt-Land-1200x750.jpg",1200,750,true],"portraits":["https:\/\/digidem-bayern.de\/wp-content\/uploads\/2021\/12\/2021-12-06_Stadt-Land-540x320.jpg",540,320,true],"thumbnail":["https:\/\/digidem-bayern.de\/wp-content\/uploads\/2021\/12\/2021-12-06_Stadt-Land-80x80.jpg",80,80,true],"medium":["https:\/\/digidem-bayern.de\/wp-content\/uploads\/2021\/12\/2021-12-06_Stadt-Land-300x200.jpg",300,200,true],"medium_large":["https:\/\/digidem-bayern.de\/wp-content\/uploads\/2021\/12\/2021-12-06_Stadt-Land-768x512.jpg",768,512,true],"large":["https:\/\/digidem-bayern.de\/wp-content\/uploads\/2021\/12\/2021-12-06_Stadt-Land-1030x687.jpg",1030,687,true],"1536x1536":["https:\/\/digidem-bayern.de\/wp-content\/uploads\/2021\/12\/2021-12-06_Stadt-Land-1536x1024.jpg",1536,1024,true],"2048x2048":["https:\/\/digidem-bayern.de\/wp-content\/uploads\/2021\/12\/2021-12-06_Stadt-Land-2048x1365.jpg",2048,1365,true],"trp-custom-language-flag":["https:\/\/digidem-bayern.de\/wp-content\/uploads\/2021\/12\/2021-12-06_Stadt-Land.jpg",18,12,false],"qubely_landscape":["https:\/\/digidem-bayern.de\/wp-content\/uploads\/2021\/12\/2021-12-06_Stadt-Land-1200x750.jpg",1200,750,true],"qubely_portrait":["https:\/\/digidem-bayern.de\/wp-content\/uploads\/2021\/12\/2021-12-06_Stadt-Land-540x320.jpg",540,320,true],"qubely_thumbnail":["https:\/\/digidem-bayern.de\/wp-content\/uploads\/2021\/12\/2021-12-06_Stadt-Land-140x100.jpg",140,100,true],"post-thumbnail":["https:\/\/digidem-bayern.de\/wp-content\/uploads\/2021\/12\/2021-12-06_Stadt-Land-525x350.jpg",525,350,true],"kahuna-featured":["https:\/\/digidem-bayern.de\/wp-content\/uploads\/2021\/12\/2021-12-06_Stadt-Land-734x350.jpg",734,350,true],"kahuna-featured-lp":["https:\/\/digidem-bayern.de\/wp-content\/uploads\/2021\/12\/2021-12-06_Stadt-Land-520x350.jpg",520,350,true],"kahuna-featured-half":["https:\/\/digidem-bayern.de\/wp-content\/uploads\/2021\/12\/2021-12-06_Stadt-Land-800x350.jpg",800,350,true],"kahuna-featured-third":["https:\/\/digidem-bayern.de\/wp-content\/uploads\/2021\/12\/2021-12-06_Stadt-Land-512x350.jpg",512,350,true],"kahuna-lpbox-1":["https:\/\/digidem-bayern.de\/wp-content\/uploads\/2021\/12\/2021-12-06_Stadt-Land-520x300.jpg",520,300,true],"kahuna-lpbox-2":["https:\/\/digidem-bayern.de\/wp-content\/uploads\/2021\/12\/2021-12-06_Stadt-Land-520x350.jpg",520,350,true],"demand-language-flag":["https:\/\/digidem-bayern.de\/wp-content\/uploads\/2021\/12\/2021-12-06_Stadt-Land.jpg",36,24,false],"dddkt-language-flag":["https:\/\/digidem-bayern.de\/wp-content\/uploads\/2021\/12\/2021-12-06_Stadt-Land.jpg",36,24,false],"ddiqc-language-flag":["https:\/\/digidem-bayern.de\/wp-content\/uploads\/2021\/12\/2021-12-06_Stadt-Land.jpg",36,24,false],"ddtl-language-flag":["https:\/\/digidem-bayern.de\/wp-content\/uploads\/2021\/12\/2021-12-06_Stadt-Land-36x36.jpg",36,36,true],"mailpoet_newsletter_max":["https:\/\/digidem-bayern.de\/wp-content\/uploads\/2021\/12\/2021-12-06_Stadt-Land-1320x880.jpg",1320,880,true],"kahuna-lpbox-3":["https:\/\/digidem-bayern.de\/wp-content\/uploads\/2021\/12\/2021-12-06_Stadt-Land-520x350.jpg",520,350,true],"kahuna-featured-square":["https:\/\/digidem-bayern.de\/wp-content\/uploads\/2021\/12\/2021-12-06_Stadt-Land-512x512.jpg",512,512,true],"kahuna-featured-square-large":["https:\/\/digidem-bayern.de\/wp-content\/uploads\/2021\/12\/2021-12-06_Stadt-Land-1024x1024.jpg",1024,1024,true]},"qubely_author":{"display_name":"Anne Keefer","author_link":"https:\/\/digidem-bayern.de\/en\/author\/ag-webinar\/"},"qubely_comment":3,"qubely_category":"<a href=\"https:\/\/digidem-bayern.de\/en\/category\/wissenschaft-forschung\/\" rel=\"category tag\">Wissenschaft &amp; Forschung<\/a>","qubely_excerpt":"Studien zufolge gibt es Unterschiede sowohl beim Zeitpunkt der Diagnosestellung als auch bei der Behandlung von Menschen mit Demenz zwischen st\u00e4dtischen und l\u00e4ndlichen Regionen. US-amerikanische Forscher*innen wollten herausfinden, wie ausschlaggebend diese Unterschiede sind. Hintergrund der Studie von Rahman und Kolleg*innen ist, dass es Ungleichheiten bei der Verf\u00fcgbarkeit, Zug\u00e4nglichkeit und Akzeptanz &hellip;","featured_image_urls_v2":{"full":["https:\/\/digidem-bayern.de\/wp-content\/uploads\/2021\/12\/2021-12-06_Stadt-Land.jpg",1600,1067,false],"thumbnail":["https:\/\/digidem-bayern.de\/wp-content\/uploads\/2021\/12\/2021-12-06_Stadt-Land-80x80.jpg",80,80,true],"medium":["https:\/\/digidem-bayern.de\/wp-content\/uploads\/2021\/12\/2021-12-06_Stadt-Land-300x200.jpg",300,200,true],"medium_large":["https:\/\/digidem-bayern.de\/wp-content\/uploads\/2021\/12\/2021-12-06_Stadt-Land-768x512.jpg",768,512,true],"large":["https:\/\/digidem-bayern.de\/wp-content\/uploads\/2021\/12\/2021-12-06_Stadt-Land-1030x687.jpg",1030,687,true],"1536x1536":["https:\/\/digidem-bayern.de\/wp-content\/uploads\/2021\/12\/2021-12-06_Stadt-Land-1536x1024.jpg",1536,1024,true],"2048x2048":["https:\/\/digidem-bayern.de\/wp-content\/uploads\/2021\/12\/2021-12-06_Stadt-Land-2048x1365.jpg",2048,1365,true],"trp-custom-language-flag":["https:\/\/digidem-bayern.de\/wp-content\/uploads\/2021\/12\/2021-12-06_Stadt-Land.jpg",18,12,false],"qubely_landscape":["https:\/\/digidem-bayern.de\/wp-content\/uploads\/2021\/12\/2021-12-06_Stadt-Land-1200x750.jpg",1200,750,true],"qubely_portrait":["https:\/\/digidem-bayern.de\/wp-content\/uploads\/2021\/12\/2021-12-06_Stadt-Land-540x320.jpg",540,320,true],"qubely_thumbnail":["https:\/\/digidem-bayern.de\/wp-content\/uploads\/2021\/12\/2021-12-06_Stadt-Land-140x100.jpg",140,100,true],"post-thumbnail":["https:\/\/digidem-bayern.de\/wp-content\/uploads\/2021\/12\/2021-12-06_Stadt-Land-525x350.jpg",525,350,true],"kahuna-featured":["https:\/\/digidem-bayern.de\/wp-content\/uploads\/2021\/12\/2021-12-06_Stadt-Land-734x350.jpg",734,350,true],"kahuna-featured-lp":["https:\/\/digidem-bayern.de\/wp-content\/uploads\/2021\/12\/2021-12-06_Stadt-Land-520x350.jpg",520,350,true],"kahuna-featured-half":["https:\/\/digidem-bayern.de\/wp-content\/uploads\/2021\/12\/2021-12-06_Stadt-Land-800x350.jpg",800,350,true],"kahuna-featured-third":["https:\/\/digidem-bayern.de\/wp-content\/uploads\/2021\/12\/2021-12-06_Stadt-Land-512x350.jpg",512,350,true],"kahuna-lpbox-1":["https:\/\/digidem-bayern.de\/wp-content\/uploads\/2021\/12\/2021-12-06_Stadt-Land-520x300.jpg",520,300,true],"kahuna-lpbox-2":["https:\/\/digidem-bayern.de\/wp-content\/uploads\/2021\/12\/2021-12-06_Stadt-Land-520x350.jpg",520,350,true],"demand-language-flag":["https:\/\/digidem-bayern.de\/wp-content\/uploads\/2021\/12\/2021-12-06_Stadt-Land.jpg",36,24,false],"dddkt-language-flag":["https:\/\/digidem-bayern.de\/wp-content\/uploads\/2021\/12\/2021-12-06_Stadt-Land.jpg",36,24,false],"ddiqc-language-flag":["https:\/\/digidem-bayern.de\/wp-content\/uploads\/2021\/12\/2021-12-06_Stadt-Land.jpg",36,24,false],"ddtl-language-flag":["https:\/\/digidem-bayern.de\/wp-content\/uploads\/2021\/12\/2021-12-06_Stadt-Land-36x36.jpg",36,36,true],"mailpoet_newsletter_max":["https:\/\/digidem-bayern.de\/wp-content\/uploads\/2021\/12\/2021-12-06_Stadt-Land-1320x880.jpg",1320,880,true],"kahuna-lpbox-3":["https:\/\/digidem-bayern.de\/wp-content\/uploads\/2021\/12\/2021-12-06_Stadt-Land-520x350.jpg",520,350,true],"kahuna-featured-square":["https:\/\/digidem-bayern.de\/wp-content\/uploads\/2021\/12\/2021-12-06_Stadt-Land-512x512.jpg",512,512,true],"kahuna-featured-square-large":["https:\/\/digidem-bayern.de\/wp-content\/uploads\/2021\/12\/2021-12-06_Stadt-Land-1024x1024.jpg",1024,1024,true]},"post_excerpt_stackable_v2":"<p>Studien zufolge gibt es Unterschiede sowohl beim Zeitpunkt der Diagnosestellung als auch bei der Behandlung von Menschen mit Demenz zwischen st\u00e4dtischen und l\u00e4ndlichen Regionen. US-amerikanische Forscher*innen wollten herausfinden, wie ausschlaggebend diese Unterschiede sind. Hintergrund der Studie von Rahman und Kolleg*innen ist, dass es Ungleichheiten bei der Verf\u00fcgbarkeit, Zug\u00e4nglichkeit und Akzeptanz der Gesundheitsf\u00fchrsorge bei \u00e4lteren Erwachsenen in l\u00e4ndlichen Gebieten gibt. Dies f\u00fchrt zu einer wachsenden Diskrepanz in der Lebenserwartung zwischen st\u00e4dtischen und l\u00e4ndlichen Gemeinden nach der Diagnose Demenz. Mithilfe der Studie sollen Strategien entwickelt werden, um die rechtzeitige Diagnosestellung und den Zugang zu unterst\u00fctzenden Diensten f\u00fcr \u00e4ltere Erwachsene in l\u00e4ndlichen Gemeinden&hellip;<\/p>\n","category_list_v2":"<a href=\"https:\/\/digidem-bayern.de\/en\/category\/wissenschaft-forschung\/\" rel=\"category tag\">Wissenschaft &amp; Forschung<\/a>","author_info_v2":{"name":"Anne Keefer","url":"https:\/\/digidem-bayern.de\/en\/author\/ag-webinar\/"},"comments_num_v2":"0 comments","yoast_head":"<!-- This site is optimized with the Yoast SEO plugin v27.4 - https:\/\/yoast.com\/product\/yoast-seo-wordpress\/ -->\n<title>Stadt-Land-Unterschiede in der Diagnosestellung und Behandlung von Demenz - digiDEM Bayern<\/title>\n<meta name=\"description\" content=\"Eine Studie hat den Einfluss von Ern\u00e4hrungsgewohnheiten - wie dem Zeitpunkt von Mahlzeiten - auf die kognitiven F\u00e4higkeiten untersucht.\" \/>\n<meta name=\"robots\" content=\"index, follow, max-snippet:-1, max-image-preview:large, max-video-preview:-1\" \/>\n<link rel=\"canonical\" href=\"https:\/\/digidem-bayern.de\/en\/stadt-land-unterschiede-in-der-diagnosestellung-und-behandlung-von-demenz\/\" \/>\n<meta property=\"og:locale\" content=\"en_US\" \/>\n<meta property=\"og:type\" content=\"article\" \/>\n<meta property=\"og:title\" content=\"Stadt-Land-Unterschiede in der Diagnosestellung und Behandlung von Demenz - digiDEM Bayern\" \/>\n<meta property=\"og:description\" content=\"Eine Studie hat den Einfluss von Ern\u00e4hrungsgewohnheiten - wie dem Zeitpunkt von Mahlzeiten - auf die kognitiven F\u00e4higkeiten untersucht.\" \/>\n<meta property=\"og:url\" content=\"https:\/\/digidem-bayern.de\/en\/stadt-land-unterschiede-in-der-diagnosestellung-und-behandlung-von-demenz\/\" \/>\n<meta property=\"og:site_name\" content=\"digiDEM Bayern\" \/>\n<meta property=\"article:publisher\" content=\"https:\/\/www.facebook.com\/digiDEMBayern\/\" \/>\n<meta property=\"article:published_time\" content=\"2021-12-03T14:12:32+00:00\" \/>\n<meta property=\"article:modified_time\" content=\"2021-12-06T12:59:10+00:00\" \/>\n<meta property=\"og:image\" content=\"https:\/\/digidem-bayern.de\/wp-content\/uploads\/2021\/12\/2021-12-06_Stadt-Land.jpg\" \/>\n\t<meta property=\"og:image:width\" content=\"1600\" \/>\n\t<meta property=\"og:image:height\" content=\"1067\" \/>\n\t<meta property=\"og:image:type\" content=\"image\/jpeg\" \/>\n<meta name=\"author\" content=\"Anne Keefer\" \/>\n<meta name=\"twitter:label1\" content=\"Written by\" \/>\n\t<meta name=\"twitter:data1\" content=\"Anne Keefer\" \/>\n\t<meta name=\"twitter:label2\" content=\"Est. reading time\" \/>\n\t<meta name=\"twitter:data2\" content=\"3 minutes\" \/>\n<script type=\"application\/ld+json\" class=\"yoast-schema-graph\">{\"@context\":\"https:\\\/\\\/schema.org\",\"@graph\":[{\"@type\":\"Article\",\"@id\":\"https:\\\/\\\/digidem-bayern.de\\\/stadt-land-unterschiede-in-der-diagnosestellung-und-behandlung-von-demenz\\\/#article\",\"isPartOf\":{\"@id\":\"https:\\\/\\\/digidem-bayern.de\\\/stadt-land-unterschiede-in-der-diagnosestellung-und-behandlung-von-demenz\\\/\"},\"author\":{\"name\":\"Anne Keefer\",\"@id\":\"\\\/#\\\/schema\\\/person\\\/0e8781e0653d1a8e57ca55bd2c3cb01f\"},\"headline\":\"Stadt-Land-Unterschiede in der Diagnosestellung und Behandlung von Demenz\",\"datePublished\":\"2021-12-03T14:12:32+00:00\",\"dateModified\":\"2021-12-06T12:59:10+00:00\",\"mainEntityOfPage\":{\"@id\":\"https:\\\/\\\/digidem-bayern.de\\\/stadt-land-unterschiede-in-der-diagnosestellung-und-behandlung-von-demenz\\\/\"},\"wordCount\":479,\"commentCount\":0,\"publisher\":{\"@id\":\"\\\/#organization\"},\"image\":{\"@id\":\"https:\\\/\\\/digidem-bayern.de\\\/stadt-land-unterschiede-in-der-diagnosestellung-und-behandlung-von-demenz\\\/#primaryimage\"},\"thumbnailUrl\":\"https:\\\/\\\/digidem-bayern.de\\\/wp-content\\\/uploads\\\/2021\\\/12\\\/2021-12-06_Stadt-Land.jpg\",\"keywords\":[\"Alzheimer\",\"Behandlung\",\"Demenz\",\"DIagnose\",\"digidem\",\"digidem Bayern\",\"Digitales Demenzregister Bayern\",\"Land\",\"Stadt\"],\"articleSection\":[\"Wissenschaft &amp; Forschung\"],\"inLanguage\":\"en-US\",\"potentialAction\":[{\"@type\":\"CommentAction\",\"name\":\"Comment\",\"target\":[\"https:\\\/\\\/digidem-bayern.de\\\/stadt-land-unterschiede-in-der-diagnosestellung-und-behandlung-von-demenz\\\/#respond\"]}]},{\"@type\":\"WebPage\",\"@id\":\"https:\\\/\\\/digidem-bayern.de\\\/stadt-land-unterschiede-in-der-diagnosestellung-und-behandlung-von-demenz\\\/\",\"url\":\"https:\\\/\\\/digidem-bayern.de\\\/stadt-land-unterschiede-in-der-diagnosestellung-und-behandlung-von-demenz\\\/\",\"name\":\"Stadt-Land-Unterschiede in der Diagnosestellung und Behandlung von Demenz - digiDEM Bayern\",\"isPartOf\":{\"@id\":\"\\\/#website\"},\"primaryImageOfPage\":{\"@id\":\"https:\\\/\\\/digidem-bayern.de\\\/stadt-land-unterschiede-in-der-diagnosestellung-und-behandlung-von-demenz\\\/#primaryimage\"},\"image\":{\"@id\":\"https:\\\/\\\/digidem-bayern.de\\\/stadt-land-unterschiede-in-der-diagnosestellung-und-behandlung-von-demenz\\\/#primaryimage\"},\"thumbnailUrl\":\"https:\\\/\\\/digidem-bayern.de\\\/wp-content\\\/uploads\\\/2021\\\/12\\\/2021-12-06_Stadt-Land.jpg\",\"datePublished\":\"2021-12-03T14:12:32+00:00\",\"dateModified\":\"2021-12-06T12:59:10+00:00\",\"description\":\"Eine Studie hat den Einfluss von Ern\u00e4hrungsgewohnheiten - wie dem Zeitpunkt von Mahlzeiten - auf die kognitiven F\u00e4higkeiten untersucht.\",\"breadcrumb\":{\"@id\":\"https:\\\/\\\/digidem-bayern.de\\\/stadt-land-unterschiede-in-der-diagnosestellung-und-behandlung-von-demenz\\\/#breadcrumb\"},\"inLanguage\":\"en-US\",\"potentialAction\":[{\"@type\":\"ReadAction\",\"target\":[\"https:\\\/\\\/digidem-bayern.de\\\/stadt-land-unterschiede-in-der-diagnosestellung-und-behandlung-von-demenz\\\/\"]}]},{\"@type\":\"ImageObject\",\"inLanguage\":\"en-US\",\"@id\":\"https:\\\/\\\/digidem-bayern.de\\\/stadt-land-unterschiede-in-der-diagnosestellung-und-behandlung-von-demenz\\\/#primaryimage\",\"url\":\"https:\\\/\\\/digidem-bayern.de\\\/wp-content\\\/uploads\\\/2021\\\/12\\\/2021-12-06_Stadt-Land.jpg\",\"contentUrl\":\"https:\\\/\\\/digidem-bayern.de\\\/wp-content\\\/uploads\\\/2021\\\/12\\\/2021-12-06_Stadt-Land.jpg\",\"width\":1600,\"height\":1067},{\"@type\":\"BreadcrumbList\",\"@id\":\"https:\\\/\\\/digidem-bayern.de\\\/stadt-land-unterschiede-in-der-diagnosestellung-und-behandlung-von-demenz\\\/#breadcrumb\",\"itemListElement\":[{\"@type\":\"ListItem\",\"position\":1,\"name\":\"Startseite\",\"item\":\"https:\\\/\\\/digidem-bayern.de\\\/\"},{\"@type\":\"ListItem\",\"position\":2,\"name\":\"Stadt-Land-Unterschiede in der Diagnosestellung und Behandlung von Demenz\"}]},{\"@type\":\"WebSite\",\"@id\":\"\\\/#website\",\"url\":\"\\\/\",\"name\":\"digiDEM Bayern\",\"description\":\"Das digitale Demenzregister Bayern erforscht und verbessert die Angebotsstuktur f\u00fcr Menschen mit Demenz und deren Angeh\u00f6rige\",\"publisher\":{\"@id\":\"\\\/#organization\"},\"potentialAction\":[{\"@type\":\"SearchAction\",\"target\":{\"@type\":\"EntryPoint\",\"urlTemplate\":\"\\\/?s={search_term_string}\"},\"query-input\":{\"@type\":\"PropertyValueSpecification\",\"valueRequired\":true,\"valueName\":\"search_term_string\"}}],\"inLanguage\":\"en-US\"},{\"@type\":\"Organization\",\"@id\":\"\\\/#organization\",\"name\":\"digiDEM Bayern\",\"url\":\"\\\/\",\"logo\":{\"@type\":\"ImageObject\",\"inLanguage\":\"en-US\",\"@id\":\"\\\/#\\\/schema\\\/logo\\\/image\\\/\",\"url\":\"https:\\\/\\\/digidem-bayern.de\\\/wp-content\\\/uploads\\\/2022\\\/03\\\/cropped-Allgemeines_digiDEMLOGO-removebg-preview.png\",\"contentUrl\":\"https:\\\/\\\/digidem-bayern.de\\\/wp-content\\\/uploads\\\/2022\\\/03\\\/cropped-Allgemeines_digiDEMLOGO-removebg-preview.png\",\"width\":612,\"height\":357,\"caption\":\"digiDEM Bayern\"},\"image\":{\"@id\":\"\\\/#\\\/schema\\\/logo\\\/image\\\/\"},\"sameAs\":[\"https:\\\/\\\/www.facebook.com\\\/digiDEMBayern\\\/\",\"https:\\\/\\\/x.com\\\/digidem_bayern\",\"https:\\\/\\\/www.instagram.com\\\/digidem.bayern\",\"https:\\\/\\\/www.linkedin.com\\\/company\\\/digidem-bayern\\\/\"]},{\"@type\":\"Person\",\"@id\":\"\\\/#\\\/schema\\\/person\\\/0e8781e0653d1a8e57ca55bd2c3cb01f\",\"name\":\"Anne Keefer\",\"url\":\"https:\\\/\\\/digidem-bayern.de\\\/en\\\/author\\\/ag-webinar\\\/\"}]}<\/script>\n<!-- \/ Yoast SEO plugin. -->","yoast_head_json":{"title":"Stadt-Land-Unterschiede in der Diagnosestellung und Behandlung von Demenz - digiDEM Bayern","description":"Eine Studie hat den Einfluss von Ern\u00e4hrungsgewohnheiten - wie dem Zeitpunkt von Mahlzeiten - auf die kognitiven F\u00e4higkeiten untersucht.","robots":{"index":"index","follow":"follow","max-snippet":"max-snippet:-1","max-image-preview":"max-image-preview:large","max-video-preview":"max-video-preview:-1"},"canonical":"https:\/\/digidem-bayern.de\/en\/stadt-land-unterschiede-in-der-diagnosestellung-und-behandlung-von-demenz\/","og_locale":"en_US","og_type":"article","og_title":"Stadt-Land-Unterschiede in der Diagnosestellung und Behandlung von Demenz - digiDEM Bayern","og_description":"Eine Studie hat den Einfluss von Ern\u00e4hrungsgewohnheiten - wie dem Zeitpunkt von Mahlzeiten - auf die kognitiven F\u00e4higkeiten untersucht.","og_url":"https:\/\/digidem-bayern.de\/en\/stadt-land-unterschiede-in-der-diagnosestellung-und-behandlung-von-demenz\/","og_site_name":"digiDEM Bayern","article_publisher":"https:\/\/www.facebook.com\/digiDEMBayern\/","article_published_time":"2021-12-03T14:12:32+00:00","article_modified_time":"2021-12-06T12:59:10+00:00","og_image":[{"width":1600,"height":1067,"url":"https:\/\/digidem-bayern.de\/wp-content\/uploads\/2021\/12\/2021-12-06_Stadt-Land.jpg","type":"image\/jpeg"}],"author":"Anne Keefer","twitter_misc":{"Written by":"Anne Keefer","Est. reading time":"3 minutes"},"schema":{"@context":"https:\/\/schema.org","@graph":[{"@type":"Article","@id":"https:\/\/digidem-bayern.de\/stadt-land-unterschiede-in-der-diagnosestellung-und-behandlung-von-demenz\/#article","isPartOf":{"@id":"https:\/\/digidem-bayern.de\/stadt-land-unterschiede-in-der-diagnosestellung-und-behandlung-von-demenz\/"},"author":{"name":"Anne Keefer","@id":"\/#\/schema\/person\/0e8781e0653d1a8e57ca55bd2c3cb01f"},"headline":"Stadt-Land-Unterschiede in der Diagnosestellung und Behandlung von Demenz","datePublished":"2021-12-03T14:12:32+00:00","dateModified":"2021-12-06T12:59:10+00:00","mainEntityOfPage":{"@id":"https:\/\/digidem-bayern.de\/stadt-land-unterschiede-in-der-diagnosestellung-und-behandlung-von-demenz\/"},"wordCount":479,"commentCount":0,"publisher":{"@id":"\/#organization"},"image":{"@id":"https:\/\/digidem-bayern.de\/stadt-land-unterschiede-in-der-diagnosestellung-und-behandlung-von-demenz\/#primaryimage"},"thumbnailUrl":"https:\/\/digidem-bayern.de\/wp-content\/uploads\/2021\/12\/2021-12-06_Stadt-Land.jpg","keywords":["Alzheimer","Behandlung","Demenz","DIagnose","digidem","digidem Bayern","Digitales Demenzregister Bayern","Land","Stadt"],"articleSection":["Wissenschaft &amp; Forschung"],"inLanguage":"en-US","potentialAction":[{"@type":"CommentAction","name":"Comment","target":["https:\/\/digidem-bayern.de\/stadt-land-unterschiede-in-der-diagnosestellung-und-behandlung-von-demenz\/#respond"]}]},{"@type":"WebPage","@id":"https:\/\/digidem-bayern.de\/stadt-land-unterschiede-in-der-diagnosestellung-und-behandlung-von-demenz\/","url":"https:\/\/digidem-bayern.de\/stadt-land-unterschiede-in-der-diagnosestellung-und-behandlung-von-demenz\/","name":"Stadt-Land-Unterschiede in der Diagnosestellung und Behandlung von Demenz - digiDEM Bayern","isPartOf":{"@id":"\/#website"},"primaryImageOfPage":{"@id":"https:\/\/digidem-bayern.de\/stadt-land-unterschiede-in-der-diagnosestellung-und-behandlung-von-demenz\/#primaryimage"},"image":{"@id":"https:\/\/digidem-bayern.de\/stadt-land-unterschiede-in-der-diagnosestellung-und-behandlung-von-demenz\/#primaryimage"},"thumbnailUrl":"https:\/\/digidem-bayern.de\/wp-content\/uploads\/2021\/12\/2021-12-06_Stadt-Land.jpg","datePublished":"2021-12-03T14:12:32+00:00","dateModified":"2021-12-06T12:59:10+00:00","description":"Eine Studie hat den Einfluss von Ern\u00e4hrungsgewohnheiten - wie dem Zeitpunkt von Mahlzeiten - auf die kognitiven F\u00e4higkeiten untersucht.","breadcrumb":{"@id":"https:\/\/digidem-bayern.de\/stadt-land-unterschiede-in-der-diagnosestellung-und-behandlung-von-demenz\/#breadcrumb"},"inLanguage":"en-US","potentialAction":[{"@type":"ReadAction","target":["https:\/\/digidem-bayern.de\/stadt-land-unterschiede-in-der-diagnosestellung-und-behandlung-von-demenz\/"]}]},{"@type":"ImageObject","inLanguage":"en-US","@id":"https:\/\/digidem-bayern.de\/stadt-land-unterschiede-in-der-diagnosestellung-und-behandlung-von-demenz\/#primaryimage","url":"https:\/\/digidem-bayern.de\/wp-content\/uploads\/2021\/12\/2021-12-06_Stadt-Land.jpg","contentUrl":"https:\/\/digidem-bayern.de\/wp-content\/uploads\/2021\/12\/2021-12-06_Stadt-Land.jpg","width":1600,"height":1067},{"@type":"BreadcrumbList","@id":"https:\/\/digidem-bayern.de\/stadt-land-unterschiede-in-der-diagnosestellung-und-behandlung-von-demenz\/#breadcrumb","itemListElement":[{"@type":"ListItem","position":1,"name":"Startseite","item":"https:\/\/digidem-bayern.de\/"},{"@type":"ListItem","position":2,"name":"Stadt-Land-Unterschiede in der Diagnosestellung und Behandlung von Demenz"}]},{"@type":"WebSite","@id":"\/#website","url":"\/","name":"digiDEM Bavaria","description":"The digital dementia register in Bavaria researches and improves the structure of services for people with dementia and their relatives","publisher":{"@id":"\/#organization"},"potentialAction":[{"@type":"SearchAction","target":{"@type":"EntryPoint","urlTemplate":"\/?s={search_term_string}"},"query-input":{"@type":"PropertyValueSpecification","valueRequired":true,"valueName":"search_term_string"}}],"inLanguage":"en-US"},{"@type":"Organization","@id":"\/#organization","name":"digiDEM Bavaria","url":"\/","logo":{"@type":"ImageObject","inLanguage":"en-US","@id":"\/#\/schema\/logo\/image\/","url":"https:\/\/digidem-bayern.de\/wp-content\/uploads\/2022\/03\/cropped-Allgemeines_digiDEMLOGO-removebg-preview.png","contentUrl":"https:\/\/digidem-bayern.de\/wp-content\/uploads\/2022\/03\/cropped-Allgemeines_digiDEMLOGO-removebg-preview.png","width":612,"height":357,"caption":"digiDEM Bayern"},"image":{"@id":"\/#\/schema\/logo\/image\/"},"sameAs":["https:\/\/www.facebook.com\/digiDEMBayern\/","https:\/\/x.com\/digidem_bayern","https:\/\/www.instagram.com\/digidem.bayern","https:\/\/www.linkedin.com\/company\/digidem-bayern\/"]},{"@type":"Person","@id":"\/#\/schema\/person\/0e8781e0653d1a8e57ca55bd2c3cb01f","name":"Anne Keefer","url":"https:\/\/digidem-bayern.de\/en\/author\/ag-webinar\/"}]}},"uagb_featured_image_src":{"full":["https:\/\/digidem-bayern.de\/wp-content\/uploads\/2021\/12\/2021-12-06_Stadt-Land.jpg",1600,1067,false],"thumbnail":["https:\/\/digidem-bayern.de\/wp-content\/uploads\/2021\/12\/2021-12-06_Stadt-Land-80x80.jpg",80,80,true],"medium":["https:\/\/digidem-bayern.de\/wp-content\/uploads\/2021\/12\/2021-12-06_Stadt-Land-300x200.jpg",300,200,true],"medium_large":["https:\/\/digidem-bayern.de\/wp-content\/uploads\/2021\/12\/2021-12-06_Stadt-Land-768x512.jpg",768,512,true],"large":["https:\/\/digidem-bayern.de\/wp-content\/uploads\/2021\/12\/2021-12-06_Stadt-Land-1030x687.jpg",1030,687,true],"1536x1536":["https:\/\/digidem-bayern.de\/wp-content\/uploads\/2021\/12\/2021-12-06_Stadt-Land-1536x1024.jpg",1536,1024,true],"2048x2048":["https:\/\/digidem-bayern.de\/wp-content\/uploads\/2021\/12\/2021-12-06_Stadt-Land-2048x1365.jpg",2048,1365,true],"trp-custom-language-flag":["https:\/\/digidem-bayern.de\/wp-content\/uploads\/2021\/12\/2021-12-06_Stadt-Land.jpg",18,12,false],"qubely_landscape":["https:\/\/digidem-bayern.de\/wp-content\/uploads\/2021\/12\/2021-12-06_Stadt-Land-1200x750.jpg",1200,750,true],"qubely_portrait":["https:\/\/digidem-bayern.de\/wp-content\/uploads\/2021\/12\/2021-12-06_Stadt-Land-540x320.jpg",540,320,true],"qubely_thumbnail":["https:\/\/digidem-bayern.de\/wp-content\/uploads\/2021\/12\/2021-12-06_Stadt-Land-140x100.jpg",140,100,true],"post-thumbnail":["https:\/\/digidem-bayern.de\/wp-content\/uploads\/2021\/12\/2021-12-06_Stadt-Land-525x350.jpg",525,350,true],"kahuna-featured":["https:\/\/digidem-bayern.de\/wp-content\/uploads\/2021\/12\/2021-12-06_Stadt-Land-734x350.jpg",734,350,true],"kahuna-featured-lp":["https:\/\/digidem-bayern.de\/wp-content\/uploads\/2021\/12\/2021-12-06_Stadt-Land-520x350.jpg",520,350,true],"kahuna-featured-half":["https:\/\/digidem-bayern.de\/wp-content\/uploads\/2021\/12\/2021-12-06_Stadt-Land-800x350.jpg",800,350,true],"kahuna-featured-third":["https:\/\/digidem-bayern.de\/wp-content\/uploads\/2021\/12\/2021-12-06_Stadt-Land-512x350.jpg",512,350,true],"kahuna-lpbox-1":["https:\/\/digidem-bayern.de\/wp-content\/uploads\/2021\/12\/2021-12-06_Stadt-Land-520x300.jpg",520,300,true],"kahuna-lpbox-2":["https:\/\/digidem-bayern.de\/wp-content\/uploads\/2021\/12\/2021-12-06_Stadt-Land-520x350.jpg",520,350,true],"demand-language-flag":["https:\/\/digidem-bayern.de\/wp-content\/uploads\/2021\/12\/2021-12-06_Stadt-Land.jpg",36,24,false],"dddkt-language-flag":["https:\/\/digidem-bayern.de\/wp-content\/uploads\/2021\/12\/2021-12-06_Stadt-Land.jpg",36,24,false],"ddiqc-language-flag":["https:\/\/digidem-bayern.de\/wp-content\/uploads\/2021\/12\/2021-12-06_Stadt-Land.jpg",36,24,false],"ddtl-language-flag":["https:\/\/digidem-bayern.de\/wp-content\/uploads\/2021\/12\/2021-12-06_Stadt-Land-36x36.jpg",36,36,true],"mailpoet_newsletter_max":["https:\/\/digidem-bayern.de\/wp-content\/uploads\/2021\/12\/2021-12-06_Stadt-Land-1320x880.jpg",1320,880,true],"kahuna-lpbox-3":["https:\/\/digidem-bayern.de\/wp-content\/uploads\/2021\/12\/2021-12-06_Stadt-Land-520x350.jpg",520,350,true],"kahuna-featured-square":["https:\/\/digidem-bayern.de\/wp-content\/uploads\/2021\/12\/2021-12-06_Stadt-Land-512x512.jpg",512,512,true],"kahuna-featured-square-large":["https:\/\/digidem-bayern.de\/wp-content\/uploads\/2021\/12\/2021-12-06_Stadt-Land-1024x1024.jpg",1024,1024,true]},"uagb_author_info":{"display_name":"Anne Keefer","author_link":"https:\/\/digidem-bayern.de\/en\/author\/ag-webinar\/"},"uagb_comment_info":3,"uagb_excerpt":"Studien zufolge gibt es Unterschiede sowohl beim Zeitpunkt der Diagnosestellung als auch bei der Behandlung von Menschen mit Demenz zwischen st\u00e4dtischen und l\u00e4ndlichen Regionen. US-amerikanische Forscher*innen wollten herausfinden, wie ausschlaggebend diese Unterschiede sind. Hintergrund der Studie von Rahman und Kolleg*innen ist, dass es Ungleichheiten bei der Verf\u00fcgbarkeit, Zug\u00e4nglichkeit und Akzeptanz &hellip;","_links":{"self":[{"href":"https:\/\/digidem-bayern.de\/en\/wp-json\/wp\/v2\/posts\/15140","targetHints":{"allow":["GET"]}}],"collection":[{"href":"https:\/\/digidem-bayern.de\/en\/wp-json\/wp\/v2\/posts"}],"about":[{"href":"https:\/\/digidem-bayern.de\/en\/wp-json\/wp\/v2\/types\/post"}],"author":[{"embeddable":true,"href":"https:\/\/digidem-bayern.de\/en\/wp-json\/wp\/v2\/users\/7"}],"replies":[{"embeddable":true,"href":"https:\/\/digidem-bayern.de\/en\/wp-json\/wp\/v2\/comments?post=15140"}],"version-history":[{"count":4,"href":"https:\/\/digidem-bayern.de\/en\/wp-json\/wp\/v2\/posts\/15140\/revisions"}],"predecessor-version":[{"id":15183,"href":"https:\/\/digidem-bayern.de\/en\/wp-json\/wp\/v2\/posts\/15140\/revisions\/15183"}],"wp:featuredmedia":[{"embeddable":true,"href":"https:\/\/digidem-bayern.de\/en\/wp-json\/wp\/v2\/media\/15137"}],"wp:attachment":[{"href":"https:\/\/digidem-bayern.de\/en\/wp-json\/wp\/v2\/media?parent=15140"}],"wp:term":[{"taxonomy":"category","embeddable":true,"href":"https:\/\/digidem-bayern.de\/en\/wp-json\/wp\/v2\/categories?post=15140"},{"taxonomy":"post_tag","embeddable":true,"href":"https:\/\/digidem-bayern.de\/en\/wp-json\/wp\/v2\/tags?post=15140"}],"curies":[{"name":"wp","href":"https:\/\/api.w.org\/{rel}","templated":true}]}}