{"id":14680,"date":"2021-10-18T14:21:00","date_gmt":"2021-10-18T12:21:00","guid":{"rendered":"https:\/\/digidem-bayern.de\/?p=14575"},"modified":"2023-06-02T12:15:40","modified_gmt":"2023-06-02T10:15:40","slug":"webinar-ehrenamt-demenz","status":"publish","type":"post","link":"https:\/\/digidem-bayern.de\/en\/webinar-ehrenamt-demenz\/","title":{"rendered":"Webinar: Ehrenamt &#038; Demenz"},"content":{"rendered":"<h4 class=\"wp-block-heading\" id=\"1-ehrenamtlich-t%C3%A4tige-sind-ein-wichtiger-baustein-bei-der-versorgung-von-menschen-mit-demenz-und-der-entlastung-von-pflegenden-angeh%C3%B6rigen-aufgrund-des-demografischen-wandels-der-ver%C3%A4nderten-famili%C3%A4ren-strukturen-und-der-steigenden-anzahl-an-demenzerkrankungen-ist-die-f%C3%B6rderung-freiwilligen-engagements-im-themenfeld-demenz-immer-mehr-in-den-fokus-der-politik-ger%C3%BCckt-dar%C3%BCber-hinaus-besch%C3%A4ftigen-sich-auch-zunehmend-forscherinnen-damit-ob-ehrenamtliche-t%C3%A4tigkeit-eine-positive-auswirkung-auf-die-kognitiven-f%C3%A4higkeiten-der-ehrenamtlichen-hat-\">Ehrenamtlich T\u00e4tige sind ein wichtiger Baustein bei der Versorgung von Menschen mit Demenz und der Entlastung von pflegenden Angeh\u00f6rigen. Aufgrund des demografischen Wandels, der ver\u00e4nderten famili\u00e4ren Strukturen und der steigenden Anzahl an Demenzerkrankungen ist die F\u00f6rderung freiwilligen Engagements im Themenfeld Demenz immer mehr in den Fokus der Politik ger\u00fcckt. Dar\u00fcber hinaus besch\u00e4ftigen sich auch zunehmend Forscher*innen damit, ob ehrenamtliche T\u00e4tigkeit eine positive Auswirkung auf die kognitiven F\u00e4higkeiten der Ehrenamtlichen hat. <\/h4>\n\n\n\n<p>Im Webinar \u201eEhrenamt und Demenz\u201c hat das digiDEM Bayern Team die Thematik von zwei verschiedenen Seiten betrachten. Zum einen wurde die hohe Relevanz b\u00fcrgerschaftlichen Engagements in Bezug auf Unterst\u00fctzung und Pflege von Menschen mit Demenz thematisiert. Zum anderen wurden zwei wissenschaftliche Arbeiten vorgestellt, welche untersuchen, ob eine ehrenamtliche T\u00e4tigkeit die kognitiven F\u00e4higkeiten der Ehrenamtlichen positiv beeinflussen kann. So k\u00f6nnte b\u00fcrgerschaftliches Engagement die Ehrenamtlichen selbst vor der Entwicklung einer Demenz sch\u00fctzen. <\/p>\n\n\n\n<h2 class=\"wp-block-heading has-text-align-center\" id=\"2---mittwoch-03062020-1100-1130-uhr--\"><strong><strong>Dienstag, 26.10.2021, 11.00-11.45 Uhr<\/strong><\/strong><\/h2>\n\n\n\n<div class=\"wp-block-columns is-layout-flex wp-container-core-columns-is-layout-9d6595d7 wp-block-columns-is-layout-flex\">\n<div class=\"wp-block-column is-layout-flow wp-block-column-is-layout-flow\">\n<div class=\"wp-block-uagb-team uagb-team__image-position-above uagb-team__align-center uagb-team__stack-tablet uagb-block-ceeb2509\"><div class=\"uagb-team__content\"><img decoding=\"async\" class=\"uagb-team__image-crop-circle\" src=\"https:\/\/digidem-bayern.de\/wp-content\/uploads\/2021\/02\/AKE_Bild_Homepage-80x80.jpg\" alt=\"digiDEM Bayern-Mitarbeiterin Anne Keefer\" height=\"100\" width=\"100\" loading=\"lazy\"\/><h3 class=\"uagb-team__title\">Anne Keefer<\/h3><span class=\"uagb-team__prefix\">Wissenschaftliche Mitarbeiterin M. Sc.<\/span><p class=\"uagb-team__desc\">Moderation<\/p><\/div><\/div>\n<\/div>\n\n\n\n<div class=\"wp-block-column is-layout-flow wp-block-column-is-layout-flow\">\n<div class=\"wp-block-uagb-team uagb-team__image-position-above uagb-team__align-center uagb-team__stack-tablet uagb-block-95b44b29\"><div class=\"uagb-team__content\"><img decoding=\"async\" class=\"uagb-team__image-crop-circle\" src=\"https:\/\/digidem-bayern.de\/wp-content\/uploads\/2021\/05\/jana-ruehl_foto-80x80.jpeg\" alt=\"\" height=\"100\" width=\"100\" loading=\"lazy\"\/><h3 class=\"uagb-team__title\">Jana R\u00fchl<\/h3><span class=\"uagb-team__prefix\">Wissenschaftliche Mitarbeiterin M. Sc.<\/span><p class=\"uagb-team__desc\">Betreuung Chatroom &amp; Fragen<\/p><\/div><\/div>\n<\/div>\n<\/div>\n\n\n\n<div class=\"wp-block-columns is-layout-flex wp-container-core-columns-is-layout-9d6595d7 wp-block-columns-is-layout-flex\">\n<div class=\"wp-block-column is-layout-flow wp-block-column-is-layout-flow\">\n<p><\/p>\n<\/div>\n\n\n\n<div class=\"wp-block-column is-layout-flow wp-block-column-is-layout-flow\"><\/div>\n<\/div>","protected":false},"excerpt":{"rendered":"<p>Ehrenamtlich T\u00e4tige sind ein wichtiger Baustein bei der Versorgung von Menschen mit Demenz und der Entlastung von pflegenden Angeh\u00f6rigen. Aufgrund des demografischen Wandels, der ver\u00e4nderten famili\u00e4ren Strukturen und der steigenden Anzahl an Demenzerkrankungen ist die F\u00f6rderung freiwilligen Engagements im Themenfeld Demenz immer mehr in den Fokus der Politik ger\u00fcckt. Dar\u00fcber &hellip;<\/p>","protected":false},"author":7,"featured_media":8764,"comment_status":"open","ping_status":"closed","sticky":false,"template":"","format":"standard","meta":{"qubely_global_settings":"true","qubely_interactions":"","_uag_custom_page_level_css":"","footnotes":""},"categories":[8],"tags":[13,12,95,14,17,55,94],"class_list":["post-14680","post","type-post","status-publish","format-standard","has-post-thumbnail","hentry","category-aktuelles-zu-digidem","tag-alzheimer","tag-demenz-2","tag-demenzforschung","tag-digidem","tag-digidem-bayern","tag-digitales-demenzregister-bayern","tag-webinar"],"qubely_featured_image_url":{"full":["https:\/\/digidem-bayern.de\/wp-content\/uploads\/2020\/11\/team-spirit-2447163_1280.jpg",1280,1036,false],"landscape":["https:\/\/digidem-bayern.de\/wp-content\/uploads\/2020\/11\/team-spirit-2447163_1280-1200x750.jpg",1200,750,true],"portraits":["https:\/\/digidem-bayern.de\/wp-content\/uploads\/2020\/11\/team-spirit-2447163_1280-540x320.jpg",540,320,true],"thumbnail":["https:\/\/digidem-bayern.de\/wp-content\/uploads\/2020\/11\/team-spirit-2447163_1280-80x80.jpg",80,80,true],"medium":["https:\/\/digidem-bayern.de\/wp-content\/uploads\/2020\/11\/team-spirit-2447163_1280-300x243.jpg",300,243,true],"medium_large":["https:\/\/digidem-bayern.de\/wp-content\/uploads\/2020\/11\/team-spirit-2447163_1280-768x622.jpg",768,622,true],"large":["https:\/\/digidem-bayern.de\/wp-content\/uploads\/2020\/11\/team-spirit-2447163_1280-1030x834.jpg",1030,834,true],"1536x1536":["https:\/\/digidem-bayern.de\/wp-content\/uploads\/2020\/11\/team-spirit-2447163_1280.jpg",1280,1036,false],"2048x2048":["https:\/\/digidem-bayern.de\/wp-content\/uploads\/2020\/11\/team-spirit-2447163_1280.jpg",1280,1036,false],"trp-custom-language-flag":["https:\/\/digidem-bayern.de\/wp-content\/uploads\/2020\/11\/team-spirit-2447163_1280.jpg",15,12,false],"qubely_landscape":["https:\/\/digidem-bayern.de\/wp-content\/uploads\/2020\/11\/team-spirit-2447163_1280-1200x750.jpg",1200,750,true],"qubely_portrait":["https:\/\/digidem-bayern.de\/wp-content\/uploads\/2020\/11\/team-spirit-2447163_1280-540x320.jpg",540,320,true],"qubely_thumbnail":["https:\/\/digidem-bayern.de\/wp-content\/uploads\/2020\/11\/team-spirit-2447163_1280-140x100.jpg",140,100,true],"post-thumbnail":["https:\/\/digidem-bayern.de\/wp-content\/uploads\/2020\/11\/team-spirit-2447163_1280-432x350.jpg",432,350,true],"kahuna-featured":["https:\/\/digidem-bayern.de\/wp-content\/uploads\/2020\/11\/team-spirit-2447163_1280-649x350.jpg",649,350,true],"kahuna-featured-lp":["https:\/\/digidem-bayern.de\/wp-content\/uploads\/2020\/11\/team-spirit-2447163_1280-460x350.jpg",460,350,true],"kahuna-featured-half":["https:\/\/digidem-bayern.de\/wp-content\/uploads\/2020\/11\/team-spirit-2447163_1280-800x350.jpg",800,350,true],"kahuna-featured-third":["https:\/\/digidem-bayern.de\/wp-content\/uploads\/2020\/11\/team-spirit-2447163_1280-512x350.jpg",512,350,true],"kahuna-lpbox-1":["https:\/\/digidem-bayern.de\/wp-content\/uploads\/2020\/11\/team-spirit-2447163_1280-460x350.jpg",394,300,true],"kahuna-lpbox-2":["https:\/\/digidem-bayern.de\/wp-content\/uploads\/2020\/11\/team-spirit-2447163_1280-460x350.jpg",460,350,true],"demand-language-flag":["https:\/\/digidem-bayern.de\/wp-content\/uploads\/2020\/11\/team-spirit-2447163_1280.jpg",36,29,false],"dddkt-language-flag":["https:\/\/digidem-bayern.de\/wp-content\/uploads\/2020\/11\/team-spirit-2447163_1280.jpg",36,29,false],"ddiqc-language-flag":["https:\/\/digidem-bayern.de\/wp-content\/uploads\/2020\/11\/team-spirit-2447163_1280.jpg",36,29,false],"ddtl-language-flag":["https:\/\/digidem-bayern.de\/wp-content\/uploads\/2020\/11\/team-spirit-2447163_1280.jpg",36,29,false],"mailpoet_newsletter_max":["https:\/\/digidem-bayern.de\/wp-content\/uploads\/2020\/11\/team-spirit-2447163_1280.jpg",1280,1036,false],"kahuna-lpbox-3":["https:\/\/digidem-bayern.de\/wp-content\/uploads\/2020\/11\/team-spirit-2447163_1280-460x350.jpg",460,350,true],"kahuna-featured-square":["https:\/\/digidem-bayern.de\/wp-content\/uploads\/2020\/11\/team-spirit-2447163_1280-512x512.jpg",512,512,true],"kahuna-featured-square-large":["https:\/\/digidem-bayern.de\/wp-content\/uploads\/2020\/11\/team-spirit-2447163_1280-1024x1024.jpg",1024,1024,true]},"qubely_author":{"display_name":"Anne Keefer","author_link":"https:\/\/digidem-bayern.de\/en\/author\/ag-webinar\/"},"qubely_comment":0,"qubely_category":"<a href=\"https:\/\/digidem-bayern.de\/en\/category\/aktuelles-zu-digidem\/\" rel=\"category tag\">Aktuelles zu digiDEM<\/a>","qubely_excerpt":"Ehrenamtlich T\u00e4tige sind ein wichtiger Baustein bei der Versorgung von Menschen mit Demenz und der Entlastung von pflegenden Angeh\u00f6rigen. Aufgrund des demografischen Wandels, der ver\u00e4nderten famili\u00e4ren Strukturen und der steigenden Anzahl an Demenzerkrankungen ist die F\u00f6rderung freiwilligen Engagements im Themenfeld Demenz immer mehr in den Fokus der Politik ger\u00fcckt. Dar\u00fcber &hellip;","featured_image_urls_v2":{"full":["https:\/\/digidem-bayern.de\/wp-content\/uploads\/2020\/11\/team-spirit-2447163_1280.jpg",1280,1036,false],"thumbnail":["https:\/\/digidem-bayern.de\/wp-content\/uploads\/2020\/11\/team-spirit-2447163_1280-80x80.jpg",80,80,true],"medium":["https:\/\/digidem-bayern.de\/wp-content\/uploads\/2020\/11\/team-spirit-2447163_1280-300x243.jpg",300,243,true],"medium_large":["https:\/\/digidem-bayern.de\/wp-content\/uploads\/2020\/11\/team-spirit-2447163_1280-768x622.jpg",768,622,true],"large":["https:\/\/digidem-bayern.de\/wp-content\/uploads\/2020\/11\/team-spirit-2447163_1280-1030x834.jpg",1030,834,true],"1536x1536":["https:\/\/digidem-bayern.de\/wp-content\/uploads\/2020\/11\/team-spirit-2447163_1280.jpg",1280,1036,false],"2048x2048":["https:\/\/digidem-bayern.de\/wp-content\/uploads\/2020\/11\/team-spirit-2447163_1280.jpg",1280,1036,false],"trp-custom-language-flag":["https:\/\/digidem-bayern.de\/wp-content\/uploads\/2020\/11\/team-spirit-2447163_1280.jpg",15,12,false],"qubely_landscape":["https:\/\/digidem-bayern.de\/wp-content\/uploads\/2020\/11\/team-spirit-2447163_1280-1200x750.jpg",1200,750,true],"qubely_portrait":["https:\/\/digidem-bayern.de\/wp-content\/uploads\/2020\/11\/team-spirit-2447163_1280-540x320.jpg",540,320,true],"qubely_thumbnail":["https:\/\/digidem-bayern.de\/wp-content\/uploads\/2020\/11\/team-spirit-2447163_1280-140x100.jpg",140,100,true],"post-thumbnail":["https:\/\/digidem-bayern.de\/wp-content\/uploads\/2020\/11\/team-spirit-2447163_1280-432x350.jpg",432,350,true],"kahuna-featured":["https:\/\/digidem-bayern.de\/wp-content\/uploads\/2020\/11\/team-spirit-2447163_1280-649x350.jpg",649,350,true],"kahuna-featured-lp":["https:\/\/digidem-bayern.de\/wp-content\/uploads\/2020\/11\/team-spirit-2447163_1280-460x350.jpg",460,350,true],"kahuna-featured-half":["https:\/\/digidem-bayern.de\/wp-content\/uploads\/2020\/11\/team-spirit-2447163_1280-800x350.jpg",800,350,true],"kahuna-featured-third":["https:\/\/digidem-bayern.de\/wp-content\/uploads\/2020\/11\/team-spirit-2447163_1280-512x350.jpg",512,350,true],"kahuna-lpbox-1":["https:\/\/digidem-bayern.de\/wp-content\/uploads\/2020\/11\/team-spirit-2447163_1280-460x350.jpg",394,300,true],"kahuna-lpbox-2":["https:\/\/digidem-bayern.de\/wp-content\/uploads\/2020\/11\/team-spirit-2447163_1280-460x350.jpg",460,350,true],"demand-language-flag":["https:\/\/digidem-bayern.de\/wp-content\/uploads\/2020\/11\/team-spirit-2447163_1280.jpg",36,29,false],"dddkt-language-flag":["https:\/\/digidem-bayern.de\/wp-content\/uploads\/2020\/11\/team-spirit-2447163_1280.jpg",36,29,false],"ddiqc-language-flag":["https:\/\/digidem-bayern.de\/wp-content\/uploads\/2020\/11\/team-spirit-2447163_1280.jpg",36,29,false],"ddtl-language-flag":["https:\/\/digidem-bayern.de\/wp-content\/uploads\/2020\/11\/team-spirit-2447163_1280.jpg",36,29,false],"mailpoet_newsletter_max":["https:\/\/digidem-bayern.de\/wp-content\/uploads\/2020\/11\/team-spirit-2447163_1280.jpg",1280,1036,false],"kahuna-lpbox-3":["https:\/\/digidem-bayern.de\/wp-content\/uploads\/2020\/11\/team-spirit-2447163_1280-460x350.jpg",460,350,true],"kahuna-featured-square":["https:\/\/digidem-bayern.de\/wp-content\/uploads\/2020\/11\/team-spirit-2447163_1280-512x512.jpg",512,512,true],"kahuna-featured-square-large":["https:\/\/digidem-bayern.de\/wp-content\/uploads\/2020\/11\/team-spirit-2447163_1280-1024x1024.jpg",1024,1024,true]},"post_excerpt_stackable_v2":"<p>Ehrenamtlich T\u00e4tige sind ein wichtiger Baustein bei der Versorgung von Menschen mit Demenz und der Entlastung von pflegenden Angeh\u00f6rigen. Aufgrund des demografischen Wandels, der ver\u00e4nderten famili\u00e4ren Strukturen und der steigenden Anzahl an Demenzerkrankungen ist die F\u00f6rderung freiwilligen Engagements im Themenfeld Demenz immer mehr in den Fokus der Politik ger\u00fcckt. Dar\u00fcber hinaus besch\u00e4ftigen sich auch zunehmend Forscher*innen damit, ob ehrenamtliche T\u00e4tigkeit eine positive Auswirkung auf die kognitiven F\u00e4higkeiten der Ehrenamtlichen hat. Im Webinar \u201eEhrenamt und Demenz\u201c hat das digiDEM Bayern Team die Thematik von zwei verschiedenen Seiten betrachten. Zum einen wurde die hohe Relevanz b\u00fcrgerschaftlichen Engagements in Bezug auf Unterst\u00fctzung und&hellip;<\/p>\n","category_list_v2":"<a href=\"https:\/\/digidem-bayern.de\/en\/category\/aktuelles-zu-digidem\/\" rel=\"category tag\">Aktuelles zu digiDEM<\/a>","author_info_v2":{"name":"Anne Keefer","url":"https:\/\/digidem-bayern.de\/en\/author\/ag-webinar\/"},"comments_num_v2":"0 comments","yoast_head":"<!-- This site is optimized with the Yoast SEO plugin v27.4 - https:\/\/yoast.com\/product\/yoast-seo-wordpress\/ -->\n<title>Webinar: Ehrenamt &amp; Demenz - digiDEM Bayern<\/title>\n<meta name=\"description\" content=\"Im Webinar &quot;digiDEM Bayern Science Watch LIVE&quot; behandeln Wissenschaftler ein Thema aus der Demenzforschung und stehen live f\u00fcr Fragen zur Verf\u00fcgung.\" \/>\n<meta name=\"robots\" content=\"index, follow, max-snippet:-1, max-image-preview:large, max-video-preview:-1\" \/>\n<link rel=\"canonical\" href=\"https:\/\/digidem-bayern.de\/en\/webinar-ehrenamt-demenz\/\" \/>\n<meta property=\"og:locale\" content=\"en_US\" \/>\n<meta property=\"og:type\" content=\"article\" \/>\n<meta property=\"og:title\" content=\"Webinar: Ehrenamt &amp; Demenz - digiDEM Bayern\" \/>\n<meta property=\"og:description\" content=\"Im Webinar &quot;digiDEM Bayern Science Watch LIVE&quot; behandeln Wissenschaftler ein Thema aus der Demenzforschung und stehen live f\u00fcr Fragen zur Verf\u00fcgung.\" \/>\n<meta property=\"og:url\" content=\"https:\/\/digidem-bayern.de\/en\/webinar-ehrenamt-demenz\/\" \/>\n<meta property=\"og:site_name\" content=\"digiDEM Bayern\" \/>\n<meta property=\"article:publisher\" content=\"https:\/\/www.facebook.com\/digiDEMBayern\/\" \/>\n<meta property=\"article:published_time\" content=\"2021-10-18T12:21:00+00:00\" \/>\n<meta property=\"article:modified_time\" content=\"2023-06-02T10:15:40+00:00\" \/>\n<meta property=\"og:image\" content=\"https:\/\/digidem-bayern.de\/wp-content\/uploads\/2020\/11\/team-spirit-2447163_1280.jpg\" \/>\n\t<meta property=\"og:image:width\" content=\"1280\" \/>\n\t<meta property=\"og:image:height\" content=\"1036\" \/>\n\t<meta property=\"og:image:type\" content=\"image\/jpeg\" \/>\n<meta name=\"author\" content=\"Anne Keefer\" \/>\n<meta name=\"twitter:label1\" content=\"Written by\" \/>\n\t<meta name=\"twitter:data1\" content=\"Anne Keefer\" \/>\n\t<meta name=\"twitter:label2\" content=\"Est. reading time\" \/>\n\t<meta name=\"twitter:data2\" content=\"2 minutes\" \/>\n<script type=\"application\/ld+json\" class=\"yoast-schema-graph\">{\"@context\":\"https:\\\/\\\/schema.org\",\"@graph\":[{\"@type\":\"Article\",\"@id\":\"https:\\\/\\\/digidem-bayern.de\\\/webinar-ehrenamt-demenz\\\/#article\",\"isPartOf\":{\"@id\":\"https:\\\/\\\/digidem-bayern.de\\\/webinar-ehrenamt-demenz\\\/\"},\"author\":{\"name\":\"Anne Keefer\",\"@id\":\"\\\/#\\\/schema\\\/person\\\/0e8781e0653d1a8e57ca55bd2c3cb01f\"},\"headline\":\"Webinar: Ehrenamt &#038; Demenz\",\"datePublished\":\"2021-10-18T12:21:00+00:00\",\"dateModified\":\"2023-06-02T10:15:40+00:00\",\"mainEntityOfPage\":{\"@id\":\"https:\\\/\\\/digidem-bayern.de\\\/webinar-ehrenamt-demenz\\\/\"},\"wordCount\":182,\"commentCount\":0,\"publisher\":{\"@id\":\"\\\/#organization\"},\"image\":{\"@id\":\"https:\\\/\\\/digidem-bayern.de\\\/webinar-ehrenamt-demenz\\\/#primaryimage\"},\"thumbnailUrl\":\"https:\\\/\\\/digidem-bayern.de\\\/wp-content\\\/uploads\\\/2020\\\/11\\\/team-spirit-2447163_1280.jpg\",\"keywords\":[\"Alzheimer\",\"Demenz\",\"Demenzforschung\",\"digidem\",\"digidem Bayern\",\"Digitales Demenzregister Bayern\",\"Webinar\"],\"articleSection\":[\"Aktuelles zu digiDEM\"],\"inLanguage\":\"en-US\",\"potentialAction\":[{\"@type\":\"CommentAction\",\"name\":\"Comment\",\"target\":[\"https:\\\/\\\/digidem-bayern.de\\\/webinar-ehrenamt-demenz\\\/#respond\"]}]},{\"@type\":\"WebPage\",\"@id\":\"https:\\\/\\\/digidem-bayern.de\\\/webinar-ehrenamt-demenz\\\/\",\"url\":\"https:\\\/\\\/digidem-bayern.de\\\/webinar-ehrenamt-demenz\\\/\",\"name\":\"Webinar: Ehrenamt & Demenz - digiDEM Bayern\",\"isPartOf\":{\"@id\":\"\\\/#website\"},\"primaryImageOfPage\":{\"@id\":\"https:\\\/\\\/digidem-bayern.de\\\/webinar-ehrenamt-demenz\\\/#primaryimage\"},\"image\":{\"@id\":\"https:\\\/\\\/digidem-bayern.de\\\/webinar-ehrenamt-demenz\\\/#primaryimage\"},\"thumbnailUrl\":\"https:\\\/\\\/digidem-bayern.de\\\/wp-content\\\/uploads\\\/2020\\\/11\\\/team-spirit-2447163_1280.jpg\",\"datePublished\":\"2021-10-18T12:21:00+00:00\",\"dateModified\":\"2023-06-02T10:15:40+00:00\",\"description\":\"Im Webinar \\\"digiDEM Bayern Science Watch LIVE\\\" behandeln Wissenschaftler ein Thema aus der Demenzforschung und stehen live f\u00fcr Fragen zur Verf\u00fcgung.\",\"breadcrumb\":{\"@id\":\"https:\\\/\\\/digidem-bayern.de\\\/webinar-ehrenamt-demenz\\\/#breadcrumb\"},\"inLanguage\":\"en-US\",\"potentialAction\":[{\"@type\":\"ReadAction\",\"target\":[\"https:\\\/\\\/digidem-bayern.de\\\/webinar-ehrenamt-demenz\\\/\"]}]},{\"@type\":\"ImageObject\",\"inLanguage\":\"en-US\",\"@id\":\"https:\\\/\\\/digidem-bayern.de\\\/webinar-ehrenamt-demenz\\\/#primaryimage\",\"url\":\"https:\\\/\\\/digidem-bayern.de\\\/wp-content\\\/uploads\\\/2020\\\/11\\\/team-spirit-2447163_1280.jpg\",\"contentUrl\":\"https:\\\/\\\/digidem-bayern.de\\\/wp-content\\\/uploads\\\/2020\\\/11\\\/team-spirit-2447163_1280.jpg\",\"width\":1280,\"height\":1036,\"caption\":\"Kreis aus H\u00e4nden, die sich festhalten\"},{\"@type\":\"BreadcrumbList\",\"@id\":\"https:\\\/\\\/digidem-bayern.de\\\/webinar-ehrenamt-demenz\\\/#breadcrumb\",\"itemListElement\":[{\"@type\":\"ListItem\",\"position\":1,\"name\":\"Startseite\",\"item\":\"https:\\\/\\\/digidem-bayern.de\\\/\"},{\"@type\":\"ListItem\",\"position\":2,\"name\":\"Webinar: Ehrenamt &#038; Demenz\"}]},{\"@type\":\"WebSite\",\"@id\":\"\\\/#website\",\"url\":\"\\\/\",\"name\":\"digiDEM Bayern\",\"description\":\"Das digitale Demenzregister Bayern erforscht und verbessert die Angebotsstuktur f\u00fcr Menschen mit Demenz und deren Angeh\u00f6rige\",\"publisher\":{\"@id\":\"\\\/#organization\"},\"potentialAction\":[{\"@type\":\"SearchAction\",\"target\":{\"@type\":\"EntryPoint\",\"urlTemplate\":\"\\\/?s={search_term_string}\"},\"query-input\":{\"@type\":\"PropertyValueSpecification\",\"valueRequired\":true,\"valueName\":\"search_term_string\"}}],\"inLanguage\":\"en-US\"},{\"@type\":\"Organization\",\"@id\":\"\\\/#organization\",\"name\":\"digiDEM Bayern\",\"url\":\"\\\/\",\"logo\":{\"@type\":\"ImageObject\",\"inLanguage\":\"en-US\",\"@id\":\"\\\/#\\\/schema\\\/logo\\\/image\\\/\",\"url\":\"https:\\\/\\\/digidem-bayern.de\\\/wp-content\\\/uploads\\\/2022\\\/03\\\/cropped-Allgemeines_digiDEMLOGO-removebg-preview.png\",\"contentUrl\":\"https:\\\/\\\/digidem-bayern.de\\\/wp-content\\\/uploads\\\/2022\\\/03\\\/cropped-Allgemeines_digiDEMLOGO-removebg-preview.png\",\"width\":612,\"height\":357,\"caption\":\"digiDEM Bayern\"},\"image\":{\"@id\":\"\\\/#\\\/schema\\\/logo\\\/image\\\/\"},\"sameAs\":[\"https:\\\/\\\/www.facebook.com\\\/digiDEMBayern\\\/\",\"https:\\\/\\\/x.com\\\/digidem_bayern\",\"https:\\\/\\\/www.instagram.com\\\/digidem.bayern\",\"https:\\\/\\\/www.linkedin.com\\\/company\\\/digidem-bayern\\\/\"]},{\"@type\":\"Person\",\"@id\":\"\\\/#\\\/schema\\\/person\\\/0e8781e0653d1a8e57ca55bd2c3cb01f\",\"name\":\"Anne Keefer\",\"url\":\"https:\\\/\\\/digidem-bayern.de\\\/en\\\/author\\\/ag-webinar\\\/\"}]}<\/script>\n<!-- \/ Yoast SEO plugin. -->","yoast_head_json":{"title":"Webinar: Ehrenamt & Demenz - digiDEM Bayern","description":"Im Webinar \"digiDEM Bayern Science Watch LIVE\" behandeln Wissenschaftler ein Thema aus der Demenzforschung und stehen live f\u00fcr Fragen zur Verf\u00fcgung.","robots":{"index":"index","follow":"follow","max-snippet":"max-snippet:-1","max-image-preview":"max-image-preview:large","max-video-preview":"max-video-preview:-1"},"canonical":"https:\/\/digidem-bayern.de\/en\/webinar-ehrenamt-demenz\/","og_locale":"en_US","og_type":"article","og_title":"Webinar: Ehrenamt & Demenz - digiDEM Bayern","og_description":"Im Webinar \"digiDEM Bayern Science Watch LIVE\" behandeln Wissenschaftler ein Thema aus der Demenzforschung und stehen live f\u00fcr Fragen zur Verf\u00fcgung.","og_url":"https:\/\/digidem-bayern.de\/en\/webinar-ehrenamt-demenz\/","og_site_name":"digiDEM Bayern","article_publisher":"https:\/\/www.facebook.com\/digiDEMBayern\/","article_published_time":"2021-10-18T12:21:00+00:00","article_modified_time":"2023-06-02T10:15:40+00:00","og_image":[{"width":1280,"height":1036,"url":"https:\/\/digidem-bayern.de\/wp-content\/uploads\/2020\/11\/team-spirit-2447163_1280.jpg","type":"image\/jpeg"}],"author":"Anne Keefer","twitter_misc":{"Written by":"Anne Keefer","Est. reading time":"2 minutes"},"schema":{"@context":"https:\/\/schema.org","@graph":[{"@type":"Article","@id":"https:\/\/digidem-bayern.de\/webinar-ehrenamt-demenz\/#article","isPartOf":{"@id":"https:\/\/digidem-bayern.de\/webinar-ehrenamt-demenz\/"},"author":{"name":"Anne Keefer","@id":"\/#\/schema\/person\/0e8781e0653d1a8e57ca55bd2c3cb01f"},"headline":"Webinar: Ehrenamt &#038; Demenz","datePublished":"2021-10-18T12:21:00+00:00","dateModified":"2023-06-02T10:15:40+00:00","mainEntityOfPage":{"@id":"https:\/\/digidem-bayern.de\/webinar-ehrenamt-demenz\/"},"wordCount":182,"commentCount":0,"publisher":{"@id":"\/#organization"},"image":{"@id":"https:\/\/digidem-bayern.de\/webinar-ehrenamt-demenz\/#primaryimage"},"thumbnailUrl":"https:\/\/digidem-bayern.de\/wp-content\/uploads\/2020\/11\/team-spirit-2447163_1280.jpg","keywords":["Alzheimer","Demenz","Demenzforschung","digidem","digidem Bayern","Digitales Demenzregister Bayern","Webinar"],"articleSection":["Aktuelles zu digiDEM"],"inLanguage":"en-US","potentialAction":[{"@type":"CommentAction","name":"Comment","target":["https:\/\/digidem-bayern.de\/webinar-ehrenamt-demenz\/#respond"]}]},{"@type":"WebPage","@id":"https:\/\/digidem-bayern.de\/webinar-ehrenamt-demenz\/","url":"https:\/\/digidem-bayern.de\/webinar-ehrenamt-demenz\/","name":"Webinar: Ehrenamt & Demenz - digiDEM Bayern","isPartOf":{"@id":"\/#website"},"primaryImageOfPage":{"@id":"https:\/\/digidem-bayern.de\/webinar-ehrenamt-demenz\/#primaryimage"},"image":{"@id":"https:\/\/digidem-bayern.de\/webinar-ehrenamt-demenz\/#primaryimage"},"thumbnailUrl":"https:\/\/digidem-bayern.de\/wp-content\/uploads\/2020\/11\/team-spirit-2447163_1280.jpg","datePublished":"2021-10-18T12:21:00+00:00","dateModified":"2023-06-02T10:15:40+00:00","description":"Im Webinar \"digiDEM Bayern Science Watch LIVE\" behandeln Wissenschaftler ein Thema aus der Demenzforschung und stehen live f\u00fcr Fragen zur Verf\u00fcgung.","breadcrumb":{"@id":"https:\/\/digidem-bayern.de\/webinar-ehrenamt-demenz\/#breadcrumb"},"inLanguage":"en-US","potentialAction":[{"@type":"ReadAction","target":["https:\/\/digidem-bayern.de\/webinar-ehrenamt-demenz\/"]}]},{"@type":"ImageObject","inLanguage":"en-US","@id":"https:\/\/digidem-bayern.de\/webinar-ehrenamt-demenz\/#primaryimage","url":"https:\/\/digidem-bayern.de\/wp-content\/uploads\/2020\/11\/team-spirit-2447163_1280.jpg","contentUrl":"https:\/\/digidem-bayern.de\/wp-content\/uploads\/2020\/11\/team-spirit-2447163_1280.jpg","width":1280,"height":1036,"caption":"Kreis aus H\u00e4nden, die sich festhalten"},{"@type":"BreadcrumbList","@id":"https:\/\/digidem-bayern.de\/webinar-ehrenamt-demenz\/#breadcrumb","itemListElement":[{"@type":"ListItem","position":1,"name":"Startseite","item":"https:\/\/digidem-bayern.de\/"},{"@type":"ListItem","position":2,"name":"Webinar: Ehrenamt &#038; Demenz"}]},{"@type":"WebSite","@id":"\/#website","url":"\/","name":"digiDEM Bavaria","description":"The digital dementia register in Bavaria researches and improves the structure of services for people with dementia and their relatives","publisher":{"@id":"\/#organization"},"potentialAction":[{"@type":"SearchAction","target":{"@type":"EntryPoint","urlTemplate":"\/?s={search_term_string}"},"query-input":{"@type":"PropertyValueSpecification","valueRequired":true,"valueName":"search_term_string"}}],"inLanguage":"en-US"},{"@type":"Organization","@id":"\/#organization","name":"digiDEM Bavaria","url":"\/","logo":{"@type":"ImageObject","inLanguage":"en-US","@id":"\/#\/schema\/logo\/image\/","url":"https:\/\/digidem-bayern.de\/wp-content\/uploads\/2022\/03\/cropped-Allgemeines_digiDEMLOGO-removebg-preview.png","contentUrl":"https:\/\/digidem-bayern.de\/wp-content\/uploads\/2022\/03\/cropped-Allgemeines_digiDEMLOGO-removebg-preview.png","width":612,"height":357,"caption":"digiDEM Bayern"},"image":{"@id":"\/#\/schema\/logo\/image\/"},"sameAs":["https:\/\/www.facebook.com\/digiDEMBayern\/","https:\/\/x.com\/digidem_bayern","https:\/\/www.instagram.com\/digidem.bayern","https:\/\/www.linkedin.com\/company\/digidem-bayern\/"]},{"@type":"Person","@id":"\/#\/schema\/person\/0e8781e0653d1a8e57ca55bd2c3cb01f","name":"Anne Keefer","url":"https:\/\/digidem-bayern.de\/en\/author\/ag-webinar\/"}]}},"uagb_featured_image_src":{"full":["https:\/\/digidem-bayern.de\/wp-content\/uploads\/2020\/11\/team-spirit-2447163_1280.jpg",1280,1036,false],"thumbnail":["https:\/\/digidem-bayern.de\/wp-content\/uploads\/2020\/11\/team-spirit-2447163_1280-80x80.jpg",80,80,true],"medium":["https:\/\/digidem-bayern.de\/wp-content\/uploads\/2020\/11\/team-spirit-2447163_1280-300x243.jpg",300,243,true],"medium_large":["https:\/\/digidem-bayern.de\/wp-content\/uploads\/2020\/11\/team-spirit-2447163_1280-768x622.jpg",768,622,true],"large":["https:\/\/digidem-bayern.de\/wp-content\/uploads\/2020\/11\/team-spirit-2447163_1280-1030x834.jpg",1030,834,true],"1536x1536":["https:\/\/digidem-bayern.de\/wp-content\/uploads\/2020\/11\/team-spirit-2447163_1280.jpg",1280,1036,false],"2048x2048":["https:\/\/digidem-bayern.de\/wp-content\/uploads\/2020\/11\/team-spirit-2447163_1280.jpg",1280,1036,false],"trp-custom-language-flag":["https:\/\/digidem-bayern.de\/wp-content\/uploads\/2020\/11\/team-spirit-2447163_1280.jpg",15,12,false],"qubely_landscape":["https:\/\/digidem-bayern.de\/wp-content\/uploads\/2020\/11\/team-spirit-2447163_1280-1200x750.jpg",1200,750,true],"qubely_portrait":["https:\/\/digidem-bayern.de\/wp-content\/uploads\/2020\/11\/team-spirit-2447163_1280-540x320.jpg",540,320,true],"qubely_thumbnail":["https:\/\/digidem-bayern.de\/wp-content\/uploads\/2020\/11\/team-spirit-2447163_1280-140x100.jpg",140,100,true],"post-thumbnail":["https:\/\/digidem-bayern.de\/wp-content\/uploads\/2020\/11\/team-spirit-2447163_1280-432x350.jpg",432,350,true],"kahuna-featured":["https:\/\/digidem-bayern.de\/wp-content\/uploads\/2020\/11\/team-spirit-2447163_1280-649x350.jpg",649,350,true],"kahuna-featured-lp":["https:\/\/digidem-bayern.de\/wp-content\/uploads\/2020\/11\/team-spirit-2447163_1280-460x350.jpg",460,350,true],"kahuna-featured-half":["https:\/\/digidem-bayern.de\/wp-content\/uploads\/2020\/11\/team-spirit-2447163_1280-800x350.jpg",800,350,true],"kahuna-featured-third":["https:\/\/digidem-bayern.de\/wp-content\/uploads\/2020\/11\/team-spirit-2447163_1280-512x350.jpg",512,350,true],"kahuna-lpbox-1":["https:\/\/digidem-bayern.de\/wp-content\/uploads\/2020\/11\/team-spirit-2447163_1280-460x350.jpg",394,300,true],"kahuna-lpbox-2":["https:\/\/digidem-bayern.de\/wp-content\/uploads\/2020\/11\/team-spirit-2447163_1280-460x350.jpg",460,350,true],"demand-language-flag":["https:\/\/digidem-bayern.de\/wp-content\/uploads\/2020\/11\/team-spirit-2447163_1280.jpg",36,29,false],"dddkt-language-flag":["https:\/\/digidem-bayern.de\/wp-content\/uploads\/2020\/11\/team-spirit-2447163_1280.jpg",36,29,false],"ddiqc-language-flag":["https:\/\/digidem-bayern.de\/wp-content\/uploads\/2020\/11\/team-spirit-2447163_1280.jpg",36,29,false],"ddtl-language-flag":["https:\/\/digidem-bayern.de\/wp-content\/uploads\/2020\/11\/team-spirit-2447163_1280.jpg",36,29,false],"mailpoet_newsletter_max":["https:\/\/digidem-bayern.de\/wp-content\/uploads\/2020\/11\/team-spirit-2447163_1280.jpg",1280,1036,false],"kahuna-lpbox-3":["https:\/\/digidem-bayern.de\/wp-content\/uploads\/2020\/11\/team-spirit-2447163_1280-460x350.jpg",460,350,true],"kahuna-featured-square":["https:\/\/digidem-bayern.de\/wp-content\/uploads\/2020\/11\/team-spirit-2447163_1280-512x512.jpg",512,512,true],"kahuna-featured-square-large":["https:\/\/digidem-bayern.de\/wp-content\/uploads\/2020\/11\/team-spirit-2447163_1280-1024x1024.jpg",1024,1024,true]},"uagb_author_info":{"display_name":"Anne Keefer","author_link":"https:\/\/digidem-bayern.de\/en\/author\/ag-webinar\/"},"uagb_comment_info":0,"uagb_excerpt":"Ehrenamtlich T\u00e4tige sind ein wichtiger Baustein bei der Versorgung von Menschen mit Demenz und der Entlastung von pflegenden Angeh\u00f6rigen. Aufgrund des demografischen Wandels, der ver\u00e4nderten famili\u00e4ren Strukturen und der steigenden Anzahl an Demenzerkrankungen ist die F\u00f6rderung freiwilligen Engagements im Themenfeld Demenz immer mehr in den Fokus der Politik ger\u00fcckt. Dar\u00fcber &hellip;","_links":{"self":[{"href":"https:\/\/digidem-bayern.de\/en\/wp-json\/wp\/v2\/posts\/14680","targetHints":{"allow":["GET"]}}],"collection":[{"href":"https:\/\/digidem-bayern.de\/en\/wp-json\/wp\/v2\/posts"}],"about":[{"href":"https:\/\/digidem-bayern.de\/en\/wp-json\/wp\/v2\/types\/post"}],"author":[{"embeddable":true,"href":"https:\/\/digidem-bayern.de\/en\/wp-json\/wp\/v2\/users\/7"}],"replies":[{"embeddable":true,"href":"https:\/\/digidem-bayern.de\/en\/wp-json\/wp\/v2\/comments?post=14680"}],"version-history":[{"count":4,"href":"https:\/\/digidem-bayern.de\/en\/wp-json\/wp\/v2\/posts\/14680\/revisions"}],"predecessor-version":[{"id":28629,"href":"https:\/\/digidem-bayern.de\/en\/wp-json\/wp\/v2\/posts\/14680\/revisions\/28629"}],"wp:featuredmedia":[{"embeddable":true,"href":"https:\/\/digidem-bayern.de\/en\/wp-json\/wp\/v2\/media\/8764"}],"wp:attachment":[{"href":"https:\/\/digidem-bayern.de\/en\/wp-json\/wp\/v2\/media?parent=14680"}],"wp:term":[{"taxonomy":"category","embeddable":true,"href":"https:\/\/digidem-bayern.de\/en\/wp-json\/wp\/v2\/categories?post=14680"},{"taxonomy":"post_tag","embeddable":true,"href":"https:\/\/digidem-bayern.de\/en\/wp-json\/wp\/v2\/tags?post=14680"}],"curies":[{"name":"wp","href":"https:\/\/api.w.org\/{rel}","templated":true}]}}