{"id":14327,"date":"2021-09-27T13:54:54","date_gmt":"2021-09-27T11:54:54","guid":{"rendered":"https:\/\/digidem-bayern.de\/?p=14327"},"modified":"2021-11-02T13:31:32","modified_gmt":"2021-11-02T12:31:32","slug":"hoeheres-demenzrisiko-durch-zu-viel-zucker","status":"publish","type":"post","link":"https:\/\/digidem-bayern.de\/en\/hoeheres-demenzrisiko-durch-zu-viel-zucker\/","title":{"rendered":"H\u00f6heres Demenzrisiko durch zu viel Zucker"},"content":{"rendered":"<h4 class=\"wp-block-heading\">Die Anzahl der Menschen mit \u00dcbergewicht sowie Fettleibigkeit steigt in Deutschland seit Jahren. Auch der Anteil der Diabetes-Erkrankungen, f\u00fcr die Fettleibigkeit einer der Haupt-Risikofaktoren ist, nimmt stetig zu. Studien haben bereits gezeigt, dass Diabetes die Wahrscheinlichkeit erh\u00f6ht, eine Demenz zu entwickeln. Doch haben auch Menschen ohne Diabetes ein gr\u00f6\u00dferes Demenzrisiko, wenn ihr Blutzuckerspiegel dauerhaft erh\u00f6ht ist?<\/h4>\n\n\n\n<p>Dieser Frage widmeten sich Paul K. Crane von der University of Washington und Kolleg*innen. Ihre Ergebnisse ver\u00f6ffentlichten sie 2013 in der Fachzeitschrift <em>The New England Journal of Medicine<\/em>. Seitdem lieferten auch weitere Studien Hinweise auf einen Zusammenhang zwischen Zuckerkonsum und Demenzrisiko.<\/p>\n\n\n\n<div class=\"wp-block-image\"><figure class=\"alignright size-medium\"><img decoding=\"async\" src=\"https:\/\/digidem-bayern.de\/wp-content\/uploads\/2021\/09\/sugar-5040276_1920-300x200.jpg\" alt=\"W\u00fcrfelzucker\" class=\"wp-image-14331\"\/><\/figure><\/div>\n\n\n\n<p><strong>Daten von 2.067 Teilnehmenden untersucht, davon 232 Diabetiker<\/strong><\/p>\n\n\n\n<p>Crane und sein Team wollten herausfinden, wie der Blutzuckerspiegel die Wahrscheinlichkeit beeinflusst, eine Demenzerkrankung zu entwickeln. Dazu untersuchten sie Daten von 2.067 Frauen und M\u00e4nnern, die zum Studienbeginn 65 Jahre oder \u00e4lter waren und keine Demenz-Diagnose hatten. Unter ihnen waren 232 Diabetiker. Eine der Voraussetzungen f\u00fcr die Studienteilnahme war, dass bereits vor Beginn mindestens f\u00fcnf Messungen des Blutzuckerspiegels durchgef\u00fchrt worden waren. Zudem musste mindestens eine Nachuntersuchung innerhalb von zwei Jahre nach Studieneintritt erfolgen.<\/p>\n\n\n\n<p>Insgesamt werteten die Forscher*innen \u00fcber 35.200 Blutzucker- und \u00fcber 10.200 HbA1c-Messungen aus. Der sogenannte HbA1c-Wert, der umgangssprachlich auch als Langzeitblutzucker bezeichnet wird, erm\u00f6glicht&nbsp;einen R\u00fcckschluss auf den durchschnittlichen Blutzuckerspiegel der vergangenen zwei bis drei Monate.<\/p>\n\n\n\n<p><strong>&nbsp;524 Teilnehmende entwickelten eine Demenz<\/strong><\/p>\n\n\n\n<p>Die Entwicklung des geistigen Zustands der Teilnehmenden untersuchten die Forscher*innen mittels eines etablierten Demenz-Testverfahren. Zudem erhoben sie eine Reihe von personen- und gesundheitsbezogenen Angaben wie Alter, Geschlecht, Bildungsgrad, k\u00f6rperliche Aktivit\u00e4t, Blutdruck sowie Blutdruck-Behandlung, koronare Herzkrankheit, Vorhofflimmern und Rauchen.<\/p>\n\n\n\n<p>Im Laufe der Nachbeobachtungszeit von durchschnittlich 6,8 Jahren entwickelten 524 der insgesamt 2.067 Teilnehmenden eine Demenz. 74 von ihnen hatten einen Diabetes.<\/p>\n\n\n\n<p><strong>Demenzrisiko stiegt mit zunehmendem Blutzuckerspiegel<\/strong><\/p>\n\n\n\n<p>Die Wissenschaftler*innen fanden heraus, dass bei den Personen ohne Diabetes ein h\u00f6herer durchschnittlicher Blutzuckerspiegel in den vorangegangenen f\u00fcnf Jahren mit einem erh\u00f6hten Demenzrisiko verbunden war. Das Risiko stieg bei ihnen mit zunehmendem Blutzuckerspiegel. Bei den Teilnehmern mit Diabetes hatten die Teilnehmenden mit den h\u00f6chsten Glukosewerten ebenfalls ein erh\u00f6htes Demenzrisiko<\/p>\n\n\n\n<p>Die Ergebnisse zeigen den Forscher*innen zufolge, dass erh\u00f6hte Blutzuckerspiegel ein eigenst\u00e4ndiger Risikofaktor f\u00fcr Demenz sind &#8211; unabh\u00e4ngig davon, ob bereits ein Diabetes vorliegt oder nicht.\u201eDiese Daten legen nahe, dass h\u00f6here Glukosespiegel sch\u00e4dliche Auswirkungen auf das alternde Gehirn haben k\u00f6nnen\u201c, so die Autor*innen. \u201eUnsere Ergebnisse unterstreichen die m\u00f6glichen Folgen der Entwicklung von Fettleibigkeit und Diabetes und weisen auf die Notwendigkeit von Ma\u00dfnahmen zur Senkung des Glukosespiegels hin.\u201c&nbsp;<\/p>\n\n\n\n<p>Hier finden Sie die Studie:<br><a href=\"https:\/\/www.nejm.org\/doi\/full\/10.1056\/NEJMoa1215740?query=recirc_curatedRelated_article\" target=\"_blank\" rel=\"noreferrer noopener\">Glucose Levels ans Risk of Dementia<\/a> (Aug 2013)<\/p>\n\n\n\n<p><\/p>","protected":false},"excerpt":{"rendered":"<p>Die Anzahl der Menschen mit \u00dcbergewicht sowie Fettleibigkeit steigt in Deutschland seit Jahren. Auch der Anteil der Diabetes-Erkrankungen, f\u00fcr die Fettleibigkeit einer der Haupt-Risikofaktoren ist, nimmt stetig zu. Studien haben bereits gezeigt, dass Diabetes die Wahrscheinlichkeit erh\u00f6ht, eine Demenz zu entwickeln. Doch haben auch Menschen ohne Diabetes ein gr\u00f6\u00dferes Demenzrisiko, &hellip;<\/p>","protected":false},"author":11,"featured_media":14331,"comment_status":"open","ping_status":"closed","sticky":false,"template":"","format":"standard","meta":{"qubely_global_settings":"","qubely_interactions":"","_uag_custom_page_level_css":"","footnotes":""},"categories":[5],"tags":[13,12,108,14,17,55,150,345],"class_list":["post-14327","post","type-post","status-publish","format-standard","has-post-thumbnail","hentry","category-wissenschaft-forschung","tag-alzheimer","tag-demenz-2","tag-diabetes","tag-digidem","tag-digidem-bayern","tag-digitales-demenzregister-bayern","tag-ernaehrung","tag-zucker"],"qubely_featured_image_url":null,"qubely_author":{"display_name":"Michael Zeiler","author_link":"https:\/\/digidem-bayern.de\/en\/author\/michael-zeiler\/"},"qubely_comment":0,"qubely_category":"<a href=\"https:\/\/digidem-bayern.de\/en\/category\/wissenschaft-forschung\/\" rel=\"category tag\">Wissenschaft &amp; Forschung<\/a>","qubely_excerpt":"Die Anzahl der Menschen mit \u00dcbergewicht sowie Fettleibigkeit steigt in Deutschland seit Jahren. Auch der Anteil der Diabetes-Erkrankungen, f\u00fcr die Fettleibigkeit einer der Haupt-Risikofaktoren ist, nimmt stetig zu. Studien haben bereits gezeigt, dass Diabetes die Wahrscheinlichkeit erh\u00f6ht, eine Demenz zu entwickeln. Doch haben auch Menschen ohne Diabetes ein gr\u00f6\u00dferes Demenzrisiko, &hellip;","featured_image_urls_v2":{"full":"","thumbnail":"","medium":"","medium_large":"","large":"","1536x1536":"","2048x2048":"","trp-custom-language-flag":"","qubely_landscape":"","qubely_portrait":"","qubely_thumbnail":"","post-thumbnail":"","kahuna-featured":"","kahuna-featured-lp":"","kahuna-featured-half":"","kahuna-featured-third":"","kahuna-lpbox-1":"","kahuna-lpbox-2":"","demand-language-flag":"","dddkt-language-flag":"","ddiqc-language-flag":"","ddtl-language-flag":"","mailpoet_newsletter_max":"","kahuna-lpbox-3":"","kahuna-featured-square":"","kahuna-featured-square-large":""},"post_excerpt_stackable_v2":"<p>Die Anzahl der Menschen mit \u00dcbergewicht sowie Fettleibigkeit steigt in Deutschland seit Jahren. Auch der Anteil der Diabetes-Erkrankungen, f\u00fcr die Fettleibigkeit einer der Haupt-Risikofaktoren ist, nimmt stetig zu. Studien haben bereits gezeigt, dass Diabetes die Wahrscheinlichkeit erh\u00f6ht, eine Demenz zu entwickeln. Doch haben auch Menschen ohne Diabetes ein gr\u00f6\u00dferes Demenzrisiko, wenn ihr Blutzuckerspiegel dauerhaft erh\u00f6ht ist? Dieser Frage widmeten sich Paul K. Crane von der University of Washington und Kolleg*innen. Ihre Ergebnisse ver\u00f6ffentlichten sie 2013 in der Fachzeitschrift The New England Journal of Medicine. Seitdem lieferten auch weitere Studien Hinweise auf einen Zusammenhang zwischen Zuckerkonsum und Demenzrisiko. Daten von 2.067&hellip;<\/p>\n","category_list_v2":"<a href=\"https:\/\/digidem-bayern.de\/en\/category\/wissenschaft-forschung\/\" rel=\"category tag\">Wissenschaft &amp; Forschung<\/a>","author_info_v2":{"name":"Michael Zeiler","url":"https:\/\/digidem-bayern.de\/en\/author\/michael-zeiler\/"},"comments_num_v2":"0 comments","yoast_head":"<!-- This site is optimized with the Yoast SEO plugin v27.4 - https:\/\/yoast.com\/product\/yoast-seo-wordpress\/ -->\n<title>H\u00f6heres Demenzrisiko durch zu viel Zucker - digiDEM Bayern<\/title>\n<meta name=\"description\" content=\"Diabetes gilt als Demenz-Risikofaktor. Haben auch Menschen ohne Diabetes ein gr\u00f6\u00dferes Demenzrisiko, wenn ihr Blutzuckerspiegel dauerhaft erh\u00f6ht ist?\" \/>\n<meta name=\"robots\" content=\"index, follow, max-snippet:-1, max-image-preview:large, max-video-preview:-1\" \/>\n<link rel=\"canonical\" href=\"https:\/\/digidem-bayern.de\/en\/hoeheres-demenzrisiko-durch-zu-viel-zucker\/\" \/>\n<meta property=\"og:locale\" content=\"en_US\" \/>\n<meta property=\"og:type\" content=\"article\" \/>\n<meta property=\"og:title\" content=\"H\u00f6heres Demenzrisiko durch zu viel Zucker - digiDEM Bayern\" \/>\n<meta property=\"og:description\" content=\"Diabetes gilt als Demenz-Risikofaktor. Haben auch Menschen ohne Diabetes ein gr\u00f6\u00dferes Demenzrisiko, wenn ihr Blutzuckerspiegel dauerhaft erh\u00f6ht ist?\" \/>\n<meta property=\"og:url\" content=\"https:\/\/digidem-bayern.de\/en\/hoeheres-demenzrisiko-durch-zu-viel-zucker\/\" \/>\n<meta property=\"og:site_name\" content=\"digiDEM Bayern\" \/>\n<meta property=\"article:publisher\" content=\"https:\/\/www.facebook.com\/digiDEMBayern\/\" \/>\n<meta property=\"article:published_time\" content=\"2021-09-27T11:54:54+00:00\" \/>\n<meta property=\"article:modified_time\" content=\"2021-11-02T12:31:32+00:00\" \/>\n<meta property=\"og:image\" content=\"https:\/\/digidem-bayern.de\/wp-content\/uploads\/logo-digidem-digitales-demenzregister-bayern.jpg.png\" \/>\n\t<meta property=\"og:image:width\" content=\"340\" \/>\n\t<meta property=\"og:image:height\" content=\"200\" \/>\n\t<meta property=\"og:image:type\" content=\"image\/png\" \/>\n<meta name=\"author\" content=\"Michael Zeiler\" \/>\n<meta name=\"twitter:label1\" content=\"Written by\" \/>\n\t<meta name=\"twitter:data1\" content=\"Michael Zeiler\" \/>\n\t<meta name=\"twitter:label2\" content=\"Est. reading time\" \/>\n\t<meta name=\"twitter:data2\" content=\"2 minutes\" \/>\n<script type=\"application\/ld+json\" class=\"yoast-schema-graph\">{\"@context\":\"https:\\\/\\\/schema.org\",\"@graph\":[{\"@type\":\"Article\",\"@id\":\"https:\\\/\\\/digidem-bayern.de\\\/hoeheres-demenzrisiko-durch-zu-viel-zucker\\\/#article\",\"isPartOf\":{\"@id\":\"https:\\\/\\\/digidem-bayern.de\\\/hoeheres-demenzrisiko-durch-zu-viel-zucker\\\/\"},\"author\":{\"name\":\"Michael Zeiler\",\"@id\":\"\\\/#\\\/schema\\\/person\\\/92754ad381f49b3c358d1d8d2c4f90b8\"},\"headline\":\"H\u00f6heres Demenzrisiko durch zu viel Zucker\",\"datePublished\":\"2021-09-27T11:54:54+00:00\",\"dateModified\":\"2021-11-02T12:31:32+00:00\",\"mainEntityOfPage\":{\"@id\":\"https:\\\/\\\/digidem-bayern.de\\\/hoeheres-demenzrisiko-durch-zu-viel-zucker\\\/\"},\"wordCount\":443,\"commentCount\":0,\"publisher\":{\"@id\":\"\\\/#organization\"},\"image\":{\"@id\":\"https:\\\/\\\/digidem-bayern.de\\\/hoeheres-demenzrisiko-durch-zu-viel-zucker\\\/#primaryimage\"},\"thumbnailUrl\":\"\",\"keywords\":[\"Alzheimer\",\"Demenz\",\"Diabetes\",\"digidem\",\"digidem Bayern\",\"Digitales Demenzregister Bayern\",\"Ern\u00e4hrung\",\"Zucker\"],\"articleSection\":[\"Wissenschaft &amp; Forschung\"],\"inLanguage\":\"en-US\",\"potentialAction\":[{\"@type\":\"CommentAction\",\"name\":\"Comment\",\"target\":[\"https:\\\/\\\/digidem-bayern.de\\\/hoeheres-demenzrisiko-durch-zu-viel-zucker\\\/#respond\"]}]},{\"@type\":\"WebPage\",\"@id\":\"https:\\\/\\\/digidem-bayern.de\\\/hoeheres-demenzrisiko-durch-zu-viel-zucker\\\/\",\"url\":\"https:\\\/\\\/digidem-bayern.de\\\/hoeheres-demenzrisiko-durch-zu-viel-zucker\\\/\",\"name\":\"H\u00f6heres Demenzrisiko durch zu viel Zucker - digiDEM Bayern\",\"isPartOf\":{\"@id\":\"\\\/#website\"},\"primaryImageOfPage\":{\"@id\":\"https:\\\/\\\/digidem-bayern.de\\\/hoeheres-demenzrisiko-durch-zu-viel-zucker\\\/#primaryimage\"},\"image\":{\"@id\":\"https:\\\/\\\/digidem-bayern.de\\\/hoeheres-demenzrisiko-durch-zu-viel-zucker\\\/#primaryimage\"},\"thumbnailUrl\":\"\",\"datePublished\":\"2021-09-27T11:54:54+00:00\",\"dateModified\":\"2021-11-02T12:31:32+00:00\",\"description\":\"Diabetes gilt als Demenz-Risikofaktor. Haben auch Menschen ohne Diabetes ein gr\u00f6\u00dferes Demenzrisiko, wenn ihr Blutzuckerspiegel dauerhaft erh\u00f6ht ist?\",\"breadcrumb\":{\"@id\":\"https:\\\/\\\/digidem-bayern.de\\\/hoeheres-demenzrisiko-durch-zu-viel-zucker\\\/#breadcrumb\"},\"inLanguage\":\"en-US\",\"potentialAction\":[{\"@type\":\"ReadAction\",\"target\":[\"https:\\\/\\\/digidem-bayern.de\\\/hoeheres-demenzrisiko-durch-zu-viel-zucker\\\/\"]}]},{\"@type\":\"ImageObject\",\"inLanguage\":\"en-US\",\"@id\":\"https:\\\/\\\/digidem-bayern.de\\\/hoeheres-demenzrisiko-durch-zu-viel-zucker\\\/#primaryimage\",\"url\":\"\",\"contentUrl\":\"\"},{\"@type\":\"BreadcrumbList\",\"@id\":\"https:\\\/\\\/digidem-bayern.de\\\/hoeheres-demenzrisiko-durch-zu-viel-zucker\\\/#breadcrumb\",\"itemListElement\":[{\"@type\":\"ListItem\",\"position\":1,\"name\":\"Startseite\",\"item\":\"https:\\\/\\\/digidem-bayern.de\\\/\"},{\"@type\":\"ListItem\",\"position\":2,\"name\":\"H\u00f6heres Demenzrisiko durch zu viel Zucker\"}]},{\"@type\":\"WebSite\",\"@id\":\"\\\/#website\",\"url\":\"\\\/\",\"name\":\"digiDEM Bayern\",\"description\":\"Das digitale Demenzregister Bayern erforscht und verbessert die Angebotsstuktur f\u00fcr Menschen mit Demenz und deren Angeh\u00f6rige\",\"publisher\":{\"@id\":\"\\\/#organization\"},\"potentialAction\":[{\"@type\":\"SearchAction\",\"target\":{\"@type\":\"EntryPoint\",\"urlTemplate\":\"\\\/?s={search_term_string}\"},\"query-input\":{\"@type\":\"PropertyValueSpecification\",\"valueRequired\":true,\"valueName\":\"search_term_string\"}}],\"inLanguage\":\"en-US\"},{\"@type\":\"Organization\",\"@id\":\"\\\/#organization\",\"name\":\"digiDEM Bayern\",\"url\":\"\\\/\",\"logo\":{\"@type\":\"ImageObject\",\"inLanguage\":\"en-US\",\"@id\":\"\\\/#\\\/schema\\\/logo\\\/image\\\/\",\"url\":\"https:\\\/\\\/digidem-bayern.de\\\/wp-content\\\/uploads\\\/2022\\\/03\\\/cropped-Allgemeines_digiDEMLOGO-removebg-preview.png\",\"contentUrl\":\"https:\\\/\\\/digidem-bayern.de\\\/wp-content\\\/uploads\\\/2022\\\/03\\\/cropped-Allgemeines_digiDEMLOGO-removebg-preview.png\",\"width\":612,\"height\":357,\"caption\":\"digiDEM Bayern\"},\"image\":{\"@id\":\"\\\/#\\\/schema\\\/logo\\\/image\\\/\"},\"sameAs\":[\"https:\\\/\\\/www.facebook.com\\\/digiDEMBayern\\\/\",\"https:\\\/\\\/x.com\\\/digidem_bayern\",\"https:\\\/\\\/www.instagram.com\\\/digidem.bayern\",\"https:\\\/\\\/www.linkedin.com\\\/company\\\/digidem-bayern\\\/\"]},{\"@type\":\"Person\",\"@id\":\"\\\/#\\\/schema\\\/person\\\/92754ad381f49b3c358d1d8d2c4f90b8\",\"name\":\"Michael Zeiler\",\"url\":\"https:\\\/\\\/digidem-bayern.de\\\/en\\\/author\\\/michael-zeiler\\\/\"}]}<\/script>\n<!-- \/ Yoast SEO plugin. -->","yoast_head_json":{"title":"H\u00f6heres Demenzrisiko durch zu viel Zucker - digiDEM Bayern","description":"Diabetes gilt als Demenz-Risikofaktor. Haben auch Menschen ohne Diabetes ein gr\u00f6\u00dferes Demenzrisiko, wenn ihr Blutzuckerspiegel dauerhaft erh\u00f6ht ist?","robots":{"index":"index","follow":"follow","max-snippet":"max-snippet:-1","max-image-preview":"max-image-preview:large","max-video-preview":"max-video-preview:-1"},"canonical":"https:\/\/digidem-bayern.de\/en\/hoeheres-demenzrisiko-durch-zu-viel-zucker\/","og_locale":"en_US","og_type":"article","og_title":"H\u00f6heres Demenzrisiko durch zu viel Zucker - digiDEM Bayern","og_description":"Diabetes gilt als Demenz-Risikofaktor. Haben auch Menschen ohne Diabetes ein gr\u00f6\u00dferes Demenzrisiko, wenn ihr Blutzuckerspiegel dauerhaft erh\u00f6ht ist?","og_url":"https:\/\/digidem-bayern.de\/en\/hoeheres-demenzrisiko-durch-zu-viel-zucker\/","og_site_name":"digiDEM Bayern","article_publisher":"https:\/\/www.facebook.com\/digiDEMBayern\/","article_published_time":"2021-09-27T11:54:54+00:00","article_modified_time":"2021-11-02T12:31:32+00:00","og_image":[{"width":340,"height":200,"url":"https:\/\/digidem-bayern.de\/wp-content\/uploads\/logo-digidem-digitales-demenzregister-bayern.jpg.png","type":"image\/png"}],"author":"Michael Zeiler","twitter_misc":{"Written by":"Michael Zeiler","Est. reading time":"2 minutes"},"schema":{"@context":"https:\/\/schema.org","@graph":[{"@type":"Article","@id":"https:\/\/digidem-bayern.de\/hoeheres-demenzrisiko-durch-zu-viel-zucker\/#article","isPartOf":{"@id":"https:\/\/digidem-bayern.de\/hoeheres-demenzrisiko-durch-zu-viel-zucker\/"},"author":{"name":"Michael Zeiler","@id":"\/#\/schema\/person\/92754ad381f49b3c358d1d8d2c4f90b8"},"headline":"H\u00f6heres Demenzrisiko durch zu viel Zucker","datePublished":"2021-09-27T11:54:54+00:00","dateModified":"2021-11-02T12:31:32+00:00","mainEntityOfPage":{"@id":"https:\/\/digidem-bayern.de\/hoeheres-demenzrisiko-durch-zu-viel-zucker\/"},"wordCount":443,"commentCount":0,"publisher":{"@id":"\/#organization"},"image":{"@id":"https:\/\/digidem-bayern.de\/hoeheres-demenzrisiko-durch-zu-viel-zucker\/#primaryimage"},"thumbnailUrl":"","keywords":["Alzheimer","Demenz","Diabetes","digidem","digidem Bayern","Digitales Demenzregister Bayern","Ern\u00e4hrung","Zucker"],"articleSection":["Wissenschaft &amp; Forschung"],"inLanguage":"en-US","potentialAction":[{"@type":"CommentAction","name":"Comment","target":["https:\/\/digidem-bayern.de\/hoeheres-demenzrisiko-durch-zu-viel-zucker\/#respond"]}]},{"@type":"WebPage","@id":"https:\/\/digidem-bayern.de\/hoeheres-demenzrisiko-durch-zu-viel-zucker\/","url":"https:\/\/digidem-bayern.de\/hoeheres-demenzrisiko-durch-zu-viel-zucker\/","name":"H\u00f6heres Demenzrisiko durch zu viel Zucker - digiDEM Bayern","isPartOf":{"@id":"\/#website"},"primaryImageOfPage":{"@id":"https:\/\/digidem-bayern.de\/hoeheres-demenzrisiko-durch-zu-viel-zucker\/#primaryimage"},"image":{"@id":"https:\/\/digidem-bayern.de\/hoeheres-demenzrisiko-durch-zu-viel-zucker\/#primaryimage"},"thumbnailUrl":"","datePublished":"2021-09-27T11:54:54+00:00","dateModified":"2021-11-02T12:31:32+00:00","description":"Diabetes gilt als Demenz-Risikofaktor. Haben auch Menschen ohne Diabetes ein gr\u00f6\u00dferes Demenzrisiko, wenn ihr Blutzuckerspiegel dauerhaft erh\u00f6ht ist?","breadcrumb":{"@id":"https:\/\/digidem-bayern.de\/hoeheres-demenzrisiko-durch-zu-viel-zucker\/#breadcrumb"},"inLanguage":"en-US","potentialAction":[{"@type":"ReadAction","target":["https:\/\/digidem-bayern.de\/hoeheres-demenzrisiko-durch-zu-viel-zucker\/"]}]},{"@type":"ImageObject","inLanguage":"en-US","@id":"https:\/\/digidem-bayern.de\/hoeheres-demenzrisiko-durch-zu-viel-zucker\/#primaryimage","url":"","contentUrl":""},{"@type":"BreadcrumbList","@id":"https:\/\/digidem-bayern.de\/hoeheres-demenzrisiko-durch-zu-viel-zucker\/#breadcrumb","itemListElement":[{"@type":"ListItem","position":1,"name":"Startseite","item":"https:\/\/digidem-bayern.de\/"},{"@type":"ListItem","position":2,"name":"H\u00f6heres Demenzrisiko durch zu viel Zucker"}]},{"@type":"WebSite","@id":"\/#website","url":"\/","name":"digiDEM Bavaria","description":"The digital dementia register in Bavaria researches and improves the structure of services for people with dementia and their relatives","publisher":{"@id":"\/#organization"},"potentialAction":[{"@type":"SearchAction","target":{"@type":"EntryPoint","urlTemplate":"\/?s={search_term_string}"},"query-input":{"@type":"PropertyValueSpecification","valueRequired":true,"valueName":"search_term_string"}}],"inLanguage":"en-US"},{"@type":"Organization","@id":"\/#organization","name":"digiDEM Bavaria","url":"\/","logo":{"@type":"ImageObject","inLanguage":"en-US","@id":"\/#\/schema\/logo\/image\/","url":"https:\/\/digidem-bayern.de\/wp-content\/uploads\/2022\/03\/cropped-Allgemeines_digiDEMLOGO-removebg-preview.png","contentUrl":"https:\/\/digidem-bayern.de\/wp-content\/uploads\/2022\/03\/cropped-Allgemeines_digiDEMLOGO-removebg-preview.png","width":612,"height":357,"caption":"digiDEM Bayern"},"image":{"@id":"\/#\/schema\/logo\/image\/"},"sameAs":["https:\/\/www.facebook.com\/digiDEMBayern\/","https:\/\/x.com\/digidem_bayern","https:\/\/www.instagram.com\/digidem.bayern","https:\/\/www.linkedin.com\/company\/digidem-bayern\/"]},{"@type":"Person","@id":"\/#\/schema\/person\/92754ad381f49b3c358d1d8d2c4f90b8","name":"Michael Zeiler","url":"https:\/\/digidem-bayern.de\/en\/author\/michael-zeiler\/"}]}},"uagb_featured_image_src":{"full":false,"thumbnail":false,"medium":false,"medium_large":false,"large":false,"1536x1536":false,"2048x2048":false,"trp-custom-language-flag":false,"qubely_landscape":false,"qubely_portrait":false,"qubely_thumbnail":false,"post-thumbnail":false,"kahuna-featured":false,"kahuna-featured-lp":false,"kahuna-featured-half":false,"kahuna-featured-third":false,"kahuna-lpbox-1":false,"kahuna-lpbox-2":false,"demand-language-flag":false,"dddkt-language-flag":false,"ddiqc-language-flag":false,"ddtl-language-flag":false,"mailpoet_newsletter_max":false,"kahuna-lpbox-3":false,"kahuna-featured-square":false,"kahuna-featured-square-large":false},"uagb_author_info":{"display_name":"Michael Zeiler","author_link":"https:\/\/digidem-bayern.de\/en\/author\/michael-zeiler\/"},"uagb_comment_info":0,"uagb_excerpt":"Die Anzahl der Menschen mit \u00dcbergewicht sowie Fettleibigkeit steigt in Deutschland seit Jahren. Auch der Anteil der Diabetes-Erkrankungen, f\u00fcr die Fettleibigkeit einer der Haupt-Risikofaktoren ist, nimmt stetig zu. Studien haben bereits gezeigt, dass Diabetes die Wahrscheinlichkeit erh\u00f6ht, eine Demenz zu entwickeln. Doch haben auch Menschen ohne Diabetes ein gr\u00f6\u00dferes Demenzrisiko, &hellip;","_links":{"self":[{"href":"https:\/\/digidem-bayern.de\/en\/wp-json\/wp\/v2\/posts\/14327","targetHints":{"allow":["GET"]}}],"collection":[{"href":"https:\/\/digidem-bayern.de\/en\/wp-json\/wp\/v2\/posts"}],"about":[{"href":"https:\/\/digidem-bayern.de\/en\/wp-json\/wp\/v2\/types\/post"}],"author":[{"embeddable":true,"href":"https:\/\/digidem-bayern.de\/en\/wp-json\/wp\/v2\/users\/11"}],"replies":[{"embeddable":true,"href":"https:\/\/digidem-bayern.de\/en\/wp-json\/wp\/v2\/comments?post=14327"}],"version-history":[{"count":1,"href":"https:\/\/digidem-bayern.de\/en\/wp-json\/wp\/v2\/posts\/14327\/revisions"}],"predecessor-version":[{"id":14683,"href":"https:\/\/digidem-bayern.de\/en\/wp-json\/wp\/v2\/posts\/14327\/revisions\/14683"}],"wp:featuredmedia":[{"embeddable":true,"href":"https:\/\/digidem-bayern.de\/en\/wp-json\/"}],"wp:attachment":[{"href":"https:\/\/digidem-bayern.de\/en\/wp-json\/wp\/v2\/media?parent=14327"}],"wp:term":[{"taxonomy":"category","embeddable":true,"href":"https:\/\/digidem-bayern.de\/en\/wp-json\/wp\/v2\/categories?post=14327"},{"taxonomy":"post_tag","embeddable":true,"href":"https:\/\/digidem-bayern.de\/en\/wp-json\/wp\/v2\/tags?post=14327"}],"curies":[{"name":"wp","href":"https:\/\/api.w.org\/{rel}","templated":true}]}}