{"id":13914,"date":"2021-08-24T14:31:10","date_gmt":"2021-08-24T12:31:10","guid":{"rendered":"https:\/\/digidem-bayern.de\/?p=13914"},"modified":"2024-04-24T09:55:46","modified_gmt":"2024-04-24T07:55:46","slug":"webinar-palliativversorgung-bei-menschen-mit-demenz","status":"publish","type":"post","link":"https:\/\/digidem-bayern.de\/en\/webinar-palliativversorgung-bei-menschen-mit-demenz\/","title":{"rendered":"Palliativversorgung bei Menschen mit Demenz \u2013 die \u201eEPYLOGE\u201c-Studie"},"content":{"rendered":"<h4 class=\"wp-block-heading\">Palliativversorgung bei Demenz? Palliativversorgung hei\u00dft Leiden lindern und Lebensqualit\u00e4t verbessern. Dabei beschr\u00e4nkt sich die Palliativversorgung weder auf Krebserkrankungen noch auf den Sterbeprozess. Etwa ab dem mittleren Stadium einer Demenz kann eine palliative Versorgung erforderlich sein.<\/h4>\n\n\n\n<div class=\"wp-block-group\"><div class=\"wp-block-group__inner-container is-layout-flow wp-block-group-is-layout-flow\">\n<p>Erst k\u00fcrzlich wurde die <a href=\"https:\/\/www.decide.med.tum.de\/palliativ\/epyloge-studie\/\" target=\"_blank\" rel=\"noreferrer noopener\">\u201eEPYLOGE\u201c-Studie<\/a> unter der Leitung von Prof. Dr. Janine Diehl-Schmid abgeschlossen. Hierbei handelt es sich um ein Forschungsprojekt zur Untersuchung der Palliativversorgung von Menschen mit fortgeschrittener Demenz in Deutschland. Zwei \u00c4rztinnen haben fast 200 Menschen mit Demenz im Pflegeheim oder im h\u00e4uslichen Umfeld befragt und mit deren Angeh\u00f6rigen gesprochen. Dabei erhielten sie einen tiefen Einblick in die Versorgungsrealit\u00e4t am Lebensende. Au\u00dferdem f\u00fchrten sie ausf\u00fchrliche Interviews mit 100 Hinterbliebenen von k\u00fcrzlich verstorbenen Menschen mit Demenz, um von den besonderen Problemen, Bed\u00fcrfnissen und W\u00fcnschen der pflegenden Angeh\u00f6rigen zu erfahren.<\/p>\n\n\n\n<p>Frau Prof. Dr. Janine Diehl-Schmid ist Leiterin des Zentrums f\u00fcr kognitive St\u00f6rungen an der Fakult\u00e4t Psychiatrie der Technischen Universit\u00e4t M\u00fcnchen und ist seit vielen Jahren in der Demenzforschung aktiv. In unserem Webinar im Rahmen der Bayerischen Demenzwoche stellte sie die \u201eEPYLOGE\u201c-Studie vor und berichtete von den Ergebnissen.<\/p>\n<\/div><\/div>\n\n\n\n<div style=\"height:20px\" aria-hidden=\"true\" class=\"wp-block-spacer\"><\/div>\n\n\n\n<figure class=\"wp-block-embed is-type-video is-provider-youtube wp-block-embed-youtube wp-embed-aspect-16-9 wp-has-aspect-ratio\"><div class=\"wp-block-embed__wrapper\">\n<iframe loading=\"lazy\" title=\"Webinar: Palliativversorgung bei Menschen mit Demenz - die &quot;EPYLOGE&quot;-Studie\" width=\"1223\" height=\"688\" src=\"https:\/\/www.youtube.com\/embed\/bztRo_WFMGg?feature=oembed\" frameborder=\"0\" allow=\"accelerometer; autoplay; clipboard-write; encrypted-media; gyroscope; picture-in-picture; web-share\" referrerpolicy=\"strict-origin-when-cross-origin\" allowfullscreen><\/iframe>\n<\/div><\/figure>\n\n\n\n<p class=\"has-text-align-center\"><strong>Weitere Informationen zur &#8222;EPYLOGE&#8220;-Studie finden Sie <a href=\"https:\/\/www.decide.med.tum.de\/palliativ\/epyloge-studie\/\" target=\"_blank\" rel=\"noreferrer noopener\">hier<\/a> <\/strong> <\/p>\n\n\n\n<p class=\"has-text-align-center\"><strong>Hier gibt es das Webinar als PDF zum <a href=\"https:\/\/digidem-bayern.de\/wp-content\/uploads\/2024\/04\/2021-09-21_Science-Watch-LIVE-Nr.-27_Palliativversorgung-bei-Demenz_Copyright.pdf\">Download<\/a>.<\/strong><\/p>\n\n\n\n<p>      <\/p>\n\n\n\n<p class=\"has-text-align-center\"><strong>Fragen der Teilnehmer*innen und Antworten von Prof. Janine Diehl-Schmid:<\/strong><\/p>\n\n\n\n<div class=\"qubely-block-accordion  qubely-block-61db94\" data-item-toggle=\"true\">\n<div class=\"wp-block-qubely-accordion-item qubely-block-57ec7b\"><div class=\"qubely-accordion-item qubely-type-fill qubely-accordion-active\"><div class=\"qubely-accordion-panel qubely-icon-position-right\"><span class=\"qubely-accordion-panel-handler\" role=\"button\"><span class=\"qubely-accordion-panel-handler-label\">Gibt es feste Symptome oder Kriterien, ab wann eine palliative Versorgung sinnvoll ist?<\/span><span class=\"qubely-accordion-icon fa fa-plus\"><\/span><\/span><\/div><div class=\"qubely-accordion-body\" style=\"display:block\"><div itemprop=\"text\">\n<p>Es gibt Patienten, die eine Demenz haben und schwer erkranken, aber nie eine Palliativversorgung brauchen, weil sie keine Symptome haben, unter denen sie leiden. Bei Symptomen wie Unruhe, Angst oder aber auch k\u00f6rperlichen Symptomen und wenn der Patient schmerzgeplagt wirkt, dann sollte eine Palliativversorgung stattfinden. Ein Problem ist, dass das Wort \u201cpalliativ\u201d zum Teil negativ besetzt ist und beispielsweise mit Sterbehilfe gleichgesetzt wird. Das ist allerdings nicht korrekt, vielmehr steht die Linderung von Beschwerden und die Erh\u00f6hung der Lebensqualit\u00e4t am Lebensende im Fokus der Palliativmedizin. <\/p>\n<\/div><\/div><\/div><\/div>\n\n\n\n<div class=\"wp-block-qubely-accordion-item qubely-block-40c4e9\"><div class=\"qubely-accordion-item qubely-type-fill false\"><div class=\"qubely-accordion-panel qubely-icon-position-right\"><span class=\"qubely-accordion-panel-handler\" role=\"button\"><span class=\"qubely-accordion-panel-handler-label\">Wer entschiedet, ob eine palliative Versorgung notwendig ist?<\/span><span class=\"qubely-accordion-icon fa fa-plus\"><\/span><\/span><\/div><div class=\"qubely-accordion-body\"><div itemprop=\"text\">\n<p>Prim\u00e4r ist es die Aufgabe der Person, die direkt am Patienten dran ist. Das ist zum einem das Pflegepersonal, das nat\u00fcrlich geschult sein sollte. Die meisten Patienten, die zu Hause leben, haben auch einen Pflegedienst, der daf\u00fcr sensibel sein sollte. Aber auch die pflegenden Angeh\u00f6rigen k\u00f6nnen eine palliative Versorgung in die Wege leiten, in dem sie sich an den Hausarzt werden.<\/p>\n<\/div><\/div><\/div><\/div>\n\n\n\n<div class=\"wp-block-qubely-accordion-item qubely-block-477f5b\"><div class=\"qubely-accordion-item qubely-type-fill false\"><div class=\"qubely-accordion-panel qubely-icon-position-right\"><span class=\"qubely-accordion-panel-handler\" role=\"button\"><span class=\"qubely-accordion-panel-handler-label\">Wie kann der Zugang zu Palliativ- und Hospizangeboten leichter gestaltet werden?<\/span><span class=\"qubely-accordion-icon fa fa-plus\"><\/span><\/span><\/div><div class=\"qubely-accordion-body\"><div itemprop=\"text\">\n<p>Der Zugang zu und die Nutzung von ambulanten Palliativdiensten oder den SAPVs (Spezialisierte Ambulante Palliativversorgung) kann durch Webseiten, Brosch\u00fcren und Informationsmaterialien erleichtert und gest\u00e4rkt werden. Ambulante Palliativversorgungen sind zust\u00e4ndig und qualifiziert, Menschen mit Demenz palliativ zu behandeln. Wichtig ist, hier als pflegender Angeh\u00f6riger die Initiative zu ergreifen und dort anzufragen. Insgesamt bedarf es auch in den Heimen einem gr\u00f6\u00dferen Bewusstsein dar\u00fcber, dass der betreuende Hausarzt, auch ein Palliativteam anfordern kann, wenn die Versorgung zu komplex wird. Sind Symptome schwer zu lindern oder treten Komplikationen, bietet es sich an, auf die Erfahrung und Unterst\u00fctzung eines Palliativteams zur\u00fcckzugreifen.<\/p>\n\n\n\n<p><em>Der Zugang zu Hospizangeboten ist oft schwieriger. Im Hospiz geht man von einer Aufenthaltsdauer von ca. 3 Monaten bis zum Tod aus. Dabei ist die Aufenthaltsdauer bei einer Demenzerkrankung oft schwer abzusehen.<\/em><\/p>\n<\/div><\/div><\/div><\/div>\n\n\n\n<div class=\"wp-block-qubely-accordion-item qubely-block-909a15\"><div class=\"qubely-accordion-item qubely-type-fill false\"><div class=\"qubely-accordion-panel qubely-icon-position-right\"><span class=\"qubely-accordion-panel-handler\" role=\"button\"><span class=\"qubely-accordion-panel-handler-label\">Ab wann sollte bei Menschen mit Demenz Advanced Care Planning in die Wege geleitet werden?<\/span><span class=\"qubely-accordion-icon fa fa-plus\"><\/span><\/span><\/div><div class=\"qubely-accordion-body\"><div itemprop=\"text\">\n<p><em>Eine gezielte Versorgungsplanung sollte so fr\u00fch wie m\u00f6glich, sp\u00e4testens aber bei einem schwergradigen Stadium, besprochen werden. Wichtig ist dabei, genau zu bestimmen, wann welche Ma\u00dfnahmen einsetzen sollen. Dabei handelt es sich um ein dynamisches Konzept, d.h. die Dokumente k\u00f6nnen jederzeit entsprechend modifiziert werden.<\/em><\/p>\n\n\n\n<p>Wie dynamisch Advanced Care Planning (ACP) sein kann, zeigt folgendes Beispiel: Im Rahmen des neuen ACP-Programms sollen Patient*innen, die ins Heim kommen schon eine Vorsorgeplanung dar\u00fcber machen, was passiert, wenn sie sterben. Da herrscht eine gewisse Unsicherheit was es bedeutet, wenn ein relativ fitter Mensch mit Demenz ins Heim kommt, weil er eine hauswirtschaftliche Versorgung m\u00f6chte, lebensverl\u00e4ngernde Ma\u00dfnahmen allerdings ablehnt.<\/p>\n\n\n\n<p>F\u00fcr den Fall einer Krankheit nach wenigen Wochen, w\u00fcrde eine Reanimation oder Antibiose eingeleitet werden und die Ablehnung von lebensverl\u00e4ngernden Ma\u00dfnahmen w\u00fcrden erst in einem sp\u00e4teren Stadium der Demenz greifen. Das kann beispielsweise durch eine klare Formulierung in dem ACP so festgelegt werden. <\/p>\n<\/div><\/div><\/div><\/div>\n\n\n\n<div class=\"wp-block-qubely-accordion-item qubely-block-e037dd\"><div class=\"qubely-accordion-item qubely-type-fill false\"><div class=\"qubely-accordion-panel qubely-icon-position-right\"><span class=\"qubely-accordion-panel-handler\" role=\"button\"><span class=\"qubely-accordion-panel-handler-label\">Wie kann ich mich als pflegende\/r Angeh\u00f6rige\/r am besten informieren?<\/span><span class=\"qubely-accordion-icon fa fa-plus\"><\/span><\/span><\/div><div class=\"qubely-accordion-body\"><div itemprop=\"text\">\n<p>Der erste Ansprechpartner sollte der Hausarzt sein.<\/p>\n<\/div><\/div><\/div><\/div>\n\n\n\n<div class=\"wp-block-qubely-accordion-item qubely-block-caba39\"><div class=\"qubely-accordion-item qubely-type-fill false\"><div class=\"qubely-accordion-panel qubely-icon-position-right\"><span class=\"qubely-accordion-panel-handler\" role=\"button\"><span class=\"qubely-accordion-panel-handler-label\">Wie kann die Unterst\u00fctzung der Pflegeheime durch eine\/n Palliativarzt\/ -\u00e4rztin im Konkreten aussehen und welche besonderen Anspr\u00fcche stellen Menschen mit Demenz an eine Palliativversorgung?<\/span><span class=\"qubely-accordion-icon fa fa-plus\"><\/span><\/span><\/div><div class=\"qubely-accordion-body\"><div itemprop=\"text\">\n<p>Die palliative Betreuung von Demenzpatienten bringt oft Schwierigkeiten mit sich, da die Patient*innen oftmals nicht mehr in der Lage sind, Bed\u00fcrfnisse zu \u00e4u\u00dfern und ein anderes Symptomspektrum als beispielsweise bei Krebspatient*innen gegeben ist. Beispielsweise stehen hier h\u00e4ufig psychische Symptome, wie Angst und Unruhe, im Vordergrund.<\/p>\n\n\n\n<p>Das hei\u00dft, das Palliativteam muss noch viel mehr selbst entscheiden und ggf. Dosierungen anpassen, ohne eine verbale R\u00fcckmeldung zu erhalten, was zu Unsicherheiten f\u00fchren kann.&nbsp; In der Summe sind die Palliativteams und SAPV-Teams absolut willens und in der Lage, Menschen mit Demenz zu behandeln. Die Erfahrungen aus EPYLOGE haben gezeigt, dass solche Modelle gut funktionieren, sobald der Kontakt zu Palliativteams hergestellt wurde.<\/p>\n<\/div><\/div><\/div><\/div>\n<\/div>\n\n\n\n<h2 class=\"wp-block-heading has-text-align-center\"><strong><strong>Dienstag, 21.09.2021, 11.00-11.45 Uhr<\/strong><\/strong><\/h2>\n\n\n\n<div class=\"wp-block-stackable-columns stk-block-columns stk-block stk-2a2e68d\" data-block-id=\"2a2e68d\"><div class=\"stk-row stk-inner-blocks stk-block-content stk-content-align stk-2a2e68d-column\">\n<div class=\"wp-block-stackable-column stk-block-column stk-column stk-block stk-c60fb7a\" data-block-id=\"c60fb7a\"><div class=\"stk-column-wrapper stk-block-column__content stk-container stk-c60fb7a-container stk--no-background stk--no-padding\"><div class=\"stk-block-content stk-inner-blocks stk-c60fb7a-inner-blocks\">\n<div class=\"wp-block-group\"><div class=\"wp-block-group__inner-container is-layout-flow wp-block-group-is-layout-flow\">\n<div class=\"wp-block-uagb-team uagb-team__image-position-above uagb-team__align-center uagb-team__stack-tablet uagb-block-8cbf12a1\"><div class=\"uagb-team__content\"><img decoding=\"async\" class=\"uagb-team__image-crop-circle\" src=\"https:\/\/digidem-bayern.de\/wp-content\/uploads\/2021\/05\/jana-ruehl_foto-80x80.jpeg\" alt=\"\" height=\"120\" width=\"120\" loading=\"lazy\"\/><h3 class=\"uagb-team__title\">Jana R\u00fchl<\/h3><span class=\"uagb-team__prefix\">Wissenschaftliche Mitarbeiterin M. Sc.<\/span><p class=\"uagb-team__desc\">Moderation<\/p><\/div><\/div>\n<\/div><\/div>\n<\/div><\/div><\/div>\n\n\n\n<div class=\"wp-block-stackable-column stk-block-column stk-column stk-block stk-c327d27\" data-block-id=\"c327d27\"><div class=\"stk-column-wrapper stk-block-column__content stk-container stk-c327d27-container stk--no-background stk--no-padding\"><div class=\"stk-block-content stk-inner-blocks stk-c327d27-inner-blocks\">\n<div class=\"wp-block-uagb-team uagb-team__image-position-above uagb-team__align-center uagb-team__stack-tablet uagb-block-54f97665\"><div class=\"uagb-team__content\"><img decoding=\"async\" class=\"uagb-team__image-crop-circle\" src=\"https:\/\/digidem-bayern.de\/wp-content\/uploads\/2021\/02\/Bewerbungsfoto2-80x80.jpg\" alt=\"digiDEM Bayern-Mitarbeiterin Kathrin Steichele\" height=\"120\" width=\"120\" loading=\"lazy\"\/><h3 class=\"uagb-team__title\">Kathrin Steichele<\/h3><span class=\"uagb-team__prefix\">Wissenschaftliche Mitarbeiterin M. Sc.<\/span><p class=\"uagb-team__desc\">Betreuung Chatroom &amp; Fragen<\/p><\/div><\/div>\n<\/div><\/div><\/div>\n<\/div><\/div>\n\n\n\n<p>Sie interessieren Sich f\u00fcr weitere Webinare zu Themen aus der internationalen Demenz-Forschung? In unserer <a href=\"https:\/\/digidem-bayern.de\/en\/science-watch-live\/\">Mediathek<\/a> finden Sie alle vergangenen Webinare als Video-Mitschnitte.<\/p>\n\n\n\n<p>Mit der Webinar-Reihe \u201eScience Watch LIVE\u201c bieten wir einen zus\u00e4tzlichen Service zu unserem monatlichen Newsletter <a href=\"https:\/\/digidem-bayern.de\/en\/newsletter\/\">digiDEM Bayern Science Wa<\/a><a href=\"https:\/\/digidem-bayern.de\/en\/newsletter-2\/\">tch<\/a>, in dem wir wissenschaftliche Erkenntnisse aus der Demenzforschung bereitstellen. &nbsp;<\/p>\n\n\n\n<p>Vor dem Hintergrund massenhaft verbreiteter Halbwahrheiten und Fake News, aktuell zum Beispiel \u00fcber das neue Corona-Virus, ist gerade jetzt evidenzbasierte Wissenschaft gefragt. Es ist wichtiger denn je, wissenschaftliche Erkenntnisse so zu vermitteln, dass sie f\u00fcr die Gesellschaft verst\u00e4ndlich sind und ein Austausch dar\u00fcber gef\u00f6rdert wird. Dazu m\u00f6chten wir als digiDEM Bayern-Projektteam beitragen, jetzt auch mit <strong><em>digiDEM Bayern Science Wach LIVE<\/em><\/strong>.<\/p>","protected":false},"excerpt":{"rendered":"<p>Palliativversorgung bei Demenz? Palliativversorgung hei\u00dft Leiden lindern und Lebensqualit\u00e4t verbessern. Dabei beschr\u00e4nkt sich die Palliativversorgung weder auf Krebserkrankungen noch auf den Sterbeprozess. Etwa ab dem mittleren Stadium einer Demenz kann eine palliative Versorgung erforderlich sein. Erst k\u00fcrzlich wurde die \u201eEPYLOGE\u201c-Studie unter der Leitung von Prof. Dr. Janine Diehl-Schmid abgeschlossen. Hierbei &hellip;<\/p>","protected":false},"author":7,"featured_media":13051,"comment_status":"open","ping_status":"closed","sticky":false,"template":"","format":"standard","meta":{"qubely_global_settings":"true","qubely_interactions":"","_uag_custom_page_level_css":"","footnotes":""},"categories":[123],"tags":[13,12,95,14,17,55,324,327,325,326,315],"class_list":["post-13914","post","type-post","status-publish","format-standard","has-post-thumbnail","hentry","category-sciene-watch-live-archiv","tag-alzheimer","tag-demenz-2","tag-demenzforschung","tag-digidem","tag-digidem-bayern","tag-digitales-demenzregister-bayern","tag-lautenbacher","tag-living-lab-demenz","tag-schmerzen","tag-schmerzerfassung","tag-universitaet-bamberg"],"qubely_featured_image_url":{"full":["https:\/\/digidem-bayern.de\/wp-content\/uploads\/2021\/03\/pexels-kindel-media-8172814-e1629187490315.jpg",1137,853,false],"landscape":["https:\/\/digidem-bayern.de\/wp-content\/uploads\/2021\/03\/pexels-kindel-media-8172814-1200x750.jpg",1200,750,true],"portraits":["https:\/\/digidem-bayern.de\/wp-content\/uploads\/2021\/03\/pexels-kindel-media-8172814-540x320.jpg",540,320,true],"thumbnail":["https:\/\/digidem-bayern.de\/wp-content\/uploads\/2021\/03\/pexels-kindel-media-8172814-80x80.jpg",80,80,true],"medium":["https:\/\/digidem-bayern.de\/wp-content\/uploads\/2021\/03\/pexels-kindel-media-8172814-300x225.jpg",300,225,true],"medium_large":["https:\/\/digidem-bayern.de\/wp-content\/uploads\/2021\/03\/pexels-kindel-media-8172814-768x576.jpg",768,576,true],"large":["https:\/\/digidem-bayern.de\/wp-content\/uploads\/2021\/03\/pexels-kindel-media-8172814-1030x773.jpg",1030,773,true],"1536x1536":["https:\/\/digidem-bayern.de\/wp-content\/uploads\/2021\/03\/pexels-kindel-media-8172814-1536x1152.jpg",1536,1152,true],"2048x2048":["https:\/\/digidem-bayern.de\/wp-content\/uploads\/2021\/03\/pexels-kindel-media-8172814-2048x1536.jpg",2048,1536,true],"trp-custom-language-flag":["https:\/\/digidem-bayern.de\/wp-content\/uploads\/2021\/03\/pexels-kindel-media-8172814-e1629187490315.jpg",16,12,false],"qubely_landscape":["https:\/\/digidem-bayern.de\/wp-content\/uploads\/2021\/03\/pexels-kindel-media-8172814-1200x750.jpg",1200,750,true],"qubely_portrait":["https:\/\/digidem-bayern.de\/wp-content\/uploads\/2021\/03\/pexels-kindel-media-8172814-540x320.jpg",540,320,true],"qubely_thumbnail":["https:\/\/digidem-bayern.de\/wp-content\/uploads\/2021\/03\/pexels-kindel-media-8172814-140x100.jpg",140,100,true],"post-thumbnail":["https:\/\/digidem-bayern.de\/wp-content\/uploads\/2021\/03\/pexels-kindel-media-8172814-467x350.jpg",467,350,true],"kahuna-featured":["https:\/\/digidem-bayern.de\/wp-content\/uploads\/2021\/03\/pexels-kindel-media-8172814-734x350.jpg",734,350,true],"kahuna-featured-lp":["https:\/\/digidem-bayern.de\/wp-content\/uploads\/2021\/03\/pexels-kindel-media-8172814-520x350.jpg",520,350,true],"kahuna-featured-half":["https:\/\/digidem-bayern.de\/wp-content\/uploads\/2021\/03\/pexels-kindel-media-8172814-800x350.jpg",800,350,true],"kahuna-featured-third":["https:\/\/digidem-bayern.de\/wp-content\/uploads\/2021\/03\/pexels-kindel-media-8172814-512x350.jpg",512,350,true],"kahuna-lpbox-1":["https:\/\/digidem-bayern.de\/wp-content\/uploads\/2021\/03\/pexels-kindel-media-8172814-520x350.jpg",446,300,true],"kahuna-lpbox-2":["https:\/\/digidem-bayern.de\/wp-content\/uploads\/2021\/03\/pexels-kindel-media-8172814-520x350.jpg",520,350,true],"demand-language-flag":["https:\/\/digidem-bayern.de\/wp-content\/uploads\/2021\/03\/pexels-kindel-media-8172814-e1629187490315.jpg",36,27,false],"dddkt-language-flag":["https:\/\/digidem-bayern.de\/wp-content\/uploads\/2021\/03\/pexels-kindel-media-8172814-e1629187490315.jpg",36,27,false],"ddiqc-language-flag":["https:\/\/digidem-bayern.de\/wp-content\/uploads\/2021\/03\/pexels-kindel-media-8172814-e1629187490315.jpg",36,27,false],"ddtl-language-flag":["https:\/\/digidem-bayern.de\/wp-content\/uploads\/2021\/03\/pexels-kindel-media-8172814-e1629187490315.jpg",36,27,false],"mailpoet_newsletter_max":["https:\/\/digidem-bayern.de\/wp-content\/uploads\/2021\/03\/pexels-kindel-media-8172814-1320x990.jpg",1320,990,true],"kahuna-lpbox-3":["https:\/\/digidem-bayern.de\/wp-content\/uploads\/2021\/03\/pexels-kindel-media-8172814-520x350.jpg",520,350,true],"kahuna-featured-square":["https:\/\/digidem-bayern.de\/wp-content\/uploads\/2021\/03\/pexels-kindel-media-8172814-512x512.jpg",512,512,true],"kahuna-featured-square-large":["https:\/\/digidem-bayern.de\/wp-content\/uploads\/2021\/03\/pexels-kindel-media-8172814-1024x1024.jpg",1024,1024,true]},"qubely_author":{"display_name":"Anne Keefer","author_link":"https:\/\/digidem-bayern.de\/en\/author\/ag-webinar\/"},"qubely_comment":10,"qubely_category":"<a href=\"https:\/\/digidem-bayern.de\/en\/category\/sciene-watch-live-archiv\/\" rel=\"category tag\">Sciene Watch Live ARCHIV<\/a>","qubely_excerpt":"Palliativversorgung bei Demenz? Palliativversorgung hei\u00dft Leiden lindern und Lebensqualit\u00e4t verbessern. Dabei beschr\u00e4nkt sich die Palliativversorgung weder auf Krebserkrankungen noch auf den Sterbeprozess. Etwa ab dem mittleren Stadium einer Demenz kann eine palliative Versorgung erforderlich sein. Erst k\u00fcrzlich wurde die \u201eEPYLOGE\u201c-Studie unter der Leitung von Prof. Dr. Janine Diehl-Schmid abgeschlossen. Hierbei &hellip;","featured_image_urls_v2":{"full":["https:\/\/digidem-bayern.de\/wp-content\/uploads\/2021\/03\/pexels-kindel-media-8172814-e1629187490315.jpg",1137,853,false],"thumbnail":["https:\/\/digidem-bayern.de\/wp-content\/uploads\/2021\/03\/pexels-kindel-media-8172814-80x80.jpg",80,80,true],"medium":["https:\/\/digidem-bayern.de\/wp-content\/uploads\/2021\/03\/pexels-kindel-media-8172814-300x225.jpg",300,225,true],"medium_large":["https:\/\/digidem-bayern.de\/wp-content\/uploads\/2021\/03\/pexels-kindel-media-8172814-768x576.jpg",768,576,true],"large":["https:\/\/digidem-bayern.de\/wp-content\/uploads\/2021\/03\/pexels-kindel-media-8172814-1030x773.jpg",1030,773,true],"1536x1536":["https:\/\/digidem-bayern.de\/wp-content\/uploads\/2021\/03\/pexels-kindel-media-8172814-1536x1152.jpg",1536,1152,true],"2048x2048":["https:\/\/digidem-bayern.de\/wp-content\/uploads\/2021\/03\/pexels-kindel-media-8172814-2048x1536.jpg",2048,1536,true],"trp-custom-language-flag":["https:\/\/digidem-bayern.de\/wp-content\/uploads\/2021\/03\/pexels-kindel-media-8172814-e1629187490315.jpg",16,12,false],"qubely_landscape":["https:\/\/digidem-bayern.de\/wp-content\/uploads\/2021\/03\/pexels-kindel-media-8172814-1200x750.jpg",1200,750,true],"qubely_portrait":["https:\/\/digidem-bayern.de\/wp-content\/uploads\/2021\/03\/pexels-kindel-media-8172814-540x320.jpg",540,320,true],"qubely_thumbnail":["https:\/\/digidem-bayern.de\/wp-content\/uploads\/2021\/03\/pexels-kindel-media-8172814-140x100.jpg",140,100,true],"post-thumbnail":["https:\/\/digidem-bayern.de\/wp-content\/uploads\/2021\/03\/pexels-kindel-media-8172814-467x350.jpg",467,350,true],"kahuna-featured":["https:\/\/digidem-bayern.de\/wp-content\/uploads\/2021\/03\/pexels-kindel-media-8172814-734x350.jpg",734,350,true],"kahuna-featured-lp":["https:\/\/digidem-bayern.de\/wp-content\/uploads\/2021\/03\/pexels-kindel-media-8172814-520x350.jpg",520,350,true],"kahuna-featured-half":["https:\/\/digidem-bayern.de\/wp-content\/uploads\/2021\/03\/pexels-kindel-media-8172814-800x350.jpg",800,350,true],"kahuna-featured-third":["https:\/\/digidem-bayern.de\/wp-content\/uploads\/2021\/03\/pexels-kindel-media-8172814-512x350.jpg",512,350,true],"kahuna-lpbox-1":["https:\/\/digidem-bayern.de\/wp-content\/uploads\/2021\/03\/pexels-kindel-media-8172814-520x350.jpg",446,300,true],"kahuna-lpbox-2":["https:\/\/digidem-bayern.de\/wp-content\/uploads\/2021\/03\/pexels-kindel-media-8172814-520x350.jpg",520,350,true],"demand-language-flag":["https:\/\/digidem-bayern.de\/wp-content\/uploads\/2021\/03\/pexels-kindel-media-8172814-e1629187490315.jpg",36,27,false],"dddkt-language-flag":["https:\/\/digidem-bayern.de\/wp-content\/uploads\/2021\/03\/pexels-kindel-media-8172814-e1629187490315.jpg",36,27,false],"ddiqc-language-flag":["https:\/\/digidem-bayern.de\/wp-content\/uploads\/2021\/03\/pexels-kindel-media-8172814-e1629187490315.jpg",36,27,false],"ddtl-language-flag":["https:\/\/digidem-bayern.de\/wp-content\/uploads\/2021\/03\/pexels-kindel-media-8172814-e1629187490315.jpg",36,27,false],"mailpoet_newsletter_max":["https:\/\/digidem-bayern.de\/wp-content\/uploads\/2021\/03\/pexels-kindel-media-8172814-1320x990.jpg",1320,990,true],"kahuna-lpbox-3":["https:\/\/digidem-bayern.de\/wp-content\/uploads\/2021\/03\/pexels-kindel-media-8172814-520x350.jpg",520,350,true],"kahuna-featured-square":["https:\/\/digidem-bayern.de\/wp-content\/uploads\/2021\/03\/pexels-kindel-media-8172814-512x512.jpg",512,512,true],"kahuna-featured-square-large":["https:\/\/digidem-bayern.de\/wp-content\/uploads\/2021\/03\/pexels-kindel-media-8172814-1024x1024.jpg",1024,1024,true]},"post_excerpt_stackable_v2":"<p>Palliativversorgung bei Demenz? Palliativversorgung hei\u00dft Leiden lindern und Lebensqualit\u00e4t verbessern. Dabei beschr\u00e4nkt sich die Palliativversorgung weder auf Krebserkrankungen noch auf den Sterbeprozess. Etwa ab dem mittleren Stadium einer Demenz kann eine palliative Versorgung erforderlich sein. Erst k\u00fcrzlich wurde die \u201eEPYLOGE\u201c-Studie unter der Leitung von Prof. Dr. Janine Diehl-Schmid abgeschlossen. Hierbei handelt es sich um ein Forschungsprojekt zur Untersuchung der Palliativversorgung von Menschen mit fortgeschrittener Demenz in Deutschland. Zwei \u00c4rztinnen haben fast 200 Menschen mit Demenz im Pflegeheim oder im h\u00e4uslichen Umfeld befragt und mit deren Angeh\u00f6rigen gesprochen. Dabei erhielten sie einen tiefen Einblick in die Versorgungsrealit\u00e4t am Lebensende. Au\u00dferdem f\u00fchrten&hellip;<\/p>\n","category_list_v2":"<a href=\"https:\/\/digidem-bayern.de\/en\/category\/sciene-watch-live-archiv\/\" rel=\"category tag\">Sciene Watch Live ARCHIV<\/a>","author_info_v2":{"name":"Anne Keefer","url":"https:\/\/digidem-bayern.de\/en\/author\/ag-webinar\/"},"comments_num_v2":"2 comments","yoast_head":"<!-- This site is optimized with the Yoast SEO plugin v27.5 - https:\/\/yoast.com\/product\/yoast-seo-wordpress\/ -->\n<title>Palliativversorgung bei Menschen mit Demenz \u2013 die \u201eEPYLOGE\u201c-Studie - digiDEM Bayern<\/title>\n<meta name=\"description\" content=\"Im Webinar &quot;digiDEM Bayern Science Watch LIVE&quot; behandeln Wissenschaftler ein Thema aus der Demenzforschung und stehen live f\u00fcr Fragen zur Verf\u00fcgung.\" \/>\n<meta name=\"robots\" content=\"index, follow, max-snippet:-1, max-image-preview:large, max-video-preview:-1\" \/>\n<link rel=\"canonical\" href=\"https:\/\/digidem-bayern.de\/en\/webinar-palliativversorgung-bei-menschen-mit-demenz\/\" \/>\n<meta property=\"og:locale\" content=\"en_US\" \/>\n<meta property=\"og:type\" content=\"article\" \/>\n<meta property=\"og:title\" content=\"Palliativversorgung bei Menschen mit Demenz \u2013 die \u201eEPYLOGE\u201c-Studie - digiDEM Bayern\" \/>\n<meta property=\"og:description\" content=\"Im Webinar &quot;digiDEM Bayern Science Watch LIVE&quot; behandeln Wissenschaftler ein Thema aus der Demenzforschung und stehen live f\u00fcr Fragen zur Verf\u00fcgung.\" \/>\n<meta property=\"og:url\" content=\"https:\/\/digidem-bayern.de\/en\/webinar-palliativversorgung-bei-menschen-mit-demenz\/\" \/>\n<meta property=\"og:site_name\" content=\"digiDEM Bayern\" \/>\n<meta property=\"article:publisher\" content=\"https:\/\/www.facebook.com\/digiDEMBayern\/\" \/>\n<meta property=\"article:published_time\" content=\"2021-08-24T12:31:10+00:00\" \/>\n<meta property=\"article:modified_time\" content=\"2024-04-24T07:55:46+00:00\" \/>\n<meta property=\"og:image\" content=\"https:\/\/digidem-bayern.de\/wp-content\/uploads\/2021\/03\/pexels-kindel-media-8172814-e1629187490315.jpg\" \/>\n\t<meta property=\"og:image:width\" content=\"1137\" \/>\n\t<meta property=\"og:image:height\" content=\"853\" \/>\n\t<meta property=\"og:image:type\" content=\"image\/jpeg\" \/>\n<meta name=\"author\" content=\"Anne Keefer\" \/>\n<meta name=\"twitter:label1\" content=\"Written by\" \/>\n\t<meta name=\"twitter:data1\" content=\"Anne Keefer\" \/>\n\t<meta name=\"twitter:label2\" content=\"Est. reading time\" \/>\n\t<meta name=\"twitter:data2\" content=\"5 minutes\" \/>\n<script type=\"application\/ld+json\" class=\"yoast-schema-graph\">{\"@context\":\"https:\\\/\\\/schema.org\",\"@graph\":[{\"@type\":\"Article\",\"@id\":\"https:\\\/\\\/digidem-bayern.de\\\/webinar-palliativversorgung-bei-menschen-mit-demenz\\\/#article\",\"isPartOf\":{\"@id\":\"https:\\\/\\\/digidem-bayern.de\\\/webinar-palliativversorgung-bei-menschen-mit-demenz\\\/\"},\"author\":{\"name\":\"Anne Keefer\",\"@id\":\"\\\/#\\\/schema\\\/person\\\/0e8781e0653d1a8e57ca55bd2c3cb01f\"},\"headline\":\"Palliativversorgung bei Menschen mit Demenz \u2013 die \u201eEPYLOGE\u201c-Studie\",\"datePublished\":\"2021-08-24T12:31:10+00:00\",\"dateModified\":\"2024-04-24T07:55:46+00:00\",\"mainEntityOfPage\":{\"@id\":\"https:\\\/\\\/digidem-bayern.de\\\/webinar-palliativversorgung-bei-menschen-mit-demenz\\\/\"},\"wordCount\":1034,\"commentCount\":2,\"publisher\":{\"@id\":\"\\\/#organization\"},\"image\":{\"@id\":\"https:\\\/\\\/digidem-bayern.de\\\/webinar-palliativversorgung-bei-menschen-mit-demenz\\\/#primaryimage\"},\"thumbnailUrl\":\"https:\\\/\\\/digidem-bayern.de\\\/wp-content\\\/uploads\\\/2021\\\/03\\\/pexels-kindel-media-8172814-e1629187490315.jpg\",\"keywords\":[\"Alzheimer\",\"Demenz\",\"Demenzforschung\",\"digidem\",\"digidem Bayern\",\"Digitales Demenzregister Bayern\",\"Lautenbacher\",\"Living Lab Demenz\",\"Schmerzen\",\"Schmerzerfassung\",\"Universit\u00e4t Bamberg\"],\"articleSection\":[\"Sciene Watch Live ARCHIV\"],\"inLanguage\":\"en-US\",\"potentialAction\":[{\"@type\":\"CommentAction\",\"name\":\"Comment\",\"target\":[\"https:\\\/\\\/digidem-bayern.de\\\/webinar-palliativversorgung-bei-menschen-mit-demenz\\\/#respond\"]}]},{\"@type\":\"WebPage\",\"@id\":\"https:\\\/\\\/digidem-bayern.de\\\/webinar-palliativversorgung-bei-menschen-mit-demenz\\\/\",\"url\":\"https:\\\/\\\/digidem-bayern.de\\\/webinar-palliativversorgung-bei-menschen-mit-demenz\\\/\",\"name\":\"Palliativversorgung bei Menschen mit Demenz \u2013 die \u201eEPYLOGE\u201c-Studie - digiDEM Bayern\",\"isPartOf\":{\"@id\":\"\\\/#website\"},\"primaryImageOfPage\":{\"@id\":\"https:\\\/\\\/digidem-bayern.de\\\/webinar-palliativversorgung-bei-menschen-mit-demenz\\\/#primaryimage\"},\"image\":{\"@id\":\"https:\\\/\\\/digidem-bayern.de\\\/webinar-palliativversorgung-bei-menschen-mit-demenz\\\/#primaryimage\"},\"thumbnailUrl\":\"https:\\\/\\\/digidem-bayern.de\\\/wp-content\\\/uploads\\\/2021\\\/03\\\/pexels-kindel-media-8172814-e1629187490315.jpg\",\"datePublished\":\"2021-08-24T12:31:10+00:00\",\"dateModified\":\"2024-04-24T07:55:46+00:00\",\"description\":\"Im Webinar \\\"digiDEM Bayern Science Watch LIVE\\\" behandeln Wissenschaftler ein Thema aus der Demenzforschung und stehen live f\u00fcr Fragen zur Verf\u00fcgung.\",\"breadcrumb\":{\"@id\":\"https:\\\/\\\/digidem-bayern.de\\\/webinar-palliativversorgung-bei-menschen-mit-demenz\\\/#breadcrumb\"},\"inLanguage\":\"en-US\",\"potentialAction\":[{\"@type\":\"ReadAction\",\"target\":[\"https:\\\/\\\/digidem-bayern.de\\\/webinar-palliativversorgung-bei-menschen-mit-demenz\\\/\"]}]},{\"@type\":\"ImageObject\",\"inLanguage\":\"en-US\",\"@id\":\"https:\\\/\\\/digidem-bayern.de\\\/webinar-palliativversorgung-bei-menschen-mit-demenz\\\/#primaryimage\",\"url\":\"https:\\\/\\\/digidem-bayern.de\\\/wp-content\\\/uploads\\\/2021\\\/03\\\/pexels-kindel-media-8172814-e1629187490315.jpg\",\"contentUrl\":\"https:\\\/\\\/digidem-bayern.de\\\/wp-content\\\/uploads\\\/2021\\\/03\\\/pexels-kindel-media-8172814-e1629187490315.jpg\",\"width\":1137,\"height\":853},{\"@type\":\"BreadcrumbList\",\"@id\":\"https:\\\/\\\/digidem-bayern.de\\\/webinar-palliativversorgung-bei-menschen-mit-demenz\\\/#breadcrumb\",\"itemListElement\":[{\"@type\":\"ListItem\",\"position\":1,\"name\":\"Startseite\",\"item\":\"https:\\\/\\\/digidem-bayern.de\\\/\"},{\"@type\":\"ListItem\",\"position\":2,\"name\":\"Palliativversorgung bei Menschen mit Demenz \u2013 die \u201eEPYLOGE\u201c-Studie\"}]},{\"@type\":\"WebSite\",\"@id\":\"\\\/#website\",\"url\":\"\\\/\",\"name\":\"digiDEM Bayern\",\"description\":\"Das digitale Demenzregister Bayern erforscht und verbessert die Angebotsstuktur f\u00fcr Menschen mit Demenz und deren Angeh\u00f6rige\",\"publisher\":{\"@id\":\"\\\/#organization\"},\"potentialAction\":[{\"@type\":\"SearchAction\",\"target\":{\"@type\":\"EntryPoint\",\"urlTemplate\":\"\\\/?s={search_term_string}\"},\"query-input\":{\"@type\":\"PropertyValueSpecification\",\"valueRequired\":true,\"valueName\":\"search_term_string\"}}],\"inLanguage\":\"en-US\"},{\"@type\":\"Organization\",\"@id\":\"\\\/#organization\",\"name\":\"digiDEM Bayern\",\"url\":\"\\\/\",\"logo\":{\"@type\":\"ImageObject\",\"inLanguage\":\"en-US\",\"@id\":\"\\\/#\\\/schema\\\/logo\\\/image\\\/\",\"url\":\"https:\\\/\\\/digidem-bayern.de\\\/wp-content\\\/uploads\\\/2022\\\/03\\\/cropped-Allgemeines_digiDEMLOGO-removebg-preview.png\",\"contentUrl\":\"https:\\\/\\\/digidem-bayern.de\\\/wp-content\\\/uploads\\\/2022\\\/03\\\/cropped-Allgemeines_digiDEMLOGO-removebg-preview.png\",\"width\":612,\"height\":357,\"caption\":\"digiDEM Bayern\"},\"image\":{\"@id\":\"\\\/#\\\/schema\\\/logo\\\/image\\\/\"},\"sameAs\":[\"https:\\\/\\\/www.facebook.com\\\/digiDEMBayern\\\/\",\"https:\\\/\\\/x.com\\\/digidem_bayern\",\"https:\\\/\\\/www.instagram.com\\\/digidem.bayern\",\"https:\\\/\\\/www.linkedin.com\\\/company\\\/digidem-bayern\\\/\"]},{\"@type\":\"Person\",\"@id\":\"\\\/#\\\/schema\\\/person\\\/0e8781e0653d1a8e57ca55bd2c3cb01f\",\"name\":\"Anne Keefer\",\"url\":\"https:\\\/\\\/digidem-bayern.de\\\/en\\\/author\\\/ag-webinar\\\/\"}]}<\/script>\n<!-- \/ Yoast SEO plugin. -->","yoast_head_json":{"title":"Palliativversorgung bei Menschen mit Demenz \u2013 die \u201eEPYLOGE\u201c-Studie - digiDEM Bayern","description":"Im Webinar \"digiDEM Bayern Science Watch LIVE\" behandeln Wissenschaftler ein Thema aus der Demenzforschung und stehen live f\u00fcr Fragen zur Verf\u00fcgung.","robots":{"index":"index","follow":"follow","max-snippet":"max-snippet:-1","max-image-preview":"max-image-preview:large","max-video-preview":"max-video-preview:-1"},"canonical":"https:\/\/digidem-bayern.de\/en\/webinar-palliativversorgung-bei-menschen-mit-demenz\/","og_locale":"en_US","og_type":"article","og_title":"Palliativversorgung bei Menschen mit Demenz \u2013 die \u201eEPYLOGE\u201c-Studie - digiDEM Bayern","og_description":"Im Webinar \"digiDEM Bayern Science Watch LIVE\" behandeln Wissenschaftler ein Thema aus der Demenzforschung und stehen live f\u00fcr Fragen zur Verf\u00fcgung.","og_url":"https:\/\/digidem-bayern.de\/en\/webinar-palliativversorgung-bei-menschen-mit-demenz\/","og_site_name":"digiDEM Bayern","article_publisher":"https:\/\/www.facebook.com\/digiDEMBayern\/","article_published_time":"2021-08-24T12:31:10+00:00","article_modified_time":"2024-04-24T07:55:46+00:00","og_image":[{"width":1137,"height":853,"url":"https:\/\/digidem-bayern.de\/wp-content\/uploads\/2021\/03\/pexels-kindel-media-8172814-e1629187490315.jpg","type":"image\/jpeg"}],"author":"Anne Keefer","twitter_misc":{"Written by":"Anne Keefer","Est. reading time":"5 minutes"},"schema":{"@context":"https:\/\/schema.org","@graph":[{"@type":"Article","@id":"https:\/\/digidem-bayern.de\/webinar-palliativversorgung-bei-menschen-mit-demenz\/#article","isPartOf":{"@id":"https:\/\/digidem-bayern.de\/webinar-palliativversorgung-bei-menschen-mit-demenz\/"},"author":{"name":"Anne Keefer","@id":"\/#\/schema\/person\/0e8781e0653d1a8e57ca55bd2c3cb01f"},"headline":"Palliativversorgung bei Menschen mit Demenz \u2013 die \u201eEPYLOGE\u201c-Studie","datePublished":"2021-08-24T12:31:10+00:00","dateModified":"2024-04-24T07:55:46+00:00","mainEntityOfPage":{"@id":"https:\/\/digidem-bayern.de\/webinar-palliativversorgung-bei-menschen-mit-demenz\/"},"wordCount":1034,"commentCount":2,"publisher":{"@id":"\/#organization"},"image":{"@id":"https:\/\/digidem-bayern.de\/webinar-palliativversorgung-bei-menschen-mit-demenz\/#primaryimage"},"thumbnailUrl":"https:\/\/digidem-bayern.de\/wp-content\/uploads\/2021\/03\/pexels-kindel-media-8172814-e1629187490315.jpg","keywords":["Alzheimer","Demenz","Demenzforschung","digidem","digidem Bayern","Digitales Demenzregister Bayern","Lautenbacher","Living Lab Demenz","Schmerzen","Schmerzerfassung","Universit\u00e4t Bamberg"],"articleSection":["Sciene Watch Live ARCHIV"],"inLanguage":"en-US","potentialAction":[{"@type":"CommentAction","name":"Comment","target":["https:\/\/digidem-bayern.de\/webinar-palliativversorgung-bei-menschen-mit-demenz\/#respond"]}]},{"@type":"WebPage","@id":"https:\/\/digidem-bayern.de\/webinar-palliativversorgung-bei-menschen-mit-demenz\/","url":"https:\/\/digidem-bayern.de\/webinar-palliativversorgung-bei-menschen-mit-demenz\/","name":"Palliativversorgung bei Menschen mit Demenz \u2013 die \u201eEPYLOGE\u201c-Studie - digiDEM Bayern","isPartOf":{"@id":"\/#website"},"primaryImageOfPage":{"@id":"https:\/\/digidem-bayern.de\/webinar-palliativversorgung-bei-menschen-mit-demenz\/#primaryimage"},"image":{"@id":"https:\/\/digidem-bayern.de\/webinar-palliativversorgung-bei-menschen-mit-demenz\/#primaryimage"},"thumbnailUrl":"https:\/\/digidem-bayern.de\/wp-content\/uploads\/2021\/03\/pexels-kindel-media-8172814-e1629187490315.jpg","datePublished":"2021-08-24T12:31:10+00:00","dateModified":"2024-04-24T07:55:46+00:00","description":"Im Webinar \"digiDEM Bayern Science Watch LIVE\" behandeln Wissenschaftler ein Thema aus der Demenzforschung und stehen live f\u00fcr Fragen zur Verf\u00fcgung.","breadcrumb":{"@id":"https:\/\/digidem-bayern.de\/webinar-palliativversorgung-bei-menschen-mit-demenz\/#breadcrumb"},"inLanguage":"en-US","potentialAction":[{"@type":"ReadAction","target":["https:\/\/digidem-bayern.de\/webinar-palliativversorgung-bei-menschen-mit-demenz\/"]}]},{"@type":"ImageObject","inLanguage":"en-US","@id":"https:\/\/digidem-bayern.de\/webinar-palliativversorgung-bei-menschen-mit-demenz\/#primaryimage","url":"https:\/\/digidem-bayern.de\/wp-content\/uploads\/2021\/03\/pexels-kindel-media-8172814-e1629187490315.jpg","contentUrl":"https:\/\/digidem-bayern.de\/wp-content\/uploads\/2021\/03\/pexels-kindel-media-8172814-e1629187490315.jpg","width":1137,"height":853},{"@type":"BreadcrumbList","@id":"https:\/\/digidem-bayern.de\/webinar-palliativversorgung-bei-menschen-mit-demenz\/#breadcrumb","itemListElement":[{"@type":"ListItem","position":1,"name":"Startseite","item":"https:\/\/digidem-bayern.de\/"},{"@type":"ListItem","position":2,"name":"Palliativversorgung bei Menschen mit Demenz \u2013 die \u201eEPYLOGE\u201c-Studie"}]},{"@type":"WebSite","@id":"\/#website","url":"\/","name":"digiDEM Bavaria","description":"The digital dementia register in Bavaria researches and improves the structure of services for people with dementia and their relatives","publisher":{"@id":"\/#organization"},"potentialAction":[{"@type":"SearchAction","target":{"@type":"EntryPoint","urlTemplate":"\/?s={search_term_string}"},"query-input":{"@type":"PropertyValueSpecification","valueRequired":true,"valueName":"search_term_string"}}],"inLanguage":"en-US"},{"@type":"Organization","@id":"\/#organization","name":"digiDEM Bavaria","url":"\/","logo":{"@type":"ImageObject","inLanguage":"en-US","@id":"\/#\/schema\/logo\/image\/","url":"https:\/\/digidem-bayern.de\/wp-content\/uploads\/2022\/03\/cropped-Allgemeines_digiDEMLOGO-removebg-preview.png","contentUrl":"https:\/\/digidem-bayern.de\/wp-content\/uploads\/2022\/03\/cropped-Allgemeines_digiDEMLOGO-removebg-preview.png","width":612,"height":357,"caption":"digiDEM Bayern"},"image":{"@id":"\/#\/schema\/logo\/image\/"},"sameAs":["https:\/\/www.facebook.com\/digiDEMBayern\/","https:\/\/x.com\/digidem_bayern","https:\/\/www.instagram.com\/digidem.bayern","https:\/\/www.linkedin.com\/company\/digidem-bayern\/"]},{"@type":"Person","@id":"\/#\/schema\/person\/0e8781e0653d1a8e57ca55bd2c3cb01f","name":"Anne Keefer","url":"https:\/\/digidem-bayern.de\/en\/author\/ag-webinar\/"}]}},"uagb_featured_image_src":{"full":["https:\/\/digidem-bayern.de\/wp-content\/uploads\/2021\/03\/pexels-kindel-media-8172814-e1629187490315.jpg",1137,853,false],"thumbnail":["https:\/\/digidem-bayern.de\/wp-content\/uploads\/2021\/03\/pexels-kindel-media-8172814-80x80.jpg",80,80,true],"medium":["https:\/\/digidem-bayern.de\/wp-content\/uploads\/2021\/03\/pexels-kindel-media-8172814-300x225.jpg",300,225,true],"medium_large":["https:\/\/digidem-bayern.de\/wp-content\/uploads\/2021\/03\/pexels-kindel-media-8172814-768x576.jpg",768,576,true],"large":["https:\/\/digidem-bayern.de\/wp-content\/uploads\/2021\/03\/pexels-kindel-media-8172814-1030x773.jpg",1030,773,true],"1536x1536":["https:\/\/digidem-bayern.de\/wp-content\/uploads\/2021\/03\/pexels-kindel-media-8172814-1536x1152.jpg",1536,1152,true],"2048x2048":["https:\/\/digidem-bayern.de\/wp-content\/uploads\/2021\/03\/pexels-kindel-media-8172814-2048x1536.jpg",2048,1536,true],"trp-custom-language-flag":["https:\/\/digidem-bayern.de\/wp-content\/uploads\/2021\/03\/pexels-kindel-media-8172814-e1629187490315.jpg",16,12,false],"qubely_landscape":["https:\/\/digidem-bayern.de\/wp-content\/uploads\/2021\/03\/pexels-kindel-media-8172814-1200x750.jpg",1200,750,true],"qubely_portrait":["https:\/\/digidem-bayern.de\/wp-content\/uploads\/2021\/03\/pexels-kindel-media-8172814-540x320.jpg",540,320,true],"qubely_thumbnail":["https:\/\/digidem-bayern.de\/wp-content\/uploads\/2021\/03\/pexels-kindel-media-8172814-140x100.jpg",140,100,true],"post-thumbnail":["https:\/\/digidem-bayern.de\/wp-content\/uploads\/2021\/03\/pexels-kindel-media-8172814-467x350.jpg",467,350,true],"kahuna-featured":["https:\/\/digidem-bayern.de\/wp-content\/uploads\/2021\/03\/pexels-kindel-media-8172814-734x350.jpg",734,350,true],"kahuna-featured-lp":["https:\/\/digidem-bayern.de\/wp-content\/uploads\/2021\/03\/pexels-kindel-media-8172814-520x350.jpg",520,350,true],"kahuna-featured-half":["https:\/\/digidem-bayern.de\/wp-content\/uploads\/2021\/03\/pexels-kindel-media-8172814-800x350.jpg",800,350,true],"kahuna-featured-third":["https:\/\/digidem-bayern.de\/wp-content\/uploads\/2021\/03\/pexels-kindel-media-8172814-512x350.jpg",512,350,true],"kahuna-lpbox-1":["https:\/\/digidem-bayern.de\/wp-content\/uploads\/2021\/03\/pexels-kindel-media-8172814-520x350.jpg",446,300,true],"kahuna-lpbox-2":["https:\/\/digidem-bayern.de\/wp-content\/uploads\/2021\/03\/pexels-kindel-media-8172814-520x350.jpg",520,350,true],"demand-language-flag":["https:\/\/digidem-bayern.de\/wp-content\/uploads\/2021\/03\/pexels-kindel-media-8172814-e1629187490315.jpg",36,27,false],"dddkt-language-flag":["https:\/\/digidem-bayern.de\/wp-content\/uploads\/2021\/03\/pexels-kindel-media-8172814-e1629187490315.jpg",36,27,false],"ddiqc-language-flag":["https:\/\/digidem-bayern.de\/wp-content\/uploads\/2021\/03\/pexels-kindel-media-8172814-e1629187490315.jpg",36,27,false],"ddtl-language-flag":["https:\/\/digidem-bayern.de\/wp-content\/uploads\/2021\/03\/pexels-kindel-media-8172814-e1629187490315.jpg",36,27,false],"mailpoet_newsletter_max":["https:\/\/digidem-bayern.de\/wp-content\/uploads\/2021\/03\/pexels-kindel-media-8172814-1320x990.jpg",1320,990,true],"kahuna-lpbox-3":["https:\/\/digidem-bayern.de\/wp-content\/uploads\/2021\/03\/pexels-kindel-media-8172814-520x350.jpg",520,350,true],"kahuna-featured-square":["https:\/\/digidem-bayern.de\/wp-content\/uploads\/2021\/03\/pexels-kindel-media-8172814-512x512.jpg",512,512,true],"kahuna-featured-square-large":["https:\/\/digidem-bayern.de\/wp-content\/uploads\/2021\/03\/pexels-kindel-media-8172814-1024x1024.jpg",1024,1024,true]},"uagb_author_info":{"display_name":"Anne Keefer","author_link":"https:\/\/digidem-bayern.de\/en\/author\/ag-webinar\/"},"uagb_comment_info":10,"uagb_excerpt":"Palliativversorgung bei Demenz? Palliativversorgung hei\u00dft Leiden lindern und Lebensqualit\u00e4t verbessern. Dabei beschr\u00e4nkt sich die Palliativversorgung weder auf Krebserkrankungen noch auf den Sterbeprozess. Etwa ab dem mittleren Stadium einer Demenz kann eine palliative Versorgung erforderlich sein. Erst k\u00fcrzlich wurde die \u201eEPYLOGE\u201c-Studie unter der Leitung von Prof. Dr. Janine Diehl-Schmid abgeschlossen. Hierbei &hellip;","_links":{"self":[{"href":"https:\/\/digidem-bayern.de\/en\/wp-json\/wp\/v2\/posts\/13914","targetHints":{"allow":["GET"]}}],"collection":[{"href":"https:\/\/digidem-bayern.de\/en\/wp-json\/wp\/v2\/posts"}],"about":[{"href":"https:\/\/digidem-bayern.de\/en\/wp-json\/wp\/v2\/types\/post"}],"author":[{"embeddable":true,"href":"https:\/\/digidem-bayern.de\/en\/wp-json\/wp\/v2\/users\/7"}],"replies":[{"embeddable":true,"href":"https:\/\/digidem-bayern.de\/en\/wp-json\/wp\/v2\/comments?post=13914"}],"version-history":[{"count":6,"href":"https:\/\/digidem-bayern.de\/en\/wp-json\/wp\/v2\/posts\/13914\/revisions"}],"predecessor-version":[{"id":34513,"href":"https:\/\/digidem-bayern.de\/en\/wp-json\/wp\/v2\/posts\/13914\/revisions\/34513"}],"wp:featuredmedia":[{"embeddable":true,"href":"https:\/\/digidem-bayern.de\/en\/wp-json\/wp\/v2\/media\/13051"}],"wp:attachment":[{"href":"https:\/\/digidem-bayern.de\/en\/wp-json\/wp\/v2\/media?parent=13914"}],"wp:term":[{"taxonomy":"category","embeddable":true,"href":"https:\/\/digidem-bayern.de\/en\/wp-json\/wp\/v2\/categories?post=13914"},{"taxonomy":"post_tag","embeddable":true,"href":"https:\/\/digidem-bayern.de\/en\/wp-json\/wp\/v2\/tags?post=13914"}],"curies":[{"name":"wp","href":"https:\/\/api.w.org\/{rel}","templated":true}]}}