{"id":13340,"date":"2021-07-09T08:51:20","date_gmt":"2021-07-09T06:51:20","guid":{"rendered":"https:\/\/digidem-bayern.de\/?p=13340"},"modified":"2021-07-12T08:32:07","modified_gmt":"2021-07-12T06:32:07","slug":"demenz-und-schmerzen-am-lebensende","status":"publish","type":"post","link":"https:\/\/digidem-bayern.de\/en\/demenz-und-schmerzen-am-lebensende\/","title":{"rendered":"Pflege f\u00fcr Menschen mit Demenz und Schmerzen am Lebensende \u00a0"},"content":{"rendered":"<h4 class=\"wp-block-heading\">Schwierigkeiten bei der Kommunikation, Zweifel bei der Unterscheidung zwischen Schmerzen und Angst sowie Unsicherheiten bei der Verabreichung von Morphin: Diese Herausforderungen machen es Pflegekr\u00e4ften zufolge schwer zu beurteilen, ob Menschen mit Demenz in der letzten Lebensphase unter Schmerzen leiden.<\/h4>\n\n\n\n<p>Die Erfahrungen von Pflegekr\u00e4ften in station\u00e4ren Einrichtungen, die Menschen mit fortgeschrittener Demenz am Lebensende betreuen, stehen im Mittelpunkt einer aktuellen Studie aus Schweden. Emma Lundin und Tove E. Godskesen betonen, dass der Umgang mit Schmerzen bei Menschen mit fortgeschrittener Demenz oft unzureichend sei. So erhielten die Betroffenen weniger Palliativpflege-Behandlungen als Krebspatienten, also Behandlungen, die speziell auf die letzte Lebensphase zugeschnitten sind. Wichtigstes Ziel ist es dann, Beschwerden zu lindern und eine gr\u00f6\u00dftm\u00f6gliche Lebensqualit\u00e4t zu erreichen.<\/p>\n\n\n\n<div class=\"wp-block-image\"><figure class=\"alignright size-medium\"><img loading=\"lazy\" decoding=\"async\" width=\"300\" height=\"225\" src=\"https:\/\/test.digidem-bayern.de\/wp-content\/uploads\/2021\/03\/pexels-kindel-media-8172814-300x225.jpg\" alt=\"H\u00e4nde zweier Menschen umfassen sich.\" class=\"wp-image-13051\"\/><\/figure><\/div>\n\n\n\n<p><strong>Keine spezialisierte Palliativversorgung f\u00fcr Menschen mit Demenz<\/strong><\/p>\n\n\n\n<p>Zwar gibt es in Schweden auch spezialisierte Palliativversorgung f\u00fcr Patient*innen mit besonderen Bed\u00fcrfnissen. Diese wird den Autor*innen zufolge dann von einem erfahrenen Team aus verschiedenen Fachbereichen durchgef\u00fchrt, zum Teil auf separaten Palliativstationen. Menschen mit fortgeschrittener Demenz allerdings erhielten am Lebensende eine allgemeine Palliativversorgung in regul\u00e4ren Pflegeheimen, so die Forscher*innen.<\/p>\n\n\n\n<p><strong>Unsicherheiten beim Einsatz von Opioiden<\/strong><\/p>\n\n\n\n<p>Doch in Pflegeheimen besteht f\u00fcr Menschen mit fortgeschrittener Demenz laut Studien das Risiko, eine unzureichende Schmerz-Behandlung zu erhalten. Zu den Gr\u00fcnden z\u00e4hlen neben Kommunikationsschwierigkeiten auch Unsicherheiten beim Einsatz geeigneter Schmerzbeurteilungs-Instrumente sowie im Umgang mit Opioden. Diese seien in der Regel zwar die erste Wahl zur medikament\u00f6sen Linderung von Schmerzen am Lebensende, h\u00e4tten aber m\u00f6glicherweise f\u00fcr Menschen mit fortgeschrittener Demenz sch\u00e4dliche Nebenwirkungen.<\/p>\n\n\n\n<p>Bislang gibt es den Autor*innen zufolge nur wenige Studien \u00fcber die wichtige Rolle von Pflegekr\u00e4ften in station\u00e4ren Einrichtungen, wenn es darum geht, Schmerzen von Menschen mit fortgeschrittener Demenz am Lebensende einzusch\u00e4tzen. Die Forscher*innen haben daher genau diese Personengruppe befragt, denn sie m\u00fcssen entsprechende Entscheidungen treffen, wenn keine \u00c4rzt*innen vor Ort sind.<\/p>\n\n\n\n<p><strong>Befragungen mit Pflegekr\u00e4ften zwischen Februar und April 2018<\/strong><\/p>\n\n\n\n<p>Dazu f\u00fchrten sie zwischen Februar und April 2018 ausf\u00fchrliche Interviews mit examinierten Pfleger*innen.&nbsp;Aufgrund der hohen Arbeitsbelastung in Pflegeheimen und der Forderung nach umfassender Erfahrung in der Pflege von Menschen mit fortgeschrittener Demenz und Schmerzen am Lebensende war es f\u00fcr die Forscher*innen schwierig, ausreichend Gespr\u00e4chspartner*innen zu finden. 13 Pflegekr\u00e4fte aus 12 Pflegeeinrichtungen in Stockholm, die auf Demenzpflege spezialisiert sind, erkl\u00e4rten sich zu den Interviews bereit. Dabei handelte es sich um zehn Frauen und drei M\u00e4nner, die durchschnittlich zehn Jahre Erfahrung in der Demenzpflege hatten.<\/p>\n\n\n\n<p><strong>Schmerzbeobachtungs-Skalen wurden nur von einigen verwendet<\/strong><\/p>\n\n\n\n<p>Die Aussagen der Pflegekr\u00e4fte konzentrierten sich auf drei Haupt-Bereiche: Sie beschrieben Herausforderungen in der Kommunikation, auf der Beziehungsebene und bei der Organisation.<\/p>\n\n\n\n<p>Da die kommunikativen F\u00e4higkeiten von Menschen mit Demenz sich im Verlauf ihrer Erkrankung zunehmend verschlechtern, f\u00fchlten sich viele Pflegende unsicher bei der Schmerzbeurteilung. Noch schwieriger war es, wenn sie die Betroffenen noch nicht gut kannten und das Verhalten daher schlecht einsch\u00e4tzen konnten. Einige der Pflegekr\u00e4fte verwendeten Instrumente zur Schmerzbeurteilung wie Beobachtungs-Skalen, andere verlie\u00dfen sich stattdessen eher auf ihre Intuition.<\/p>\n\n\n\n<p><strong>Schwierige Unterscheidung zwischen Schmerz und Angst<\/strong><\/p>\n\n\n\n<p>Zudem hatten die Pflegenden h\u00e4ufig Probleme zu unterscheiden, ob die Patient*innen unter Schmerzen litten oder Angst hatten, da sich beides \u00e4hnlich \u00e4u\u00dfern k\u00f6nne. Eine weitere Herausforderung lag in der Abw\u00e4gung von Nutzen und Risiken bei der Morphinverabreichung. Sie fanden es schwierig, die richtige Dosierung zu bestimmen, um einerseits eine ausreichende Schmerzlinderung zu erzielen und andererseits eine Atemdepression zu verhindern, die sich in Kurzatmigkeit und Luftnot \u00e4u\u00dfern kann. Hier spielte auch das Verhalten der Angeh\u00f6rigen eine wichtige Rolle, die den Aussagen zufolge oft unsicher oder sogar \u00e4ngstlich gegen\u00fcber Morphin waren. Die Einstellung der Angeh\u00f6rigen gegen\u00fcber Morphin wurde oft als das komplizierteste Problem in Bezug auf die Schmerzmedikation genannt und verursachte oft Stress.<\/p>\n\n\n\n<p><strong>Unterst\u00fctzung durch die Angeh\u00f6rigen wichtig<\/strong><\/p>\n\n\n\n<p>Insgesamt jedoch sch\u00e4tzten die Pflegekr\u00e4fte die Unterst\u00fctzung durch die Angeh\u00f6rigen.&nbsp;Diese k\u00f6nnten den Umgang mit Schmerzen bei den Betroffenen stark beeinflussen, sowohl durch ihre F\u00e4higkeit, das Schmerzverhalten zu deuten, als auch durch das Hinterfragen der Pflege.<\/p>\n\n\n\n<p><strong>Autor*innen pl\u00e4dieren f\u00fcr den Einsatz spezialisierter Pflegekr\u00e4fte<\/strong><\/p>\n\n\n\n<p>Die Autor*innen halten es f\u00fcr notwendig, in Pflegeheimen spezialisierte Pflegekr\u00e4fte zu besch\u00e4ftigen, die geschult sind, um mit den Herausforderungen der Pflege am Lebensende f\u00fcr Menschen mit fortgeschrittener Demenz und Schmerzen umzugehen. Dar\u00fcber hinaus sollten Ressourcen und Strategien zur Verf\u00fcgung stehen, um Angeh\u00f6rige zu informieren und in den Entscheidungsprozess einzubeziehen, da sie oft nicht mit der Vielzahl von \u00dcberlegungen vertraut sind, die etwa mit Entscheidungen wie der Verabreichung von Morphin verbunden sind.<\/p>\n\n\n\n<p>Hier finden Sie die Studie:<br><a href=\"https:\/\/bmcnurs.biomedcentral.com\/articles\/10.1186\/s12912-021-00566-7\" target=\"_blank\" rel=\"noreferrer noopener\">End-of-life care for people with advanced dementia and pain: a qualitative study in Swedish nursing homes<\/a> (M\u00e4rz 2021)<\/p>\n\n\n\n<p><\/p>","protected":false},"excerpt":{"rendered":"<p>Schwierigkeiten bei der Kommunikation, Zweifel bei der Unterscheidung zwischen Schmerzen und Angst sowie Unsicherheiten bei der Verabreichung von Morphin: Diese Herausforderungen machen es Pflegekr\u00e4ften zufolge schwer zu beurteilen, ob Menschen mit Demenz in der letzten Lebensphase unter Schmerzen leiden. Die Erfahrungen von Pflegekr\u00e4ften in station\u00e4ren Einrichtungen, die Menschen mit fortgeschrittener &hellip;<\/p>","protected":false},"author":11,"featured_media":13051,"comment_status":"open","ping_status":"closed","sticky":false,"template":"","format":"standard","meta":{"qubely_global_settings":"","qubely_interactions":"","_uag_custom_page_level_css":"","footnotes":""},"categories":[5],"tags":[13,12,14,17,55,335,306,336,87,325,326],"class_list":["post-13340","post","type-post","status-publish","format-standard","has-post-thumbnail","hentry","category-wissenschaft-forschung","tag-alzheimer","tag-demenz-2","tag-digidem","tag-digidem-bayern","tag-digitales-demenzregister-bayern","tag-end-of-life","tag-lebensende","tag-letzte-lebensphase","tag-pflege","tag-schmerzen","tag-schmerzerfassung"],"qubely_featured_image_url":{"full":["https:\/\/digidem-bayern.de\/wp-content\/uploads\/2021\/03\/pexels-kindel-media-8172814-e1629187490315.jpg",1137,853,false],"landscape":["https:\/\/digidem-bayern.de\/wp-content\/uploads\/2021\/03\/pexels-kindel-media-8172814-1200x750.jpg",1200,750,true],"portraits":["https:\/\/digidem-bayern.de\/wp-content\/uploads\/2021\/03\/pexels-kindel-media-8172814-540x320.jpg",540,320,true],"thumbnail":["https:\/\/digidem-bayern.de\/wp-content\/uploads\/2021\/03\/pexels-kindel-media-8172814-80x80.jpg",80,80,true],"medium":["https:\/\/digidem-bayern.de\/wp-content\/uploads\/2021\/03\/pexels-kindel-media-8172814-300x225.jpg",300,225,true],"medium_large":["https:\/\/digidem-bayern.de\/wp-content\/uploads\/2021\/03\/pexels-kindel-media-8172814-768x576.jpg",768,576,true],"large":["https:\/\/digidem-bayern.de\/wp-content\/uploads\/2021\/03\/pexels-kindel-media-8172814-1030x773.jpg",1030,773,true],"1536x1536":["https:\/\/digidem-bayern.de\/wp-content\/uploads\/2021\/03\/pexels-kindel-media-8172814-1536x1152.jpg",1536,1152,true],"2048x2048":["https:\/\/digidem-bayern.de\/wp-content\/uploads\/2021\/03\/pexels-kindel-media-8172814-2048x1536.jpg",2048,1536,true],"trp-custom-language-flag":["https:\/\/digidem-bayern.de\/wp-content\/uploads\/2021\/03\/pexels-kindel-media-8172814-e1629187490315.jpg",16,12,false],"qubely_landscape":["https:\/\/digidem-bayern.de\/wp-content\/uploads\/2021\/03\/pexels-kindel-media-8172814-1200x750.jpg",1200,750,true],"qubely_portrait":["https:\/\/digidem-bayern.de\/wp-content\/uploads\/2021\/03\/pexels-kindel-media-8172814-540x320.jpg",540,320,true],"qubely_thumbnail":["https:\/\/digidem-bayern.de\/wp-content\/uploads\/2021\/03\/pexels-kindel-media-8172814-140x100.jpg",140,100,true],"post-thumbnail":["https:\/\/digidem-bayern.de\/wp-content\/uploads\/2021\/03\/pexels-kindel-media-8172814-467x350.jpg",467,350,true],"kahuna-featured":["https:\/\/digidem-bayern.de\/wp-content\/uploads\/2021\/03\/pexels-kindel-media-8172814-734x350.jpg",734,350,true],"kahuna-featured-lp":["https:\/\/digidem-bayern.de\/wp-content\/uploads\/2021\/03\/pexels-kindel-media-8172814-520x350.jpg",520,350,true],"kahuna-featured-half":["https:\/\/digidem-bayern.de\/wp-content\/uploads\/2021\/03\/pexels-kindel-media-8172814-800x350.jpg",800,350,true],"kahuna-featured-third":["https:\/\/digidem-bayern.de\/wp-content\/uploads\/2021\/03\/pexels-kindel-media-8172814-512x350.jpg",512,350,true],"kahuna-lpbox-1":["https:\/\/digidem-bayern.de\/wp-content\/uploads\/2021\/03\/pexels-kindel-media-8172814-520x350.jpg",446,300,true],"kahuna-lpbox-2":["https:\/\/digidem-bayern.de\/wp-content\/uploads\/2021\/03\/pexels-kindel-media-8172814-520x350.jpg",520,350,true],"demand-language-flag":["https:\/\/digidem-bayern.de\/wp-content\/uploads\/2021\/03\/pexels-kindel-media-8172814-e1629187490315.jpg",36,27,false],"dddkt-language-flag":["https:\/\/digidem-bayern.de\/wp-content\/uploads\/2021\/03\/pexels-kindel-media-8172814-e1629187490315.jpg",36,27,false],"ddiqc-language-flag":["https:\/\/digidem-bayern.de\/wp-content\/uploads\/2021\/03\/pexels-kindel-media-8172814-e1629187490315.jpg",36,27,false],"ddtl-language-flag":["https:\/\/digidem-bayern.de\/wp-content\/uploads\/2021\/03\/pexels-kindel-media-8172814-e1629187490315.jpg",36,27,false],"mailpoet_newsletter_max":["https:\/\/digidem-bayern.de\/wp-content\/uploads\/2021\/03\/pexels-kindel-media-8172814-1320x990.jpg",1320,990,true],"kahuna-lpbox-3":["https:\/\/digidem-bayern.de\/wp-content\/uploads\/2021\/03\/pexels-kindel-media-8172814-520x350.jpg",520,350,true],"kahuna-featured-square":["https:\/\/digidem-bayern.de\/wp-content\/uploads\/2021\/03\/pexels-kindel-media-8172814-512x512.jpg",512,512,true],"kahuna-featured-square-large":["https:\/\/digidem-bayern.de\/wp-content\/uploads\/2021\/03\/pexels-kindel-media-8172814-1024x1024.jpg",1024,1024,true]},"qubely_author":{"display_name":"Michael Zeiler","author_link":"https:\/\/digidem-bayern.de\/en\/author\/michael-zeiler\/"},"qubely_comment":4,"qubely_category":"<a href=\"https:\/\/digidem-bayern.de\/en\/category\/wissenschaft-forschung\/\" rel=\"category tag\">Wissenschaft &amp; Forschung<\/a>","qubely_excerpt":"Schwierigkeiten bei der Kommunikation, Zweifel bei der Unterscheidung zwischen Schmerzen und Angst sowie Unsicherheiten bei der Verabreichung von Morphin: Diese Herausforderungen machen es Pflegekr\u00e4ften zufolge schwer zu beurteilen, ob Menschen mit Demenz in der letzten Lebensphase unter Schmerzen leiden. Die Erfahrungen von Pflegekr\u00e4ften in station\u00e4ren Einrichtungen, die Menschen mit fortgeschrittener &hellip;","featured_image_urls_v2":{"full":["https:\/\/digidem-bayern.de\/wp-content\/uploads\/2021\/03\/pexels-kindel-media-8172814-e1629187490315.jpg",1137,853,false],"thumbnail":["https:\/\/digidem-bayern.de\/wp-content\/uploads\/2021\/03\/pexels-kindel-media-8172814-80x80.jpg",80,80,true],"medium":["https:\/\/digidem-bayern.de\/wp-content\/uploads\/2021\/03\/pexels-kindel-media-8172814-300x225.jpg",300,225,true],"medium_large":["https:\/\/digidem-bayern.de\/wp-content\/uploads\/2021\/03\/pexels-kindel-media-8172814-768x576.jpg",768,576,true],"large":["https:\/\/digidem-bayern.de\/wp-content\/uploads\/2021\/03\/pexels-kindel-media-8172814-1030x773.jpg",1030,773,true],"1536x1536":["https:\/\/digidem-bayern.de\/wp-content\/uploads\/2021\/03\/pexels-kindel-media-8172814-1536x1152.jpg",1536,1152,true],"2048x2048":["https:\/\/digidem-bayern.de\/wp-content\/uploads\/2021\/03\/pexels-kindel-media-8172814-2048x1536.jpg",2048,1536,true],"trp-custom-language-flag":["https:\/\/digidem-bayern.de\/wp-content\/uploads\/2021\/03\/pexels-kindel-media-8172814-e1629187490315.jpg",16,12,false],"qubely_landscape":["https:\/\/digidem-bayern.de\/wp-content\/uploads\/2021\/03\/pexels-kindel-media-8172814-1200x750.jpg",1200,750,true],"qubely_portrait":["https:\/\/digidem-bayern.de\/wp-content\/uploads\/2021\/03\/pexels-kindel-media-8172814-540x320.jpg",540,320,true],"qubely_thumbnail":["https:\/\/digidem-bayern.de\/wp-content\/uploads\/2021\/03\/pexels-kindel-media-8172814-140x100.jpg",140,100,true],"post-thumbnail":["https:\/\/digidem-bayern.de\/wp-content\/uploads\/2021\/03\/pexels-kindel-media-8172814-467x350.jpg",467,350,true],"kahuna-featured":["https:\/\/digidem-bayern.de\/wp-content\/uploads\/2021\/03\/pexels-kindel-media-8172814-734x350.jpg",734,350,true],"kahuna-featured-lp":["https:\/\/digidem-bayern.de\/wp-content\/uploads\/2021\/03\/pexels-kindel-media-8172814-520x350.jpg",520,350,true],"kahuna-featured-half":["https:\/\/digidem-bayern.de\/wp-content\/uploads\/2021\/03\/pexels-kindel-media-8172814-800x350.jpg",800,350,true],"kahuna-featured-third":["https:\/\/digidem-bayern.de\/wp-content\/uploads\/2021\/03\/pexels-kindel-media-8172814-512x350.jpg",512,350,true],"kahuna-lpbox-1":["https:\/\/digidem-bayern.de\/wp-content\/uploads\/2021\/03\/pexels-kindel-media-8172814-520x350.jpg",446,300,true],"kahuna-lpbox-2":["https:\/\/digidem-bayern.de\/wp-content\/uploads\/2021\/03\/pexels-kindel-media-8172814-520x350.jpg",520,350,true],"demand-language-flag":["https:\/\/digidem-bayern.de\/wp-content\/uploads\/2021\/03\/pexels-kindel-media-8172814-e1629187490315.jpg",36,27,false],"dddkt-language-flag":["https:\/\/digidem-bayern.de\/wp-content\/uploads\/2021\/03\/pexels-kindel-media-8172814-e1629187490315.jpg",36,27,false],"ddiqc-language-flag":["https:\/\/digidem-bayern.de\/wp-content\/uploads\/2021\/03\/pexels-kindel-media-8172814-e1629187490315.jpg",36,27,false],"ddtl-language-flag":["https:\/\/digidem-bayern.de\/wp-content\/uploads\/2021\/03\/pexels-kindel-media-8172814-e1629187490315.jpg",36,27,false],"mailpoet_newsletter_max":["https:\/\/digidem-bayern.de\/wp-content\/uploads\/2021\/03\/pexels-kindel-media-8172814-1320x990.jpg",1320,990,true],"kahuna-lpbox-3":["https:\/\/digidem-bayern.de\/wp-content\/uploads\/2021\/03\/pexels-kindel-media-8172814-520x350.jpg",520,350,true],"kahuna-featured-square":["https:\/\/digidem-bayern.de\/wp-content\/uploads\/2021\/03\/pexels-kindel-media-8172814-512x512.jpg",512,512,true],"kahuna-featured-square-large":["https:\/\/digidem-bayern.de\/wp-content\/uploads\/2021\/03\/pexels-kindel-media-8172814-1024x1024.jpg",1024,1024,true]},"post_excerpt_stackable_v2":"<p>Schwierigkeiten bei der Kommunikation, Zweifel bei der Unterscheidung zwischen Schmerzen und Angst sowie Unsicherheiten bei der Verabreichung von Morphin: Diese Herausforderungen machen es Pflegekr\u00e4ften zufolge schwer zu beurteilen, ob Menschen mit Demenz in der letzten Lebensphase unter Schmerzen leiden. Die Erfahrungen von Pflegekr\u00e4ften in station\u00e4ren Einrichtungen, die Menschen mit fortgeschrittener Demenz am Lebensende betreuen, stehen im Mittelpunkt einer aktuellen Studie aus Schweden. Emma Lundin und Tove E. Godskesen betonen, dass der Umgang mit Schmerzen bei Menschen mit fortgeschrittener Demenz oft unzureichend sei. So erhielten die Betroffenen weniger Palliativpflege-Behandlungen als Krebspatienten, also Behandlungen, die speziell auf die letzte Lebensphase zugeschnitten sind.&hellip;<\/p>\n","category_list_v2":"<a href=\"https:\/\/digidem-bayern.de\/en\/category\/wissenschaft-forschung\/\" rel=\"category tag\">Wissenschaft &amp; Forschung<\/a>","author_info_v2":{"name":"Michael Zeiler","url":"https:\/\/digidem-bayern.de\/en\/author\/michael-zeiler\/"},"comments_num_v2":"1 comment","yoast_head":"<!-- This site is optimized with the Yoast SEO plugin v27.5 - https:\/\/yoast.com\/product\/yoast-seo-wordpress\/ -->\n<title>Pflege f\u00fcr Menschen mit Demenz und Schmerzen am Lebensende \u00a0 - digiDEM Bayern<\/title>\n<meta name=\"description\" content=\"Forscher haben untersucht, wie Pflegekr\u00e4fte mit Schmerzen von Menschen mit fortgeschrittener Demenz am Lebensende umgehen.\" \/>\n<meta name=\"robots\" content=\"index, follow, max-snippet:-1, max-image-preview:large, max-video-preview:-1\" \/>\n<link rel=\"canonical\" href=\"https:\/\/digidem-bayern.de\/en\/demenz-und-schmerzen-am-lebensende\/\" \/>\n<meta property=\"og:locale\" content=\"en_US\" \/>\n<meta property=\"og:type\" content=\"article\" \/>\n<meta property=\"og:title\" content=\"Pflege f\u00fcr Menschen mit Demenz und Schmerzen am Lebensende \u00a0 - digiDEM Bayern\" \/>\n<meta property=\"og:description\" content=\"Forscher haben untersucht, wie Pflegekr\u00e4fte mit Schmerzen von Menschen mit fortgeschrittener Demenz am Lebensende umgehen.\" \/>\n<meta property=\"og:url\" content=\"https:\/\/digidem-bayern.de\/en\/demenz-und-schmerzen-am-lebensende\/\" \/>\n<meta property=\"og:site_name\" content=\"digiDEM Bayern\" \/>\n<meta property=\"article:publisher\" content=\"https:\/\/www.facebook.com\/digiDEMBayern\/\" \/>\n<meta property=\"article:published_time\" content=\"2021-07-09T06:51:20+00:00\" \/>\n<meta property=\"article:modified_time\" content=\"2021-07-12T06:32:07+00:00\" \/>\n<meta property=\"og:image\" content=\"https:\/\/digidem-bayern.de\/wp-content\/uploads\/2021\/03\/pexels-kindel-media-8172814-e1629187490315.jpg\" \/>\n\t<meta property=\"og:image:width\" content=\"1137\" \/>\n\t<meta property=\"og:image:height\" content=\"853\" \/>\n\t<meta property=\"og:image:type\" content=\"image\/jpeg\" \/>\n<meta name=\"author\" content=\"Michael Zeiler\" \/>\n<meta name=\"twitter:label1\" content=\"Written by\" \/>\n\t<meta name=\"twitter:data1\" content=\"Michael Zeiler\" \/>\n\t<meta name=\"twitter:label2\" content=\"Est. reading time\" \/>\n\t<meta name=\"twitter:data2\" content=\"4 minutes\" \/>\n<script type=\"application\/ld+json\" class=\"yoast-schema-graph\">{\"@context\":\"https:\\\/\\\/schema.org\",\"@graph\":[{\"@type\":\"Article\",\"@id\":\"https:\\\/\\\/digidem-bayern.de\\\/demenz-und-schmerzen-am-lebensende\\\/#article\",\"isPartOf\":{\"@id\":\"https:\\\/\\\/digidem-bayern.de\\\/demenz-und-schmerzen-am-lebensende\\\/\"},\"author\":{\"name\":\"Michael Zeiler\",\"@id\":\"\\\/#\\\/schema\\\/person\\\/92754ad381f49b3c358d1d8d2c4f90b8\"},\"headline\":\"Pflege f\u00fcr Menschen mit Demenz und Schmerzen am Lebensende \u00a0\",\"datePublished\":\"2021-07-09T06:51:20+00:00\",\"dateModified\":\"2021-07-12T06:32:07+00:00\",\"mainEntityOfPage\":{\"@id\":\"https:\\\/\\\/digidem-bayern.de\\\/demenz-und-schmerzen-am-lebensende\\\/\"},\"wordCount\":809,\"commentCount\":1,\"publisher\":{\"@id\":\"\\\/#organization\"},\"image\":{\"@id\":\"https:\\\/\\\/digidem-bayern.de\\\/demenz-und-schmerzen-am-lebensende\\\/#primaryimage\"},\"thumbnailUrl\":\"https:\\\/\\\/digidem-bayern.de\\\/wp-content\\\/uploads\\\/2021\\\/03\\\/pexels-kindel-media-8172814-e1629187490315.jpg\",\"keywords\":[\"Alzheimer\",\"Demenz\",\"digidem\",\"digidem Bayern\",\"Digitales Demenzregister Bayern\",\"end of life\",\"Lebensende\",\"letzte Lebensphase\",\"Pflege\",\"Schmerzen\",\"Schmerzerfassung\"],\"articleSection\":[\"Wissenschaft &amp; Forschung\"],\"inLanguage\":\"en-US\",\"potentialAction\":[{\"@type\":\"CommentAction\",\"name\":\"Comment\",\"target\":[\"https:\\\/\\\/digidem-bayern.de\\\/demenz-und-schmerzen-am-lebensende\\\/#respond\"]}]},{\"@type\":\"WebPage\",\"@id\":\"https:\\\/\\\/digidem-bayern.de\\\/demenz-und-schmerzen-am-lebensende\\\/\",\"url\":\"https:\\\/\\\/digidem-bayern.de\\\/demenz-und-schmerzen-am-lebensende\\\/\",\"name\":\"Pflege f\u00fcr Menschen mit Demenz und Schmerzen am Lebensende \u00a0 - digiDEM Bayern\",\"isPartOf\":{\"@id\":\"\\\/#website\"},\"primaryImageOfPage\":{\"@id\":\"https:\\\/\\\/digidem-bayern.de\\\/demenz-und-schmerzen-am-lebensende\\\/#primaryimage\"},\"image\":{\"@id\":\"https:\\\/\\\/digidem-bayern.de\\\/demenz-und-schmerzen-am-lebensende\\\/#primaryimage\"},\"thumbnailUrl\":\"https:\\\/\\\/digidem-bayern.de\\\/wp-content\\\/uploads\\\/2021\\\/03\\\/pexels-kindel-media-8172814-e1629187490315.jpg\",\"datePublished\":\"2021-07-09T06:51:20+00:00\",\"dateModified\":\"2021-07-12T06:32:07+00:00\",\"description\":\"Forscher haben untersucht, wie Pflegekr\u00e4fte mit Schmerzen von Menschen mit fortgeschrittener Demenz am Lebensende umgehen.\",\"breadcrumb\":{\"@id\":\"https:\\\/\\\/digidem-bayern.de\\\/demenz-und-schmerzen-am-lebensende\\\/#breadcrumb\"},\"inLanguage\":\"en-US\",\"potentialAction\":[{\"@type\":\"ReadAction\",\"target\":[\"https:\\\/\\\/digidem-bayern.de\\\/demenz-und-schmerzen-am-lebensende\\\/\"]}]},{\"@type\":\"ImageObject\",\"inLanguage\":\"en-US\",\"@id\":\"https:\\\/\\\/digidem-bayern.de\\\/demenz-und-schmerzen-am-lebensende\\\/#primaryimage\",\"url\":\"https:\\\/\\\/digidem-bayern.de\\\/wp-content\\\/uploads\\\/2021\\\/03\\\/pexels-kindel-media-8172814-e1629187490315.jpg\",\"contentUrl\":\"https:\\\/\\\/digidem-bayern.de\\\/wp-content\\\/uploads\\\/2021\\\/03\\\/pexels-kindel-media-8172814-e1629187490315.jpg\",\"width\":1137,\"height\":853},{\"@type\":\"BreadcrumbList\",\"@id\":\"https:\\\/\\\/digidem-bayern.de\\\/demenz-und-schmerzen-am-lebensende\\\/#breadcrumb\",\"itemListElement\":[{\"@type\":\"ListItem\",\"position\":1,\"name\":\"Startseite\",\"item\":\"https:\\\/\\\/digidem-bayern.de\\\/\"},{\"@type\":\"ListItem\",\"position\":2,\"name\":\"Pflege f\u00fcr Menschen mit Demenz und Schmerzen am Lebensende \u00a0\"}]},{\"@type\":\"WebSite\",\"@id\":\"\\\/#website\",\"url\":\"\\\/\",\"name\":\"digiDEM Bayern\",\"description\":\"Das digitale Demenzregister Bayern erforscht und verbessert die Angebotsstuktur f\u00fcr Menschen mit Demenz und deren Angeh\u00f6rige\",\"publisher\":{\"@id\":\"\\\/#organization\"},\"potentialAction\":[{\"@type\":\"SearchAction\",\"target\":{\"@type\":\"EntryPoint\",\"urlTemplate\":\"\\\/?s={search_term_string}\"},\"query-input\":{\"@type\":\"PropertyValueSpecification\",\"valueRequired\":true,\"valueName\":\"search_term_string\"}}],\"inLanguage\":\"en-US\"},{\"@type\":\"Organization\",\"@id\":\"\\\/#organization\",\"name\":\"digiDEM Bayern\",\"url\":\"\\\/\",\"logo\":{\"@type\":\"ImageObject\",\"inLanguage\":\"en-US\",\"@id\":\"\\\/#\\\/schema\\\/logo\\\/image\\\/\",\"url\":\"https:\\\/\\\/digidem-bayern.de\\\/wp-content\\\/uploads\\\/2022\\\/03\\\/cropped-Allgemeines_digiDEMLOGO-removebg-preview.png\",\"contentUrl\":\"https:\\\/\\\/digidem-bayern.de\\\/wp-content\\\/uploads\\\/2022\\\/03\\\/cropped-Allgemeines_digiDEMLOGO-removebg-preview.png\",\"width\":612,\"height\":357,\"caption\":\"digiDEM Bayern\"},\"image\":{\"@id\":\"\\\/#\\\/schema\\\/logo\\\/image\\\/\"},\"sameAs\":[\"https:\\\/\\\/www.facebook.com\\\/digiDEMBayern\\\/\",\"https:\\\/\\\/x.com\\\/digidem_bayern\",\"https:\\\/\\\/www.instagram.com\\\/digidem.bayern\",\"https:\\\/\\\/www.linkedin.com\\\/company\\\/digidem-bayern\\\/\"]},{\"@type\":\"Person\",\"@id\":\"\\\/#\\\/schema\\\/person\\\/92754ad381f49b3c358d1d8d2c4f90b8\",\"name\":\"Michael Zeiler\",\"url\":\"https:\\\/\\\/digidem-bayern.de\\\/en\\\/author\\\/michael-zeiler\\\/\"}]}<\/script>\n<!-- \/ Yoast SEO plugin. -->","yoast_head_json":{"title":"Pflege f\u00fcr Menschen mit Demenz und Schmerzen am Lebensende \u00a0 - digiDEM Bayern","description":"Forscher haben untersucht, wie Pflegekr\u00e4fte mit Schmerzen von Menschen mit fortgeschrittener Demenz am Lebensende umgehen.","robots":{"index":"index","follow":"follow","max-snippet":"max-snippet:-1","max-image-preview":"max-image-preview:large","max-video-preview":"max-video-preview:-1"},"canonical":"https:\/\/digidem-bayern.de\/en\/demenz-und-schmerzen-am-lebensende\/","og_locale":"en_US","og_type":"article","og_title":"Pflege f\u00fcr Menschen mit Demenz und Schmerzen am Lebensende \u00a0 - digiDEM Bayern","og_description":"Forscher haben untersucht, wie Pflegekr\u00e4fte mit Schmerzen von Menschen mit fortgeschrittener Demenz am Lebensende umgehen.","og_url":"https:\/\/digidem-bayern.de\/en\/demenz-und-schmerzen-am-lebensende\/","og_site_name":"digiDEM Bayern","article_publisher":"https:\/\/www.facebook.com\/digiDEMBayern\/","article_published_time":"2021-07-09T06:51:20+00:00","article_modified_time":"2021-07-12T06:32:07+00:00","og_image":[{"width":1137,"height":853,"url":"https:\/\/digidem-bayern.de\/wp-content\/uploads\/2021\/03\/pexels-kindel-media-8172814-e1629187490315.jpg","type":"image\/jpeg"}],"author":"Michael Zeiler","twitter_misc":{"Written by":"Michael Zeiler","Est. reading time":"4 minutes"},"schema":{"@context":"https:\/\/schema.org","@graph":[{"@type":"Article","@id":"https:\/\/digidem-bayern.de\/demenz-und-schmerzen-am-lebensende\/#article","isPartOf":{"@id":"https:\/\/digidem-bayern.de\/demenz-und-schmerzen-am-lebensende\/"},"author":{"name":"Michael Zeiler","@id":"\/#\/schema\/person\/92754ad381f49b3c358d1d8d2c4f90b8"},"headline":"Pflege f\u00fcr Menschen mit Demenz und Schmerzen am Lebensende \u00a0","datePublished":"2021-07-09T06:51:20+00:00","dateModified":"2021-07-12T06:32:07+00:00","mainEntityOfPage":{"@id":"https:\/\/digidem-bayern.de\/demenz-und-schmerzen-am-lebensende\/"},"wordCount":809,"commentCount":1,"publisher":{"@id":"\/#organization"},"image":{"@id":"https:\/\/digidem-bayern.de\/demenz-und-schmerzen-am-lebensende\/#primaryimage"},"thumbnailUrl":"https:\/\/digidem-bayern.de\/wp-content\/uploads\/2021\/03\/pexels-kindel-media-8172814-e1629187490315.jpg","keywords":["Alzheimer","Demenz","digidem","digidem Bayern","Digitales Demenzregister Bayern","end of life","Lebensende","letzte Lebensphase","Pflege","Schmerzen","Schmerzerfassung"],"articleSection":["Wissenschaft &amp; Forschung"],"inLanguage":"en-US","potentialAction":[{"@type":"CommentAction","name":"Comment","target":["https:\/\/digidem-bayern.de\/demenz-und-schmerzen-am-lebensende\/#respond"]}]},{"@type":"WebPage","@id":"https:\/\/digidem-bayern.de\/demenz-und-schmerzen-am-lebensende\/","url":"https:\/\/digidem-bayern.de\/demenz-und-schmerzen-am-lebensende\/","name":"Pflege f\u00fcr Menschen mit Demenz und Schmerzen am Lebensende \u00a0 - digiDEM Bayern","isPartOf":{"@id":"\/#website"},"primaryImageOfPage":{"@id":"https:\/\/digidem-bayern.de\/demenz-und-schmerzen-am-lebensende\/#primaryimage"},"image":{"@id":"https:\/\/digidem-bayern.de\/demenz-und-schmerzen-am-lebensende\/#primaryimage"},"thumbnailUrl":"https:\/\/digidem-bayern.de\/wp-content\/uploads\/2021\/03\/pexels-kindel-media-8172814-e1629187490315.jpg","datePublished":"2021-07-09T06:51:20+00:00","dateModified":"2021-07-12T06:32:07+00:00","description":"Forscher haben untersucht, wie Pflegekr\u00e4fte mit Schmerzen von Menschen mit fortgeschrittener Demenz am Lebensende umgehen.","breadcrumb":{"@id":"https:\/\/digidem-bayern.de\/demenz-und-schmerzen-am-lebensende\/#breadcrumb"},"inLanguage":"en-US","potentialAction":[{"@type":"ReadAction","target":["https:\/\/digidem-bayern.de\/demenz-und-schmerzen-am-lebensende\/"]}]},{"@type":"ImageObject","inLanguage":"en-US","@id":"https:\/\/digidem-bayern.de\/demenz-und-schmerzen-am-lebensende\/#primaryimage","url":"https:\/\/digidem-bayern.de\/wp-content\/uploads\/2021\/03\/pexels-kindel-media-8172814-e1629187490315.jpg","contentUrl":"https:\/\/digidem-bayern.de\/wp-content\/uploads\/2021\/03\/pexels-kindel-media-8172814-e1629187490315.jpg","width":1137,"height":853},{"@type":"BreadcrumbList","@id":"https:\/\/digidem-bayern.de\/demenz-und-schmerzen-am-lebensende\/#breadcrumb","itemListElement":[{"@type":"ListItem","position":1,"name":"Startseite","item":"https:\/\/digidem-bayern.de\/"},{"@type":"ListItem","position":2,"name":"Pflege f\u00fcr Menschen mit Demenz und Schmerzen am Lebensende \u00a0"}]},{"@type":"WebSite","@id":"\/#website","url":"\/","name":"digiDEM Bavaria","description":"The digital dementia register in Bavaria researches and improves the structure of services for people with dementia and their relatives","publisher":{"@id":"\/#organization"},"potentialAction":[{"@type":"SearchAction","target":{"@type":"EntryPoint","urlTemplate":"\/?s={search_term_string}"},"query-input":{"@type":"PropertyValueSpecification","valueRequired":true,"valueName":"search_term_string"}}],"inLanguage":"en-US"},{"@type":"Organization","@id":"\/#organization","name":"digiDEM Bavaria","url":"\/","logo":{"@type":"ImageObject","inLanguage":"en-US","@id":"\/#\/schema\/logo\/image\/","url":"https:\/\/digidem-bayern.de\/wp-content\/uploads\/2022\/03\/cropped-Allgemeines_digiDEMLOGO-removebg-preview.png","contentUrl":"https:\/\/digidem-bayern.de\/wp-content\/uploads\/2022\/03\/cropped-Allgemeines_digiDEMLOGO-removebg-preview.png","width":612,"height":357,"caption":"digiDEM Bayern"},"image":{"@id":"\/#\/schema\/logo\/image\/"},"sameAs":["https:\/\/www.facebook.com\/digiDEMBayern\/","https:\/\/x.com\/digidem_bayern","https:\/\/www.instagram.com\/digidem.bayern","https:\/\/www.linkedin.com\/company\/digidem-bayern\/"]},{"@type":"Person","@id":"\/#\/schema\/person\/92754ad381f49b3c358d1d8d2c4f90b8","name":"Michael Zeiler","url":"https:\/\/digidem-bayern.de\/en\/author\/michael-zeiler\/"}]}},"uagb_featured_image_src":{"full":["https:\/\/digidem-bayern.de\/wp-content\/uploads\/2021\/03\/pexels-kindel-media-8172814-e1629187490315.jpg",1137,853,false],"thumbnail":["https:\/\/digidem-bayern.de\/wp-content\/uploads\/2021\/03\/pexels-kindel-media-8172814-80x80.jpg",80,80,true],"medium":["https:\/\/digidem-bayern.de\/wp-content\/uploads\/2021\/03\/pexels-kindel-media-8172814-300x225.jpg",300,225,true],"medium_large":["https:\/\/digidem-bayern.de\/wp-content\/uploads\/2021\/03\/pexels-kindel-media-8172814-768x576.jpg",768,576,true],"large":["https:\/\/digidem-bayern.de\/wp-content\/uploads\/2021\/03\/pexels-kindel-media-8172814-1030x773.jpg",1030,773,true],"1536x1536":["https:\/\/digidem-bayern.de\/wp-content\/uploads\/2021\/03\/pexels-kindel-media-8172814-1536x1152.jpg",1536,1152,true],"2048x2048":["https:\/\/digidem-bayern.de\/wp-content\/uploads\/2021\/03\/pexels-kindel-media-8172814-2048x1536.jpg",2048,1536,true],"trp-custom-language-flag":["https:\/\/digidem-bayern.de\/wp-content\/uploads\/2021\/03\/pexels-kindel-media-8172814-e1629187490315.jpg",16,12,false],"qubely_landscape":["https:\/\/digidem-bayern.de\/wp-content\/uploads\/2021\/03\/pexels-kindel-media-8172814-1200x750.jpg",1200,750,true],"qubely_portrait":["https:\/\/digidem-bayern.de\/wp-content\/uploads\/2021\/03\/pexels-kindel-media-8172814-540x320.jpg",540,320,true],"qubely_thumbnail":["https:\/\/digidem-bayern.de\/wp-content\/uploads\/2021\/03\/pexels-kindel-media-8172814-140x100.jpg",140,100,true],"post-thumbnail":["https:\/\/digidem-bayern.de\/wp-content\/uploads\/2021\/03\/pexels-kindel-media-8172814-467x350.jpg",467,350,true],"kahuna-featured":["https:\/\/digidem-bayern.de\/wp-content\/uploads\/2021\/03\/pexels-kindel-media-8172814-734x350.jpg",734,350,true],"kahuna-featured-lp":["https:\/\/digidem-bayern.de\/wp-content\/uploads\/2021\/03\/pexels-kindel-media-8172814-520x350.jpg",520,350,true],"kahuna-featured-half":["https:\/\/digidem-bayern.de\/wp-content\/uploads\/2021\/03\/pexels-kindel-media-8172814-800x350.jpg",800,350,true],"kahuna-featured-third":["https:\/\/digidem-bayern.de\/wp-content\/uploads\/2021\/03\/pexels-kindel-media-8172814-512x350.jpg",512,350,true],"kahuna-lpbox-1":["https:\/\/digidem-bayern.de\/wp-content\/uploads\/2021\/03\/pexels-kindel-media-8172814-520x350.jpg",446,300,true],"kahuna-lpbox-2":["https:\/\/digidem-bayern.de\/wp-content\/uploads\/2021\/03\/pexels-kindel-media-8172814-520x350.jpg",520,350,true],"demand-language-flag":["https:\/\/digidem-bayern.de\/wp-content\/uploads\/2021\/03\/pexels-kindel-media-8172814-e1629187490315.jpg",36,27,false],"dddkt-language-flag":["https:\/\/digidem-bayern.de\/wp-content\/uploads\/2021\/03\/pexels-kindel-media-8172814-e1629187490315.jpg",36,27,false],"ddiqc-language-flag":["https:\/\/digidem-bayern.de\/wp-content\/uploads\/2021\/03\/pexels-kindel-media-8172814-e1629187490315.jpg",36,27,false],"ddtl-language-flag":["https:\/\/digidem-bayern.de\/wp-content\/uploads\/2021\/03\/pexels-kindel-media-8172814-e1629187490315.jpg",36,27,false],"mailpoet_newsletter_max":["https:\/\/digidem-bayern.de\/wp-content\/uploads\/2021\/03\/pexels-kindel-media-8172814-1320x990.jpg",1320,990,true],"kahuna-lpbox-3":["https:\/\/digidem-bayern.de\/wp-content\/uploads\/2021\/03\/pexels-kindel-media-8172814-520x350.jpg",520,350,true],"kahuna-featured-square":["https:\/\/digidem-bayern.de\/wp-content\/uploads\/2021\/03\/pexels-kindel-media-8172814-512x512.jpg",512,512,true],"kahuna-featured-square-large":["https:\/\/digidem-bayern.de\/wp-content\/uploads\/2021\/03\/pexels-kindel-media-8172814-1024x1024.jpg",1024,1024,true]},"uagb_author_info":{"display_name":"Michael Zeiler","author_link":"https:\/\/digidem-bayern.de\/en\/author\/michael-zeiler\/"},"uagb_comment_info":4,"uagb_excerpt":"Schwierigkeiten bei der Kommunikation, Zweifel bei der Unterscheidung zwischen Schmerzen und Angst sowie Unsicherheiten bei der Verabreichung von Morphin: Diese Herausforderungen machen es Pflegekr\u00e4ften zufolge schwer zu beurteilen, ob Menschen mit Demenz in der letzten Lebensphase unter Schmerzen leiden. Die Erfahrungen von Pflegekr\u00e4ften in station\u00e4ren Einrichtungen, die Menschen mit fortgeschrittener &hellip;","_links":{"self":[{"href":"https:\/\/digidem-bayern.de\/en\/wp-json\/wp\/v2\/posts\/13340","targetHints":{"allow":["GET"]}}],"collection":[{"href":"https:\/\/digidem-bayern.de\/en\/wp-json\/wp\/v2\/posts"}],"about":[{"href":"https:\/\/digidem-bayern.de\/en\/wp-json\/wp\/v2\/types\/post"}],"author":[{"embeddable":true,"href":"https:\/\/digidem-bayern.de\/en\/wp-json\/wp\/v2\/users\/11"}],"replies":[{"embeddable":true,"href":"https:\/\/digidem-bayern.de\/en\/wp-json\/wp\/v2\/comments?post=13340"}],"version-history":[{"count":6,"href":"https:\/\/digidem-bayern.de\/en\/wp-json\/wp\/v2\/posts\/13340\/revisions"}],"predecessor-version":[{"id":13368,"href":"https:\/\/digidem-bayern.de\/en\/wp-json\/wp\/v2\/posts\/13340\/revisions\/13368"}],"wp:featuredmedia":[{"embeddable":true,"href":"https:\/\/digidem-bayern.de\/en\/wp-json\/wp\/v2\/media\/13051"}],"wp:attachment":[{"href":"https:\/\/digidem-bayern.de\/en\/wp-json\/wp\/v2\/media?parent=13340"}],"wp:term":[{"taxonomy":"category","embeddable":true,"href":"https:\/\/digidem-bayern.de\/en\/wp-json\/wp\/v2\/categories?post=13340"},{"taxonomy":"post_tag","embeddable":true,"href":"https:\/\/digidem-bayern.de\/en\/wp-json\/wp\/v2\/tags?post=13340"}],"curies":[{"name":"wp","href":"https:\/\/api.w.org\/{rel}","templated":true}]}}