{"id":13166,"date":"2021-04-28T11:37:00","date_gmt":"2021-04-28T09:37:00","guid":{"rendered":"https:\/\/digidem-bayern.de\/?p=13166"},"modified":"2022-04-06T16:38:44","modified_gmt":"2022-04-06T14:38:44","slug":"einladung-veranstaltung-digidem-und-medinischer-dienst-bayern","status":"publish","type":"post","link":"https:\/\/digidem-bayern.de\/en\/einladung-veranstaltung-digidem-und-medinischer-dienst-bayern\/","title":{"rendered":"Einladung: Gemeinsame Veranstaltung von digiDEM Bayern und dem Medizinischen Dienst Bayern"},"content":{"rendered":"<h4 class=\"wp-block-heading\">Pflegeberatung ist wichtig. Sie wird jedoch oft viel zu sp\u00e4t wahrgenommen, wie die aktuelle Studie \u201ebenefits of being a caregiver\u201c des Universit\u00e4tsklinikums Erlangen verdeutlicht. Doch wie lassen sich pflegende Angeh\u00f6rige am besten f\u00fcr die Beratung sensibilisieren? Was hat sich aus Sicht der Praktiker*innen bew\u00e4hrt? Das sind die Leitfragen einer gemeinsamen Online-Veranstaltung von digiDEM Bayern und dem Medizinischen Dienst Bayern. Zudem wird gezeigt, wie Sie mit der kostenfrei nutzbaren &#8222;<a href=\"https:\/\/test.digidem-bayern.de\/angehoerigenampel\/\">digiDEM Angeh\u00f6rigenampel<\/a>&#8220; die eigene Beratung unterst\u00fctzen k\u00f6nnen und welche weiteren Wege digiDEM Bayern erarbeitet, um die Versorgung bei Demenz zu verbessern.<\/h4>\n\n\n\n<p>Zu der kostenlosen Veranstaltung laden wir Sie herzlich ein:<\/p>\n\n\n\n<p class=\"has-text-align-center\" style=\"font-size:24px\"><strong>Der Medizinische Dienst im Dialog: GesundPflegen in Bayern \u2013<\/strong> <br><strong>Warum Pflegeberatung so wichtig ist und wie die digiDEM-Angeh\u00f6rigenampel die Beratung unterst\u00fctzen kann<\/strong><\/p>\n\n\n\n<p class=\"has-text-align-center\" style=\"font-size:24px\"><strong>Donnerstag, den 29. Juli 2021<\/strong><br><strong>15:30 bis 17:00 Uhr<\/strong><\/p>\n\n\n\n<div class=\"wp-block-columns is-layout-flex wp-container-core-columns-is-layout-9d6595d7 wp-block-columns-is-layout-flex\">\n<div class=\"wp-block-column is-layout-flow wp-block-column-is-layout-flow\">\n<div class=\"wp-block-image\"><figure class=\"aligncenter size-medium is-resized\"><img loading=\"lazy\" decoding=\"async\" src=\"https:\/\/test.digidem-bayern.de\/wp-content\/uploads\/2020\/10\/Logo_digiDEM_Bayern-1-1-300x173.png\" alt=\"\" class=\"wp-image-7770\" width=\"225\" height=\"130\" srcset=\"https:\/\/digidem-bayern.de\/wp-content\/uploads\/2020\/10\/Logo_digiDEM_Bayern-1-1-300x173.png 300w, https:\/\/digidem-bayern.de\/wp-content\/uploads\/2020\/10\/Logo_digiDEM_Bayern-1-1-1030x592.png 1030w, https:\/\/digidem-bayern.de\/wp-content\/uploads\/2020\/10\/Logo_digiDEM_Bayern-1-1-768x442.png 768w, https:\/\/digidem-bayern.de\/wp-content\/uploads\/2020\/10\/Logo_digiDEM_Bayern-1-1-1536x883.png 1536w, https:\/\/digidem-bayern.de\/wp-content\/uploads\/2020\/10\/Logo_digiDEM_Bayern-1-1-609x350.png 609w, https:\/\/digidem-bayern.de\/wp-content\/uploads\/2020\/10\/Logo_digiDEM_Bayern-1-1-1320x759.png 1320w, https:\/\/digidem-bayern.de\/wp-content\/uploads\/2020\/10\/Logo_digiDEM_Bayern-1-1.png 1600w\" sizes=\"auto, (max-width: 225px) 100vw, 225px\" \/><\/figure><\/div>\n<\/div>\n\n\n\n<div class=\"wp-block-column is-layout-flow wp-block-column-is-layout-flow\">\n<div class=\"wp-block-image\"><figure class=\"aligncenter size-full\"><img loading=\"lazy\" decoding=\"async\" width=\"351\" height=\"131\" src=\"https:\/\/test.digidem-bayern.de\/wp-content\/uploads\/2021\/07\/Logo_MD_Bayern.jpg\" alt=\"\" class=\"wp-image-13177\" srcset=\"https:\/\/digidem-bayern.de\/wp-content\/uploads\/2021\/07\/Logo_MD_Bayern.jpg 351w, https:\/\/digidem-bayern.de\/wp-content\/uploads\/2021\/07\/Logo_MD_Bayern-300x112.jpg 300w\" sizes=\"auto, (max-width: 351px) 100vw, 351px\" \/><\/figure><\/div>\n<\/div>\n<\/div>\n\n\n\n<div style=\"height:20px\" aria-hidden=\"true\" class=\"wp-block-spacer\"><\/div>\n\n\n\n<p class=\"has-text-align-left\" style=\"font-size:24px\"><strong>Programm: <\/strong><\/p>\n\n\n\n<div class=\"wp-block-columns is-layout-flex wp-container-core-columns-is-layout-9d6595d7 wp-block-columns-is-layout-flex\">\n<div class=\"wp-block-column is-layout-flow wp-block-column-is-layout-flow\" style=\"flex-basis:20%\">\n<p>15:30 &#8211; 15:45 Uhr<\/p>\n\n\n\n<p><br>15:45 &#8211; 16:05<\/p>\n\n\n\n<p>16:05 &#8211; 16:15 Uhr<\/p>\n\n\n\n<p><br>16:15 &#8211; 16:30 Uhr<br><\/p>\n\n\n\n<p><br>16:30 \u2013 16:50 Uhr<\/p>\n\n\n\n<p><\/p>\n<\/div>\n\n\n\n<div class=\"wp-block-column is-layout-flow wp-block-column-is-layout-flow\" style=\"flex-basis:80%\">\n<p>Je fr\u00fcher, desto besser: Warum Unterst\u00fctzung f\u00fcr pflegende Angeh\u00f6rige so wichtig ist, aber oft zu sp\u00e4t in Anspruch genommen wird <br>(Prof. Elmar Gr\u00e4\u00dfel, Universit\u00e4tsklinikum Erlangen)<\/p>\n\n\n\n<p>Kurzumfrage: Wie sensibilisieren Sie pflegende Angeh\u00f6rige f\u00fcr die Beratung? (Dr. Oliver-Timo Hen\u00dfler, MD Bayern)<\/p>\n\n\n\n<p>Gemeinsam die Versorgung bei Demenz verbessern: das Forschungsprojekt digiDEM Bayern (Prof. Peter Kolominsky-Rabas, Friedrich-Alexander-Universit\u00e4t Erlangen-N\u00fcrnberg)<\/p>\n\n\n\n<p>Die \u201edigiDEM Bayern Angeh\u00f6rigenampel\u201c als kostenloses Instrument zur Unterst\u00fctzung der Beratung (Prof. Elmar Gr\u00e4\u00dfel, Universit\u00e4tsklinikum Erlangen, Michael Reichold M.Sc., Friedrich-Alexander-Universit\u00e4t Erlangen-N\u00fcrnberg)<\/p>\n\n\n\n<p>Diskussion und Erfahrungsaustausch<\/p>\n<\/div>\n<\/div>\n\n\n\n<p>Melden Sie sich noch heute an und diskutieren Sie mit uns! Unter diesem <a href=\"https:\/\/www.md-bayern.de\/anmeldung\" target=\"_blank\" rel=\"noreferrer noopener\"><strong>Link<\/strong><\/a> k\u00f6nnen Sie sich anmelden. <br>Alle wichtigen Informationen finden Sie auch in diesem <a href=\"https:\/\/test.digidem-bayern.de\/download\/13147\/\" target=\"_blank\" rel=\"noreferrer noopener\"><strong>Flyer<\/strong><\/a>. <\/p>\n\n\n\n<div style=\"height:20px\" aria-hidden=\"true\" class=\"wp-block-spacer\"><\/div>\n\n\n\n<p class=\"has-text-align-left\"><strong>\u00dcber diesen Link k\u00f6nnen Sie der Veranstaltung direkt beitreten:<\/strong><br><a href=\"https:\/\/mdk-bayern.webex.com\/mdk-bayern\/j.php?MTID=m32109aa24362c3c4c33d3e69c2e8090b\">https:\/\/mdk-bayern.webex.com\/mdk-bayern\/j.php?MTID=m32109aa24362c3c4c33d3e69c2e8090b<\/a><br>Meeting-Kennnummer:<br>175 845 6700<br>Passwort:<br>DmXFSMKG823<br><br><strong>Weitere Methoden zum Beitreten<\/strong><br>\u00dcber Telefon beitreten<br>+49-89-95467578 Germany Toll 2<br>Zugriffscode: 175 845 6700&nbsp;<br><\/p>","protected":false},"excerpt":{"rendered":"<p>Pflegeberatung ist wichtig. Sie wird jedoch oft viel zu sp\u00e4t wahrgenommen, wie die aktuelle Studie \u201ebenefits of being a caregiver\u201c des Universit\u00e4tsklinikums Erlangen verdeutlicht. Doch wie lassen sich pflegende Angeh\u00f6rige am besten f\u00fcr die Beratung sensibilisieren? Was hat sich aus Sicht der Praktiker*innen bew\u00e4hrt? Das sind die Leitfragen einer gemeinsamen &hellip;<\/p>","protected":false},"author":11,"featured_media":12108,"comment_status":"open","ping_status":"closed","sticky":false,"template":"","format":"standard","meta":{"qubely_global_settings":"","qubely_interactions":"","_uag_custom_page_level_css":"","footnotes":""},"categories":[8],"tags":[13,260,321,12,14,17,55,328,329,93],"class_list":["post-13166","post","type-post","status-publish","format-standard","has-post-thumbnail","hentry","category-aktuelles-zu-digidem","tag-alzheimer","tag-angehoerigenampel","tag-angehoerigenbelastung","tag-demenz-2","tag-digidem","tag-digidem-bayern","tag-digitales-demenzregister-bayern","tag-md-bayern","tag-medizinischer-dienst-bayern","tag-pflegende-angehoerige"],"qubely_featured_image_url":{"full":["https:\/\/digidem-bayern.de\/wp-content\/uploads\/2021\/04\/hospice-1793998_1280.jpg",1280,853,false],"landscape":["https:\/\/digidem-bayern.de\/wp-content\/uploads\/2021\/04\/hospice-1793998_1280-1200x750.jpg",1200,750,true],"portraits":["https:\/\/digidem-bayern.de\/wp-content\/uploads\/2021\/04\/hospice-1793998_1280-540x320.jpg",540,320,true],"thumbnail":["https:\/\/digidem-bayern.de\/wp-content\/uploads\/2021\/04\/hospice-1793998_1280-80x80.jpg",80,80,true],"medium":["https:\/\/digidem-bayern.de\/wp-content\/uploads\/2021\/04\/hospice-1793998_1280-300x200.jpg",300,200,true],"medium_large":["https:\/\/digidem-bayern.de\/wp-content\/uploads\/2021\/04\/hospice-1793998_1280-768x512.jpg",768,512,true],"large":["https:\/\/digidem-bayern.de\/wp-content\/uploads\/2021\/04\/hospice-1793998_1280-1030x686.jpg",1030,686,true],"1536x1536":["https:\/\/digidem-bayern.de\/wp-content\/uploads\/2021\/04\/hospice-1793998_1280.jpg",1280,853,false],"2048x2048":["https:\/\/digidem-bayern.de\/wp-content\/uploads\/2021\/04\/hospice-1793998_1280.jpg",1280,853,false],"trp-custom-language-flag":["https:\/\/digidem-bayern.de\/wp-content\/uploads\/2021\/04\/hospice-1793998_1280.jpg",18,12,false],"qubely_landscape":["https:\/\/digidem-bayern.de\/wp-content\/uploads\/2021\/04\/hospice-1793998_1280-1200x750.jpg",1200,750,true],"qubely_portrait":["https:\/\/digidem-bayern.de\/wp-content\/uploads\/2021\/04\/hospice-1793998_1280-540x320.jpg",540,320,true],"qubely_thumbnail":["https:\/\/digidem-bayern.de\/wp-content\/uploads\/2021\/04\/hospice-1793998_1280-140x100.jpg",140,100,true],"post-thumbnail":["https:\/\/digidem-bayern.de\/wp-content\/uploads\/2021\/04\/hospice-1793998_1280-525x350.jpg",525,350,true],"kahuna-featured":["https:\/\/digidem-bayern.de\/wp-content\/uploads\/2021\/04\/hospice-1793998_1280-734x350.jpg",734,350,true],"kahuna-featured-lp":["https:\/\/digidem-bayern.de\/wp-content\/uploads\/2021\/04\/hospice-1793998_1280-520x350.jpg",520,350,true],"kahuna-featured-half":["https:\/\/digidem-bayern.de\/wp-content\/uploads\/2021\/04\/hospice-1793998_1280-800x350.jpg",800,350,true],"kahuna-featured-third":["https:\/\/digidem-bayern.de\/wp-content\/uploads\/2021\/04\/hospice-1793998_1280-512x350.jpg",512,350,true],"kahuna-lpbox-1":["https:\/\/digidem-bayern.de\/wp-content\/uploads\/2021\/04\/hospice-1793998_1280-520x350.jpg",446,300,true],"kahuna-lpbox-2":["https:\/\/digidem-bayern.de\/wp-content\/uploads\/2021\/04\/hospice-1793998_1280-520x350.jpg",520,350,true],"demand-language-flag":["https:\/\/digidem-bayern.de\/wp-content\/uploads\/2021\/04\/hospice-1793998_1280.jpg",36,24,false],"dddkt-language-flag":["https:\/\/digidem-bayern.de\/wp-content\/uploads\/2021\/04\/hospice-1793998_1280.jpg",36,24,false],"ddiqc-language-flag":["https:\/\/digidem-bayern.de\/wp-content\/uploads\/2021\/04\/hospice-1793998_1280.jpg",36,24,false],"ddtl-language-flag":["https:\/\/digidem-bayern.de\/wp-content\/uploads\/2021\/04\/hospice-1793998_1280.jpg",36,24,false],"mailpoet_newsletter_max":["https:\/\/digidem-bayern.de\/wp-content\/uploads\/2021\/04\/hospice-1793998_1280.jpg",1280,853,false],"kahuna-lpbox-3":["https:\/\/digidem-bayern.de\/wp-content\/uploads\/2021\/04\/hospice-1793998_1280-520x350.jpg",520,350,true],"kahuna-featured-square":["https:\/\/digidem-bayern.de\/wp-content\/uploads\/2021\/04\/hospice-1793998_1280-512x512.jpg",512,512,true],"kahuna-featured-square-large":["https:\/\/digidem-bayern.de\/wp-content\/uploads\/2021\/04\/hospice-1793998_1280-1024x853.jpg",1024,853,true]},"qubely_author":{"display_name":"Michael Zeiler","author_link":"https:\/\/digidem-bayern.de\/en\/author\/michael-zeiler\/"},"qubely_comment":0,"qubely_category":"<a href=\"https:\/\/digidem-bayern.de\/en\/category\/aktuelles-zu-digidem\/\" rel=\"category tag\">Aktuelles zu digiDEM<\/a>","qubely_excerpt":"Pflegeberatung ist wichtig. Sie wird jedoch oft viel zu sp\u00e4t wahrgenommen, wie die aktuelle Studie \u201ebenefits of being a caregiver\u201c des Universit\u00e4tsklinikums Erlangen verdeutlicht. Doch wie lassen sich pflegende Angeh\u00f6rige am besten f\u00fcr die Beratung sensibilisieren? Was hat sich aus Sicht der Praktiker*innen bew\u00e4hrt? Das sind die Leitfragen einer gemeinsamen &hellip;","featured_image_urls_v2":{"full":["https:\/\/digidem-bayern.de\/wp-content\/uploads\/2021\/04\/hospice-1793998_1280.jpg",1280,853,false],"thumbnail":["https:\/\/digidem-bayern.de\/wp-content\/uploads\/2021\/04\/hospice-1793998_1280-80x80.jpg",80,80,true],"medium":["https:\/\/digidem-bayern.de\/wp-content\/uploads\/2021\/04\/hospice-1793998_1280-300x200.jpg",300,200,true],"medium_large":["https:\/\/digidem-bayern.de\/wp-content\/uploads\/2021\/04\/hospice-1793998_1280-768x512.jpg",768,512,true],"large":["https:\/\/digidem-bayern.de\/wp-content\/uploads\/2021\/04\/hospice-1793998_1280-1030x686.jpg",1030,686,true],"1536x1536":["https:\/\/digidem-bayern.de\/wp-content\/uploads\/2021\/04\/hospice-1793998_1280.jpg",1280,853,false],"2048x2048":["https:\/\/digidem-bayern.de\/wp-content\/uploads\/2021\/04\/hospice-1793998_1280.jpg",1280,853,false],"trp-custom-language-flag":["https:\/\/digidem-bayern.de\/wp-content\/uploads\/2021\/04\/hospice-1793998_1280.jpg",18,12,false],"qubely_landscape":["https:\/\/digidem-bayern.de\/wp-content\/uploads\/2021\/04\/hospice-1793998_1280-1200x750.jpg",1200,750,true],"qubely_portrait":["https:\/\/digidem-bayern.de\/wp-content\/uploads\/2021\/04\/hospice-1793998_1280-540x320.jpg",540,320,true],"qubely_thumbnail":["https:\/\/digidem-bayern.de\/wp-content\/uploads\/2021\/04\/hospice-1793998_1280-140x100.jpg",140,100,true],"post-thumbnail":["https:\/\/digidem-bayern.de\/wp-content\/uploads\/2021\/04\/hospice-1793998_1280-525x350.jpg",525,350,true],"kahuna-featured":["https:\/\/digidem-bayern.de\/wp-content\/uploads\/2021\/04\/hospice-1793998_1280-734x350.jpg",734,350,true],"kahuna-featured-lp":["https:\/\/digidem-bayern.de\/wp-content\/uploads\/2021\/04\/hospice-1793998_1280-520x350.jpg",520,350,true],"kahuna-featured-half":["https:\/\/digidem-bayern.de\/wp-content\/uploads\/2021\/04\/hospice-1793998_1280-800x350.jpg",800,350,true],"kahuna-featured-third":["https:\/\/digidem-bayern.de\/wp-content\/uploads\/2021\/04\/hospice-1793998_1280-512x350.jpg",512,350,true],"kahuna-lpbox-1":["https:\/\/digidem-bayern.de\/wp-content\/uploads\/2021\/04\/hospice-1793998_1280-520x350.jpg",446,300,true],"kahuna-lpbox-2":["https:\/\/digidem-bayern.de\/wp-content\/uploads\/2021\/04\/hospice-1793998_1280-520x350.jpg",520,350,true],"demand-language-flag":["https:\/\/digidem-bayern.de\/wp-content\/uploads\/2021\/04\/hospice-1793998_1280.jpg",36,24,false],"dddkt-language-flag":["https:\/\/digidem-bayern.de\/wp-content\/uploads\/2021\/04\/hospice-1793998_1280.jpg",36,24,false],"ddiqc-language-flag":["https:\/\/digidem-bayern.de\/wp-content\/uploads\/2021\/04\/hospice-1793998_1280.jpg",36,24,false],"ddtl-language-flag":["https:\/\/digidem-bayern.de\/wp-content\/uploads\/2021\/04\/hospice-1793998_1280.jpg",36,24,false],"mailpoet_newsletter_max":["https:\/\/digidem-bayern.de\/wp-content\/uploads\/2021\/04\/hospice-1793998_1280.jpg",1280,853,false],"kahuna-lpbox-3":["https:\/\/digidem-bayern.de\/wp-content\/uploads\/2021\/04\/hospice-1793998_1280-520x350.jpg",520,350,true],"kahuna-featured-square":["https:\/\/digidem-bayern.de\/wp-content\/uploads\/2021\/04\/hospice-1793998_1280-512x512.jpg",512,512,true],"kahuna-featured-square-large":["https:\/\/digidem-bayern.de\/wp-content\/uploads\/2021\/04\/hospice-1793998_1280-1024x853.jpg",1024,853,true]},"post_excerpt_stackable_v2":"<p>Pflegeberatung ist wichtig. Sie wird jedoch oft viel zu sp\u00e4t wahrgenommen, wie die aktuelle Studie \u201ebenefits of being a caregiver\u201c des Universit\u00e4tsklinikums Erlangen verdeutlicht. Doch wie lassen sich pflegende Angeh\u00f6rige am besten f\u00fcr die Beratung sensibilisieren? Was hat sich aus Sicht der Praktiker*innen bew\u00e4hrt? Das sind die Leitfragen einer gemeinsamen Online-Veranstaltung von digiDEM Bayern und dem Medizinischen Dienst Bayern. Zudem wird gezeigt, wie Sie mit der kostenfrei nutzbaren &#8222;digiDEM Angeh\u00f6rigenampel&#8220; die eigene Beratung unterst\u00fctzen k\u00f6nnen und welche weiteren Wege digiDEM Bayern erarbeitet, um die Versorgung bei Demenz zu verbessern. Zu der kostenlosen Veranstaltung laden wir Sie herzlich ein: Der Medizinische&hellip;<\/p>\n","category_list_v2":"<a href=\"https:\/\/digidem-bayern.de\/en\/category\/aktuelles-zu-digidem\/\" rel=\"category tag\">Aktuelles zu digiDEM<\/a>","author_info_v2":{"name":"Michael Zeiler","url":"https:\/\/digidem-bayern.de\/en\/author\/michael-zeiler\/"},"comments_num_v2":"0 comments","yoast_head":"<!-- This site is optimized with the Yoast SEO plugin v27.4 - https:\/\/yoast.com\/product\/yoast-seo-wordpress\/ -->\n<title>Einladung: Gemeinsame Veranstaltung von digiDEM Bayern und dem Medizinischen Dienst Bayern - digiDEM Bayern<\/title>\n<meta name=\"description\" content=\"digiDEM Bayern und der Medizinische Dienst Bayern laden zu einer gemeinsamen Online-Veranstaltung zur Situation pflegender Angeh\u00f6riger ein.\" \/>\n<meta name=\"robots\" content=\"index, follow, max-snippet:-1, max-image-preview:large, max-video-preview:-1\" \/>\n<link rel=\"canonical\" href=\"https:\/\/digidem-bayern.de\/en\/einladung-veranstaltung-digidem-und-medinischer-dienst-bayern\/\" \/>\n<meta property=\"og:locale\" content=\"en_US\" \/>\n<meta property=\"og:type\" content=\"article\" \/>\n<meta property=\"og:title\" content=\"Einladung: Gemeinsame Veranstaltung von digiDEM Bayern und dem Medizinischen Dienst Bayern - digiDEM Bayern\" \/>\n<meta property=\"og:description\" content=\"digiDEM Bayern und der Medizinische Dienst Bayern laden zu einer gemeinsamen Online-Veranstaltung zur Situation pflegender Angeh\u00f6riger ein.\" \/>\n<meta property=\"og:url\" content=\"https:\/\/digidem-bayern.de\/en\/einladung-veranstaltung-digidem-und-medinischer-dienst-bayern\/\" \/>\n<meta property=\"og:site_name\" content=\"digiDEM Bayern\" \/>\n<meta property=\"article:publisher\" content=\"https:\/\/www.facebook.com\/digiDEMBayern\/\" \/>\n<meta property=\"article:published_time\" content=\"2021-04-28T09:37:00+00:00\" \/>\n<meta property=\"article:modified_time\" content=\"2022-04-06T14:38:44+00:00\" \/>\n<meta property=\"og:image\" content=\"https:\/\/digidem-bayern.de\/wp-content\/uploads\/2021\/04\/hospice-1793998_1280.jpg\" \/>\n\t<meta property=\"og:image:width\" content=\"1280\" \/>\n\t<meta property=\"og:image:height\" content=\"853\" \/>\n\t<meta property=\"og:image:type\" content=\"image\/jpeg\" \/>\n<meta name=\"author\" content=\"Michael Zeiler\" \/>\n<meta name=\"twitter:label1\" content=\"Written by\" \/>\n\t<meta name=\"twitter:data1\" content=\"Michael Zeiler\" \/>\n\t<meta name=\"twitter:label2\" content=\"Est. reading time\" \/>\n\t<meta name=\"twitter:data2\" content=\"2 minutes\" \/>\n<script type=\"application\/ld+json\" class=\"yoast-schema-graph\">{\"@context\":\"https:\\\/\\\/schema.org\",\"@graph\":[{\"@type\":\"Article\",\"@id\":\"https:\\\/\\\/digidem-bayern.de\\\/einladung-veranstaltung-digidem-und-medinischer-dienst-bayern\\\/#article\",\"isPartOf\":{\"@id\":\"https:\\\/\\\/digidem-bayern.de\\\/einladung-veranstaltung-digidem-und-medinischer-dienst-bayern\\\/\"},\"author\":{\"name\":\"Michael Zeiler\",\"@id\":\"\\\/#\\\/schema\\\/person\\\/92754ad381f49b3c358d1d8d2c4f90b8\"},\"headline\":\"Einladung: Gemeinsame Veranstaltung von digiDEM Bayern und dem Medizinischen Dienst Bayern\",\"datePublished\":\"2021-04-28T09:37:00+00:00\",\"dateModified\":\"2022-04-06T14:38:44+00:00\",\"mainEntityOfPage\":{\"@id\":\"https:\\\/\\\/digidem-bayern.de\\\/einladung-veranstaltung-digidem-und-medinischer-dienst-bayern\\\/\"},\"wordCount\":324,\"commentCount\":0,\"publisher\":{\"@id\":\"\\\/#organization\"},\"image\":{\"@id\":\"https:\\\/\\\/digidem-bayern.de\\\/einladung-veranstaltung-digidem-und-medinischer-dienst-bayern\\\/#primaryimage\"},\"thumbnailUrl\":\"https:\\\/\\\/digidem-bayern.de\\\/wp-content\\\/uploads\\\/2021\\\/04\\\/hospice-1793998_1280.jpg\",\"keywords\":[\"Alzheimer\",\"Angeh\u00f6rigenampel\",\"Angeh\u00f6rigenbelastung\",\"Demenz\",\"digidem\",\"digidem Bayern\",\"Digitales Demenzregister Bayern\",\"MD Bayern\",\"Medizinischer Dienst Bayern\",\"pflegende Angeh\u00f6rige\"],\"articleSection\":[\"Aktuelles zu digiDEM\"],\"inLanguage\":\"en-US\",\"potentialAction\":[{\"@type\":\"CommentAction\",\"name\":\"Comment\",\"target\":[\"https:\\\/\\\/digidem-bayern.de\\\/einladung-veranstaltung-digidem-und-medinischer-dienst-bayern\\\/#respond\"]}]},{\"@type\":\"WebPage\",\"@id\":\"https:\\\/\\\/digidem-bayern.de\\\/einladung-veranstaltung-digidem-und-medinischer-dienst-bayern\\\/\",\"url\":\"https:\\\/\\\/digidem-bayern.de\\\/einladung-veranstaltung-digidem-und-medinischer-dienst-bayern\\\/\",\"name\":\"Einladung: Gemeinsame Veranstaltung von digiDEM Bayern und dem Medizinischen Dienst Bayern - digiDEM Bayern\",\"isPartOf\":{\"@id\":\"\\\/#website\"},\"primaryImageOfPage\":{\"@id\":\"https:\\\/\\\/digidem-bayern.de\\\/einladung-veranstaltung-digidem-und-medinischer-dienst-bayern\\\/#primaryimage\"},\"image\":{\"@id\":\"https:\\\/\\\/digidem-bayern.de\\\/einladung-veranstaltung-digidem-und-medinischer-dienst-bayern\\\/#primaryimage\"},\"thumbnailUrl\":\"https:\\\/\\\/digidem-bayern.de\\\/wp-content\\\/uploads\\\/2021\\\/04\\\/hospice-1793998_1280.jpg\",\"datePublished\":\"2021-04-28T09:37:00+00:00\",\"dateModified\":\"2022-04-06T14:38:44+00:00\",\"description\":\"digiDEM Bayern und der Medizinische Dienst Bayern laden zu einer gemeinsamen Online-Veranstaltung zur Situation pflegender Angeh\u00f6riger ein.\",\"breadcrumb\":{\"@id\":\"https:\\\/\\\/digidem-bayern.de\\\/einladung-veranstaltung-digidem-und-medinischer-dienst-bayern\\\/#breadcrumb\"},\"inLanguage\":\"en-US\",\"potentialAction\":[{\"@type\":\"ReadAction\",\"target\":[\"https:\\\/\\\/digidem-bayern.de\\\/einladung-veranstaltung-digidem-und-medinischer-dienst-bayern\\\/\"]}]},{\"@type\":\"ImageObject\",\"inLanguage\":\"en-US\",\"@id\":\"https:\\\/\\\/digidem-bayern.de\\\/einladung-veranstaltung-digidem-und-medinischer-dienst-bayern\\\/#primaryimage\",\"url\":\"https:\\\/\\\/digidem-bayern.de\\\/wp-content\\\/uploads\\\/2021\\\/04\\\/hospice-1793998_1280.jpg\",\"contentUrl\":\"https:\\\/\\\/digidem-bayern.de\\\/wp-content\\\/uploads\\\/2021\\\/04\\\/hospice-1793998_1280.jpg\",\"width\":1280,\"height\":853,\"caption\":\"J\u00fcngere H\u00e4nde halten eine \u00e4ltere.\"},{\"@type\":\"BreadcrumbList\",\"@id\":\"https:\\\/\\\/digidem-bayern.de\\\/einladung-veranstaltung-digidem-und-medinischer-dienst-bayern\\\/#breadcrumb\",\"itemListElement\":[{\"@type\":\"ListItem\",\"position\":1,\"name\":\"Startseite\",\"item\":\"https:\\\/\\\/digidem-bayern.de\\\/\"},{\"@type\":\"ListItem\",\"position\":2,\"name\":\"Einladung: Gemeinsame Veranstaltung von digiDEM Bayern und dem Medizinischen Dienst Bayern\"}]},{\"@type\":\"WebSite\",\"@id\":\"\\\/#website\",\"url\":\"\\\/\",\"name\":\"digiDEM Bayern\",\"description\":\"Das digitale Demenzregister Bayern erforscht und verbessert die Angebotsstuktur f\u00fcr Menschen mit Demenz und deren Angeh\u00f6rige\",\"publisher\":{\"@id\":\"\\\/#organization\"},\"potentialAction\":[{\"@type\":\"SearchAction\",\"target\":{\"@type\":\"EntryPoint\",\"urlTemplate\":\"\\\/?s={search_term_string}\"},\"query-input\":{\"@type\":\"PropertyValueSpecification\",\"valueRequired\":true,\"valueName\":\"search_term_string\"}}],\"inLanguage\":\"en-US\"},{\"@type\":\"Organization\",\"@id\":\"\\\/#organization\",\"name\":\"digiDEM Bayern\",\"url\":\"\\\/\",\"logo\":{\"@type\":\"ImageObject\",\"inLanguage\":\"en-US\",\"@id\":\"\\\/#\\\/schema\\\/logo\\\/image\\\/\",\"url\":\"https:\\\/\\\/digidem-bayern.de\\\/wp-content\\\/uploads\\\/2022\\\/03\\\/cropped-Allgemeines_digiDEMLOGO-removebg-preview.png\",\"contentUrl\":\"https:\\\/\\\/digidem-bayern.de\\\/wp-content\\\/uploads\\\/2022\\\/03\\\/cropped-Allgemeines_digiDEMLOGO-removebg-preview.png\",\"width\":612,\"height\":357,\"caption\":\"digiDEM Bayern\"},\"image\":{\"@id\":\"\\\/#\\\/schema\\\/logo\\\/image\\\/\"},\"sameAs\":[\"https:\\\/\\\/www.facebook.com\\\/digiDEMBayern\\\/\",\"https:\\\/\\\/x.com\\\/digidem_bayern\",\"https:\\\/\\\/www.instagram.com\\\/digidem.bayern\",\"https:\\\/\\\/www.linkedin.com\\\/company\\\/digidem-bayern\\\/\"]},{\"@type\":\"Person\",\"@id\":\"\\\/#\\\/schema\\\/person\\\/92754ad381f49b3c358d1d8d2c4f90b8\",\"name\":\"Michael Zeiler\",\"url\":\"https:\\\/\\\/digidem-bayern.de\\\/en\\\/author\\\/michael-zeiler\\\/\"}]}<\/script>\n<!-- \/ Yoast SEO plugin. -->","yoast_head_json":{"title":"Einladung: Gemeinsame Veranstaltung von digiDEM Bayern und dem Medizinischen Dienst Bayern - digiDEM Bayern","description":"digiDEM Bayern und der Medizinische Dienst Bayern laden zu einer gemeinsamen Online-Veranstaltung zur Situation pflegender Angeh\u00f6riger ein.","robots":{"index":"index","follow":"follow","max-snippet":"max-snippet:-1","max-image-preview":"max-image-preview:large","max-video-preview":"max-video-preview:-1"},"canonical":"https:\/\/digidem-bayern.de\/en\/einladung-veranstaltung-digidem-und-medinischer-dienst-bayern\/","og_locale":"en_US","og_type":"article","og_title":"Einladung: Gemeinsame Veranstaltung von digiDEM Bayern und dem Medizinischen Dienst Bayern - digiDEM Bayern","og_description":"digiDEM Bayern und der Medizinische Dienst Bayern laden zu einer gemeinsamen Online-Veranstaltung zur Situation pflegender Angeh\u00f6riger ein.","og_url":"https:\/\/digidem-bayern.de\/en\/einladung-veranstaltung-digidem-und-medinischer-dienst-bayern\/","og_site_name":"digiDEM Bayern","article_publisher":"https:\/\/www.facebook.com\/digiDEMBayern\/","article_published_time":"2021-04-28T09:37:00+00:00","article_modified_time":"2022-04-06T14:38:44+00:00","og_image":[{"width":1280,"height":853,"url":"https:\/\/digidem-bayern.de\/wp-content\/uploads\/2021\/04\/hospice-1793998_1280.jpg","type":"image\/jpeg"}],"author":"Michael Zeiler","twitter_misc":{"Written by":"Michael Zeiler","Est. reading time":"2 minutes"},"schema":{"@context":"https:\/\/schema.org","@graph":[{"@type":"Article","@id":"https:\/\/digidem-bayern.de\/einladung-veranstaltung-digidem-und-medinischer-dienst-bayern\/#article","isPartOf":{"@id":"https:\/\/digidem-bayern.de\/einladung-veranstaltung-digidem-und-medinischer-dienst-bayern\/"},"author":{"name":"Michael Zeiler","@id":"\/#\/schema\/person\/92754ad381f49b3c358d1d8d2c4f90b8"},"headline":"Einladung: Gemeinsame Veranstaltung von digiDEM Bayern und dem Medizinischen Dienst Bayern","datePublished":"2021-04-28T09:37:00+00:00","dateModified":"2022-04-06T14:38:44+00:00","mainEntityOfPage":{"@id":"https:\/\/digidem-bayern.de\/einladung-veranstaltung-digidem-und-medinischer-dienst-bayern\/"},"wordCount":324,"commentCount":0,"publisher":{"@id":"\/#organization"},"image":{"@id":"https:\/\/digidem-bayern.de\/einladung-veranstaltung-digidem-und-medinischer-dienst-bayern\/#primaryimage"},"thumbnailUrl":"https:\/\/digidem-bayern.de\/wp-content\/uploads\/2021\/04\/hospice-1793998_1280.jpg","keywords":["Alzheimer","Angeh\u00f6rigenampel","Angeh\u00f6rigenbelastung","Demenz","digidem","digidem Bayern","Digitales Demenzregister Bayern","MD Bayern","Medizinischer Dienst Bayern","pflegende Angeh\u00f6rige"],"articleSection":["Aktuelles zu digiDEM"],"inLanguage":"en-US","potentialAction":[{"@type":"CommentAction","name":"Comment","target":["https:\/\/digidem-bayern.de\/einladung-veranstaltung-digidem-und-medinischer-dienst-bayern\/#respond"]}]},{"@type":"WebPage","@id":"https:\/\/digidem-bayern.de\/einladung-veranstaltung-digidem-und-medinischer-dienst-bayern\/","url":"https:\/\/digidem-bayern.de\/einladung-veranstaltung-digidem-und-medinischer-dienst-bayern\/","name":"Einladung: Gemeinsame Veranstaltung von digiDEM Bayern und dem Medizinischen Dienst Bayern - digiDEM Bayern","isPartOf":{"@id":"\/#website"},"primaryImageOfPage":{"@id":"https:\/\/digidem-bayern.de\/einladung-veranstaltung-digidem-und-medinischer-dienst-bayern\/#primaryimage"},"image":{"@id":"https:\/\/digidem-bayern.de\/einladung-veranstaltung-digidem-und-medinischer-dienst-bayern\/#primaryimage"},"thumbnailUrl":"https:\/\/digidem-bayern.de\/wp-content\/uploads\/2021\/04\/hospice-1793998_1280.jpg","datePublished":"2021-04-28T09:37:00+00:00","dateModified":"2022-04-06T14:38:44+00:00","description":"digiDEM Bayern und der Medizinische Dienst Bayern laden zu einer gemeinsamen Online-Veranstaltung zur Situation pflegender Angeh\u00f6riger ein.","breadcrumb":{"@id":"https:\/\/digidem-bayern.de\/einladung-veranstaltung-digidem-und-medinischer-dienst-bayern\/#breadcrumb"},"inLanguage":"en-US","potentialAction":[{"@type":"ReadAction","target":["https:\/\/digidem-bayern.de\/einladung-veranstaltung-digidem-und-medinischer-dienst-bayern\/"]}]},{"@type":"ImageObject","inLanguage":"en-US","@id":"https:\/\/digidem-bayern.de\/einladung-veranstaltung-digidem-und-medinischer-dienst-bayern\/#primaryimage","url":"https:\/\/digidem-bayern.de\/wp-content\/uploads\/2021\/04\/hospice-1793998_1280.jpg","contentUrl":"https:\/\/digidem-bayern.de\/wp-content\/uploads\/2021\/04\/hospice-1793998_1280.jpg","width":1280,"height":853,"caption":"J\u00fcngere H\u00e4nde halten eine \u00e4ltere."},{"@type":"BreadcrumbList","@id":"https:\/\/digidem-bayern.de\/einladung-veranstaltung-digidem-und-medinischer-dienst-bayern\/#breadcrumb","itemListElement":[{"@type":"ListItem","position":1,"name":"Startseite","item":"https:\/\/digidem-bayern.de\/"},{"@type":"ListItem","position":2,"name":"Einladung: Gemeinsame Veranstaltung von digiDEM Bayern und dem Medizinischen Dienst Bayern"}]},{"@type":"WebSite","@id":"\/#website","url":"\/","name":"digiDEM Bavaria","description":"The digital dementia register in Bavaria researches and improves the structure of services for people with dementia and their relatives","publisher":{"@id":"\/#organization"},"potentialAction":[{"@type":"SearchAction","target":{"@type":"EntryPoint","urlTemplate":"\/?s={search_term_string}"},"query-input":{"@type":"PropertyValueSpecification","valueRequired":true,"valueName":"search_term_string"}}],"inLanguage":"en-US"},{"@type":"Organization","@id":"\/#organization","name":"digiDEM Bavaria","url":"\/","logo":{"@type":"ImageObject","inLanguage":"en-US","@id":"\/#\/schema\/logo\/image\/","url":"https:\/\/digidem-bayern.de\/wp-content\/uploads\/2022\/03\/cropped-Allgemeines_digiDEMLOGO-removebg-preview.png","contentUrl":"https:\/\/digidem-bayern.de\/wp-content\/uploads\/2022\/03\/cropped-Allgemeines_digiDEMLOGO-removebg-preview.png","width":612,"height":357,"caption":"digiDEM Bayern"},"image":{"@id":"\/#\/schema\/logo\/image\/"},"sameAs":["https:\/\/www.facebook.com\/digiDEMBayern\/","https:\/\/x.com\/digidem_bayern","https:\/\/www.instagram.com\/digidem.bayern","https:\/\/www.linkedin.com\/company\/digidem-bayern\/"]},{"@type":"Person","@id":"\/#\/schema\/person\/92754ad381f49b3c358d1d8d2c4f90b8","name":"Michael Zeiler","url":"https:\/\/digidem-bayern.de\/en\/author\/michael-zeiler\/"}]}},"uagb_featured_image_src":{"full":["https:\/\/digidem-bayern.de\/wp-content\/uploads\/2021\/04\/hospice-1793998_1280.jpg",1280,853,false],"thumbnail":["https:\/\/digidem-bayern.de\/wp-content\/uploads\/2021\/04\/hospice-1793998_1280-80x80.jpg",80,80,true],"medium":["https:\/\/digidem-bayern.de\/wp-content\/uploads\/2021\/04\/hospice-1793998_1280-300x200.jpg",300,200,true],"medium_large":["https:\/\/digidem-bayern.de\/wp-content\/uploads\/2021\/04\/hospice-1793998_1280-768x512.jpg",768,512,true],"large":["https:\/\/digidem-bayern.de\/wp-content\/uploads\/2021\/04\/hospice-1793998_1280-1030x686.jpg",1030,686,true],"1536x1536":["https:\/\/digidem-bayern.de\/wp-content\/uploads\/2021\/04\/hospice-1793998_1280.jpg",1280,853,false],"2048x2048":["https:\/\/digidem-bayern.de\/wp-content\/uploads\/2021\/04\/hospice-1793998_1280.jpg",1280,853,false],"trp-custom-language-flag":["https:\/\/digidem-bayern.de\/wp-content\/uploads\/2021\/04\/hospice-1793998_1280.jpg",18,12,false],"qubely_landscape":["https:\/\/digidem-bayern.de\/wp-content\/uploads\/2021\/04\/hospice-1793998_1280-1200x750.jpg",1200,750,true],"qubely_portrait":["https:\/\/digidem-bayern.de\/wp-content\/uploads\/2021\/04\/hospice-1793998_1280-540x320.jpg",540,320,true],"qubely_thumbnail":["https:\/\/digidem-bayern.de\/wp-content\/uploads\/2021\/04\/hospice-1793998_1280-140x100.jpg",140,100,true],"post-thumbnail":["https:\/\/digidem-bayern.de\/wp-content\/uploads\/2021\/04\/hospice-1793998_1280-525x350.jpg",525,350,true],"kahuna-featured":["https:\/\/digidem-bayern.de\/wp-content\/uploads\/2021\/04\/hospice-1793998_1280-734x350.jpg",734,350,true],"kahuna-featured-lp":["https:\/\/digidem-bayern.de\/wp-content\/uploads\/2021\/04\/hospice-1793998_1280-520x350.jpg",520,350,true],"kahuna-featured-half":["https:\/\/digidem-bayern.de\/wp-content\/uploads\/2021\/04\/hospice-1793998_1280-800x350.jpg",800,350,true],"kahuna-featured-third":["https:\/\/digidem-bayern.de\/wp-content\/uploads\/2021\/04\/hospice-1793998_1280-512x350.jpg",512,350,true],"kahuna-lpbox-1":["https:\/\/digidem-bayern.de\/wp-content\/uploads\/2021\/04\/hospice-1793998_1280-520x350.jpg",446,300,true],"kahuna-lpbox-2":["https:\/\/digidem-bayern.de\/wp-content\/uploads\/2021\/04\/hospice-1793998_1280-520x350.jpg",520,350,true],"demand-language-flag":["https:\/\/digidem-bayern.de\/wp-content\/uploads\/2021\/04\/hospice-1793998_1280.jpg",36,24,false],"dddkt-language-flag":["https:\/\/digidem-bayern.de\/wp-content\/uploads\/2021\/04\/hospice-1793998_1280.jpg",36,24,false],"ddiqc-language-flag":["https:\/\/digidem-bayern.de\/wp-content\/uploads\/2021\/04\/hospice-1793998_1280.jpg",36,24,false],"ddtl-language-flag":["https:\/\/digidem-bayern.de\/wp-content\/uploads\/2021\/04\/hospice-1793998_1280.jpg",36,24,false],"mailpoet_newsletter_max":["https:\/\/digidem-bayern.de\/wp-content\/uploads\/2021\/04\/hospice-1793998_1280.jpg",1280,853,false],"kahuna-lpbox-3":["https:\/\/digidem-bayern.de\/wp-content\/uploads\/2021\/04\/hospice-1793998_1280-520x350.jpg",520,350,true],"kahuna-featured-square":["https:\/\/digidem-bayern.de\/wp-content\/uploads\/2021\/04\/hospice-1793998_1280-512x512.jpg",512,512,true],"kahuna-featured-square-large":["https:\/\/digidem-bayern.de\/wp-content\/uploads\/2021\/04\/hospice-1793998_1280-1024x853.jpg",1024,853,true]},"uagb_author_info":{"display_name":"Michael Zeiler","author_link":"https:\/\/digidem-bayern.de\/en\/author\/michael-zeiler\/"},"uagb_comment_info":0,"uagb_excerpt":"Pflegeberatung ist wichtig. Sie wird jedoch oft viel zu sp\u00e4t wahrgenommen, wie die aktuelle Studie \u201ebenefits of being a caregiver\u201c des Universit\u00e4tsklinikums Erlangen verdeutlicht. Doch wie lassen sich pflegende Angeh\u00f6rige am besten f\u00fcr die Beratung sensibilisieren? Was hat sich aus Sicht der Praktiker*innen bew\u00e4hrt? Das sind die Leitfragen einer gemeinsamen &hellip;","_links":{"self":[{"href":"https:\/\/digidem-bayern.de\/en\/wp-json\/wp\/v2\/posts\/13166","targetHints":{"allow":["GET"]}}],"collection":[{"href":"https:\/\/digidem-bayern.de\/en\/wp-json\/wp\/v2\/posts"}],"about":[{"href":"https:\/\/digidem-bayern.de\/en\/wp-json\/wp\/v2\/types\/post"}],"author":[{"embeddable":true,"href":"https:\/\/digidem-bayern.de\/en\/wp-json\/wp\/v2\/users\/11"}],"replies":[{"embeddable":true,"href":"https:\/\/digidem-bayern.de\/en\/wp-json\/wp\/v2\/comments?post=13166"}],"version-history":[{"count":8,"href":"https:\/\/digidem-bayern.de\/en\/wp-json\/wp\/v2\/posts\/13166\/revisions"}],"predecessor-version":[{"id":18186,"href":"https:\/\/digidem-bayern.de\/en\/wp-json\/wp\/v2\/posts\/13166\/revisions\/18186"}],"wp:featuredmedia":[{"embeddable":true,"href":"https:\/\/digidem-bayern.de\/en\/wp-json\/wp\/v2\/media\/12108"}],"wp:attachment":[{"href":"https:\/\/digidem-bayern.de\/en\/wp-json\/wp\/v2\/media?parent=13166"}],"wp:term":[{"taxonomy":"category","embeddable":true,"href":"https:\/\/digidem-bayern.de\/en\/wp-json\/wp\/v2\/categories?post=13166"},{"taxonomy":"post_tag","embeddable":true,"href":"https:\/\/digidem-bayern.de\/en\/wp-json\/wp\/v2\/tags?post=13166"}],"curies":[{"name":"wp","href":"https:\/\/api.w.org\/{rel}","templated":true}]}}