{"id":12721,"date":"2021-06-04T08:57:34","date_gmt":"2021-06-04T06:57:34","guid":{"rendered":"https:\/\/digidem-bayern.de\/?p=12721"},"modified":"2021-06-07T11:59:25","modified_gmt":"2021-06-07T09:59:25","slug":"unter-druck-berufstaetige-pflegende-angehoerige-von-menschen-mit-demenz","status":"publish","type":"post","link":"https:\/\/digidem-bayern.de\/en\/unter-druck-berufstaetige-pflegende-angehoerige-von-menschen-mit-demenz\/","title":{"rendered":"Unter Druck: Berufst\u00e4tige pflegende Angeh\u00f6rige von Menschen mit Demenz"},"content":{"rendered":"<h4 class=\"wp-block-heading\">Wenn jemand ein Familienmitglied pflegt und gleichzeitig noch voll im Beruf steht, kostet das viel Kraft. Diese Doppelbelastung wirkt sich noch st\u00e4rker aus, wenn es sich bei den Pflegebed\u00fcrftigen um Menschen mit Demenz handelt. Das zeigt eine aktuelle Untersuchung aus Kanada.&nbsp;&nbsp;&nbsp;&nbsp;<\/h4>\n\n\n\n<p>Die Studie von Joel Sadavoy und seinen Kolleg*innen bezieht sich dabei auf pflegende Angeh\u00f6rige, die in Vollzeit erwerbst\u00e4tig sind. Diesen falle es h\u00e4ufig schwer, ihre Arbeit und die Pflegeaufgaben in Einklang zu bringen. Die bisherige Forschung zeigt, dass sie emotional und psychisch st\u00e4rker belastet sind und auch mehr Fehlstunden aufweisen als ihre Kolleg*innen. Auch finanzielle Sorgen und soziale Isolation spielen eine Rolle.<\/p>\n\n\n\n<p><strong>H\u00f6herer Zeitaufwand, st\u00e4rkere psychische Belastung<\/strong><\/p>\n\n\n\n<p>In ihrer aktuellen Arbeit wollten die Autor*innen herausfinden, wie gro\u00df die Belastung speziell f\u00fcr berufst\u00e4tige pflegende Angeh\u00f6rige von Menschen mit Demenz ist. Denn die Versorgung von Demenz-Betroffenen sei besonders herausfordernd und unterscheide sich hinsichtlich der k\u00f6rperlichen, psychologischen, finanziellen und sozialen Auswirkungen von der anderer Erkrankter. Zum einen m\u00fcssten die Angeh\u00f6rigen h\u00e4ufig mehr Zeit f\u00fcr die Pflege aufwenden. Zum anderen seien sie durch Verhaltens-Ver\u00e4nderungen, die durch die Demenzerkrankung hervorgerufen werden, psychisch oft st\u00e4rker belastet: \u201cPflegende Angeh\u00f6rige stehen dieser chronischen, nicht behandelbaren und unaufhaltsam fortschreitenden Krankheit hilflos gegen\u00fcber\u201d, so die Autor*innen. Gleichzeitig k\u00f6nnten sie mit der Entwicklung von Trauergef\u00fchlen konfrontiert sein, die oft \u00fcber Jahre oder sogar Jahrzehnte anhalten.<\/p>\n\n\n\n<div class=\"wp-block-image\"><figure class=\"alignright size-medium\"><img loading=\"lazy\" decoding=\"async\" width=\"300\" height=\"212\" src=\"https:\/\/test.digidem-bayern.de\/wp-content\/uploads\/2020\/02\/belastung_angehoerige-300x212.jpg\" alt=\"Frau h\u00e4lt die H\u00e4nde vor ihr Gesicht, jemand reicht ihr eine Hand.\" class=\"wp-image-4445\" srcset=\"https:\/\/digidem-bayern.de\/wp-content\/uploads\/2020\/02\/belastung_angehoerige-300x212.jpg 300w, https:\/\/digidem-bayern.de\/wp-content\/uploads\/2020\/02\/belastung_angehoerige-1030x727.jpg 1030w, https:\/\/digidem-bayern.de\/wp-content\/uploads\/2020\/02\/belastung_angehoerige-768x542.jpg 768w, https:\/\/digidem-bayern.de\/wp-content\/uploads\/2020\/02\/belastung_angehoerige-140x100.jpg 140w, https:\/\/digidem-bayern.de\/wp-content\/uploads\/2020\/02\/belastung_angehoerige-495x350.jpg 495w, https:\/\/digidem-bayern.de\/wp-content\/uploads\/2020\/02\/belastung_angehoerige.jpg 1280w\" sizes=\"auto, (max-width: 300px) 100vw, 300px\" \/><\/figure><\/div>\n\n\n\n<p><strong>Forscher*innen verglichen drei Gruppen miteinander<\/strong><\/p>\n\n\n\n<p>Ist diese Personengruppe also st\u00e4rker belastet als berufst\u00e4tige Angeh\u00f6rige, die ein Familienmitglied ohne Demenz pflegen? Um das herauszufinden, werteten die Autor*innen die Angaben von 1.839 Personen aus, die zwischen M\u00e4rz 2015 und April 2016 an einer Online-Befragung teilgenommen hatten. Alle Befragten waren pflegende Angeh\u00f6rige und zugleich in Vollzeit erwerbsst\u00e4tig. Gut ein Drittel betreute ein Familienmitglied mit Demenz. Diese Gruppe wurde noch in zwei Unter-Gruppen aufgeteilt, je nachdem, ob die Beanspruchung und der Pflegebedarf aufgrund der Demenz niedrig oder mittel bis hoch waren. Somit verglichen die Forscher*innen insgesamt drei Gruppen miteinander.&nbsp;&nbsp;&nbsp;<\/p>\n\n\n\n<p><strong>Eine Gruppe war besonders stark beansprucht<\/strong><\/p>\n\n\n\n<p>Die Ergebnisse machen deutlich, dass berufst\u00e4tige pflegende Angeh\u00f6rige von Menschen mit Demenz mit mittlerem bis hohem Pflegebedarf deutlich st\u00e4rker belastet sind als diejenigen aus den anderen beiden Gruppen. Dabei zeigten sich gro\u00dfe Unterschiede zum Beispiel in Bezug auf erlebten Stress, depressive Verstimmung, Selbstwirksamkeit und dem Gef\u00fchl der Kontrolle \u00fcber das eigene Leben sowie verpasste Arzttermine. Zudem musste diese Gruppe mehr Zeit und Energie f\u00fcr die verschiedenen Pflegeaufgaben aufwenden und hatte gr\u00f6\u00dfere Schwierigkeiten damit, geeignete Informationen und Unterst\u00fctzung zu finden. In Bezug auf die Arbeit kam es bei den pflegenden Angeh\u00f6rigen von Menschen mit Demenz mit mittlerem bis hohem Pflegebedarf deutlich h\u00e4ufiger zu Gef\u00fchlen der \u00dcberlastung, zu Rollenkonflikten und zu Fehlzeiten &#8211; obwohl sie in gleichem Umfang wie ihre Kolleg*innen besch\u00e4ftigt sind. Anders ausgedr\u00fcckt: Trotz der hohen Pflege-Belastung arbeiteten sie weiterhin genauso viele Stunden und in den gleichen Berufen wie die anderen.<\/p>\n\n\n\n<p><strong>Hilfestellung f\u00fcr Entscheidungstr\u00e4ger<\/strong><\/p>\n\n\n\n<p>Zwischen den anderen beiden Gruppen, den pflegenden Angeh\u00f6rigen von Menschen mit Demenz mit niedrigem Pflegebedarf und denen von Personen ohne die Erkrankung, fanden die Forscher*innen keine gr\u00f6\u00dferen Unterschiede.<\/p>\n\n\n\n<p>Sie sehen die Ergebnisse ihrer Studie als Hilfestellung f\u00fcr politische Entscheidungstr\u00e4ger und Dienstleister, um die Unterst\u00fctzung und die Angebote f\u00fcr die besonders belastete Gruppe der berufst\u00e4tigen pflegenden Angeh\u00f6rigen zu verbessern, die Menschen mit Demenz mit mittlerem bis mittlerem Pflegebedarf versorgen.<\/p>\n\n\n\n<div style=\"height:30px\" aria-hidden=\"true\" class=\"wp-block-spacer\"><\/div>\n\n\n\n<p>Hier geht es zur Studie:<br><a href=\"https:\/\/www.tandfonline.com\/doi\/abs\/10.1080\/13607863.2021.1871878?journalCode=camh20\" target=\"_blank\" rel=\"noreferrer noopener\">The impact on employees of providing informal caregiving for someone with dementia<\/a> (Jan 2021)<br><\/p>","protected":false},"excerpt":{"rendered":"<p>Wenn jemand ein Familienmitglied pflegt und gleichzeitig noch voll im Beruf steht, kostet das viel Kraft. Diese Doppelbelastung wirkt sich noch st\u00e4rker aus, wenn es sich bei den Pflegebed\u00fcrftigen um Menschen mit Demenz handelt. Das zeigt eine aktuelle Untersuchung aus Kanada.&nbsp;&nbsp;&nbsp;&nbsp; Die Studie von Joel Sadavoy und seinen Kolleg*innen bezieht &hellip;<\/p>","protected":false},"author":11,"featured_media":4445,"comment_status":"open","ping_status":"closed","sticky":false,"template":"","format":"standard","meta":{"qubely_global_settings":"","qubely_interactions":"","_uag_custom_page_level_css":"","footnotes":""},"categories":[5],"tags":[321,14,17,55,323,175,93],"class_list":["post-12721","post","type-post","status-publish","format-standard","has-post-thumbnail","hentry","category-wissenschaft-forschung","tag-angehoerigenbelastung","tag-digidem","tag-digidem-bayern","tag-digitales-demenzregister-bayern","tag-doppelbelastung","tag-pflegebelastung","tag-pflegende-angehoerige"],"qubely_featured_image_url":{"full":["https:\/\/digidem-bayern.de\/wp-content\/uploads\/2020\/02\/belastung_angehoerige.jpg",1280,904,false],"landscape":["https:\/\/digidem-bayern.de\/wp-content\/uploads\/2020\/02\/belastung_angehoerige-1200x750.jpg",1200,750,true],"portraits":["https:\/\/digidem-bayern.de\/wp-content\/uploads\/2020\/02\/belastung_angehoerige-540x320.jpg",540,320,true],"thumbnail":["https:\/\/digidem-bayern.de\/wp-content\/uploads\/2020\/02\/belastung_angehoerige-80x80.jpg",80,80,true],"medium":["https:\/\/digidem-bayern.de\/wp-content\/uploads\/2020\/02\/belastung_angehoerige-300x212.jpg",300,212,true],"medium_large":["https:\/\/digidem-bayern.de\/wp-content\/uploads\/2020\/02\/belastung_angehoerige-768x542.jpg",768,542,true],"large":["https:\/\/digidem-bayern.de\/wp-content\/uploads\/2020\/02\/belastung_angehoerige-1030x727.jpg",1030,727,true],"1536x1536":["https:\/\/digidem-bayern.de\/wp-content\/uploads\/2020\/02\/belastung_angehoerige.jpg",1280,904,false],"2048x2048":["https:\/\/digidem-bayern.de\/wp-content\/uploads\/2020\/02\/belastung_angehoerige.jpg",1280,904,false],"trp-custom-language-flag":["https:\/\/digidem-bayern.de\/wp-content\/uploads\/2020\/02\/belastung_angehoerige.jpg",18,12,false],"qubely_landscape":["https:\/\/digidem-bayern.de\/wp-content\/uploads\/2020\/02\/belastung_angehoerige-1200x750.jpg",1200,750,true],"qubely_portrait":["https:\/\/digidem-bayern.de\/wp-content\/uploads\/2020\/02\/belastung_angehoerige-540x320.jpg",540,320,true],"qubely_thumbnail":["https:\/\/digidem-bayern.de\/wp-content\/uploads\/2020\/02\/belastung_angehoerige-140x100.jpg",140,100,true],"post-thumbnail":["https:\/\/digidem-bayern.de\/wp-content\/uploads\/2020\/02\/belastung_angehoerige-495x350.jpg",495,350,true],"kahuna-featured":["https:\/\/digidem-bayern.de\/wp-content\/uploads\/2020\/02\/belastung_angehoerige-495x350.jpg",495,350,true],"kahuna-featured-lp":["https:\/\/digidem-bayern.de\/wp-content\/uploads\/2020\/02\/belastung_angehoerige-690x350.jpg",520,264,true],"kahuna-featured-half":["https:\/\/digidem-bayern.de\/wp-content\/uploads\/2020\/02\/belastung_angehoerige-800x350.jpg",800,350,true],"kahuna-featured-third":["https:\/\/digidem-bayern.de\/wp-content\/uploads\/2020\/02\/belastung_angehoerige-512x350.jpg",512,350,true],"kahuna-lpbox-1":["https:\/\/digidem-bayern.de\/wp-content\/uploads\/2020\/02\/belastung_angehoerige-460x350.jpg",394,300,true],"kahuna-lpbox-2":["https:\/\/digidem-bayern.de\/wp-content\/uploads\/2020\/02\/belastung_angehoerige-460x350.jpg",460,350,true],"demand-language-flag":["https:\/\/digidem-bayern.de\/wp-content\/uploads\/2020\/02\/belastung_angehoerige.jpg",36,25,false],"dddkt-language-flag":["https:\/\/digidem-bayern.de\/wp-content\/uploads\/2020\/02\/belastung_angehoerige.jpg",36,25,false],"ddiqc-language-flag":["https:\/\/digidem-bayern.de\/wp-content\/uploads\/2020\/02\/belastung_angehoerige.jpg",36,25,false],"ddtl-language-flag":["https:\/\/digidem-bayern.de\/wp-content\/uploads\/2020\/02\/belastung_angehoerige.jpg",36,25,false],"mailpoet_newsletter_max":["https:\/\/digidem-bayern.de\/wp-content\/uploads\/2020\/02\/belastung_angehoerige.jpg",1280,904,false],"kahuna-lpbox-3":["https:\/\/digidem-bayern.de\/wp-content\/uploads\/2020\/02\/belastung_angehoerige-460x350.jpg",460,350,true],"kahuna-featured-square":["https:\/\/digidem-bayern.de\/wp-content\/uploads\/2020\/02\/belastung_angehoerige-512x512.jpg",512,512,true],"kahuna-featured-square-large":["https:\/\/digidem-bayern.de\/wp-content\/uploads\/2020\/02\/belastung_angehoerige-1024x904.jpg",1024,904,true]},"qubely_author":{"display_name":"Michael Zeiler","author_link":"https:\/\/digidem-bayern.de\/en\/author\/michael-zeiler\/"},"qubely_comment":0,"qubely_category":"<a href=\"https:\/\/digidem-bayern.de\/en\/category\/wissenschaft-forschung\/\" rel=\"category tag\">Wissenschaft &amp; Forschung<\/a>","qubely_excerpt":"Wenn jemand ein Familienmitglied pflegt und gleichzeitig noch voll im Beruf steht, kostet das viel Kraft. Diese Doppelbelastung wirkt sich noch st\u00e4rker aus, wenn es sich bei den Pflegebed\u00fcrftigen um Menschen mit Demenz handelt. Das zeigt eine aktuelle Untersuchung aus Kanada.&nbsp;&nbsp;&nbsp;&nbsp; Die Studie von Joel Sadavoy und seinen Kolleg*innen bezieht &hellip;","featured_image_urls_v2":{"full":["https:\/\/digidem-bayern.de\/wp-content\/uploads\/2020\/02\/belastung_angehoerige.jpg",1280,904,false],"thumbnail":["https:\/\/digidem-bayern.de\/wp-content\/uploads\/2020\/02\/belastung_angehoerige-80x80.jpg",80,80,true],"medium":["https:\/\/digidem-bayern.de\/wp-content\/uploads\/2020\/02\/belastung_angehoerige-300x212.jpg",300,212,true],"medium_large":["https:\/\/digidem-bayern.de\/wp-content\/uploads\/2020\/02\/belastung_angehoerige-768x542.jpg",768,542,true],"large":["https:\/\/digidem-bayern.de\/wp-content\/uploads\/2020\/02\/belastung_angehoerige-1030x727.jpg",1030,727,true],"1536x1536":["https:\/\/digidem-bayern.de\/wp-content\/uploads\/2020\/02\/belastung_angehoerige.jpg",1280,904,false],"2048x2048":["https:\/\/digidem-bayern.de\/wp-content\/uploads\/2020\/02\/belastung_angehoerige.jpg",1280,904,false],"trp-custom-language-flag":["https:\/\/digidem-bayern.de\/wp-content\/uploads\/2020\/02\/belastung_angehoerige.jpg",18,12,false],"qubely_landscape":["https:\/\/digidem-bayern.de\/wp-content\/uploads\/2020\/02\/belastung_angehoerige-1200x750.jpg",1200,750,true],"qubely_portrait":["https:\/\/digidem-bayern.de\/wp-content\/uploads\/2020\/02\/belastung_angehoerige-540x320.jpg",540,320,true],"qubely_thumbnail":["https:\/\/digidem-bayern.de\/wp-content\/uploads\/2020\/02\/belastung_angehoerige-140x100.jpg",140,100,true],"post-thumbnail":["https:\/\/digidem-bayern.de\/wp-content\/uploads\/2020\/02\/belastung_angehoerige-495x350.jpg",495,350,true],"kahuna-featured":["https:\/\/digidem-bayern.de\/wp-content\/uploads\/2020\/02\/belastung_angehoerige-495x350.jpg",495,350,true],"kahuna-featured-lp":["https:\/\/digidem-bayern.de\/wp-content\/uploads\/2020\/02\/belastung_angehoerige-690x350.jpg",520,264,true],"kahuna-featured-half":["https:\/\/digidem-bayern.de\/wp-content\/uploads\/2020\/02\/belastung_angehoerige-800x350.jpg",800,350,true],"kahuna-featured-third":["https:\/\/digidem-bayern.de\/wp-content\/uploads\/2020\/02\/belastung_angehoerige-512x350.jpg",512,350,true],"kahuna-lpbox-1":["https:\/\/digidem-bayern.de\/wp-content\/uploads\/2020\/02\/belastung_angehoerige-460x350.jpg",394,300,true],"kahuna-lpbox-2":["https:\/\/digidem-bayern.de\/wp-content\/uploads\/2020\/02\/belastung_angehoerige-460x350.jpg",460,350,true],"demand-language-flag":["https:\/\/digidem-bayern.de\/wp-content\/uploads\/2020\/02\/belastung_angehoerige.jpg",36,25,false],"dddkt-language-flag":["https:\/\/digidem-bayern.de\/wp-content\/uploads\/2020\/02\/belastung_angehoerige.jpg",36,25,false],"ddiqc-language-flag":["https:\/\/digidem-bayern.de\/wp-content\/uploads\/2020\/02\/belastung_angehoerige.jpg",36,25,false],"ddtl-language-flag":["https:\/\/digidem-bayern.de\/wp-content\/uploads\/2020\/02\/belastung_angehoerige.jpg",36,25,false],"mailpoet_newsletter_max":["https:\/\/digidem-bayern.de\/wp-content\/uploads\/2020\/02\/belastung_angehoerige.jpg",1280,904,false],"kahuna-lpbox-3":["https:\/\/digidem-bayern.de\/wp-content\/uploads\/2020\/02\/belastung_angehoerige-460x350.jpg",460,350,true],"kahuna-featured-square":["https:\/\/digidem-bayern.de\/wp-content\/uploads\/2020\/02\/belastung_angehoerige-512x512.jpg",512,512,true],"kahuna-featured-square-large":["https:\/\/digidem-bayern.de\/wp-content\/uploads\/2020\/02\/belastung_angehoerige-1024x904.jpg",1024,904,true]},"post_excerpt_stackable_v2":"<p>Wenn jemand ein Familienmitglied pflegt und gleichzeitig noch voll im Beruf steht, kostet das viel Kraft. Diese Doppelbelastung wirkt sich noch st\u00e4rker aus, wenn es sich bei den Pflegebed\u00fcrftigen um Menschen mit Demenz handelt. Das zeigt eine aktuelle Untersuchung aus Kanada.&nbsp;&nbsp;&nbsp;&nbsp; Die Studie von Joel Sadavoy und seinen Kolleg*innen bezieht sich dabei auf pflegende Angeh\u00f6rige, die in Vollzeit erwerbst\u00e4tig sind. Diesen falle es h\u00e4ufig schwer, ihre Arbeit und die Pflegeaufgaben in Einklang zu bringen. Die bisherige Forschung zeigt, dass sie emotional und psychisch st\u00e4rker belastet sind und auch mehr Fehlstunden aufweisen als ihre Kolleg*innen. Auch finanzielle Sorgen und soziale Isolation&hellip;<\/p>\n","category_list_v2":"<a href=\"https:\/\/digidem-bayern.de\/en\/category\/wissenschaft-forschung\/\" rel=\"category tag\">Wissenschaft &amp; Forschung<\/a>","author_info_v2":{"name":"Michael Zeiler","url":"https:\/\/digidem-bayern.de\/en\/author\/michael-zeiler\/"},"comments_num_v2":"0 comments","yoast_head":"<!-- This site is optimized with the Yoast SEO plugin v27.4 - https:\/\/yoast.com\/product\/yoast-seo-wordpress\/ -->\n<title>Unter Druck: Berufst\u00e4tige pflegende Angeh\u00f6rige von Menschen mit Demenz - digiDEM Bayern<\/title>\n<meta name=\"description\" content=\"Berufst\u00e4tige pflegende Angeh\u00f6rige von Menschen mit Demenz sind oft besonders stark belastet. Das zeigt eine aktuelle Studie.\" \/>\n<meta name=\"robots\" content=\"index, follow, max-snippet:-1, max-image-preview:large, max-video-preview:-1\" \/>\n<link rel=\"canonical\" href=\"https:\/\/digidem-bayern.de\/en\/unter-druck-berufstaetige-pflegende-angehoerige-von-menschen-mit-demenz\/\" \/>\n<meta property=\"og:locale\" content=\"en_US\" \/>\n<meta property=\"og:type\" content=\"article\" \/>\n<meta property=\"og:title\" content=\"Unter Druck: Berufst\u00e4tige pflegende Angeh\u00f6rige von Menschen mit Demenz - digiDEM Bayern\" \/>\n<meta property=\"og:description\" content=\"Berufst\u00e4tige pflegende Angeh\u00f6rige von Menschen mit Demenz sind oft besonders stark belastet. Das zeigt eine aktuelle Studie.\" \/>\n<meta property=\"og:url\" content=\"https:\/\/digidem-bayern.de\/en\/unter-druck-berufstaetige-pflegende-angehoerige-von-menschen-mit-demenz\/\" \/>\n<meta property=\"og:site_name\" content=\"digiDEM Bayern\" \/>\n<meta property=\"article:publisher\" content=\"https:\/\/www.facebook.com\/digiDEMBayern\/\" \/>\n<meta property=\"article:published_time\" content=\"2021-06-04T06:57:34+00:00\" \/>\n<meta property=\"article:modified_time\" content=\"2021-06-07T09:59:25+00:00\" \/>\n<meta property=\"og:image\" content=\"https:\/\/digidem-bayern.de\/wp-content\/uploads\/2020\/02\/belastung_angehoerige.jpg\" \/>\n\t<meta property=\"og:image:width\" content=\"1280\" \/>\n\t<meta property=\"og:image:height\" content=\"904\" \/>\n\t<meta property=\"og:image:type\" content=\"image\/jpeg\" \/>\n<meta name=\"author\" content=\"Michael Zeiler\" \/>\n<meta name=\"twitter:label1\" content=\"Written by\" \/>\n\t<meta name=\"twitter:data1\" content=\"Michael Zeiler\" \/>\n\t<meta name=\"twitter:label2\" content=\"Est. reading time\" \/>\n\t<meta name=\"twitter:data2\" content=\"3 minutes\" \/>\n<script type=\"application\/ld+json\" class=\"yoast-schema-graph\">{\"@context\":\"https:\\\/\\\/schema.org\",\"@graph\":[{\"@type\":\"Article\",\"@id\":\"https:\\\/\\\/digidem-bayern.de\\\/unter-druck-berufstaetige-pflegende-angehoerige-von-menschen-mit-demenz\\\/#article\",\"isPartOf\":{\"@id\":\"https:\\\/\\\/digidem-bayern.de\\\/unter-druck-berufstaetige-pflegende-angehoerige-von-menschen-mit-demenz\\\/\"},\"author\":{\"name\":\"Michael Zeiler\",\"@id\":\"\\\/#\\\/schema\\\/person\\\/92754ad381f49b3c358d1d8d2c4f90b8\"},\"headline\":\"Unter Druck: Berufst\u00e4tige pflegende Angeh\u00f6rige von Menschen mit Demenz\",\"datePublished\":\"2021-06-04T06:57:34+00:00\",\"dateModified\":\"2021-06-07T09:59:25+00:00\",\"mainEntityOfPage\":{\"@id\":\"https:\\\/\\\/digidem-bayern.de\\\/unter-druck-berufstaetige-pflegende-angehoerige-von-menschen-mit-demenz\\\/\"},\"wordCount\":621,\"commentCount\":0,\"publisher\":{\"@id\":\"\\\/#organization\"},\"image\":{\"@id\":\"https:\\\/\\\/digidem-bayern.de\\\/unter-druck-berufstaetige-pflegende-angehoerige-von-menschen-mit-demenz\\\/#primaryimage\"},\"thumbnailUrl\":\"https:\\\/\\\/digidem-bayern.de\\\/wp-content\\\/uploads\\\/2020\\\/02\\\/belastung_angehoerige.jpg\",\"keywords\":[\"Angeh\u00f6rigenbelastung\",\"digidem\",\"digidem Bayern\",\"Digitales Demenzregister Bayern\",\"Doppelbelastung\",\"Pflegebelastung\",\"pflegende Angeh\u00f6rige\"],\"articleSection\":[\"Wissenschaft &amp; Forschung\"],\"inLanguage\":\"en-US\",\"potentialAction\":[{\"@type\":\"CommentAction\",\"name\":\"Comment\",\"target\":[\"https:\\\/\\\/digidem-bayern.de\\\/unter-druck-berufstaetige-pflegende-angehoerige-von-menschen-mit-demenz\\\/#respond\"]}]},{\"@type\":\"WebPage\",\"@id\":\"https:\\\/\\\/digidem-bayern.de\\\/unter-druck-berufstaetige-pflegende-angehoerige-von-menschen-mit-demenz\\\/\",\"url\":\"https:\\\/\\\/digidem-bayern.de\\\/unter-druck-berufstaetige-pflegende-angehoerige-von-menschen-mit-demenz\\\/\",\"name\":\"Unter Druck: Berufst\u00e4tige pflegende Angeh\u00f6rige von Menschen mit Demenz - digiDEM Bayern\",\"isPartOf\":{\"@id\":\"\\\/#website\"},\"primaryImageOfPage\":{\"@id\":\"https:\\\/\\\/digidem-bayern.de\\\/unter-druck-berufstaetige-pflegende-angehoerige-von-menschen-mit-demenz\\\/#primaryimage\"},\"image\":{\"@id\":\"https:\\\/\\\/digidem-bayern.de\\\/unter-druck-berufstaetige-pflegende-angehoerige-von-menschen-mit-demenz\\\/#primaryimage\"},\"thumbnailUrl\":\"https:\\\/\\\/digidem-bayern.de\\\/wp-content\\\/uploads\\\/2020\\\/02\\\/belastung_angehoerige.jpg\",\"datePublished\":\"2021-06-04T06:57:34+00:00\",\"dateModified\":\"2021-06-07T09:59:25+00:00\",\"description\":\"Berufst\u00e4tige pflegende Angeh\u00f6rige von Menschen mit Demenz sind oft besonders stark belastet. Das zeigt eine aktuelle Studie.\",\"breadcrumb\":{\"@id\":\"https:\\\/\\\/digidem-bayern.de\\\/unter-druck-berufstaetige-pflegende-angehoerige-von-menschen-mit-demenz\\\/#breadcrumb\"},\"inLanguage\":\"en-US\",\"potentialAction\":[{\"@type\":\"ReadAction\",\"target\":[\"https:\\\/\\\/digidem-bayern.de\\\/unter-druck-berufstaetige-pflegende-angehoerige-von-menschen-mit-demenz\\\/\"]}]},{\"@type\":\"ImageObject\",\"inLanguage\":\"en-US\",\"@id\":\"https:\\\/\\\/digidem-bayern.de\\\/unter-druck-berufstaetige-pflegende-angehoerige-von-menschen-mit-demenz\\\/#primaryimage\",\"url\":\"https:\\\/\\\/digidem-bayern.de\\\/wp-content\\\/uploads\\\/2020\\\/02\\\/belastung_angehoerige.jpg\",\"contentUrl\":\"https:\\\/\\\/digidem-bayern.de\\\/wp-content\\\/uploads\\\/2020\\\/02\\\/belastung_angehoerige.jpg\",\"width\":1280,\"height\":904,\"caption\":\"Frau schl\u00e4gt die H\u00e4nde vors Gesicht, jemand reicht ihr eine Hand.\"},{\"@type\":\"BreadcrumbList\",\"@id\":\"https:\\\/\\\/digidem-bayern.de\\\/unter-druck-berufstaetige-pflegende-angehoerige-von-menschen-mit-demenz\\\/#breadcrumb\",\"itemListElement\":[{\"@type\":\"ListItem\",\"position\":1,\"name\":\"Startseite\",\"item\":\"https:\\\/\\\/digidem-bayern.de\\\/\"},{\"@type\":\"ListItem\",\"position\":2,\"name\":\"Unter Druck: Berufst\u00e4tige pflegende Angeh\u00f6rige von Menschen mit Demenz\"}]},{\"@type\":\"WebSite\",\"@id\":\"\\\/#website\",\"url\":\"\\\/\",\"name\":\"digiDEM Bayern\",\"description\":\"Das digitale Demenzregister Bayern erforscht und verbessert die Angebotsstuktur f\u00fcr Menschen mit Demenz und deren Angeh\u00f6rige\",\"publisher\":{\"@id\":\"\\\/#organization\"},\"potentialAction\":[{\"@type\":\"SearchAction\",\"target\":{\"@type\":\"EntryPoint\",\"urlTemplate\":\"\\\/?s={search_term_string}\"},\"query-input\":{\"@type\":\"PropertyValueSpecification\",\"valueRequired\":true,\"valueName\":\"search_term_string\"}}],\"inLanguage\":\"en-US\"},{\"@type\":\"Organization\",\"@id\":\"\\\/#organization\",\"name\":\"digiDEM Bayern\",\"url\":\"\\\/\",\"logo\":{\"@type\":\"ImageObject\",\"inLanguage\":\"en-US\",\"@id\":\"\\\/#\\\/schema\\\/logo\\\/image\\\/\",\"url\":\"https:\\\/\\\/digidem-bayern.de\\\/wp-content\\\/uploads\\\/2022\\\/03\\\/cropped-Allgemeines_digiDEMLOGO-removebg-preview.png\",\"contentUrl\":\"https:\\\/\\\/digidem-bayern.de\\\/wp-content\\\/uploads\\\/2022\\\/03\\\/cropped-Allgemeines_digiDEMLOGO-removebg-preview.png\",\"width\":612,\"height\":357,\"caption\":\"digiDEM Bayern\"},\"image\":{\"@id\":\"\\\/#\\\/schema\\\/logo\\\/image\\\/\"},\"sameAs\":[\"https:\\\/\\\/www.facebook.com\\\/digiDEMBayern\\\/\",\"https:\\\/\\\/x.com\\\/digidem_bayern\",\"https:\\\/\\\/www.instagram.com\\\/digidem.bayern\",\"https:\\\/\\\/www.linkedin.com\\\/company\\\/digidem-bayern\\\/\"]},{\"@type\":\"Person\",\"@id\":\"\\\/#\\\/schema\\\/person\\\/92754ad381f49b3c358d1d8d2c4f90b8\",\"name\":\"Michael Zeiler\",\"url\":\"https:\\\/\\\/digidem-bayern.de\\\/en\\\/author\\\/michael-zeiler\\\/\"}]}<\/script>\n<!-- \/ Yoast SEO plugin. -->","yoast_head_json":{"title":"Unter Druck: Berufst\u00e4tige pflegende Angeh\u00f6rige von Menschen mit Demenz - digiDEM Bayern","description":"Berufst\u00e4tige pflegende Angeh\u00f6rige von Menschen mit Demenz sind oft besonders stark belastet. Das zeigt eine aktuelle Studie.","robots":{"index":"index","follow":"follow","max-snippet":"max-snippet:-1","max-image-preview":"max-image-preview:large","max-video-preview":"max-video-preview:-1"},"canonical":"https:\/\/digidem-bayern.de\/en\/unter-druck-berufstaetige-pflegende-angehoerige-von-menschen-mit-demenz\/","og_locale":"en_US","og_type":"article","og_title":"Unter Druck: Berufst\u00e4tige pflegende Angeh\u00f6rige von Menschen mit Demenz - digiDEM Bayern","og_description":"Berufst\u00e4tige pflegende Angeh\u00f6rige von Menschen mit Demenz sind oft besonders stark belastet. Das zeigt eine aktuelle Studie.","og_url":"https:\/\/digidem-bayern.de\/en\/unter-druck-berufstaetige-pflegende-angehoerige-von-menschen-mit-demenz\/","og_site_name":"digiDEM Bayern","article_publisher":"https:\/\/www.facebook.com\/digiDEMBayern\/","article_published_time":"2021-06-04T06:57:34+00:00","article_modified_time":"2021-06-07T09:59:25+00:00","og_image":[{"width":1280,"height":904,"url":"https:\/\/digidem-bayern.de\/wp-content\/uploads\/2020\/02\/belastung_angehoerige.jpg","type":"image\/jpeg"}],"author":"Michael Zeiler","twitter_misc":{"Written by":"Michael Zeiler","Est. reading time":"3 minutes"},"schema":{"@context":"https:\/\/schema.org","@graph":[{"@type":"Article","@id":"https:\/\/digidem-bayern.de\/unter-druck-berufstaetige-pflegende-angehoerige-von-menschen-mit-demenz\/#article","isPartOf":{"@id":"https:\/\/digidem-bayern.de\/unter-druck-berufstaetige-pflegende-angehoerige-von-menschen-mit-demenz\/"},"author":{"name":"Michael Zeiler","@id":"\/#\/schema\/person\/92754ad381f49b3c358d1d8d2c4f90b8"},"headline":"Unter Druck: Berufst\u00e4tige pflegende Angeh\u00f6rige von Menschen mit Demenz","datePublished":"2021-06-04T06:57:34+00:00","dateModified":"2021-06-07T09:59:25+00:00","mainEntityOfPage":{"@id":"https:\/\/digidem-bayern.de\/unter-druck-berufstaetige-pflegende-angehoerige-von-menschen-mit-demenz\/"},"wordCount":621,"commentCount":0,"publisher":{"@id":"\/#organization"},"image":{"@id":"https:\/\/digidem-bayern.de\/unter-druck-berufstaetige-pflegende-angehoerige-von-menschen-mit-demenz\/#primaryimage"},"thumbnailUrl":"https:\/\/digidem-bayern.de\/wp-content\/uploads\/2020\/02\/belastung_angehoerige.jpg","keywords":["Angeh\u00f6rigenbelastung","digidem","digidem Bayern","Digitales Demenzregister Bayern","Doppelbelastung","Pflegebelastung","pflegende Angeh\u00f6rige"],"articleSection":["Wissenschaft &amp; Forschung"],"inLanguage":"en-US","potentialAction":[{"@type":"CommentAction","name":"Comment","target":["https:\/\/digidem-bayern.de\/unter-druck-berufstaetige-pflegende-angehoerige-von-menschen-mit-demenz\/#respond"]}]},{"@type":"WebPage","@id":"https:\/\/digidem-bayern.de\/unter-druck-berufstaetige-pflegende-angehoerige-von-menschen-mit-demenz\/","url":"https:\/\/digidem-bayern.de\/unter-druck-berufstaetige-pflegende-angehoerige-von-menschen-mit-demenz\/","name":"Unter Druck: Berufst\u00e4tige pflegende Angeh\u00f6rige von Menschen mit Demenz - digiDEM Bayern","isPartOf":{"@id":"\/#website"},"primaryImageOfPage":{"@id":"https:\/\/digidem-bayern.de\/unter-druck-berufstaetige-pflegende-angehoerige-von-menschen-mit-demenz\/#primaryimage"},"image":{"@id":"https:\/\/digidem-bayern.de\/unter-druck-berufstaetige-pflegende-angehoerige-von-menschen-mit-demenz\/#primaryimage"},"thumbnailUrl":"https:\/\/digidem-bayern.de\/wp-content\/uploads\/2020\/02\/belastung_angehoerige.jpg","datePublished":"2021-06-04T06:57:34+00:00","dateModified":"2021-06-07T09:59:25+00:00","description":"Berufst\u00e4tige pflegende Angeh\u00f6rige von Menschen mit Demenz sind oft besonders stark belastet. Das zeigt eine aktuelle Studie.","breadcrumb":{"@id":"https:\/\/digidem-bayern.de\/unter-druck-berufstaetige-pflegende-angehoerige-von-menschen-mit-demenz\/#breadcrumb"},"inLanguage":"en-US","potentialAction":[{"@type":"ReadAction","target":["https:\/\/digidem-bayern.de\/unter-druck-berufstaetige-pflegende-angehoerige-von-menschen-mit-demenz\/"]}]},{"@type":"ImageObject","inLanguage":"en-US","@id":"https:\/\/digidem-bayern.de\/unter-druck-berufstaetige-pflegende-angehoerige-von-menschen-mit-demenz\/#primaryimage","url":"https:\/\/digidem-bayern.de\/wp-content\/uploads\/2020\/02\/belastung_angehoerige.jpg","contentUrl":"https:\/\/digidem-bayern.de\/wp-content\/uploads\/2020\/02\/belastung_angehoerige.jpg","width":1280,"height":904,"caption":"Frau schl\u00e4gt die H\u00e4nde vors Gesicht, jemand reicht ihr eine Hand."},{"@type":"BreadcrumbList","@id":"https:\/\/digidem-bayern.de\/unter-druck-berufstaetige-pflegende-angehoerige-von-menschen-mit-demenz\/#breadcrumb","itemListElement":[{"@type":"ListItem","position":1,"name":"Startseite","item":"https:\/\/digidem-bayern.de\/"},{"@type":"ListItem","position":2,"name":"Unter Druck: Berufst\u00e4tige pflegende Angeh\u00f6rige von Menschen mit Demenz"}]},{"@type":"WebSite","@id":"\/#website","url":"\/","name":"digiDEM Bavaria","description":"The digital dementia register in Bavaria researches and improves the structure of services for people with dementia and their relatives","publisher":{"@id":"\/#organization"},"potentialAction":[{"@type":"SearchAction","target":{"@type":"EntryPoint","urlTemplate":"\/?s={search_term_string}"},"query-input":{"@type":"PropertyValueSpecification","valueRequired":true,"valueName":"search_term_string"}}],"inLanguage":"en-US"},{"@type":"Organization","@id":"\/#organization","name":"digiDEM Bavaria","url":"\/","logo":{"@type":"ImageObject","inLanguage":"en-US","@id":"\/#\/schema\/logo\/image\/","url":"https:\/\/digidem-bayern.de\/wp-content\/uploads\/2022\/03\/cropped-Allgemeines_digiDEMLOGO-removebg-preview.png","contentUrl":"https:\/\/digidem-bayern.de\/wp-content\/uploads\/2022\/03\/cropped-Allgemeines_digiDEMLOGO-removebg-preview.png","width":612,"height":357,"caption":"digiDEM Bayern"},"image":{"@id":"\/#\/schema\/logo\/image\/"},"sameAs":["https:\/\/www.facebook.com\/digiDEMBayern\/","https:\/\/x.com\/digidem_bayern","https:\/\/www.instagram.com\/digidem.bayern","https:\/\/www.linkedin.com\/company\/digidem-bayern\/"]},{"@type":"Person","@id":"\/#\/schema\/person\/92754ad381f49b3c358d1d8d2c4f90b8","name":"Michael Zeiler","url":"https:\/\/digidem-bayern.de\/en\/author\/michael-zeiler\/"}]}},"uagb_featured_image_src":{"full":["https:\/\/digidem-bayern.de\/wp-content\/uploads\/2020\/02\/belastung_angehoerige.jpg",1280,904,false],"thumbnail":["https:\/\/digidem-bayern.de\/wp-content\/uploads\/2020\/02\/belastung_angehoerige-80x80.jpg",80,80,true],"medium":["https:\/\/digidem-bayern.de\/wp-content\/uploads\/2020\/02\/belastung_angehoerige-300x212.jpg",300,212,true],"medium_large":["https:\/\/digidem-bayern.de\/wp-content\/uploads\/2020\/02\/belastung_angehoerige-768x542.jpg",768,542,true],"large":["https:\/\/digidem-bayern.de\/wp-content\/uploads\/2020\/02\/belastung_angehoerige-1030x727.jpg",1030,727,true],"1536x1536":["https:\/\/digidem-bayern.de\/wp-content\/uploads\/2020\/02\/belastung_angehoerige.jpg",1280,904,false],"2048x2048":["https:\/\/digidem-bayern.de\/wp-content\/uploads\/2020\/02\/belastung_angehoerige.jpg",1280,904,false],"trp-custom-language-flag":["https:\/\/digidem-bayern.de\/wp-content\/uploads\/2020\/02\/belastung_angehoerige.jpg",18,12,false],"qubely_landscape":["https:\/\/digidem-bayern.de\/wp-content\/uploads\/2020\/02\/belastung_angehoerige-1200x750.jpg",1200,750,true],"qubely_portrait":["https:\/\/digidem-bayern.de\/wp-content\/uploads\/2020\/02\/belastung_angehoerige-540x320.jpg",540,320,true],"qubely_thumbnail":["https:\/\/digidem-bayern.de\/wp-content\/uploads\/2020\/02\/belastung_angehoerige-140x100.jpg",140,100,true],"post-thumbnail":["https:\/\/digidem-bayern.de\/wp-content\/uploads\/2020\/02\/belastung_angehoerige-495x350.jpg",495,350,true],"kahuna-featured":["https:\/\/digidem-bayern.de\/wp-content\/uploads\/2020\/02\/belastung_angehoerige-495x350.jpg",495,350,true],"kahuna-featured-lp":["https:\/\/digidem-bayern.de\/wp-content\/uploads\/2020\/02\/belastung_angehoerige-690x350.jpg",520,264,true],"kahuna-featured-half":["https:\/\/digidem-bayern.de\/wp-content\/uploads\/2020\/02\/belastung_angehoerige-800x350.jpg",800,350,true],"kahuna-featured-third":["https:\/\/digidem-bayern.de\/wp-content\/uploads\/2020\/02\/belastung_angehoerige-512x350.jpg",512,350,true],"kahuna-lpbox-1":["https:\/\/digidem-bayern.de\/wp-content\/uploads\/2020\/02\/belastung_angehoerige-460x350.jpg",394,300,true],"kahuna-lpbox-2":["https:\/\/digidem-bayern.de\/wp-content\/uploads\/2020\/02\/belastung_angehoerige-460x350.jpg",460,350,true],"demand-language-flag":["https:\/\/digidem-bayern.de\/wp-content\/uploads\/2020\/02\/belastung_angehoerige.jpg",36,25,false],"dddkt-language-flag":["https:\/\/digidem-bayern.de\/wp-content\/uploads\/2020\/02\/belastung_angehoerige.jpg",36,25,false],"ddiqc-language-flag":["https:\/\/digidem-bayern.de\/wp-content\/uploads\/2020\/02\/belastung_angehoerige.jpg",36,25,false],"ddtl-language-flag":["https:\/\/digidem-bayern.de\/wp-content\/uploads\/2020\/02\/belastung_angehoerige.jpg",36,25,false],"mailpoet_newsletter_max":["https:\/\/digidem-bayern.de\/wp-content\/uploads\/2020\/02\/belastung_angehoerige.jpg",1280,904,false],"kahuna-lpbox-3":["https:\/\/digidem-bayern.de\/wp-content\/uploads\/2020\/02\/belastung_angehoerige-460x350.jpg",460,350,true],"kahuna-featured-square":["https:\/\/digidem-bayern.de\/wp-content\/uploads\/2020\/02\/belastung_angehoerige-512x512.jpg",512,512,true],"kahuna-featured-square-large":["https:\/\/digidem-bayern.de\/wp-content\/uploads\/2020\/02\/belastung_angehoerige-1024x904.jpg",1024,904,true]},"uagb_author_info":{"display_name":"Michael Zeiler","author_link":"https:\/\/digidem-bayern.de\/en\/author\/michael-zeiler\/"},"uagb_comment_info":0,"uagb_excerpt":"Wenn jemand ein Familienmitglied pflegt und gleichzeitig noch voll im Beruf steht, kostet das viel Kraft. Diese Doppelbelastung wirkt sich noch st\u00e4rker aus, wenn es sich bei den Pflegebed\u00fcrftigen um Menschen mit Demenz handelt. Das zeigt eine aktuelle Untersuchung aus Kanada.&nbsp;&nbsp;&nbsp;&nbsp; Die Studie von Joel Sadavoy und seinen Kolleg*innen bezieht &hellip;","_links":{"self":[{"href":"https:\/\/digidem-bayern.de\/en\/wp-json\/wp\/v2\/posts\/12721","targetHints":{"allow":["GET"]}}],"collection":[{"href":"https:\/\/digidem-bayern.de\/en\/wp-json\/wp\/v2\/posts"}],"about":[{"href":"https:\/\/digidem-bayern.de\/en\/wp-json\/wp\/v2\/types\/post"}],"author":[{"embeddable":true,"href":"https:\/\/digidem-bayern.de\/en\/wp-json\/wp\/v2\/users\/11"}],"replies":[{"embeddable":true,"href":"https:\/\/digidem-bayern.de\/en\/wp-json\/wp\/v2\/comments?post=12721"}],"version-history":[{"count":5,"href":"https:\/\/digidem-bayern.de\/en\/wp-json\/wp\/v2\/posts\/12721\/revisions"}],"predecessor-version":[{"id":12769,"href":"https:\/\/digidem-bayern.de\/en\/wp-json\/wp\/v2\/posts\/12721\/revisions\/12769"}],"wp:featuredmedia":[{"embeddable":true,"href":"https:\/\/digidem-bayern.de\/en\/wp-json\/wp\/v2\/media\/4445"}],"wp:attachment":[{"href":"https:\/\/digidem-bayern.de\/en\/wp-json\/wp\/v2\/media?parent=12721"}],"wp:term":[{"taxonomy":"category","embeddable":true,"href":"https:\/\/digidem-bayern.de\/en\/wp-json\/wp\/v2\/categories?post=12721"},{"taxonomy":"post_tag","embeddable":true,"href":"https:\/\/digidem-bayern.de\/en\/wp-json\/wp\/v2\/tags?post=12721"}],"curies":[{"name":"wp","href":"https:\/\/api.w.org\/{rel}","templated":true}]}}