{"id":12668,"date":"2021-05-31T09:16:58","date_gmt":"2021-05-31T07:16:58","guid":{"rendered":"https:\/\/digidem-bayern.de\/?p=12668"},"modified":"2021-06-07T11:59:42","modified_gmt":"2021-06-07T09:59:42","slug":"corona-belastung-pflegender-angehoeriger","status":"publish","type":"post","link":"https:\/\/digidem-bayern.de\/en\/corona-belastung-pflegender-angehoeriger\/","title":{"rendered":"Corona-Pandemie verst\u00e4rkt Belastung pflegender Angeh\u00f6riger"},"content":{"rendered":"<h4 class=\"wp-block-heading\">Kontaktbeschr\u00e4nkungen, Verlust von Unterst\u00fctzung, Ver\u00e4nderung der Alltagsstruktur: Die Corona-Pandemie stellt gerade f\u00fcr Menschen mit Demenz und ihre Angeh\u00f6rigen einen <a href=\"https:\/\/test.digidem-bayern.de\/folgen-des-lockdowns-bei-demenz\/\">tiefen Einschnitt<\/a> dar. Wie sie sich auf die Belastung pflegender Angeh\u00f6riger ausgewirkt hat, hat ein Forscherteam der Berliner Charit\u00e9 und des Zentrums f\u00fcr Qualit\u00e4t in der Pflege (ZQP) untersucht.<\/h4>\n\n\n\n<p>Bisherige Forschungs-Erkenntnisse deuten darauf hin, dass sich das Wohlbefinden von pflegenden Angeh\u00f6rigen w\u00e4hrend des Lockdowns im Vergleich zu Nicht-Pflegenden deutlich verschlechterte. Andrea Budnick von der Charit\u00e9 und ihre Kolleg*innen wollten diese Entwicklung genauer unter die Lupe nehmen.&nbsp;Ziel ihrer Studie war es, den Zusammenhang zwischen \u201eCorona-bedingten Belastungs- und Unterst\u00fctzungsfaktoren\u201c und dem \u201ePflegeeinsatz\u201c von pflegenden Angeh\u00f6rigen zu untersuchen. Unter \u201cCorona-bedingten Belastungs- und Unterst\u00fctzungsfaktoren\u201d fassten sie etwa Probleme bei der Umsetzung der Corona-Ma\u00dfnahmen oder auch den Verlust von Unterst\u00fctzung. Der Begriff \u201cPflegeeinsatz\u201d beinhaltete Punkte wie (hoher) Zeitaufwand, (hohe) Pflegestufe oder Demenz. Die Autor*innen gingen davon aus, dass die Mehrfachbelastung durch die Pandemie bei denjenigen st\u00e4rker ist, die einen h\u00f6heren Pflegeeinsatz angaben.<\/p>\n\n\n\n<div class=\"wp-block-image\"><figure class=\"alignright size-medium\"><img loading=\"lazy\" decoding=\"async\" width=\"300\" height=\"200\" src=\"https:\/\/test.digidem-bayern.de\/wp-content\/uploads\/2021\/05\/corona-4945389_1920-1-300x200.jpg\" alt=\"\" class=\"wp-image-12672\" srcset=\"https:\/\/digidem-bayern.de\/wp-content\/uploads\/2021\/05\/corona-4945389_1920-1-300x200.jpg 300w, https:\/\/digidem-bayern.de\/wp-content\/uploads\/2021\/05\/corona-4945389_1920-1-1030x687.jpg 1030w, https:\/\/digidem-bayern.de\/wp-content\/uploads\/2021\/05\/corona-4945389_1920-1-768x512.jpg 768w, https:\/\/digidem-bayern.de\/wp-content\/uploads\/2021\/05\/corona-4945389_1920-1-1536x1024.jpg 1536w, https:\/\/digidem-bayern.de\/wp-content\/uploads\/2021\/05\/corona-4945389_1920-1-525x350.jpg 525w, https:\/\/digidem-bayern.de\/wp-content\/uploads\/2021\/05\/corona-4945389_1920-1-1320x880.jpg 1320w, https:\/\/digidem-bayern.de\/wp-content\/uploads\/2021\/05\/corona-4945389_1920-1.jpg 1600w\" sizes=\"auto, (max-width: 300px) 100vw, 300px\" \/><\/figure><\/div>\n\n\n\n<p><strong>Online-Befragung w\u00e4hrend der Kontaktbeschr\u00e4nkungen<\/strong><\/p>\n\n\n\n<p>F\u00fcr ihre Studie werteten sie die Angaben von 1.000 in Deutschland lebenden pflegenden Angeh\u00f6rigen im Alter zwischen 40 und 85 Jahren aus. Diese hatten vom 21. April bis 2. Mai 2020 an einer Online-Befragung teilgenommen, und somit in einer Zeit, in der die Kontaktbeschr\u00e4nkungen galten. Die Befragten waren durchschnittlich 60 Jahre alt. Mehr als die H\u00e4lfte waren Frauen; ebenfalls mehr als die H\u00e4lfte war berufst\u00e4tig.<\/p>\n\n\n\n<p>Bei der Online-Befragung wurden unter anderem folgende Punkte erhoben:<\/p>\n\n\n\n<ul class=\"wp-block-list\"><li><strong>Negative Gef\u00fchle in der Pflege<\/strong>: Hier ging es darum, ob sich Gef\u00fchle, die durch die aktuelle Situation ausgel\u00f6st wurden (etwa Hilflosigkeit, emotional belastende Konflikte mit der Pflegeperson oder Verzweiflung) auf die Pflegesituation ausgewirkt haben.<\/li><li><strong>Sorgen und \u00dcberforderung<\/strong>: Es sollten Aussagen bewertet werden wie: \u201cMeine finanzielle Situation hat sich durch die Kombination von Pflegearbeit und der Corona-Situation verschlechtert\u201d oder \u201cIch habe mehr Arbeit, weil Unterst\u00fctzungsstrukturen weggefallen sind.\u201d<\/li><li><strong>Probleme bei der Umsetzung von Corona-Ma\u00dfnahmen<\/strong>: Wie schwer fielen den Befragten Aspekte wie \u201ck\u00f6rperlichen Kontakt mit dem Pflegebed\u00fcrftigen m\u00f6glichst vermeiden\u201d oder \u201cdem Pflegebed\u00fcrftigen die Corona-Situation erkl\u00e4ren und\/oder ihn beruhigen\u201d?<\/li><li><strong>Verlust von Unterst\u00fctzung<\/strong>: zum Beispiel durch Tagespflege, ambulante Pflege, 24-Stunden-Pflegekr\u00e4fte, Familienangeh\u00f6rige und Nachbarn.<\/li><\/ul>\n\n\n\n<p>Diese und weitere Punkte wurden mit f\u00fcnf Faktoren in Beziehung gesetzt, die Aufschluss \u00fcber den Pflegeeinsatz gaben: Hauptpflegeperson sein, hoher Zeitaufwand, hoher Pflegegrad, Demenz, keine professionelle Hilfe.<\/p>\n\n\n\n<p><strong>Angeh\u00f6rige von Menschen mit Demenz f\u00fchlten sich verst\u00e4rkt belastet<\/strong><\/p>\n\n\n\n<p>Die Ergebnisse zeigen, dass die Corona-Pandemie die Belastung pflegender Angeh\u00f6riger insgesamt verst\u00e4rkt hat. So gab fast ein Drittel der Hauptpflegepersonen an, dass sich ihre Pflegesituation verschlechtert hat. Bei den Angeh\u00f6rigen von Menschen mit Demenz war der Anteil mit knapp 40 Prozent sogar noch h\u00f6her. Sie berichteten auch h\u00e4ufiger von negativen Gef\u00fchlen, Sorgen und \u00dcberforderung sowie dem Verlust von Unterst\u00fctzung und hatten mehr Probleme mit der Umsetzung von Corona-Ma\u00dfnahmen.<\/p>\n\n\n\n<p><strong>\u201eBestehende Unterst\u00fctzungsangebote dringend aufrechterhalten\u201c<\/strong><\/p>\n\n\n\n<p>Die Autor*innen weisen in diesem Zusammenhang darauf hin, dass Studien zufolge jede Ver\u00e4nderung in der t\u00e4glichen Routine, z. B. die Durchf\u00fchrung von Hygienema\u00dfnahmen oder Wechsel der Betreuung, Stress f\u00fcr Menschen mit Demenz und auch f\u00fcr die pflegenden Angeh\u00f6rigen verursachen. \u201cDaher deuten unsere Ergebnisse darauf hin, dass bestehende Unterst\u00fctzungsstrukturen dringend aufrechterhalten werden m\u00fcssen und der Bedarf an Unterst\u00fctzung w\u00e4hrend der COVID-19-Pandemie bei Menschen mit Demenz und ihren Betreuern sogar h\u00f6her sein k\u00f6nnte als zuvor\u201d, so die Forscher*innen. \u201cSpezifische COVID-19-Pflegeangebote k\u00f6nnten einen Teil der zus\u00e4tzlichen Belastung abfedern\u201d. Dar\u00fcber hinaus weisen die Forscher*innen auf die M\u00f6glichkeit von Telefon- oder Videokonferenzen hin, um mit Freunden und Verwandten in Kontakt zu bleiben, um Sorgen zu besprechen und die verlorene Unterst\u00fctzung etwas aufzufangen.<\/p>\n\n\n\n<div style=\"height:30px\" aria-hidden=\"true\" class=\"wp-block-spacer\"><\/div>\n\n\n\n<p>Hier geht es zur Studie:<br><a href=\"https:\/\/bmchealthservres.biomedcentral.com\/articles\/10.1186\/s12913-021-06359-7\" target=\"_blank\" rel=\"noreferrer noopener\">Informal caregivers during the COVID-19 pandemic perceive additional burden: findings from an ad-hoc survey in Germany<\/a> (April 2021)<\/p>\n\n\n\n<p><\/p>","protected":false},"excerpt":{"rendered":"<p>Kontaktbeschr\u00e4nkungen, Verlust von Unterst\u00fctzung, Ver\u00e4nderung der Alltagsstruktur: Die Corona-Pandemie stellt gerade f\u00fcr Menschen mit Demenz und ihre Angeh\u00f6rigen einen tiefen Einschnitt dar. Wie sie sich auf die Belastung pflegender Angeh\u00f6riger ausgewirkt hat, hat ein Forscherteam der Berliner Charit\u00e9 und des Zentrums f\u00fcr Qualit\u00e4t in der Pflege (ZQP) untersucht. Bisherige Forschungs-Erkenntnisse &hellip;<\/p>","protected":false},"author":11,"featured_media":12671,"comment_status":"open","ping_status":"closed","sticky":false,"template":"","format":"standard","meta":{"qubely_global_settings":"","qubely_interactions":"","_uag_custom_page_level_css":"","footnotes":""},"categories":[5],"tags":[13,321,89,322,12,14,17,55,233,91,93],"class_list":["post-12668","post","type-post","status-publish","format-standard","has-post-thumbnail","hentry","category-wissenschaft-forschung","tag-alzheimer","tag-angehoerigenbelastung","tag-corona","tag-coronakrise","tag-demenz-2","tag-digidem","tag-digidem-bayern","tag-digitales-demenzregister-bayern","tag-lockdown","tag-pandemie","tag-pflegende-angehoerige"],"qubely_featured_image_url":{"full":["https:\/\/digidem-bayern.de\/wp-content\/uploads\/2021\/05\/corona-4945389_1920.jpg",1600,1067,false],"landscape":["https:\/\/digidem-bayern.de\/wp-content\/uploads\/2021\/05\/corona-4945389_1920-1200x750.jpg",1200,750,true],"portraits":["https:\/\/digidem-bayern.de\/wp-content\/uploads\/2021\/05\/corona-4945389_1920-540x320.jpg",540,320,true],"thumbnail":["https:\/\/digidem-bayern.de\/wp-content\/uploads\/2021\/05\/corona-4945389_1920-80x80.jpg",80,80,true],"medium":["https:\/\/digidem-bayern.de\/wp-content\/uploads\/2021\/05\/corona-4945389_1920-300x200.jpg",300,200,true],"medium_large":["https:\/\/digidem-bayern.de\/wp-content\/uploads\/2021\/05\/corona-4945389_1920-768x512.jpg",768,512,true],"large":["https:\/\/digidem-bayern.de\/wp-content\/uploads\/2021\/05\/corona-4945389_1920-1030x687.jpg",1030,687,true],"1536x1536":["https:\/\/digidem-bayern.de\/wp-content\/uploads\/2021\/05\/corona-4945389_1920-1536x1024.jpg",1536,1024,true],"2048x2048":["https:\/\/digidem-bayern.de\/wp-content\/uploads\/2021\/05\/corona-4945389_1920.jpg",1600,1067,false],"trp-custom-language-flag":["https:\/\/digidem-bayern.de\/wp-content\/uploads\/2021\/05\/corona-4945389_1920.jpg",18,12,false],"qubely_landscape":["https:\/\/digidem-bayern.de\/wp-content\/uploads\/2021\/05\/corona-4945389_1920-1200x750.jpg",1200,750,true],"qubely_portrait":["https:\/\/digidem-bayern.de\/wp-content\/uploads\/2021\/05\/corona-4945389_1920-540x320.jpg",540,320,true],"qubely_thumbnail":["https:\/\/digidem-bayern.de\/wp-content\/uploads\/2021\/05\/corona-4945389_1920-140x100.jpg",140,100,true],"post-thumbnail":["https:\/\/digidem-bayern.de\/wp-content\/uploads\/2021\/05\/corona-4945389_1920-525x350.jpg",525,350,true],"kahuna-featured":["https:\/\/digidem-bayern.de\/wp-content\/uploads\/2021\/05\/corona-4945389_1920-734x350.jpg",734,350,true],"kahuna-featured-lp":["https:\/\/digidem-bayern.de\/wp-content\/uploads\/2021\/05\/corona-4945389_1920-520x350.jpg",520,350,true],"kahuna-featured-half":["https:\/\/digidem-bayern.de\/wp-content\/uploads\/2021\/05\/corona-4945389_1920-800x350.jpg",800,350,true],"kahuna-featured-third":["https:\/\/digidem-bayern.de\/wp-content\/uploads\/2021\/05\/corona-4945389_1920-512x350.jpg",512,350,true],"kahuna-lpbox-1":["https:\/\/digidem-bayern.de\/wp-content\/uploads\/2021\/05\/corona-4945389_1920-520x350.jpg",446,300,true],"kahuna-lpbox-2":["https:\/\/digidem-bayern.de\/wp-content\/uploads\/2021\/05\/corona-4945389_1920-520x350.jpg",520,350,true],"demand-language-flag":["https:\/\/digidem-bayern.de\/wp-content\/uploads\/2021\/05\/corona-4945389_1920.jpg",36,24,false],"dddkt-language-flag":["https:\/\/digidem-bayern.de\/wp-content\/uploads\/2021\/05\/corona-4945389_1920.jpg",36,24,false],"ddiqc-language-flag":["https:\/\/digidem-bayern.de\/wp-content\/uploads\/2021\/05\/corona-4945389_1920.jpg",36,24,false],"ddtl-language-flag":["https:\/\/digidem-bayern.de\/wp-content\/uploads\/2021\/05\/corona-4945389_1920.jpg",36,24,false],"mailpoet_newsletter_max":["https:\/\/digidem-bayern.de\/wp-content\/uploads\/2021\/05\/corona-4945389_1920-1320x880.jpg",1320,880,true],"kahuna-lpbox-3":["https:\/\/digidem-bayern.de\/wp-content\/uploads\/2021\/05\/corona-4945389_1920-520x350.jpg",520,350,true],"kahuna-featured-square":["https:\/\/digidem-bayern.de\/wp-content\/uploads\/2021\/05\/corona-4945389_1920-512x512.jpg",512,512,true],"kahuna-featured-square-large":["https:\/\/digidem-bayern.de\/wp-content\/uploads\/2021\/05\/corona-4945389_1920-1024x1024.jpg",1024,1024,true]},"qubely_author":{"display_name":"Michael Zeiler","author_link":"https:\/\/digidem-bayern.de\/en\/author\/michael-zeiler\/"},"qubely_comment":4,"qubely_category":"<a href=\"https:\/\/digidem-bayern.de\/en\/category\/wissenschaft-forschung\/\" rel=\"category tag\">Wissenschaft &amp; Forschung<\/a>","qubely_excerpt":"Kontaktbeschr\u00e4nkungen, Verlust von Unterst\u00fctzung, Ver\u00e4nderung der Alltagsstruktur: Die Corona-Pandemie stellt gerade f\u00fcr Menschen mit Demenz und ihre Angeh\u00f6rigen einen tiefen Einschnitt dar. Wie sie sich auf die Belastung pflegender Angeh\u00f6riger ausgewirkt hat, hat ein Forscherteam der Berliner Charit\u00e9 und des Zentrums f\u00fcr Qualit\u00e4t in der Pflege (ZQP) untersucht. Bisherige Forschungs-Erkenntnisse &hellip;","featured_image_urls_v2":{"full":["https:\/\/digidem-bayern.de\/wp-content\/uploads\/2021\/05\/corona-4945389_1920.jpg",1600,1067,false],"thumbnail":["https:\/\/digidem-bayern.de\/wp-content\/uploads\/2021\/05\/corona-4945389_1920-80x80.jpg",80,80,true],"medium":["https:\/\/digidem-bayern.de\/wp-content\/uploads\/2021\/05\/corona-4945389_1920-300x200.jpg",300,200,true],"medium_large":["https:\/\/digidem-bayern.de\/wp-content\/uploads\/2021\/05\/corona-4945389_1920-768x512.jpg",768,512,true],"large":["https:\/\/digidem-bayern.de\/wp-content\/uploads\/2021\/05\/corona-4945389_1920-1030x687.jpg",1030,687,true],"1536x1536":["https:\/\/digidem-bayern.de\/wp-content\/uploads\/2021\/05\/corona-4945389_1920-1536x1024.jpg",1536,1024,true],"2048x2048":["https:\/\/digidem-bayern.de\/wp-content\/uploads\/2021\/05\/corona-4945389_1920.jpg",1600,1067,false],"trp-custom-language-flag":["https:\/\/digidem-bayern.de\/wp-content\/uploads\/2021\/05\/corona-4945389_1920.jpg",18,12,false],"qubely_landscape":["https:\/\/digidem-bayern.de\/wp-content\/uploads\/2021\/05\/corona-4945389_1920-1200x750.jpg",1200,750,true],"qubely_portrait":["https:\/\/digidem-bayern.de\/wp-content\/uploads\/2021\/05\/corona-4945389_1920-540x320.jpg",540,320,true],"qubely_thumbnail":["https:\/\/digidem-bayern.de\/wp-content\/uploads\/2021\/05\/corona-4945389_1920-140x100.jpg",140,100,true],"post-thumbnail":["https:\/\/digidem-bayern.de\/wp-content\/uploads\/2021\/05\/corona-4945389_1920-525x350.jpg",525,350,true],"kahuna-featured":["https:\/\/digidem-bayern.de\/wp-content\/uploads\/2021\/05\/corona-4945389_1920-734x350.jpg",734,350,true],"kahuna-featured-lp":["https:\/\/digidem-bayern.de\/wp-content\/uploads\/2021\/05\/corona-4945389_1920-520x350.jpg",520,350,true],"kahuna-featured-half":["https:\/\/digidem-bayern.de\/wp-content\/uploads\/2021\/05\/corona-4945389_1920-800x350.jpg",800,350,true],"kahuna-featured-third":["https:\/\/digidem-bayern.de\/wp-content\/uploads\/2021\/05\/corona-4945389_1920-512x350.jpg",512,350,true],"kahuna-lpbox-1":["https:\/\/digidem-bayern.de\/wp-content\/uploads\/2021\/05\/corona-4945389_1920-520x350.jpg",446,300,true],"kahuna-lpbox-2":["https:\/\/digidem-bayern.de\/wp-content\/uploads\/2021\/05\/corona-4945389_1920-520x350.jpg",520,350,true],"demand-language-flag":["https:\/\/digidem-bayern.de\/wp-content\/uploads\/2021\/05\/corona-4945389_1920.jpg",36,24,false],"dddkt-language-flag":["https:\/\/digidem-bayern.de\/wp-content\/uploads\/2021\/05\/corona-4945389_1920.jpg",36,24,false],"ddiqc-language-flag":["https:\/\/digidem-bayern.de\/wp-content\/uploads\/2021\/05\/corona-4945389_1920.jpg",36,24,false],"ddtl-language-flag":["https:\/\/digidem-bayern.de\/wp-content\/uploads\/2021\/05\/corona-4945389_1920.jpg",36,24,false],"mailpoet_newsletter_max":["https:\/\/digidem-bayern.de\/wp-content\/uploads\/2021\/05\/corona-4945389_1920-1320x880.jpg",1320,880,true],"kahuna-lpbox-3":["https:\/\/digidem-bayern.de\/wp-content\/uploads\/2021\/05\/corona-4945389_1920-520x350.jpg",520,350,true],"kahuna-featured-square":["https:\/\/digidem-bayern.de\/wp-content\/uploads\/2021\/05\/corona-4945389_1920-512x512.jpg",512,512,true],"kahuna-featured-square-large":["https:\/\/digidem-bayern.de\/wp-content\/uploads\/2021\/05\/corona-4945389_1920-1024x1024.jpg",1024,1024,true]},"post_excerpt_stackable_v2":"<p>Kontaktbeschr\u00e4nkungen, Verlust von Unterst\u00fctzung, Ver\u00e4nderung der Alltagsstruktur: Die Corona-Pandemie stellt gerade f\u00fcr Menschen mit Demenz und ihre Angeh\u00f6rigen einen tiefen Einschnitt dar. Wie sie sich auf die Belastung pflegender Angeh\u00f6riger ausgewirkt hat, hat ein Forscherteam der Berliner Charit\u00e9 und des Zentrums f\u00fcr Qualit\u00e4t in der Pflege (ZQP) untersucht. Bisherige Forschungs-Erkenntnisse deuten darauf hin, dass sich das Wohlbefinden von pflegenden Angeh\u00f6rigen w\u00e4hrend des Lockdowns im Vergleich zu Nicht-Pflegenden deutlich verschlechterte. Andrea Budnick von der Charit\u00e9 und ihre Kolleg*innen wollten diese Entwicklung genauer unter die Lupe nehmen.&nbsp;Ziel ihrer Studie war es, den Zusammenhang zwischen \u201eCorona-bedingten Belastungs- und Unterst\u00fctzungsfaktoren\u201c und dem \u201ePflegeeinsatz\u201c von&hellip;<\/p>\n","category_list_v2":"<a href=\"https:\/\/digidem-bayern.de\/en\/category\/wissenschaft-forschung\/\" rel=\"category tag\">Wissenschaft &amp; Forschung<\/a>","author_info_v2":{"name":"Michael Zeiler","url":"https:\/\/digidem-bayern.de\/en\/author\/michael-zeiler\/"},"comments_num_v2":"3 comments","yoast_head":"<!-- This site is optimized with the Yoast SEO plugin v27.4 - https:\/\/yoast.com\/product\/yoast-seo-wordpress\/ -->\n<title>Corona-Pandemie verst\u00e4rkt Belastung pflegender Angeh\u00f6riger - digiDEM Bayern<\/title>\n<meta name=\"description\" content=\"Berliner Forscher haben die Auswirkungen der Corona-Pandemie auf pflegende Angeh\u00f6rige von Menschen mit Demenz untersucht.\" \/>\n<meta name=\"robots\" content=\"index, follow, max-snippet:-1, max-image-preview:large, max-video-preview:-1\" \/>\n<link rel=\"canonical\" href=\"https:\/\/digidem-bayern.de\/en\/corona-belastung-pflegender-angehoeriger\/\" \/>\n<meta property=\"og:locale\" content=\"en_US\" \/>\n<meta property=\"og:type\" content=\"article\" \/>\n<meta property=\"og:title\" content=\"Corona-Pandemie verst\u00e4rkt Belastung pflegender Angeh\u00f6riger - digiDEM Bayern\" \/>\n<meta property=\"og:description\" content=\"Berliner Forscher haben die Auswirkungen der Corona-Pandemie auf pflegende Angeh\u00f6rige von Menschen mit Demenz untersucht.\" \/>\n<meta property=\"og:url\" content=\"https:\/\/digidem-bayern.de\/en\/corona-belastung-pflegender-angehoeriger\/\" \/>\n<meta property=\"og:site_name\" content=\"digiDEM Bayern\" \/>\n<meta property=\"article:publisher\" content=\"https:\/\/www.facebook.com\/digiDEMBayern\/\" \/>\n<meta property=\"article:published_time\" content=\"2021-05-31T07:16:58+00:00\" \/>\n<meta property=\"article:modified_time\" content=\"2021-06-07T09:59:42+00:00\" \/>\n<meta property=\"og:image\" content=\"https:\/\/digidem-bayern.de\/wp-content\/uploads\/2021\/05\/corona-4945389_1920.jpg\" \/>\n\t<meta property=\"og:image:width\" content=\"1600\" \/>\n\t<meta property=\"og:image:height\" content=\"1067\" \/>\n\t<meta property=\"og:image:type\" content=\"image\/jpeg\" \/>\n<meta name=\"author\" content=\"Michael Zeiler\" \/>\n<meta name=\"twitter:label1\" content=\"Written by\" \/>\n\t<meta name=\"twitter:data1\" content=\"Michael Zeiler\" \/>\n\t<meta name=\"twitter:label2\" content=\"Est. reading time\" \/>\n\t<meta name=\"twitter:data2\" content=\"3 minutes\" \/>\n<script type=\"application\/ld+json\" class=\"yoast-schema-graph\">{\"@context\":\"https:\\\/\\\/schema.org\",\"@graph\":[{\"@type\":\"Article\",\"@id\":\"https:\\\/\\\/digidem-bayern.de\\\/corona-belastung-pflegender-angehoeriger\\\/#article\",\"isPartOf\":{\"@id\":\"https:\\\/\\\/digidem-bayern.de\\\/corona-belastung-pflegender-angehoeriger\\\/\"},\"author\":{\"name\":\"Michael Zeiler\",\"@id\":\"\\\/#\\\/schema\\\/person\\\/92754ad381f49b3c358d1d8d2c4f90b8\"},\"headline\":\"Corona-Pandemie verst\u00e4rkt Belastung pflegender Angeh\u00f6riger\",\"datePublished\":\"2021-05-31T07:16:58+00:00\",\"dateModified\":\"2021-06-07T09:59:42+00:00\",\"mainEntityOfPage\":{\"@id\":\"https:\\\/\\\/digidem-bayern.de\\\/corona-belastung-pflegender-angehoeriger\\\/\"},\"wordCount\":667,\"commentCount\":3,\"publisher\":{\"@id\":\"\\\/#organization\"},\"image\":{\"@id\":\"https:\\\/\\\/digidem-bayern.de\\\/corona-belastung-pflegender-angehoeriger\\\/#primaryimage\"},\"thumbnailUrl\":\"https:\\\/\\\/digidem-bayern.de\\\/wp-content\\\/uploads\\\/2021\\\/05\\\/corona-4945389_1920.jpg\",\"keywords\":[\"Alzheimer\",\"Angeh\u00f6rigenbelastung\",\"Corona\",\"Coronakrise\",\"Demenz\",\"digidem\",\"digidem Bayern\",\"Digitales Demenzregister Bayern\",\"Lockdown\",\"Pandemie\",\"pflegende Angeh\u00f6rige\"],\"articleSection\":[\"Wissenschaft &amp; Forschung\"],\"inLanguage\":\"en-US\",\"potentialAction\":[{\"@type\":\"CommentAction\",\"name\":\"Comment\",\"target\":[\"https:\\\/\\\/digidem-bayern.de\\\/corona-belastung-pflegender-angehoeriger\\\/#respond\"]}]},{\"@type\":\"WebPage\",\"@id\":\"https:\\\/\\\/digidem-bayern.de\\\/corona-belastung-pflegender-angehoeriger\\\/\",\"url\":\"https:\\\/\\\/digidem-bayern.de\\\/corona-belastung-pflegender-angehoeriger\\\/\",\"name\":\"Corona-Pandemie verst\u00e4rkt Belastung pflegender Angeh\u00f6riger - digiDEM Bayern\",\"isPartOf\":{\"@id\":\"\\\/#website\"},\"primaryImageOfPage\":{\"@id\":\"https:\\\/\\\/digidem-bayern.de\\\/corona-belastung-pflegender-angehoeriger\\\/#primaryimage\"},\"image\":{\"@id\":\"https:\\\/\\\/digidem-bayern.de\\\/corona-belastung-pflegender-angehoeriger\\\/#primaryimage\"},\"thumbnailUrl\":\"https:\\\/\\\/digidem-bayern.de\\\/wp-content\\\/uploads\\\/2021\\\/05\\\/corona-4945389_1920.jpg\",\"datePublished\":\"2021-05-31T07:16:58+00:00\",\"dateModified\":\"2021-06-07T09:59:42+00:00\",\"description\":\"Berliner Forscher haben die Auswirkungen der Corona-Pandemie auf pflegende Angeh\u00f6rige von Menschen mit Demenz untersucht.\",\"breadcrumb\":{\"@id\":\"https:\\\/\\\/digidem-bayern.de\\\/corona-belastung-pflegender-angehoeriger\\\/#breadcrumb\"},\"inLanguage\":\"en-US\",\"potentialAction\":[{\"@type\":\"ReadAction\",\"target\":[\"https:\\\/\\\/digidem-bayern.de\\\/corona-belastung-pflegender-angehoeriger\\\/\"]}]},{\"@type\":\"ImageObject\",\"inLanguage\":\"en-US\",\"@id\":\"https:\\\/\\\/digidem-bayern.de\\\/corona-belastung-pflegender-angehoeriger\\\/#primaryimage\",\"url\":\"https:\\\/\\\/digidem-bayern.de\\\/wp-content\\\/uploads\\\/2021\\\/05\\\/corona-4945389_1920.jpg\",\"contentUrl\":\"https:\\\/\\\/digidem-bayern.de\\\/wp-content\\\/uploads\\\/2021\\\/05\\\/corona-4945389_1920.jpg\",\"width\":1600,\"height\":1067,\"caption\":\"Frau mit Atemschutzmaske\"},{\"@type\":\"BreadcrumbList\",\"@id\":\"https:\\\/\\\/digidem-bayern.de\\\/corona-belastung-pflegender-angehoeriger\\\/#breadcrumb\",\"itemListElement\":[{\"@type\":\"ListItem\",\"position\":1,\"name\":\"Startseite\",\"item\":\"https:\\\/\\\/digidem-bayern.de\\\/\"},{\"@type\":\"ListItem\",\"position\":2,\"name\":\"Corona-Pandemie verst\u00e4rkt Belastung pflegender Angeh\u00f6riger\"}]},{\"@type\":\"WebSite\",\"@id\":\"\\\/#website\",\"url\":\"\\\/\",\"name\":\"digiDEM Bayern\",\"description\":\"Das digitale Demenzregister Bayern erforscht und verbessert die Angebotsstuktur f\u00fcr Menschen mit Demenz und deren Angeh\u00f6rige\",\"publisher\":{\"@id\":\"\\\/#organization\"},\"potentialAction\":[{\"@type\":\"SearchAction\",\"target\":{\"@type\":\"EntryPoint\",\"urlTemplate\":\"\\\/?s={search_term_string}\"},\"query-input\":{\"@type\":\"PropertyValueSpecification\",\"valueRequired\":true,\"valueName\":\"search_term_string\"}}],\"inLanguage\":\"en-US\"},{\"@type\":\"Organization\",\"@id\":\"\\\/#organization\",\"name\":\"digiDEM Bayern\",\"url\":\"\\\/\",\"logo\":{\"@type\":\"ImageObject\",\"inLanguage\":\"en-US\",\"@id\":\"\\\/#\\\/schema\\\/logo\\\/image\\\/\",\"url\":\"https:\\\/\\\/digidem-bayern.de\\\/wp-content\\\/uploads\\\/2022\\\/03\\\/cropped-Allgemeines_digiDEMLOGO-removebg-preview.png\",\"contentUrl\":\"https:\\\/\\\/digidem-bayern.de\\\/wp-content\\\/uploads\\\/2022\\\/03\\\/cropped-Allgemeines_digiDEMLOGO-removebg-preview.png\",\"width\":612,\"height\":357,\"caption\":\"digiDEM Bayern\"},\"image\":{\"@id\":\"\\\/#\\\/schema\\\/logo\\\/image\\\/\"},\"sameAs\":[\"https:\\\/\\\/www.facebook.com\\\/digiDEMBayern\\\/\",\"https:\\\/\\\/x.com\\\/digidem_bayern\",\"https:\\\/\\\/www.instagram.com\\\/digidem.bayern\",\"https:\\\/\\\/www.linkedin.com\\\/company\\\/digidem-bayern\\\/\"]},{\"@type\":\"Person\",\"@id\":\"\\\/#\\\/schema\\\/person\\\/92754ad381f49b3c358d1d8d2c4f90b8\",\"name\":\"Michael Zeiler\",\"url\":\"https:\\\/\\\/digidem-bayern.de\\\/en\\\/author\\\/michael-zeiler\\\/\"}]}<\/script>\n<!-- \/ Yoast SEO plugin. -->","yoast_head_json":{"title":"Corona-Pandemie verst\u00e4rkt Belastung pflegender Angeh\u00f6riger - digiDEM Bayern","description":"Berliner Forscher haben die Auswirkungen der Corona-Pandemie auf pflegende Angeh\u00f6rige von Menschen mit Demenz untersucht.","robots":{"index":"index","follow":"follow","max-snippet":"max-snippet:-1","max-image-preview":"max-image-preview:large","max-video-preview":"max-video-preview:-1"},"canonical":"https:\/\/digidem-bayern.de\/en\/corona-belastung-pflegender-angehoeriger\/","og_locale":"en_US","og_type":"article","og_title":"Corona-Pandemie verst\u00e4rkt Belastung pflegender Angeh\u00f6riger - digiDEM Bayern","og_description":"Berliner Forscher haben die Auswirkungen der Corona-Pandemie auf pflegende Angeh\u00f6rige von Menschen mit Demenz untersucht.","og_url":"https:\/\/digidem-bayern.de\/en\/corona-belastung-pflegender-angehoeriger\/","og_site_name":"digiDEM Bayern","article_publisher":"https:\/\/www.facebook.com\/digiDEMBayern\/","article_published_time":"2021-05-31T07:16:58+00:00","article_modified_time":"2021-06-07T09:59:42+00:00","og_image":[{"width":1600,"height":1067,"url":"https:\/\/digidem-bayern.de\/wp-content\/uploads\/2021\/05\/corona-4945389_1920.jpg","type":"image\/jpeg"}],"author":"Michael Zeiler","twitter_misc":{"Written by":"Michael Zeiler","Est. reading time":"3 minutes"},"schema":{"@context":"https:\/\/schema.org","@graph":[{"@type":"Article","@id":"https:\/\/digidem-bayern.de\/corona-belastung-pflegender-angehoeriger\/#article","isPartOf":{"@id":"https:\/\/digidem-bayern.de\/corona-belastung-pflegender-angehoeriger\/"},"author":{"name":"Michael Zeiler","@id":"\/#\/schema\/person\/92754ad381f49b3c358d1d8d2c4f90b8"},"headline":"Corona-Pandemie verst\u00e4rkt Belastung pflegender Angeh\u00f6riger","datePublished":"2021-05-31T07:16:58+00:00","dateModified":"2021-06-07T09:59:42+00:00","mainEntityOfPage":{"@id":"https:\/\/digidem-bayern.de\/corona-belastung-pflegender-angehoeriger\/"},"wordCount":667,"commentCount":3,"publisher":{"@id":"\/#organization"},"image":{"@id":"https:\/\/digidem-bayern.de\/corona-belastung-pflegender-angehoeriger\/#primaryimage"},"thumbnailUrl":"https:\/\/digidem-bayern.de\/wp-content\/uploads\/2021\/05\/corona-4945389_1920.jpg","keywords":["Alzheimer","Angeh\u00f6rigenbelastung","Corona","Coronakrise","Demenz","digidem","digidem Bayern","Digitales Demenzregister Bayern","Lockdown","Pandemie","pflegende Angeh\u00f6rige"],"articleSection":["Wissenschaft &amp; Forschung"],"inLanguage":"en-US","potentialAction":[{"@type":"CommentAction","name":"Comment","target":["https:\/\/digidem-bayern.de\/corona-belastung-pflegender-angehoeriger\/#respond"]}]},{"@type":"WebPage","@id":"https:\/\/digidem-bayern.de\/corona-belastung-pflegender-angehoeriger\/","url":"https:\/\/digidem-bayern.de\/corona-belastung-pflegender-angehoeriger\/","name":"Corona-Pandemie verst\u00e4rkt Belastung pflegender Angeh\u00f6riger - digiDEM Bayern","isPartOf":{"@id":"\/#website"},"primaryImageOfPage":{"@id":"https:\/\/digidem-bayern.de\/corona-belastung-pflegender-angehoeriger\/#primaryimage"},"image":{"@id":"https:\/\/digidem-bayern.de\/corona-belastung-pflegender-angehoeriger\/#primaryimage"},"thumbnailUrl":"https:\/\/digidem-bayern.de\/wp-content\/uploads\/2021\/05\/corona-4945389_1920.jpg","datePublished":"2021-05-31T07:16:58+00:00","dateModified":"2021-06-07T09:59:42+00:00","description":"Berliner Forscher haben die Auswirkungen der Corona-Pandemie auf pflegende Angeh\u00f6rige von Menschen mit Demenz untersucht.","breadcrumb":{"@id":"https:\/\/digidem-bayern.de\/corona-belastung-pflegender-angehoeriger\/#breadcrumb"},"inLanguage":"en-US","potentialAction":[{"@type":"ReadAction","target":["https:\/\/digidem-bayern.de\/corona-belastung-pflegender-angehoeriger\/"]}]},{"@type":"ImageObject","inLanguage":"en-US","@id":"https:\/\/digidem-bayern.de\/corona-belastung-pflegender-angehoeriger\/#primaryimage","url":"https:\/\/digidem-bayern.de\/wp-content\/uploads\/2021\/05\/corona-4945389_1920.jpg","contentUrl":"https:\/\/digidem-bayern.de\/wp-content\/uploads\/2021\/05\/corona-4945389_1920.jpg","width":1600,"height":1067,"caption":"Frau mit Atemschutzmaske"},{"@type":"BreadcrumbList","@id":"https:\/\/digidem-bayern.de\/corona-belastung-pflegender-angehoeriger\/#breadcrumb","itemListElement":[{"@type":"ListItem","position":1,"name":"Startseite","item":"https:\/\/digidem-bayern.de\/"},{"@type":"ListItem","position":2,"name":"Corona-Pandemie verst\u00e4rkt Belastung pflegender Angeh\u00f6riger"}]},{"@type":"WebSite","@id":"\/#website","url":"\/","name":"digiDEM Bavaria","description":"The digital dementia register in Bavaria researches and improves the structure of services for people with dementia and their relatives","publisher":{"@id":"\/#organization"},"potentialAction":[{"@type":"SearchAction","target":{"@type":"EntryPoint","urlTemplate":"\/?s={search_term_string}"},"query-input":{"@type":"PropertyValueSpecification","valueRequired":true,"valueName":"search_term_string"}}],"inLanguage":"en-US"},{"@type":"Organization","@id":"\/#organization","name":"digiDEM Bavaria","url":"\/","logo":{"@type":"ImageObject","inLanguage":"en-US","@id":"\/#\/schema\/logo\/image\/","url":"https:\/\/digidem-bayern.de\/wp-content\/uploads\/2022\/03\/cropped-Allgemeines_digiDEMLOGO-removebg-preview.png","contentUrl":"https:\/\/digidem-bayern.de\/wp-content\/uploads\/2022\/03\/cropped-Allgemeines_digiDEMLOGO-removebg-preview.png","width":612,"height":357,"caption":"digiDEM Bayern"},"image":{"@id":"\/#\/schema\/logo\/image\/"},"sameAs":["https:\/\/www.facebook.com\/digiDEMBayern\/","https:\/\/x.com\/digidem_bayern","https:\/\/www.instagram.com\/digidem.bayern","https:\/\/www.linkedin.com\/company\/digidem-bayern\/"]},{"@type":"Person","@id":"\/#\/schema\/person\/92754ad381f49b3c358d1d8d2c4f90b8","name":"Michael Zeiler","url":"https:\/\/digidem-bayern.de\/en\/author\/michael-zeiler\/"}]}},"uagb_featured_image_src":{"full":["https:\/\/digidem-bayern.de\/wp-content\/uploads\/2021\/05\/corona-4945389_1920.jpg",1600,1067,false],"thumbnail":["https:\/\/digidem-bayern.de\/wp-content\/uploads\/2021\/05\/corona-4945389_1920-80x80.jpg",80,80,true],"medium":["https:\/\/digidem-bayern.de\/wp-content\/uploads\/2021\/05\/corona-4945389_1920-300x200.jpg",300,200,true],"medium_large":["https:\/\/digidem-bayern.de\/wp-content\/uploads\/2021\/05\/corona-4945389_1920-768x512.jpg",768,512,true],"large":["https:\/\/digidem-bayern.de\/wp-content\/uploads\/2021\/05\/corona-4945389_1920-1030x687.jpg",1030,687,true],"1536x1536":["https:\/\/digidem-bayern.de\/wp-content\/uploads\/2021\/05\/corona-4945389_1920-1536x1024.jpg",1536,1024,true],"2048x2048":["https:\/\/digidem-bayern.de\/wp-content\/uploads\/2021\/05\/corona-4945389_1920.jpg",1600,1067,false],"trp-custom-language-flag":["https:\/\/digidem-bayern.de\/wp-content\/uploads\/2021\/05\/corona-4945389_1920.jpg",18,12,false],"qubely_landscape":["https:\/\/digidem-bayern.de\/wp-content\/uploads\/2021\/05\/corona-4945389_1920-1200x750.jpg",1200,750,true],"qubely_portrait":["https:\/\/digidem-bayern.de\/wp-content\/uploads\/2021\/05\/corona-4945389_1920-540x320.jpg",540,320,true],"qubely_thumbnail":["https:\/\/digidem-bayern.de\/wp-content\/uploads\/2021\/05\/corona-4945389_1920-140x100.jpg",140,100,true],"post-thumbnail":["https:\/\/digidem-bayern.de\/wp-content\/uploads\/2021\/05\/corona-4945389_1920-525x350.jpg",525,350,true],"kahuna-featured":["https:\/\/digidem-bayern.de\/wp-content\/uploads\/2021\/05\/corona-4945389_1920-734x350.jpg",734,350,true],"kahuna-featured-lp":["https:\/\/digidem-bayern.de\/wp-content\/uploads\/2021\/05\/corona-4945389_1920-520x350.jpg",520,350,true],"kahuna-featured-half":["https:\/\/digidem-bayern.de\/wp-content\/uploads\/2021\/05\/corona-4945389_1920-800x350.jpg",800,350,true],"kahuna-featured-third":["https:\/\/digidem-bayern.de\/wp-content\/uploads\/2021\/05\/corona-4945389_1920-512x350.jpg",512,350,true],"kahuna-lpbox-1":["https:\/\/digidem-bayern.de\/wp-content\/uploads\/2021\/05\/corona-4945389_1920-520x350.jpg",446,300,true],"kahuna-lpbox-2":["https:\/\/digidem-bayern.de\/wp-content\/uploads\/2021\/05\/corona-4945389_1920-520x350.jpg",520,350,true],"demand-language-flag":["https:\/\/digidem-bayern.de\/wp-content\/uploads\/2021\/05\/corona-4945389_1920.jpg",36,24,false],"dddkt-language-flag":["https:\/\/digidem-bayern.de\/wp-content\/uploads\/2021\/05\/corona-4945389_1920.jpg",36,24,false],"ddiqc-language-flag":["https:\/\/digidem-bayern.de\/wp-content\/uploads\/2021\/05\/corona-4945389_1920.jpg",36,24,false],"ddtl-language-flag":["https:\/\/digidem-bayern.de\/wp-content\/uploads\/2021\/05\/corona-4945389_1920.jpg",36,24,false],"mailpoet_newsletter_max":["https:\/\/digidem-bayern.de\/wp-content\/uploads\/2021\/05\/corona-4945389_1920-1320x880.jpg",1320,880,true],"kahuna-lpbox-3":["https:\/\/digidem-bayern.de\/wp-content\/uploads\/2021\/05\/corona-4945389_1920-520x350.jpg",520,350,true],"kahuna-featured-square":["https:\/\/digidem-bayern.de\/wp-content\/uploads\/2021\/05\/corona-4945389_1920-512x512.jpg",512,512,true],"kahuna-featured-square-large":["https:\/\/digidem-bayern.de\/wp-content\/uploads\/2021\/05\/corona-4945389_1920-1024x1024.jpg",1024,1024,true]},"uagb_author_info":{"display_name":"Michael Zeiler","author_link":"https:\/\/digidem-bayern.de\/en\/author\/michael-zeiler\/"},"uagb_comment_info":4,"uagb_excerpt":"Kontaktbeschr\u00e4nkungen, Verlust von Unterst\u00fctzung, Ver\u00e4nderung der Alltagsstruktur: Die Corona-Pandemie stellt gerade f\u00fcr Menschen mit Demenz und ihre Angeh\u00f6rigen einen tiefen Einschnitt dar. Wie sie sich auf die Belastung pflegender Angeh\u00f6riger ausgewirkt hat, hat ein Forscherteam der Berliner Charit\u00e9 und des Zentrums f\u00fcr Qualit\u00e4t in der Pflege (ZQP) untersucht. Bisherige Forschungs-Erkenntnisse &hellip;","_links":{"self":[{"href":"https:\/\/digidem-bayern.de\/en\/wp-json\/wp\/v2\/posts\/12668","targetHints":{"allow":["GET"]}}],"collection":[{"href":"https:\/\/digidem-bayern.de\/en\/wp-json\/wp\/v2\/posts"}],"about":[{"href":"https:\/\/digidem-bayern.de\/en\/wp-json\/wp\/v2\/types\/post"}],"author":[{"embeddable":true,"href":"https:\/\/digidem-bayern.de\/en\/wp-json\/wp\/v2\/users\/11"}],"replies":[{"embeddable":true,"href":"https:\/\/digidem-bayern.de\/en\/wp-json\/wp\/v2\/comments?post=12668"}],"version-history":[{"count":4,"href":"https:\/\/digidem-bayern.de\/en\/wp-json\/wp\/v2\/posts\/12668\/revisions"}],"predecessor-version":[{"id":12730,"href":"https:\/\/digidem-bayern.de\/en\/wp-json\/wp\/v2\/posts\/12668\/revisions\/12730"}],"wp:featuredmedia":[{"embeddable":true,"href":"https:\/\/digidem-bayern.de\/en\/wp-json\/wp\/v2\/media\/12671"}],"wp:attachment":[{"href":"https:\/\/digidem-bayern.de\/en\/wp-json\/wp\/v2\/media?parent=12668"}],"wp:term":[{"taxonomy":"category","embeddable":true,"href":"https:\/\/digidem-bayern.de\/en\/wp-json\/wp\/v2\/categories?post=12668"},{"taxonomy":"post_tag","embeddable":true,"href":"https:\/\/digidem-bayern.de\/en\/wp-json\/wp\/v2\/tags?post=12668"}],"curies":[{"name":"wp","href":"https:\/\/api.w.org\/{rel}","templated":true}]}}