{"id":12643,"date":"2021-05-31T08:39:09","date_gmt":"2021-05-31T06:39:09","guid":{"rendered":"https:\/\/digidem-bayern.de\/?p=12643"},"modified":"2021-06-07T12:00:07","modified_gmt":"2021-06-07T10:00:07","slug":"kinder-von-demenz-betroffenen","status":"publish","type":"post","link":"https:\/\/digidem-bayern.de\/en\/kinder-von-demenz-betroffenen\/","title":{"rendered":"&#8222;Verloren im Chaos&#8220; &#8211; Kinder von Demenz-Betroffenen"},"content":{"rendered":"<h4 class=\"wp-block-heading\">Wenn Familienangeh\u00f6rige an Demenz erkranken, ist das immer belastend. Besonders gravierend aber sind die Auswirkungen auf Kinder, Jugendliche und junge Erwachsene. Sie m\u00fcssen damit fertig werden, dass ihr Vater oder ihre Mutter sich stark ver\u00e4ndert und geistig abbaut &#8211; w\u00e4hrend sie selbst gerade ins Leben starten.<\/h4>\n\n\n\n<p>Ein italienisches Forscherteam hat sich daher besonders mit den Belastungen dieser Personengruppe befasst. Auch wenn Demenz haupts\u00e4chlich \u00e4ltere Menschen betreffe, beginne die Erkrankung in 5 bis 10 Prozent der F\u00e4lle vor dem 65. Lebensjahr, so die Autor*innen um Ilaria Chirico von der Universit\u00e4t Bologna. Diese fr\u00fche Form der Demenz trifft mitunter Menschen, die noch mitten im Berufsleben stehen, f\u00fcr eine Familie verantwortlich sind, Kinder gro\u00dfziehen und finanzielle Verpflichtungen wie Hypotheken haben. Demenz-Diagnosen im j\u00fcngeren Lebensalter h\u00e4tten in den vergangenen Jahrzehnten zugenommen, so die Forscher*innen. Zudem w\u00fcrden Frauen sp\u00e4ter Kinder bekommen als fr\u00fcher. Dies habe zu einer h\u00f6heren Anzahl von Kindern und Jugendlichen gef\u00fchrt, deren Vater oder Mutter von Demenz betroffen sei. Ein Drittel der Menschen mit einer fr\u00fchen Demenz-Diagnose habe Sch\u00e4tzungen zufolge ein Kind, das j\u00fcnger ist als 18 Jahre.<\/p>\n\n\n\n<div class=\"wp-block-image\"><figure class=\"alignright size-medium\"><img loading=\"lazy\" decoding=\"async\" width=\"300\" height=\"200\" src=\"https:\/\/test.digidem-bayern.de\/wp-content\/uploads\/2021\/05\/pexels-liza-summer-6382642-300x200.jpg\" alt=\"Junge Frau st\u00fctzt ihren Kopf mit ihren Armen\" class=\"wp-image-12648\" srcset=\"https:\/\/digidem-bayern.de\/wp-content\/uploads\/2021\/05\/pexels-liza-summer-6382642-300x200.jpg 300w, https:\/\/digidem-bayern.de\/wp-content\/uploads\/2021\/05\/pexels-liza-summer-6382642-1030x687.jpg 1030w, https:\/\/digidem-bayern.de\/wp-content\/uploads\/2021\/05\/pexels-liza-summer-6382642-768x512.jpg 768w, https:\/\/digidem-bayern.de\/wp-content\/uploads\/2021\/05\/pexels-liza-summer-6382642-1536x1024.jpg 1536w, https:\/\/digidem-bayern.de\/wp-content\/uploads\/2021\/05\/pexels-liza-summer-6382642-2048x1365.jpg 2048w, https:\/\/digidem-bayern.de\/wp-content\/uploads\/2021\/05\/pexels-liza-summer-6382642-525x350.jpg 525w, https:\/\/digidem-bayern.de\/wp-content\/uploads\/2021\/05\/pexels-liza-summer-6382642-1320x880.jpg 1320w, https:\/\/digidem-bayern.de\/wp-content\/uploads\/2021\/05\/pexels-liza-summer-6382642.jpg 1600w\" sizes=\"auto, (max-width: 300px) 100vw, 300px\" \/><\/figure><\/div>\n\n\n\n<p><strong>Betreuungsaufgaben statt elterlicher Unterst\u00fctzung<\/strong><\/p>\n\n\n\n<p>Doch gerade junge Menschen seien besonders verletzlich, wenn ein Elternteil ernsthaft erkranke. Sie bef\u00e4nden sich selbst noch in der Entwicklung und st\u00fcnden vor zahlreichen Herausforderungen des Lebens, zum Beispiel in der Schule oder im Studium zu bestehen, einen Arbeitsplatz zu finden oder eine eigene Familie zu gr\u00fcnden. Dabei m\u00fcssen sie dann nicht nur auf die Unterst\u00fctzung eines Elternteils verzichten, sondern mitunter selbst Betreuungsaufgaben \u00fcbernehmen. Zudem m\u00fcssen sie die Ver\u00e4nderungen bew\u00e4ltigen, die eine Demenzerkrankung f\u00fcr die gesamte Familie nach sich ziehen. Welche Schwierigkeiten dies mit sich bringt und wie Kinder, Jugendliche und junge Erwachsene mit ihnen umgehen, haben die Autor*innen in der aktuellen \u00dcbersichtsarbeit dargestellt.<\/p>\n\n\n\n<p><strong>21 Studien aus westlichen L\u00e4ndern ausgewertet<\/strong><\/p>\n\n\n\n<p>Daf\u00fcr werteten sie 21 Studien zum Thema aus. Sie stammten aus Gro\u00dfbritannien, den USA, Norwegen, Australien, den Niederlanden und Schweden. Der Altersdurchschnitt der Teilnehmenden lag zwischen 14 und 31 Jahren. Alle hatten einen Elternteil, der an Demenz erkrankt war. Bei diesen lag das Durchschnittsalter zwischen 45 und 66 Jahren; allerdings fehlten bei einigen Arbeiten die entsprechenden Daten. Die Auswertung der Studien ergab sechs Themenbereiche:<\/p>\n\n\n\n<ol class=\"wp-block-list\"><li><strong>Umgang mit der Diagnose<\/strong>: Der Demenz-Diagnose ging h\u00e4ufig eine lange Zeit voraus, die von Unsicherheit, famili\u00e4rer Not und Konflikten gepr\u00e4gt war. Die Diagnose selbst wurde als Schock, aber auch als Wendepunkt empfunden. Endlich gab es eine Erkl\u00e4rung f\u00fcr die verst\u00f6renden Ver\u00e4nderungen des Elternteils und zudem die M\u00f6glichkeit f\u00fcr Unterst\u00fctzung durch das Gesundheitssystem.&nbsp;<\/li><li><strong>Ver\u00e4nderungen innerhalb der Familien<\/strong>: Die Erkrankung f\u00fchrte h\u00e4ufig zu starken Rollenwechseln: Die Kinder und Jugendlichen \u00fcbernahmen dabei Eltern-\u00e4hnliche Verantwortung und passten ihr eigenes Leben an die elterlichen Bed\u00fcrfnisse an. Sie f\u00fchlten sich \u201cverloren im Chaos\u201d, w\u00e4hrend der betroffene Elternteil zunehmend das Interesse an ihnen verlor und sich sein Verhalten immer st\u00e4rker ver\u00e4nderte. Die Beziehung zwischen Kind und betroffenem Elternteil war im Verlauf der Erkrankung zunehmend gepr\u00e4gt durch latente Trauer und Verlust. Die Eltern waren zwar noch k\u00f6rperlich anwesend, konnten aber keine elterliche Unterst\u00fctzung mehr geben; die Kinder wurden zu \u201cWaisen mit Eltern\u201d.<\/li><li><strong>Auswirkungen der Pflege<\/strong>: Die Befragten \u00fcbernahmen zum Teil umfangreiche Pflegeaufgaben wie Essen eingeben, Hausarbeit und die Absprachen mit Pflegekr\u00e4ften. Sie k\u00e4mpften darum, diese Aufgaben und ihre eigenen Bed\u00fcrfnisse in Einklang zu bringen. Die Auswirkungen dieses Spannungsfeldes reichten von anhaltendem Stress bis hin zu psychischen Erkrankungen wie Depressionen, Angstzust\u00e4nden, Selbstverletzungen, Alkohol- und Drogenabh\u00e4ngigkeit und Suizidgedanken.<\/li><li><strong>Auswirkungen auf das pers\u00f6nliche Leben<\/strong>: Die Demenz eines Elternteils hatte einen starken Einfluss auf die Lebensplanung der Befragten, zum Beispiel im Hinblick auf die Ausbildung, die berufliche Laufbahn oder die Wahl des Wohnortes. Die eigene Entwicklung kam zu kurz &#8211; das Leben wurde \u201cauf Eis gelegt\u201d. Einige Befragte hatten ihr Studium oder ihre Arbeit unterbrochen, um nach Hause zur\u00fcckzukehren und sich um ihre Eltern zu k\u00fcmmern. In Bezug auf Schulen wurde mangelndes Verst\u00e4ndnis beklagt; in Universit\u00e4ten waren die Erfahrungen positiver.<\/li><li><strong>Anpassungsmodelle und Bew\u00e4ltigungsstrategien<\/strong>: Eines von mehreren genannten Anpassungsmodellen beinhaltet drei Phasen: Trauer um den Elternteil vor der Demenz, emotionale Losl\u00f6sung vom Elternteil und Erwachsenwerden. Diesem Modell zufolge entwickelte sich erst mit der Akzeptanz der Erkrankung eine neue Beziehung, da nun die Schwierigkeiten auf die Demenz und nicht auf den Elternteil geschoben wurden. Zu den Bew\u00e4ltigungsstrategien&nbsp;z\u00e4hlten etwa die Inanspruchnahme professioneller Hilfe, schulische und berufliche Aktivit\u00e4ten, Achtsamkeit, Glaube, Zusammensein mit Freunden, Sport und Musik.<\/li><li><strong>Bedarf an angemessener Unterst\u00fctzung: <\/strong>Die Befragten f\u00fchlten sich von ihrem Umfeld vernachl\u00e4ssigt und insgesamt isoliert. Auf der anderen Seite offenbarten sie ihre Situation aus Scham oft nicht. Hilfe bei den Aktivit\u00e4ten des t\u00e4glichen Lebens wurde ebenso ben\u00f6tigt wie eine bessere Unterst\u00fctzung der Familie. Statt wechselnder Pflegekr\u00e4fte w\u00fcnschten sie sich einen konkreten Ansprechpartner, der mit ihrer Situation, der Erkrankung und dem System vertraut ist. Auch Selbsthilfegruppen und der Austausch in sozialen Medien und Online-Foren wurden als positiv beurteilt.<\/li><\/ol>\n\n\n\n<p>Die Erkenntnisse der \u00dcbersichtsstudie sollen den Forscher*innen zufolge dazu beitragen, das Bewusstsein f\u00fcr die oft &#8222;unsichtbare&#8220; Situation&nbsp;von jungen Menschen zu sch\u00e4rfen, deren Mutter oder Vater an Demenz erkrankt ist. Akteure im Bereich der Demenzversorgung sollen so sensibilisiert werden, um die Unterst\u00fctzung dieser besonderen Personengruppe zu verbessern.<\/p>\n\n\n\n<div style=\"height:30px\" aria-hidden=\"true\" class=\"wp-block-spacer\"><\/div>\n\n\n\n<p>Hier finden Sie die vollst\u00e4ndige Studie:<br><a href=\"https:\/\/onlinelibrary.wiley.com\/doi\/10.1002\/gps.5542\" target=\"_blank\" rel=\"noreferrer noopener\">Children and young people&#8217;s experience of parental dementia: A systematic review<\/a> (M\u00e4rz 2021)<\/p>\n\n\n\n<p><\/p>","protected":false},"excerpt":{"rendered":"<p>Wenn Familienangeh\u00f6rige an Demenz erkranken, ist das immer belastend. Besonders gravierend aber sind die Auswirkungen auf Kinder, Jugendliche und junge Erwachsene. Sie m\u00fcssen damit fertig werden, dass ihr Vater oder ihre Mutter sich stark ver\u00e4ndert und geistig abbaut &#8211; w\u00e4hrend sie selbst gerade ins Leben starten. Ein italienisches Forscherteam hat &hellip;<\/p>","protected":false},"author":11,"featured_media":12648,"comment_status":"open","ping_status":"closed","sticky":false,"template":"","format":"standard","meta":{"qubely_global_settings":"","qubely_interactions":"","_uag_custom_page_level_css":"","footnotes":""},"categories":[5],"tags":[13,12,14,17,55,320,319,93],"class_list":["post-12643","post","type-post","status-publish","format-standard","has-post-thumbnail","hentry","category-wissenschaft-forschung","tag-alzheimer","tag-demenz-2","tag-digidem","tag-digidem-bayern","tag-digitales-demenzregister-bayern","tag-early-onset-dementia","tag-fruehe-demenz","tag-pflegende-angehoerige"],"qubely_featured_image_url":{"full":["https:\/\/digidem-bayern.de\/wp-content\/uploads\/2021\/05\/pexels-liza-summer-6382642.jpg",1600,1067,false],"landscape":["https:\/\/digidem-bayern.de\/wp-content\/uploads\/2021\/05\/pexels-liza-summer-6382642-1200x750.jpg",1200,750,true],"portraits":["https:\/\/digidem-bayern.de\/wp-content\/uploads\/2021\/05\/pexels-liza-summer-6382642-540x320.jpg",540,320,true],"thumbnail":["https:\/\/digidem-bayern.de\/wp-content\/uploads\/2021\/05\/pexels-liza-summer-6382642-80x80.jpg",80,80,true],"medium":["https:\/\/digidem-bayern.de\/wp-content\/uploads\/2021\/05\/pexels-liza-summer-6382642-300x200.jpg",300,200,true],"medium_large":["https:\/\/digidem-bayern.de\/wp-content\/uploads\/2021\/05\/pexels-liza-summer-6382642-768x512.jpg",768,512,true],"large":["https:\/\/digidem-bayern.de\/wp-content\/uploads\/2021\/05\/pexels-liza-summer-6382642-1030x687.jpg",1030,687,true],"1536x1536":["https:\/\/digidem-bayern.de\/wp-content\/uploads\/2021\/05\/pexels-liza-summer-6382642-1536x1024.jpg",1536,1024,true],"2048x2048":["https:\/\/digidem-bayern.de\/wp-content\/uploads\/2021\/05\/pexels-liza-summer-6382642-2048x1365.jpg",2048,1365,true],"trp-custom-language-flag":["https:\/\/digidem-bayern.de\/wp-content\/uploads\/2021\/05\/pexels-liza-summer-6382642.jpg",18,12,false],"qubely_landscape":["https:\/\/digidem-bayern.de\/wp-content\/uploads\/2021\/05\/pexels-liza-summer-6382642-1200x750.jpg",1200,750,true],"qubely_portrait":["https:\/\/digidem-bayern.de\/wp-content\/uploads\/2021\/05\/pexels-liza-summer-6382642-540x320.jpg",540,320,true],"qubely_thumbnail":["https:\/\/digidem-bayern.de\/wp-content\/uploads\/2021\/05\/pexels-liza-summer-6382642-140x100.jpg",140,100,true],"post-thumbnail":["https:\/\/digidem-bayern.de\/wp-content\/uploads\/2021\/05\/pexels-liza-summer-6382642-525x350.jpg",525,350,true],"kahuna-featured":["https:\/\/digidem-bayern.de\/wp-content\/uploads\/2021\/05\/pexels-liza-summer-6382642-734x350.jpg",734,350,true],"kahuna-featured-lp":["https:\/\/digidem-bayern.de\/wp-content\/uploads\/2021\/05\/pexels-liza-summer-6382642-520x350.jpg",520,350,true],"kahuna-featured-half":["https:\/\/digidem-bayern.de\/wp-content\/uploads\/2021\/05\/pexels-liza-summer-6382642-800x350.jpg",800,350,true],"kahuna-featured-third":["https:\/\/digidem-bayern.de\/wp-content\/uploads\/2021\/05\/pexels-liza-summer-6382642-512x350.jpg",512,350,true],"kahuna-lpbox-1":["https:\/\/digidem-bayern.de\/wp-content\/uploads\/2021\/05\/pexels-liza-summer-6382642-520x350.jpg",446,300,true],"kahuna-lpbox-2":["https:\/\/digidem-bayern.de\/wp-content\/uploads\/2021\/05\/pexels-liza-summer-6382642-520x350.jpg",520,350,true],"demand-language-flag":["https:\/\/digidem-bayern.de\/wp-content\/uploads\/2021\/05\/pexels-liza-summer-6382642.jpg",36,24,false],"dddkt-language-flag":["https:\/\/digidem-bayern.de\/wp-content\/uploads\/2021\/05\/pexels-liza-summer-6382642.jpg",36,24,false],"ddiqc-language-flag":["https:\/\/digidem-bayern.de\/wp-content\/uploads\/2021\/05\/pexels-liza-summer-6382642.jpg",36,24,false],"ddtl-language-flag":["https:\/\/digidem-bayern.de\/wp-content\/uploads\/2021\/05\/pexels-liza-summer-6382642.jpg",36,24,false],"mailpoet_newsletter_max":["https:\/\/digidem-bayern.de\/wp-content\/uploads\/2021\/05\/pexels-liza-summer-6382642-1320x880.jpg",1320,880,true],"kahuna-lpbox-3":["https:\/\/digidem-bayern.de\/wp-content\/uploads\/2021\/05\/pexels-liza-summer-6382642-520x350.jpg",520,350,true],"kahuna-featured-square":["https:\/\/digidem-bayern.de\/wp-content\/uploads\/2021\/05\/pexels-liza-summer-6382642-512x512.jpg",512,512,true],"kahuna-featured-square-large":["https:\/\/digidem-bayern.de\/wp-content\/uploads\/2021\/05\/pexels-liza-summer-6382642-1024x1024.jpg",1024,1024,true]},"qubely_author":{"display_name":"Michael Zeiler","author_link":"https:\/\/digidem-bayern.de\/en\/author\/michael-zeiler\/"},"qubely_comment":2,"qubely_category":"<a href=\"https:\/\/digidem-bayern.de\/en\/category\/wissenschaft-forschung\/\" rel=\"category tag\">Wissenschaft &amp; Forschung<\/a>","qubely_excerpt":"Wenn Familienangeh\u00f6rige an Demenz erkranken, ist das immer belastend. Besonders gravierend aber sind die Auswirkungen auf Kinder, Jugendliche und junge Erwachsene. Sie m\u00fcssen damit fertig werden, dass ihr Vater oder ihre Mutter sich stark ver\u00e4ndert und geistig abbaut &#8211; w\u00e4hrend sie selbst gerade ins Leben starten. Ein italienisches Forscherteam hat &hellip;","featured_image_urls_v2":{"full":["https:\/\/digidem-bayern.de\/wp-content\/uploads\/2021\/05\/pexels-liza-summer-6382642.jpg",1600,1067,false],"thumbnail":["https:\/\/digidem-bayern.de\/wp-content\/uploads\/2021\/05\/pexels-liza-summer-6382642-80x80.jpg",80,80,true],"medium":["https:\/\/digidem-bayern.de\/wp-content\/uploads\/2021\/05\/pexels-liza-summer-6382642-300x200.jpg",300,200,true],"medium_large":["https:\/\/digidem-bayern.de\/wp-content\/uploads\/2021\/05\/pexels-liza-summer-6382642-768x512.jpg",768,512,true],"large":["https:\/\/digidem-bayern.de\/wp-content\/uploads\/2021\/05\/pexels-liza-summer-6382642-1030x687.jpg",1030,687,true],"1536x1536":["https:\/\/digidem-bayern.de\/wp-content\/uploads\/2021\/05\/pexels-liza-summer-6382642-1536x1024.jpg",1536,1024,true],"2048x2048":["https:\/\/digidem-bayern.de\/wp-content\/uploads\/2021\/05\/pexels-liza-summer-6382642-2048x1365.jpg",2048,1365,true],"trp-custom-language-flag":["https:\/\/digidem-bayern.de\/wp-content\/uploads\/2021\/05\/pexels-liza-summer-6382642.jpg",18,12,false],"qubely_landscape":["https:\/\/digidem-bayern.de\/wp-content\/uploads\/2021\/05\/pexels-liza-summer-6382642-1200x750.jpg",1200,750,true],"qubely_portrait":["https:\/\/digidem-bayern.de\/wp-content\/uploads\/2021\/05\/pexels-liza-summer-6382642-540x320.jpg",540,320,true],"qubely_thumbnail":["https:\/\/digidem-bayern.de\/wp-content\/uploads\/2021\/05\/pexels-liza-summer-6382642-140x100.jpg",140,100,true],"post-thumbnail":["https:\/\/digidem-bayern.de\/wp-content\/uploads\/2021\/05\/pexels-liza-summer-6382642-525x350.jpg",525,350,true],"kahuna-featured":["https:\/\/digidem-bayern.de\/wp-content\/uploads\/2021\/05\/pexels-liza-summer-6382642-734x350.jpg",734,350,true],"kahuna-featured-lp":["https:\/\/digidem-bayern.de\/wp-content\/uploads\/2021\/05\/pexels-liza-summer-6382642-520x350.jpg",520,350,true],"kahuna-featured-half":["https:\/\/digidem-bayern.de\/wp-content\/uploads\/2021\/05\/pexels-liza-summer-6382642-800x350.jpg",800,350,true],"kahuna-featured-third":["https:\/\/digidem-bayern.de\/wp-content\/uploads\/2021\/05\/pexels-liza-summer-6382642-512x350.jpg",512,350,true],"kahuna-lpbox-1":["https:\/\/digidem-bayern.de\/wp-content\/uploads\/2021\/05\/pexels-liza-summer-6382642-520x350.jpg",446,300,true],"kahuna-lpbox-2":["https:\/\/digidem-bayern.de\/wp-content\/uploads\/2021\/05\/pexels-liza-summer-6382642-520x350.jpg",520,350,true],"demand-language-flag":["https:\/\/digidem-bayern.de\/wp-content\/uploads\/2021\/05\/pexels-liza-summer-6382642.jpg",36,24,false],"dddkt-language-flag":["https:\/\/digidem-bayern.de\/wp-content\/uploads\/2021\/05\/pexels-liza-summer-6382642.jpg",36,24,false],"ddiqc-language-flag":["https:\/\/digidem-bayern.de\/wp-content\/uploads\/2021\/05\/pexels-liza-summer-6382642.jpg",36,24,false],"ddtl-language-flag":["https:\/\/digidem-bayern.de\/wp-content\/uploads\/2021\/05\/pexels-liza-summer-6382642.jpg",36,24,false],"mailpoet_newsletter_max":["https:\/\/digidem-bayern.de\/wp-content\/uploads\/2021\/05\/pexels-liza-summer-6382642-1320x880.jpg",1320,880,true],"kahuna-lpbox-3":["https:\/\/digidem-bayern.de\/wp-content\/uploads\/2021\/05\/pexels-liza-summer-6382642-520x350.jpg",520,350,true],"kahuna-featured-square":["https:\/\/digidem-bayern.de\/wp-content\/uploads\/2021\/05\/pexels-liza-summer-6382642-512x512.jpg",512,512,true],"kahuna-featured-square-large":["https:\/\/digidem-bayern.de\/wp-content\/uploads\/2021\/05\/pexels-liza-summer-6382642-1024x1024.jpg",1024,1024,true]},"post_excerpt_stackable_v2":"<p>Wenn Familienangeh\u00f6rige an Demenz erkranken, ist das immer belastend. Besonders gravierend aber sind die Auswirkungen auf Kinder, Jugendliche und junge Erwachsene. Sie m\u00fcssen damit fertig werden, dass ihr Vater oder ihre Mutter sich stark ver\u00e4ndert und geistig abbaut &#8211; w\u00e4hrend sie selbst gerade ins Leben starten. Ein italienisches Forscherteam hat sich daher besonders mit den Belastungen dieser Personengruppe befasst. Auch wenn Demenz haupts\u00e4chlich \u00e4ltere Menschen betreffe, beginne die Erkrankung in 5 bis 10 Prozent der F\u00e4lle vor dem 65. Lebensjahr, so die Autor*innen um Ilaria Chirico von der Universit\u00e4t Bologna. Diese fr\u00fche Form der Demenz trifft mitunter Menschen, die noch&hellip;<\/p>\n","category_list_v2":"<a href=\"https:\/\/digidem-bayern.de\/en\/category\/wissenschaft-forschung\/\" rel=\"category tag\">Wissenschaft &amp; Forschung<\/a>","author_info_v2":{"name":"Michael Zeiler","url":"https:\/\/digidem-bayern.de\/en\/author\/michael-zeiler\/"},"comments_num_v2":"0 comments","yoast_head":"<!-- This site is optimized with the Yoast SEO plugin v27.4 - https:\/\/yoast.com\/product\/yoast-seo-wordpress\/ -->\n<title>&quot;Verloren im Chaos&quot; - Kinder von Demenz-Betroffenen - digiDEM Bayern<\/title>\n<meta name=\"description\" content=\"Wenn Angeh\u00f6rige an Demenz erkranken, ist das besonders f\u00fcr Kinder und Jugendliche belastend. Damit befasst sich eine Studie aus Italien.\" \/>\n<meta name=\"robots\" content=\"index, follow, max-snippet:-1, max-image-preview:large, max-video-preview:-1\" \/>\n<link rel=\"canonical\" href=\"https:\/\/digidem-bayern.de\/en\/kinder-von-demenz-betroffenen\/\" \/>\n<meta property=\"og:locale\" content=\"en_US\" \/>\n<meta property=\"og:type\" content=\"article\" \/>\n<meta property=\"og:title\" content=\"&quot;Verloren im Chaos&quot; - Kinder von Demenz-Betroffenen - digiDEM Bayern\" \/>\n<meta property=\"og:description\" content=\"Wenn Angeh\u00f6rige an Demenz erkranken, ist das besonders f\u00fcr Kinder und Jugendliche belastend. Damit befasst sich eine Studie aus Italien.\" \/>\n<meta property=\"og:url\" content=\"https:\/\/digidem-bayern.de\/en\/kinder-von-demenz-betroffenen\/\" \/>\n<meta property=\"og:site_name\" content=\"digiDEM Bayern\" \/>\n<meta property=\"article:publisher\" content=\"https:\/\/www.facebook.com\/digiDEMBayern\/\" \/>\n<meta property=\"article:published_time\" content=\"2021-05-31T06:39:09+00:00\" \/>\n<meta property=\"article:modified_time\" content=\"2021-06-07T10:00:07+00:00\" \/>\n<meta property=\"og:image\" content=\"https:\/\/digidem-bayern.de\/wp-content\/uploads\/2021\/05\/pexels-liza-summer-6382642.jpg\" \/>\n\t<meta property=\"og:image:width\" content=\"1600\" \/>\n\t<meta property=\"og:image:height\" content=\"1067\" \/>\n\t<meta property=\"og:image:type\" content=\"image\/jpeg\" \/>\n<meta name=\"author\" content=\"Michael Zeiler\" \/>\n<meta name=\"twitter:label1\" content=\"Written by\" \/>\n\t<meta name=\"twitter:data1\" content=\"Michael Zeiler\" \/>\n\t<meta name=\"twitter:label2\" content=\"Est. reading time\" \/>\n\t<meta name=\"twitter:data2\" content=\"4 minutes\" \/>\n<script type=\"application\/ld+json\" class=\"yoast-schema-graph\">{\"@context\":\"https:\\\/\\\/schema.org\",\"@graph\":[{\"@type\":\"Article\",\"@id\":\"https:\\\/\\\/digidem-bayern.de\\\/kinder-von-demenz-betroffenen\\\/#article\",\"isPartOf\":{\"@id\":\"https:\\\/\\\/digidem-bayern.de\\\/kinder-von-demenz-betroffenen\\\/\"},\"author\":{\"name\":\"Michael Zeiler\",\"@id\":\"\\\/#\\\/schema\\\/person\\\/92754ad381f49b3c358d1d8d2c4f90b8\"},\"headline\":\"&#8222;Verloren im Chaos&#8220; &#8211; Kinder von Demenz-Betroffenen\",\"datePublished\":\"2021-05-31T06:39:09+00:00\",\"dateModified\":\"2021-06-07T10:00:07+00:00\",\"mainEntityOfPage\":{\"@id\":\"https:\\\/\\\/digidem-bayern.de\\\/kinder-von-demenz-betroffenen\\\/\"},\"wordCount\":936,\"commentCount\":0,\"publisher\":{\"@id\":\"\\\/#organization\"},\"image\":{\"@id\":\"https:\\\/\\\/digidem-bayern.de\\\/kinder-von-demenz-betroffenen\\\/#primaryimage\"},\"thumbnailUrl\":\"https:\\\/\\\/digidem-bayern.de\\\/wp-content\\\/uploads\\\/2021\\\/05\\\/pexels-liza-summer-6382642.jpg\",\"keywords\":[\"Alzheimer\",\"Demenz\",\"digidem\",\"digidem Bayern\",\"Digitales Demenzregister Bayern\",\"early onset dementia\",\"fr\u00fche Demenz\",\"pflegende Angeh\u00f6rige\"],\"articleSection\":[\"Wissenschaft &amp; Forschung\"],\"inLanguage\":\"en-US\",\"potentialAction\":[{\"@type\":\"CommentAction\",\"name\":\"Comment\",\"target\":[\"https:\\\/\\\/digidem-bayern.de\\\/kinder-von-demenz-betroffenen\\\/#respond\"]}]},{\"@type\":\"WebPage\",\"@id\":\"https:\\\/\\\/digidem-bayern.de\\\/kinder-von-demenz-betroffenen\\\/\",\"url\":\"https:\\\/\\\/digidem-bayern.de\\\/kinder-von-demenz-betroffenen\\\/\",\"name\":\"\\\"Verloren im Chaos\\\" - Kinder von Demenz-Betroffenen - digiDEM Bayern\",\"isPartOf\":{\"@id\":\"\\\/#website\"},\"primaryImageOfPage\":{\"@id\":\"https:\\\/\\\/digidem-bayern.de\\\/kinder-von-demenz-betroffenen\\\/#primaryimage\"},\"image\":{\"@id\":\"https:\\\/\\\/digidem-bayern.de\\\/kinder-von-demenz-betroffenen\\\/#primaryimage\"},\"thumbnailUrl\":\"https:\\\/\\\/digidem-bayern.de\\\/wp-content\\\/uploads\\\/2021\\\/05\\\/pexels-liza-summer-6382642.jpg\",\"datePublished\":\"2021-05-31T06:39:09+00:00\",\"dateModified\":\"2021-06-07T10:00:07+00:00\",\"description\":\"Wenn Angeh\u00f6rige an Demenz erkranken, ist das besonders f\u00fcr Kinder und Jugendliche belastend. Damit befasst sich eine Studie aus Italien.\",\"breadcrumb\":{\"@id\":\"https:\\\/\\\/digidem-bayern.de\\\/kinder-von-demenz-betroffenen\\\/#breadcrumb\"},\"inLanguage\":\"en-US\",\"potentialAction\":[{\"@type\":\"ReadAction\",\"target\":[\"https:\\\/\\\/digidem-bayern.de\\\/kinder-von-demenz-betroffenen\\\/\"]}]},{\"@type\":\"ImageObject\",\"inLanguage\":\"en-US\",\"@id\":\"https:\\\/\\\/digidem-bayern.de\\\/kinder-von-demenz-betroffenen\\\/#primaryimage\",\"url\":\"https:\\\/\\\/digidem-bayern.de\\\/wp-content\\\/uploads\\\/2021\\\/05\\\/pexels-liza-summer-6382642.jpg\",\"contentUrl\":\"https:\\\/\\\/digidem-bayern.de\\\/wp-content\\\/uploads\\\/2021\\\/05\\\/pexels-liza-summer-6382642.jpg\",\"width\":1600,\"height\":1067,\"caption\":\"Junge Frau st\u00fctzt ihren Kopf mit ihren Armen\"},{\"@type\":\"BreadcrumbList\",\"@id\":\"https:\\\/\\\/digidem-bayern.de\\\/kinder-von-demenz-betroffenen\\\/#breadcrumb\",\"itemListElement\":[{\"@type\":\"ListItem\",\"position\":1,\"name\":\"Startseite\",\"item\":\"https:\\\/\\\/digidem-bayern.de\\\/\"},{\"@type\":\"ListItem\",\"position\":2,\"name\":\"&#8222;Verloren im Chaos&#8220; &#8211; Kinder von Demenz-Betroffenen\"}]},{\"@type\":\"WebSite\",\"@id\":\"\\\/#website\",\"url\":\"\\\/\",\"name\":\"digiDEM Bayern\",\"description\":\"Das digitale Demenzregister Bayern erforscht und verbessert die Angebotsstuktur f\u00fcr Menschen mit Demenz und deren Angeh\u00f6rige\",\"publisher\":{\"@id\":\"\\\/#organization\"},\"potentialAction\":[{\"@type\":\"SearchAction\",\"target\":{\"@type\":\"EntryPoint\",\"urlTemplate\":\"\\\/?s={search_term_string}\"},\"query-input\":{\"@type\":\"PropertyValueSpecification\",\"valueRequired\":true,\"valueName\":\"search_term_string\"}}],\"inLanguage\":\"en-US\"},{\"@type\":\"Organization\",\"@id\":\"\\\/#organization\",\"name\":\"digiDEM Bayern\",\"url\":\"\\\/\",\"logo\":{\"@type\":\"ImageObject\",\"inLanguage\":\"en-US\",\"@id\":\"\\\/#\\\/schema\\\/logo\\\/image\\\/\",\"url\":\"https:\\\/\\\/digidem-bayern.de\\\/wp-content\\\/uploads\\\/2022\\\/03\\\/cropped-Allgemeines_digiDEMLOGO-removebg-preview.png\",\"contentUrl\":\"https:\\\/\\\/digidem-bayern.de\\\/wp-content\\\/uploads\\\/2022\\\/03\\\/cropped-Allgemeines_digiDEMLOGO-removebg-preview.png\",\"width\":612,\"height\":357,\"caption\":\"digiDEM Bayern\"},\"image\":{\"@id\":\"\\\/#\\\/schema\\\/logo\\\/image\\\/\"},\"sameAs\":[\"https:\\\/\\\/www.facebook.com\\\/digiDEMBayern\\\/\",\"https:\\\/\\\/x.com\\\/digidem_bayern\",\"https:\\\/\\\/www.instagram.com\\\/digidem.bayern\",\"https:\\\/\\\/www.linkedin.com\\\/company\\\/digidem-bayern\\\/\"]},{\"@type\":\"Person\",\"@id\":\"\\\/#\\\/schema\\\/person\\\/92754ad381f49b3c358d1d8d2c4f90b8\",\"name\":\"Michael Zeiler\",\"url\":\"https:\\\/\\\/digidem-bayern.de\\\/en\\\/author\\\/michael-zeiler\\\/\"}]}<\/script>\n<!-- \/ Yoast SEO plugin. -->","yoast_head_json":{"title":"\"Verloren im Chaos\" - Kinder von Demenz-Betroffenen - digiDEM Bayern","description":"Wenn Angeh\u00f6rige an Demenz erkranken, ist das besonders f\u00fcr Kinder und Jugendliche belastend. Damit befasst sich eine Studie aus Italien.","robots":{"index":"index","follow":"follow","max-snippet":"max-snippet:-1","max-image-preview":"max-image-preview:large","max-video-preview":"max-video-preview:-1"},"canonical":"https:\/\/digidem-bayern.de\/en\/kinder-von-demenz-betroffenen\/","og_locale":"en_US","og_type":"article","og_title":"\"Verloren im Chaos\" - Kinder von Demenz-Betroffenen - digiDEM Bayern","og_description":"Wenn Angeh\u00f6rige an Demenz erkranken, ist das besonders f\u00fcr Kinder und Jugendliche belastend. Damit befasst sich eine Studie aus Italien.","og_url":"https:\/\/digidem-bayern.de\/en\/kinder-von-demenz-betroffenen\/","og_site_name":"digiDEM Bayern","article_publisher":"https:\/\/www.facebook.com\/digiDEMBayern\/","article_published_time":"2021-05-31T06:39:09+00:00","article_modified_time":"2021-06-07T10:00:07+00:00","og_image":[{"width":1600,"height":1067,"url":"https:\/\/digidem-bayern.de\/wp-content\/uploads\/2021\/05\/pexels-liza-summer-6382642.jpg","type":"image\/jpeg"}],"author":"Michael Zeiler","twitter_misc":{"Written by":"Michael Zeiler","Est. reading time":"4 minutes"},"schema":{"@context":"https:\/\/schema.org","@graph":[{"@type":"Article","@id":"https:\/\/digidem-bayern.de\/kinder-von-demenz-betroffenen\/#article","isPartOf":{"@id":"https:\/\/digidem-bayern.de\/kinder-von-demenz-betroffenen\/"},"author":{"name":"Michael Zeiler","@id":"\/#\/schema\/person\/92754ad381f49b3c358d1d8d2c4f90b8"},"headline":"&#8222;Verloren im Chaos&#8220; &#8211; Kinder von Demenz-Betroffenen","datePublished":"2021-05-31T06:39:09+00:00","dateModified":"2021-06-07T10:00:07+00:00","mainEntityOfPage":{"@id":"https:\/\/digidem-bayern.de\/kinder-von-demenz-betroffenen\/"},"wordCount":936,"commentCount":0,"publisher":{"@id":"\/#organization"},"image":{"@id":"https:\/\/digidem-bayern.de\/kinder-von-demenz-betroffenen\/#primaryimage"},"thumbnailUrl":"https:\/\/digidem-bayern.de\/wp-content\/uploads\/2021\/05\/pexels-liza-summer-6382642.jpg","keywords":["Alzheimer","Demenz","digidem","digidem Bayern","Digitales Demenzregister Bayern","early onset dementia","fr\u00fche Demenz","pflegende Angeh\u00f6rige"],"articleSection":["Wissenschaft &amp; Forschung"],"inLanguage":"en-US","potentialAction":[{"@type":"CommentAction","name":"Comment","target":["https:\/\/digidem-bayern.de\/kinder-von-demenz-betroffenen\/#respond"]}]},{"@type":"WebPage","@id":"https:\/\/digidem-bayern.de\/kinder-von-demenz-betroffenen\/","url":"https:\/\/digidem-bayern.de\/kinder-von-demenz-betroffenen\/","name":"\"Verloren im Chaos\" - Kinder von Demenz-Betroffenen - digiDEM Bayern","isPartOf":{"@id":"\/#website"},"primaryImageOfPage":{"@id":"https:\/\/digidem-bayern.de\/kinder-von-demenz-betroffenen\/#primaryimage"},"image":{"@id":"https:\/\/digidem-bayern.de\/kinder-von-demenz-betroffenen\/#primaryimage"},"thumbnailUrl":"https:\/\/digidem-bayern.de\/wp-content\/uploads\/2021\/05\/pexels-liza-summer-6382642.jpg","datePublished":"2021-05-31T06:39:09+00:00","dateModified":"2021-06-07T10:00:07+00:00","description":"Wenn Angeh\u00f6rige an Demenz erkranken, ist das besonders f\u00fcr Kinder und Jugendliche belastend. Damit befasst sich eine Studie aus Italien.","breadcrumb":{"@id":"https:\/\/digidem-bayern.de\/kinder-von-demenz-betroffenen\/#breadcrumb"},"inLanguage":"en-US","potentialAction":[{"@type":"ReadAction","target":["https:\/\/digidem-bayern.de\/kinder-von-demenz-betroffenen\/"]}]},{"@type":"ImageObject","inLanguage":"en-US","@id":"https:\/\/digidem-bayern.de\/kinder-von-demenz-betroffenen\/#primaryimage","url":"https:\/\/digidem-bayern.de\/wp-content\/uploads\/2021\/05\/pexels-liza-summer-6382642.jpg","contentUrl":"https:\/\/digidem-bayern.de\/wp-content\/uploads\/2021\/05\/pexels-liza-summer-6382642.jpg","width":1600,"height":1067,"caption":"Junge Frau st\u00fctzt ihren Kopf mit ihren Armen"},{"@type":"BreadcrumbList","@id":"https:\/\/digidem-bayern.de\/kinder-von-demenz-betroffenen\/#breadcrumb","itemListElement":[{"@type":"ListItem","position":1,"name":"Startseite","item":"https:\/\/digidem-bayern.de\/"},{"@type":"ListItem","position":2,"name":"&#8222;Verloren im Chaos&#8220; &#8211; Kinder von Demenz-Betroffenen"}]},{"@type":"WebSite","@id":"\/#website","url":"\/","name":"digiDEM Bavaria","description":"The digital dementia register in Bavaria researches and improves the structure of services for people with dementia and their relatives","publisher":{"@id":"\/#organization"},"potentialAction":[{"@type":"SearchAction","target":{"@type":"EntryPoint","urlTemplate":"\/?s={search_term_string}"},"query-input":{"@type":"PropertyValueSpecification","valueRequired":true,"valueName":"search_term_string"}}],"inLanguage":"en-US"},{"@type":"Organization","@id":"\/#organization","name":"digiDEM Bavaria","url":"\/","logo":{"@type":"ImageObject","inLanguage":"en-US","@id":"\/#\/schema\/logo\/image\/","url":"https:\/\/digidem-bayern.de\/wp-content\/uploads\/2022\/03\/cropped-Allgemeines_digiDEMLOGO-removebg-preview.png","contentUrl":"https:\/\/digidem-bayern.de\/wp-content\/uploads\/2022\/03\/cropped-Allgemeines_digiDEMLOGO-removebg-preview.png","width":612,"height":357,"caption":"digiDEM Bayern"},"image":{"@id":"\/#\/schema\/logo\/image\/"},"sameAs":["https:\/\/www.facebook.com\/digiDEMBayern\/","https:\/\/x.com\/digidem_bayern","https:\/\/www.instagram.com\/digidem.bayern","https:\/\/www.linkedin.com\/company\/digidem-bayern\/"]},{"@type":"Person","@id":"\/#\/schema\/person\/92754ad381f49b3c358d1d8d2c4f90b8","name":"Michael Zeiler","url":"https:\/\/digidem-bayern.de\/en\/author\/michael-zeiler\/"}]}},"uagb_featured_image_src":{"full":["https:\/\/digidem-bayern.de\/wp-content\/uploads\/2021\/05\/pexels-liza-summer-6382642.jpg",1600,1067,false],"thumbnail":["https:\/\/digidem-bayern.de\/wp-content\/uploads\/2021\/05\/pexels-liza-summer-6382642-80x80.jpg",80,80,true],"medium":["https:\/\/digidem-bayern.de\/wp-content\/uploads\/2021\/05\/pexels-liza-summer-6382642-300x200.jpg",300,200,true],"medium_large":["https:\/\/digidem-bayern.de\/wp-content\/uploads\/2021\/05\/pexels-liza-summer-6382642-768x512.jpg",768,512,true],"large":["https:\/\/digidem-bayern.de\/wp-content\/uploads\/2021\/05\/pexels-liza-summer-6382642-1030x687.jpg",1030,687,true],"1536x1536":["https:\/\/digidem-bayern.de\/wp-content\/uploads\/2021\/05\/pexels-liza-summer-6382642-1536x1024.jpg",1536,1024,true],"2048x2048":["https:\/\/digidem-bayern.de\/wp-content\/uploads\/2021\/05\/pexels-liza-summer-6382642-2048x1365.jpg",2048,1365,true],"trp-custom-language-flag":["https:\/\/digidem-bayern.de\/wp-content\/uploads\/2021\/05\/pexels-liza-summer-6382642.jpg",18,12,false],"qubely_landscape":["https:\/\/digidem-bayern.de\/wp-content\/uploads\/2021\/05\/pexels-liza-summer-6382642-1200x750.jpg",1200,750,true],"qubely_portrait":["https:\/\/digidem-bayern.de\/wp-content\/uploads\/2021\/05\/pexels-liza-summer-6382642-540x320.jpg",540,320,true],"qubely_thumbnail":["https:\/\/digidem-bayern.de\/wp-content\/uploads\/2021\/05\/pexels-liza-summer-6382642-140x100.jpg",140,100,true],"post-thumbnail":["https:\/\/digidem-bayern.de\/wp-content\/uploads\/2021\/05\/pexels-liza-summer-6382642-525x350.jpg",525,350,true],"kahuna-featured":["https:\/\/digidem-bayern.de\/wp-content\/uploads\/2021\/05\/pexels-liza-summer-6382642-734x350.jpg",734,350,true],"kahuna-featured-lp":["https:\/\/digidem-bayern.de\/wp-content\/uploads\/2021\/05\/pexels-liza-summer-6382642-520x350.jpg",520,350,true],"kahuna-featured-half":["https:\/\/digidem-bayern.de\/wp-content\/uploads\/2021\/05\/pexels-liza-summer-6382642-800x350.jpg",800,350,true],"kahuna-featured-third":["https:\/\/digidem-bayern.de\/wp-content\/uploads\/2021\/05\/pexels-liza-summer-6382642-512x350.jpg",512,350,true],"kahuna-lpbox-1":["https:\/\/digidem-bayern.de\/wp-content\/uploads\/2021\/05\/pexels-liza-summer-6382642-520x350.jpg",446,300,true],"kahuna-lpbox-2":["https:\/\/digidem-bayern.de\/wp-content\/uploads\/2021\/05\/pexels-liza-summer-6382642-520x350.jpg",520,350,true],"demand-language-flag":["https:\/\/digidem-bayern.de\/wp-content\/uploads\/2021\/05\/pexels-liza-summer-6382642.jpg",36,24,false],"dddkt-language-flag":["https:\/\/digidem-bayern.de\/wp-content\/uploads\/2021\/05\/pexels-liza-summer-6382642.jpg",36,24,false],"ddiqc-language-flag":["https:\/\/digidem-bayern.de\/wp-content\/uploads\/2021\/05\/pexels-liza-summer-6382642.jpg",36,24,false],"ddtl-language-flag":["https:\/\/digidem-bayern.de\/wp-content\/uploads\/2021\/05\/pexels-liza-summer-6382642.jpg",36,24,false],"mailpoet_newsletter_max":["https:\/\/digidem-bayern.de\/wp-content\/uploads\/2021\/05\/pexels-liza-summer-6382642-1320x880.jpg",1320,880,true],"kahuna-lpbox-3":["https:\/\/digidem-bayern.de\/wp-content\/uploads\/2021\/05\/pexels-liza-summer-6382642-520x350.jpg",520,350,true],"kahuna-featured-square":["https:\/\/digidem-bayern.de\/wp-content\/uploads\/2021\/05\/pexels-liza-summer-6382642-512x512.jpg",512,512,true],"kahuna-featured-square-large":["https:\/\/digidem-bayern.de\/wp-content\/uploads\/2021\/05\/pexels-liza-summer-6382642-1024x1024.jpg",1024,1024,true]},"uagb_author_info":{"display_name":"Michael Zeiler","author_link":"https:\/\/digidem-bayern.de\/en\/author\/michael-zeiler\/"},"uagb_comment_info":2,"uagb_excerpt":"Wenn Familienangeh\u00f6rige an Demenz erkranken, ist das immer belastend. Besonders gravierend aber sind die Auswirkungen auf Kinder, Jugendliche und junge Erwachsene. Sie m\u00fcssen damit fertig werden, dass ihr Vater oder ihre Mutter sich stark ver\u00e4ndert und geistig abbaut &#8211; w\u00e4hrend sie selbst gerade ins Leben starten. Ein italienisches Forscherteam hat &hellip;","_links":{"self":[{"href":"https:\/\/digidem-bayern.de\/en\/wp-json\/wp\/v2\/posts\/12643","targetHints":{"allow":["GET"]}}],"collection":[{"href":"https:\/\/digidem-bayern.de\/en\/wp-json\/wp\/v2\/posts"}],"about":[{"href":"https:\/\/digidem-bayern.de\/en\/wp-json\/wp\/v2\/types\/post"}],"author":[{"embeddable":true,"href":"https:\/\/digidem-bayern.de\/en\/wp-json\/wp\/v2\/users\/11"}],"replies":[{"embeddable":true,"href":"https:\/\/digidem-bayern.de\/en\/wp-json\/wp\/v2\/comments?post=12643"}],"version-history":[{"count":8,"href":"https:\/\/digidem-bayern.de\/en\/wp-json\/wp\/v2\/posts\/12643\/revisions"}],"predecessor-version":[{"id":12732,"href":"https:\/\/digidem-bayern.de\/en\/wp-json\/wp\/v2\/posts\/12643\/revisions\/12732"}],"wp:featuredmedia":[{"embeddable":true,"href":"https:\/\/digidem-bayern.de\/en\/wp-json\/wp\/v2\/media\/12648"}],"wp:attachment":[{"href":"https:\/\/digidem-bayern.de\/en\/wp-json\/wp\/v2\/media?parent=12643"}],"wp:term":[{"taxonomy":"category","embeddable":true,"href":"https:\/\/digidem-bayern.de\/en\/wp-json\/wp\/v2\/categories?post=12643"},{"taxonomy":"post_tag","embeddable":true,"href":"https:\/\/digidem-bayern.de\/en\/wp-json\/wp\/v2\/tags?post=12643"}],"curies":[{"name":"wp","href":"https:\/\/api.w.org\/{rel}","templated":true}]}}