{"id":12501,"date":"2021-05-25T08:30:23","date_gmt":"2021-05-25T06:30:23","guid":{"rendered":"https:\/\/digidem-bayern.de\/?p=12501"},"modified":"2024-04-24T10:06:59","modified_gmt":"2024-04-24T08:06:59","slug":"webinar-forschungsprojekt-homeside","status":"publish","type":"post","link":"https:\/\/digidem-bayern.de\/en\/webinar-forschungsprojekt-homeside\/","title":{"rendered":"Der Einsatz von Musik und Lesen bei Demenz &#8211; die internationale Studie &#8218;Homeside&#8216;"},"content":{"rendered":"<h4 class=\"wp-block-heading\">Demenzsymptome regulieren. Erinnerungen teilen. Gemeinsamkeit genie\u00dfen. \u2013 Die bisherige Forschung deutet darauf hin, dass musik- und lesetherapeutische Angebote f\u00fcr Menschen mit Demenz und deren pflegende Angeh\u00f6rige verschiedene positive Auswirkungen haben. So k\u00f6nnen beispielsweise Symptome der Demenz vermindert, das Wohlbefinden verbessert und die Beziehung zwischen Pflegenden und Gepflegten gest\u00e4rkt werden.<\/h4>\n\n\n\n<p>In der internationalen klinischen Forschungsstudie <a href=\"https:\/\/ifas.fhws.de\/homeside\/\" target=\"_blank\" rel=\"noreferrer noopener\">HOMESIDE<\/a> wird die Wirkung eines Musik- und Leseangebots f\u00fcr Menschen mit Demenz und ihre pflegenden Angeh\u00f6rigen erstmals umfassend wissenschaftlich untersucht. Hierzu werden die pflegenden Angeh\u00f6rigen von ausgebildeten Fachkr\u00e4ften angeleitet und dabei unterst\u00fctzt, Musik- oder Leseaktivit\u00e4ten im Alltag einzusetzen. Insgesamt soll mit dem Projekt die h\u00e4usliche Pflege von Menschen mit Demenz unterst\u00fctzt und erleichtert werden.<\/p>\n\n\n\n<p>Frau Dr. Laura Blauth und Frau Carina Petrowitz sind Musiktherapeutinnen und Wissenschaftlerinnen an der Hochschule f\u00fcr angewandte Wissenschaften W\u00fcrzburg-Schweinfurt. Sie sind an der Leitung der klinischen Studie HOMESIDE beteiligt und haben diese in unserem Webinar vorgestellt.<\/p>\n\n\n\n<div style=\"height:20px\" aria-hidden=\"true\" class=\"wp-block-spacer\"><\/div>\n\n\n\n<div class=\"wp-block-group\"><div class=\"wp-block-group__inner-container is-layout-flow wp-block-group-is-layout-flow\">\n<p><\/p>\n\n\n\n<figure class=\"wp-block-embed is-type-video is-provider-youtube wp-block-embed-youtube wp-embed-aspect-16-9 wp-has-aspect-ratio\"><div class=\"wp-block-embed__wrapper\">\n<iframe loading=\"lazy\" title=\"Webinar: Der Einsatz von Musik und Lesen bei Demenz \u2013 die internationale Studie \u201aHomeside\u2018\" width=\"1223\" height=\"688\" src=\"https:\/\/www.youtube.com\/embed\/WgVUTRzdrgE?feature=oembed\" frameborder=\"0\" allow=\"accelerometer; autoplay; clipboard-write; encrypted-media; gyroscope; picture-in-picture\" allowfullscreen><\/iframe>\n<\/div><\/figure>\n<\/div><\/div>\n\n\n\n<div style=\"height:20px\" aria-hidden=\"true\" class=\"wp-block-spacer\"><\/div>\n\n\n\n<p class=\"has-text-align-center\"><strong>Hier gibt es das Webinar als <a href=\"https:\/\/digidem-bayern.de\/wp-content\/uploads\/2024\/04\/2021-05-31_digiDEM_Webinar_HOMESIDE_Copyright.pdf\">PDF zum Download<\/a>. <\/strong><\/p>\n\n\n\n<p class=\"has-text-align-center\"><strong>Fragen der Teilnehmer*innen und Antworten von Dr. Laura Blauth und Carina Petrowitz:<\/strong><\/p>\n\n\n\n<div class=\"qubely-block-accordion  qubely-block-d84444\" data-item-toggle=\"true\">\n<div class=\"wp-block-qubely-accordion-item qubely-block-459383\"><div class=\"qubely-accordion-item qubely-type-fill false\"><div class=\"qubely-accordion-panel qubely-icon-position-right\"><span class=\"qubely-accordion-panel-handler\" role=\"button\"><span class=\"qubely-accordion-panel-handler-label\">Musiktherapie ist etwas sehr Individuelles. Gibt es denn gewisse Standards, die eingehalten werden m\u00fcssen, damit ein Angebot als Musiktherapie bezeichnet werden kann?<\/span><span class=\"qubely-accordion-icon fa fa-plus\"><\/span><\/span><\/div><div class=\"qubely-accordion-body\"><div itemprop=\"text\">\n<p>Auch wenn ein Angebot sehr individuell an den W\u00fcnschen, Bed\u00fcrfnissen und biographischen Besonderheiten der Teilnehmenden orientiert ist, gibt es ein festgelegtes Protokoll dar\u00fcber, welche Methoden und musiktherapeutischen Techniken angewendet werden. Alle Musikangebote in der HOMESIDE Studie werden von ausgebildeten Musiktherapeut*innen durchgef\u00fchrt.<\/p>\n<\/div><\/div><\/div><\/div>\n\n\n\n<div class=\"wp-block-qubely-accordion-item qubely-block-bfa0dc\"><div class=\"qubely-accordion-item qubely-type-fill false\"><div class=\"qubely-accordion-panel qubely-icon-position-right\"><span class=\"qubely-accordion-panel-handler\" role=\"button\"><span class=\"qubely-accordion-panel-handler-label\">Es handelt sich bei HOMESIDE um eine internationale Studie. Wie verbreitet ist Musiktherapie in den anderen Teilnehmerl\u00e4ndern?<\/span><span class=\"qubely-accordion-icon fa fa-plus\"><\/span><\/span><\/div><div class=\"qubely-accordion-body\"><div itemprop=\"text\">\n<p>Es lassen sich insgesamt sehr gro\u00dfe Unterschiede zwischen den L\u00e4ndern feststellen, da Musiktherapie international einen sehr unterschiedlichen Stellenwert innerhalb der Gesundheitssysteme hat. Zum Beispiel ist die Musiktherapie in den teilnehmenden L\u00e4ndern Gro\u00dfbritannien und Australien ein sehr etabliertes Therapieverfahren. Dort ist, anders als in Deutschland, die Berufsbezeichnung des Musiktherapeuten gesch\u00fctzt, wohingegen beispielsweise in Polen Musiktherapie noch in den Anf\u00e4ngen der Entwicklung steckt<strong>.<\/strong><\/p>\n<\/div><\/div><\/div><\/div>\n\n\n\n<div class=\"wp-block-qubely-accordion-item qubely-block-103cf8\"><div class=\"qubely-accordion-item qubely-type-fill false\"><div class=\"qubely-accordion-panel qubely-icon-position-right\"><span class=\"qubely-accordion-panel-handler\" role=\"button\"><span class=\"qubely-accordion-panel-handler-label\">Welche psychometrischen Skalen bzw. Tests werden zur Einstufung des Schweregrads der Demenz eingesetzt?<\/span><span class=\"qubely-accordion-icon fa fa-plus\"><\/span><\/span><\/div><div class=\"qubely-accordion-body\"><div itemprop=\"text\">\n<p>Der international weit verbreitete Mini Mental Status Test (MMST) wird einmal vor Aufnahme in die Studie und zum zweiten Mal drei Monate nach Aufnahme durchgef\u00fchrt. Mit diesem Test werden die kognitiven F\u00e4higkeiten begutachtet. Dar\u00fcber hinaus ist unser Hauptmessinstrument der NPI-Q, der Auskunft \u00fcber die Schwere der verhaltensbezogenen Symptome gibt.<\/p>\n<\/div><\/div><\/div><\/div>\n\n\n\n<div class=\"wp-block-qubely-accordion-item qubely-block-60c307\"><div class=\"qubely-accordion-item qubely-type-fill false\"><div class=\"qubely-accordion-panel qubely-icon-position-right\"><span class=\"qubely-accordion-panel-handler\" role=\"button\"><span class=\"qubely-accordion-panel-handler-label\">Ist es richtig, dass innerhalb von zw\u00f6lf Wochen drei Termine mit der Musiktherapeut*in stattfinden? Wie werden die Teilnehmenden sonst noch begleitet?<\/span><span class=\"qubely-accordion-icon fa fa-plus\"><\/span><\/span><\/div><div class=\"qubely-accordion-body\"><div itemprop=\"text\">\n<p>Es finden innerhalb von zw\u00f6lf Wochen drei Termine mit der Musiktherapeut*in per Videokonferenz statt, in denen das gemeinsame Musikerleben im Vordergrund steht. Daf\u00fcr nehmen wir uns so viel Zeit wie wir ben\u00f6tigen. Erg\u00e4nzend dazu werden die Teilnehmenden telefonisch begleitet. In den Telefonaten fragen wir die Teilnehmenden, wie es ihnen geht. Wir besprechen die Erlebnisse und Erfahrungen mit der Musik, um die n\u00e4chsten Termine gut vorbereiten und weitere Unterst\u00fctzung geben zu k\u00f6nnen. Die Telefonate sind eine wichtige Erg\u00e4nzung zu den gemeinsamen Musikterminen per Videokonferenz.<\/p>\n<\/div><\/div><\/div><\/div>\n\n\n\n<div class=\"wp-block-qubely-accordion-item qubely-block-dd1920\"><div class=\"qubely-accordion-item qubely-type-fill false\"><div class=\"qubely-accordion-panel qubely-icon-position-right\"><span class=\"qubely-accordion-panel-handler\" role=\"button\"><span class=\"qubely-accordion-panel-handler-label\">Es gibt den Demenzchor in K\u00f6ln. Dieser ist ein nicht wissenschaftliches Beispiel f\u00fcr die Musikanwendung in der Demenz. Ist es so nicht schon bewiesen, dass Musik hilft?<\/span><span class=\"qubely-accordion-icon fa fa-plus\"><\/span><\/span><\/div><div class=\"qubely-accordion-body\"><div itemprop=\"text\">\n<p>Anekdotische Erfahrungen von der positiven Wirkung von Musik sind die Grundlage f\u00fcr Forschungsstudien. Viele kleinere Studien haben bereits Hinweise darauf gegeben, dass Musiktherapie bei Demenz effektiv hilft. Es ist jetzt wichtig, dass gro\u00dfe Forschungsstudien durchgef\u00fchrt werden, weil nur so die M\u00f6glichkeit besteht, die Wirkung umfassend wissenschaftlich zu untersuchen und international anerkannte Erkenntnisse zu gewinnen.<\/p>\n<\/div><\/div><\/div><\/div>\n\n\n\n<div class=\"wp-block-qubely-accordion-item qubely-block-e5a952\"><div class=\"qubely-accordion-item qubely-type-fill false\"><div class=\"qubely-accordion-panel qubely-icon-position-right\"><span class=\"qubely-accordion-panel-handler\" role=\"button\"><span class=\"qubely-accordion-panel-handler-label\">Kann man Musiktherapie in Deutschland abrechnen?<\/span><span class=\"qubely-accordion-icon fa fa-plus\"><\/span><\/span><\/div><div class=\"qubely-accordion-body\"><div itemprop=\"text\">\n<p>Nein, leider nicht. Musiktherapie ist in Deutschland keine Kassenleistung. Unsere Forschungsstudie hat aber das Ziel, die positive Wirkung von der Intervention zu beweisen, damit Musiktherapie in Zukunft abgerechnet werden kann.&nbsp;<\/p>\n<\/div><\/div><\/div><\/div>\n<\/div>\n\n\n\n<p><\/p>\n\n\n\n<div style=\"height:20px\" aria-hidden=\"true\" class=\"wp-block-spacer\"><\/div>\n\n\n\n<h2 class=\"wp-block-heading has-text-align-center\"><strong><strong>Dienstag, 01.06.2021, 11.00-11.45 Uhr<\/strong><\/strong><\/h2>\n\n\n\n<div class=\"wp-block-columns is-layout-flex wp-container-core-columns-is-layout-9d6595d7 wp-block-columns-is-layout-flex\">\n<div class=\"wp-block-column is-layout-flow wp-block-column-is-layout-flow\">\n<div class=\"wp-block-group\"><div class=\"wp-block-group__inner-container is-layout-flow wp-block-group-is-layout-flow\"><\/div><\/div>\n<\/div>\n<\/div>\n\n\n\n<div class=\"wp-block-stackable-columns stk-block-columns stk-block stk-f99aaf8\" data-block-id=\"f99aaf8\"><div class=\"stk-row stk-inner-blocks stk-block-content stk-content-align stk-f99aaf8-column\">\n<div class=\"wp-block-stackable-column stk-block-column stk-column stk-block stk-5d84d79\" data-block-id=\"5d84d79\"><div class=\"stk-column-wrapper stk-block-column__content stk-container stk-5d84d79-container stk--no-background stk--no-padding\"><div class=\"stk-block-content stk-inner-blocks stk-5d84d79-inner-blocks\">\n<div class=\"wp-block-group\"><div class=\"wp-block-group__inner-container is-layout-flow wp-block-group-is-layout-flow\">\n<div class=\"wp-block-uagb-team uagb-team__image-position-above uagb-team__align-center uagb-team__stack-tablet uagb-block-009e283e\"><div class=\"uagb-team__content\"><img decoding=\"async\" class=\"uagb-team__image-crop-circle\" src=\"https:\/\/test.digidem-bayern.de\/wp-content\/uploads\/2019\/10\/kristina-holm-e1571142334262-80x80.jpg\" alt=\"\" height=\"120\" width=\"120\" loading=\"lazy\"\/><h3 class=\"uagb-team__title\">Kristina Holm<\/h3><span class=\"uagb-team__prefix\">Wissenschaftliche Mitarbeiterin M. Sc.<\/span><p class=\"uagb-team__desc\">Moderation<\/p><\/div><\/div>\n<\/div><\/div>\n<\/div><\/div><\/div>\n\n\n\n<div class=\"wp-block-stackable-column stk-block-column stk-column stk-block stk-f24deea\" data-block-id=\"f24deea\"><div class=\"stk-column-wrapper stk-block-column__content stk-container stk-f24deea-container stk--no-background stk--no-padding\"><div class=\"stk-block-content stk-inner-blocks stk-f24deea-inner-blocks\">\n<div class=\"wp-block-uagb-team uagb-team__image-position-above uagb-team__align-center uagb-team__stack-tablet uagb-block-5e8f1917\"><div class=\"uagb-team__content\"><img decoding=\"async\" class=\"uagb-team__image-crop-circle\" src=\"https:\/\/test.digidem-bayern.de\/wp-content\/uploads\/2021\/01\/Bild-L.Kohlmann-80x80.jpg\" alt=\"digiDEM Bayern-Mitarbeiterin Linda Karrer\" height=\"120\" width=\"120\" loading=\"lazy\"\/><h3 class=\"uagb-team__title\">Linda Karrer<\/h3><span class=\"uagb-team__prefix\">Wissenschaftliche Mitarbeiterin M. Sc.<\/span><p class=\"uagb-team__desc\">Betreuung Chatroom &amp; Fragen<\/p><\/div><\/div>\n<\/div><\/div><\/div>\n<\/div><\/div>\n\n\n\n<p>Mit der Webinar-Reihe \u201eScience Watch LIVE\u201c bieten wir einen zus\u00e4tzlichen Service zu unserem monatlichen Newsletter <a href=\"https:\/\/test.digidem-bayern.de\/newsletter\/\">digiDEM Bayern Science Wa<\/a><a href=\"https:\/\/test.digidem-bayern.de\/newsletter-2\/\">tch<\/a>, in dem wir wissenschaftliche Erkenntnisse aus der Demenzforschung bereitstellen. &nbsp;<\/p>\n\n\n\n<p>Vor dem Hintergrund massenhaft verbreiteter Halbwahrheiten und Fake News, aktuell zum Beispiel \u00fcber das neue Corona-Virus, ist gerade jetzt evidenzbasierte Wissenschaft gefragt. Es ist wichtiger denn je, wissenschaftliche Erkenntnisse so zu vermitteln, dass sie f\u00fcr die Gesellschaft verst\u00e4ndlich sind und ein Austausch dar\u00fcber gef\u00f6rdert wird. Dazu m\u00f6chten wir als digiDEM Bayern-Projektteam beitragen, jetzt auch mit <strong><em>digiDEM Bayern Science Wach LIVE<\/em><\/strong>.<\/p>","protected":false},"excerpt":{"rendered":"<p>Demenzsymptome regulieren. Erinnerungen teilen. Gemeinsamkeit genie\u00dfen. \u2013 Die bisherige Forschung deutet darauf hin, dass musik- und lesetherapeutische Angebote f\u00fcr Menschen mit Demenz und deren pflegende Angeh\u00f6rige verschiedene positive Auswirkungen haben. So k\u00f6nnen beispielsweise Symptome der Demenz vermindert, das Wohlbefinden verbessert und die Beziehung zwischen Pflegenden und Gepflegten gest\u00e4rkt werden. In &hellip;<\/p>","protected":false},"author":11,"featured_media":12517,"comment_status":"open","ping_status":"closed","sticky":false,"template":"","format":"standard","meta":{"qubely_global_settings":"true","qubely_interactions":"","_uag_custom_page_level_css":"","footnotes":""},"categories":[123],"tags":[13,252,256,12,95,255,14,17,55,275,274,257],"class_list":["post-12501","post","type-post","status-publish","format-standard","has-post-thumbnail","hentry","category-sciene-watch-live-archiv","tag-alzheimer","tag-architektur","tag-architektur-und-demenz","tag-demenz-2","tag-demenzforschung","tag-demenzsensible-architektur","tag-digidem","tag-digidem-bayern","tag-digitales-demenzregister-bayern","tag-orientierung","tag-signaletik","tag-unterstuetzende-gestaltung"],"qubely_featured_image_url":{"full":["https:\/\/digidem-bayern.de\/wp-content\/uploads\/2021\/05\/hands-2906458_1920.jpg",1600,1067,false],"landscape":["https:\/\/digidem-bayern.de\/wp-content\/uploads\/2021\/05\/hands-2906458_1920-1200x750.jpg",1200,750,true],"portraits":["https:\/\/digidem-bayern.de\/wp-content\/uploads\/2021\/05\/hands-2906458_1920-540x320.jpg",540,320,true],"thumbnail":["https:\/\/digidem-bayern.de\/wp-content\/uploads\/2021\/05\/hands-2906458_1920-80x80.jpg",80,80,true],"medium":["https:\/\/digidem-bayern.de\/wp-content\/uploads\/2021\/05\/hands-2906458_1920-300x200.jpg",300,200,true],"medium_large":["https:\/\/digidem-bayern.de\/wp-content\/uploads\/2021\/05\/hands-2906458_1920-768x512.jpg",768,512,true],"large":["https:\/\/digidem-bayern.de\/wp-content\/uploads\/2021\/05\/hands-2906458_1920-1030x687.jpg",1030,687,true],"1536x1536":["https:\/\/digidem-bayern.de\/wp-content\/uploads\/2021\/05\/hands-2906458_1920-1536x1024.jpg",1536,1024,true],"2048x2048":["https:\/\/digidem-bayern.de\/wp-content\/uploads\/2021\/05\/hands-2906458_1920.jpg",1600,1067,false],"trp-custom-language-flag":["https:\/\/digidem-bayern.de\/wp-content\/uploads\/2021\/05\/hands-2906458_1920.jpg",18,12,false],"qubely_landscape":["https:\/\/digidem-bayern.de\/wp-content\/uploads\/2021\/05\/hands-2906458_1920-1200x750.jpg",1200,750,true],"qubely_portrait":["https:\/\/digidem-bayern.de\/wp-content\/uploads\/2021\/05\/hands-2906458_1920-540x320.jpg",540,320,true],"qubely_thumbnail":["https:\/\/digidem-bayern.de\/wp-content\/uploads\/2021\/05\/hands-2906458_1920-140x100.jpg",140,100,true],"post-thumbnail":["https:\/\/digidem-bayern.de\/wp-content\/uploads\/2021\/05\/hands-2906458_1920-525x350.jpg",525,350,true],"kahuna-featured":["https:\/\/digidem-bayern.de\/wp-content\/uploads\/2021\/05\/hands-2906458_1920-734x350.jpg",734,350,true],"kahuna-featured-lp":["https:\/\/digidem-bayern.de\/wp-content\/uploads\/2021\/05\/hands-2906458_1920-520x350.jpg",520,350,true],"kahuna-featured-half":["https:\/\/digidem-bayern.de\/wp-content\/uploads\/2021\/05\/hands-2906458_1920-800x350.jpg",800,350,true],"kahuna-featured-third":["https:\/\/digidem-bayern.de\/wp-content\/uploads\/2021\/05\/hands-2906458_1920-512x350.jpg",512,350,true],"kahuna-lpbox-1":["https:\/\/digidem-bayern.de\/wp-content\/uploads\/2021\/05\/hands-2906458_1920-520x350.jpg",446,300,true],"kahuna-lpbox-2":["https:\/\/digidem-bayern.de\/wp-content\/uploads\/2021\/05\/hands-2906458_1920-520x350.jpg",520,350,true],"demand-language-flag":["https:\/\/digidem-bayern.de\/wp-content\/uploads\/2021\/05\/hands-2906458_1920.jpg",36,24,false],"dddkt-language-flag":["https:\/\/digidem-bayern.de\/wp-content\/uploads\/2021\/05\/hands-2906458_1920.jpg",36,24,false],"ddiqc-language-flag":["https:\/\/digidem-bayern.de\/wp-content\/uploads\/2021\/05\/hands-2906458_1920.jpg",36,24,false],"ddtl-language-flag":["https:\/\/digidem-bayern.de\/wp-content\/uploads\/2021\/05\/hands-2906458_1920.jpg",36,24,false],"mailpoet_newsletter_max":["https:\/\/digidem-bayern.de\/wp-content\/uploads\/2021\/05\/hands-2906458_1920-1320x880.jpg",1320,880,true],"kahuna-lpbox-3":["https:\/\/digidem-bayern.de\/wp-content\/uploads\/2021\/05\/hands-2906458_1920-520x350.jpg",520,350,true],"kahuna-featured-square":["https:\/\/digidem-bayern.de\/wp-content\/uploads\/2021\/05\/hands-2906458_1920-512x512.jpg",512,512,true],"kahuna-featured-square-large":["https:\/\/digidem-bayern.de\/wp-content\/uploads\/2021\/05\/hands-2906458_1920-1024x1024.jpg",1024,1024,true]},"qubely_author":{"display_name":"Michael Zeiler","author_link":"https:\/\/digidem-bayern.de\/en\/author\/michael-zeiler\/"},"qubely_comment":0,"qubely_category":"<a href=\"https:\/\/digidem-bayern.de\/en\/category\/sciene-watch-live-archiv\/\" rel=\"category tag\">Sciene Watch Live ARCHIV<\/a>","qubely_excerpt":"Demenzsymptome regulieren. Erinnerungen teilen. Gemeinsamkeit genie\u00dfen. \u2013 Die bisherige Forschung deutet darauf hin, dass musik- und lesetherapeutische Angebote f\u00fcr Menschen mit Demenz und deren pflegende Angeh\u00f6rige verschiedene positive Auswirkungen haben. So k\u00f6nnen beispielsweise Symptome der Demenz vermindert, das Wohlbefinden verbessert und die Beziehung zwischen Pflegenden und Gepflegten gest\u00e4rkt werden. In &hellip;","featured_image_urls_v2":{"full":["https:\/\/digidem-bayern.de\/wp-content\/uploads\/2021\/05\/hands-2906458_1920.jpg",1600,1067,false],"thumbnail":["https:\/\/digidem-bayern.de\/wp-content\/uploads\/2021\/05\/hands-2906458_1920-80x80.jpg",80,80,true],"medium":["https:\/\/digidem-bayern.de\/wp-content\/uploads\/2021\/05\/hands-2906458_1920-300x200.jpg",300,200,true],"medium_large":["https:\/\/digidem-bayern.de\/wp-content\/uploads\/2021\/05\/hands-2906458_1920-768x512.jpg",768,512,true],"large":["https:\/\/digidem-bayern.de\/wp-content\/uploads\/2021\/05\/hands-2906458_1920-1030x687.jpg",1030,687,true],"1536x1536":["https:\/\/digidem-bayern.de\/wp-content\/uploads\/2021\/05\/hands-2906458_1920-1536x1024.jpg",1536,1024,true],"2048x2048":["https:\/\/digidem-bayern.de\/wp-content\/uploads\/2021\/05\/hands-2906458_1920.jpg",1600,1067,false],"trp-custom-language-flag":["https:\/\/digidem-bayern.de\/wp-content\/uploads\/2021\/05\/hands-2906458_1920.jpg",18,12,false],"qubely_landscape":["https:\/\/digidem-bayern.de\/wp-content\/uploads\/2021\/05\/hands-2906458_1920-1200x750.jpg",1200,750,true],"qubely_portrait":["https:\/\/digidem-bayern.de\/wp-content\/uploads\/2021\/05\/hands-2906458_1920-540x320.jpg",540,320,true],"qubely_thumbnail":["https:\/\/digidem-bayern.de\/wp-content\/uploads\/2021\/05\/hands-2906458_1920-140x100.jpg",140,100,true],"post-thumbnail":["https:\/\/digidem-bayern.de\/wp-content\/uploads\/2021\/05\/hands-2906458_1920-525x350.jpg",525,350,true],"kahuna-featured":["https:\/\/digidem-bayern.de\/wp-content\/uploads\/2021\/05\/hands-2906458_1920-734x350.jpg",734,350,true],"kahuna-featured-lp":["https:\/\/digidem-bayern.de\/wp-content\/uploads\/2021\/05\/hands-2906458_1920-520x350.jpg",520,350,true],"kahuna-featured-half":["https:\/\/digidem-bayern.de\/wp-content\/uploads\/2021\/05\/hands-2906458_1920-800x350.jpg",800,350,true],"kahuna-featured-third":["https:\/\/digidem-bayern.de\/wp-content\/uploads\/2021\/05\/hands-2906458_1920-512x350.jpg",512,350,true],"kahuna-lpbox-1":["https:\/\/digidem-bayern.de\/wp-content\/uploads\/2021\/05\/hands-2906458_1920-520x350.jpg",446,300,true],"kahuna-lpbox-2":["https:\/\/digidem-bayern.de\/wp-content\/uploads\/2021\/05\/hands-2906458_1920-520x350.jpg",520,350,true],"demand-language-flag":["https:\/\/digidem-bayern.de\/wp-content\/uploads\/2021\/05\/hands-2906458_1920.jpg",36,24,false],"dddkt-language-flag":["https:\/\/digidem-bayern.de\/wp-content\/uploads\/2021\/05\/hands-2906458_1920.jpg",36,24,false],"ddiqc-language-flag":["https:\/\/digidem-bayern.de\/wp-content\/uploads\/2021\/05\/hands-2906458_1920.jpg",36,24,false],"ddtl-language-flag":["https:\/\/digidem-bayern.de\/wp-content\/uploads\/2021\/05\/hands-2906458_1920.jpg",36,24,false],"mailpoet_newsletter_max":["https:\/\/digidem-bayern.de\/wp-content\/uploads\/2021\/05\/hands-2906458_1920-1320x880.jpg",1320,880,true],"kahuna-lpbox-3":["https:\/\/digidem-bayern.de\/wp-content\/uploads\/2021\/05\/hands-2906458_1920-520x350.jpg",520,350,true],"kahuna-featured-square":["https:\/\/digidem-bayern.de\/wp-content\/uploads\/2021\/05\/hands-2906458_1920-512x512.jpg",512,512,true],"kahuna-featured-square-large":["https:\/\/digidem-bayern.de\/wp-content\/uploads\/2021\/05\/hands-2906458_1920-1024x1024.jpg",1024,1024,true]},"post_excerpt_stackable_v2":"<p>Demenzsymptome regulieren. Erinnerungen teilen. Gemeinsamkeit genie\u00dfen. \u2013 Die bisherige Forschung deutet darauf hin, dass musik- und lesetherapeutische Angebote f\u00fcr Menschen mit Demenz und deren pflegende Angeh\u00f6rige verschiedene positive Auswirkungen haben. So k\u00f6nnen beispielsweise Symptome der Demenz vermindert, das Wohlbefinden verbessert und die Beziehung zwischen Pflegenden und Gepflegten gest\u00e4rkt werden. In der internationalen klinischen Forschungsstudie HOMESIDE wird die Wirkung eines Musik- und Leseangebots f\u00fcr Menschen mit Demenz und ihre pflegenden Angeh\u00f6rigen erstmals umfassend wissenschaftlich untersucht. Hierzu werden die pflegenden Angeh\u00f6rigen von ausgebildeten Fachkr\u00e4ften angeleitet und dabei unterst\u00fctzt, Musik- oder Leseaktivit\u00e4ten im Alltag einzusetzen. Insgesamt soll mit dem Projekt die h\u00e4usliche Pflege&hellip;<\/p>\n","category_list_v2":"<a href=\"https:\/\/digidem-bayern.de\/en\/category\/sciene-watch-live-archiv\/\" rel=\"category tag\">Sciene Watch Live ARCHIV<\/a>","author_info_v2":{"name":"Michael Zeiler","url":"https:\/\/digidem-bayern.de\/en\/author\/michael-zeiler\/"},"comments_num_v2":"0 comments","yoast_head":"<!-- This site is optimized with the Yoast SEO plugin v27.4 - https:\/\/yoast.com\/product\/yoast-seo-wordpress\/ -->\n<title>Der Einsatz von Musik und Lesen bei Demenz - die internationale Studie &#039;Homeside&#039; - digiDEM Bayern<\/title>\n<meta name=\"description\" content=\"Im Webinar &quot;digiDEM Bayern Science Watch LIVE&quot; behandeln Wissenschaftler ein Thema aus der Demenzforschung und stehen live f\u00fcr Fragen zur Verf\u00fcgung.\" \/>\n<meta name=\"robots\" content=\"index, follow, max-snippet:-1, max-image-preview:large, max-video-preview:-1\" \/>\n<link rel=\"canonical\" href=\"https:\/\/digidem-bayern.de\/en\/webinar-forschungsprojekt-homeside\/\" \/>\n<meta property=\"og:locale\" content=\"en_US\" \/>\n<meta property=\"og:type\" content=\"article\" \/>\n<meta property=\"og:title\" content=\"Der Einsatz von Musik und Lesen bei Demenz - die internationale Studie &#039;Homeside&#039; - digiDEM Bayern\" \/>\n<meta property=\"og:description\" content=\"Im Webinar &quot;digiDEM Bayern Science Watch LIVE&quot; behandeln Wissenschaftler ein Thema aus der Demenzforschung und stehen live f\u00fcr Fragen zur Verf\u00fcgung.\" \/>\n<meta property=\"og:url\" content=\"https:\/\/digidem-bayern.de\/en\/webinar-forschungsprojekt-homeside\/\" \/>\n<meta property=\"og:site_name\" content=\"digiDEM Bayern\" \/>\n<meta property=\"article:publisher\" content=\"https:\/\/www.facebook.com\/digiDEMBayern\/\" \/>\n<meta property=\"article:published_time\" content=\"2021-05-25T06:30:23+00:00\" \/>\n<meta property=\"article:modified_time\" content=\"2024-04-24T08:06:59+00:00\" \/>\n<meta property=\"og:image\" content=\"https:\/\/digidem-bayern.de\/wp-content\/uploads\/2021\/05\/hands-2906458_1920.jpg\" \/>\n\t<meta property=\"og:image:width\" content=\"1600\" \/>\n\t<meta property=\"og:image:height\" content=\"1067\" \/>\n\t<meta property=\"og:image:type\" content=\"image\/jpeg\" \/>\n<meta name=\"author\" content=\"Michael Zeiler\" \/>\n<meta name=\"twitter:label1\" content=\"Written by\" \/>\n\t<meta name=\"twitter:data1\" content=\"Michael Zeiler\" \/>\n\t<meta name=\"twitter:label2\" content=\"Est. reading time\" \/>\n\t<meta name=\"twitter:data2\" content=\"4 minutes\" \/>\n<script type=\"application\/ld+json\" class=\"yoast-schema-graph\">{\"@context\":\"https:\\\/\\\/schema.org\",\"@graph\":[{\"@type\":\"Article\",\"@id\":\"https:\\\/\\\/digidem-bayern.de\\\/webinar-forschungsprojekt-homeside\\\/#article\",\"isPartOf\":{\"@id\":\"https:\\\/\\\/digidem-bayern.de\\\/webinar-forschungsprojekt-homeside\\\/\"},\"author\":{\"name\":\"Michael Zeiler\",\"@id\":\"\\\/#\\\/schema\\\/person\\\/92754ad381f49b3c358d1d8d2c4f90b8\"},\"headline\":\"Der Einsatz von Musik und Lesen bei Demenz &#8211; die internationale Studie &#8218;Homeside&#8216;\",\"datePublished\":\"2021-05-25T06:30:23+00:00\",\"dateModified\":\"2024-04-24T08:06:59+00:00\",\"mainEntityOfPage\":{\"@id\":\"https:\\\/\\\/digidem-bayern.de\\\/webinar-forschungsprojekt-homeside\\\/\"},\"wordCount\":771,\"commentCount\":0,\"publisher\":{\"@id\":\"\\\/#organization\"},\"image\":{\"@id\":\"https:\\\/\\\/digidem-bayern.de\\\/webinar-forschungsprojekt-homeside\\\/#primaryimage\"},\"thumbnailUrl\":\"https:\\\/\\\/digidem-bayern.de\\\/wp-content\\\/uploads\\\/2021\\\/05\\\/hands-2906458_1920.jpg\",\"keywords\":[\"Alzheimer\",\"Architektur\",\"Architektur und Demenz\",\"Demenz\",\"Demenzforschung\",\"Demenzsensible Architektur\",\"digidem\",\"digidem Bayern\",\"Digitales Demenzregister Bayern\",\"Orientierung\",\"Signaletik\",\"Unterst\u00fctzende Gestaltung\"],\"articleSection\":[\"Sciene Watch Live ARCHIV\"],\"inLanguage\":\"en-US\",\"potentialAction\":[{\"@type\":\"CommentAction\",\"name\":\"Comment\",\"target\":[\"https:\\\/\\\/digidem-bayern.de\\\/webinar-forschungsprojekt-homeside\\\/#respond\"]}]},{\"@type\":\"WebPage\",\"@id\":\"https:\\\/\\\/digidem-bayern.de\\\/webinar-forschungsprojekt-homeside\\\/\",\"url\":\"https:\\\/\\\/digidem-bayern.de\\\/webinar-forschungsprojekt-homeside\\\/\",\"name\":\"Der Einsatz von Musik und Lesen bei Demenz - die internationale Studie 'Homeside' - digiDEM Bayern\",\"isPartOf\":{\"@id\":\"\\\/#website\"},\"primaryImageOfPage\":{\"@id\":\"https:\\\/\\\/digidem-bayern.de\\\/webinar-forschungsprojekt-homeside\\\/#primaryimage\"},\"image\":{\"@id\":\"https:\\\/\\\/digidem-bayern.de\\\/webinar-forschungsprojekt-homeside\\\/#primaryimage\"},\"thumbnailUrl\":\"https:\\\/\\\/digidem-bayern.de\\\/wp-content\\\/uploads\\\/2021\\\/05\\\/hands-2906458_1920.jpg\",\"datePublished\":\"2021-05-25T06:30:23+00:00\",\"dateModified\":\"2024-04-24T08:06:59+00:00\",\"description\":\"Im Webinar \\\"digiDEM Bayern Science Watch LIVE\\\" behandeln Wissenschaftler ein Thema aus der Demenzforschung und stehen live f\u00fcr Fragen zur Verf\u00fcgung.\",\"breadcrumb\":{\"@id\":\"https:\\\/\\\/digidem-bayern.de\\\/webinar-forschungsprojekt-homeside\\\/#breadcrumb\"},\"inLanguage\":\"en-US\",\"potentialAction\":[{\"@type\":\"ReadAction\",\"target\":[\"https:\\\/\\\/digidem-bayern.de\\\/webinar-forschungsprojekt-homeside\\\/\"]}]},{\"@type\":\"ImageObject\",\"inLanguage\":\"en-US\",\"@id\":\"https:\\\/\\\/digidem-bayern.de\\\/webinar-forschungsprojekt-homeside\\\/#primaryimage\",\"url\":\"https:\\\/\\\/digidem-bayern.de\\\/wp-content\\\/uploads\\\/2021\\\/05\\\/hands-2906458_1920.jpg\",\"contentUrl\":\"https:\\\/\\\/digidem-bayern.de\\\/wp-content\\\/uploads\\\/2021\\\/05\\\/hands-2906458_1920.jpg\",\"width\":1600,\"height\":1067,\"caption\":\"H\u00e4nde\"},{\"@type\":\"BreadcrumbList\",\"@id\":\"https:\\\/\\\/digidem-bayern.de\\\/webinar-forschungsprojekt-homeside\\\/#breadcrumb\",\"itemListElement\":[{\"@type\":\"ListItem\",\"position\":1,\"name\":\"Startseite\",\"item\":\"https:\\\/\\\/digidem-bayern.de\\\/\"},{\"@type\":\"ListItem\",\"position\":2,\"name\":\"Der Einsatz von Musik und Lesen bei Demenz &#8211; die internationale Studie &#8218;Homeside&#8216;\"}]},{\"@type\":\"WebSite\",\"@id\":\"\\\/#website\",\"url\":\"\\\/\",\"name\":\"digiDEM Bayern\",\"description\":\"Das digitale Demenzregister Bayern erforscht und verbessert die Angebotsstuktur f\u00fcr Menschen mit Demenz und deren Angeh\u00f6rige\",\"publisher\":{\"@id\":\"\\\/#organization\"},\"potentialAction\":[{\"@type\":\"SearchAction\",\"target\":{\"@type\":\"EntryPoint\",\"urlTemplate\":\"\\\/?s={search_term_string}\"},\"query-input\":{\"@type\":\"PropertyValueSpecification\",\"valueRequired\":true,\"valueName\":\"search_term_string\"}}],\"inLanguage\":\"en-US\"},{\"@type\":\"Organization\",\"@id\":\"\\\/#organization\",\"name\":\"digiDEM Bayern\",\"url\":\"\\\/\",\"logo\":{\"@type\":\"ImageObject\",\"inLanguage\":\"en-US\",\"@id\":\"\\\/#\\\/schema\\\/logo\\\/image\\\/\",\"url\":\"https:\\\/\\\/digidem-bayern.de\\\/wp-content\\\/uploads\\\/2022\\\/03\\\/cropped-Allgemeines_digiDEMLOGO-removebg-preview.png\",\"contentUrl\":\"https:\\\/\\\/digidem-bayern.de\\\/wp-content\\\/uploads\\\/2022\\\/03\\\/cropped-Allgemeines_digiDEMLOGO-removebg-preview.png\",\"width\":612,\"height\":357,\"caption\":\"digiDEM Bayern\"},\"image\":{\"@id\":\"\\\/#\\\/schema\\\/logo\\\/image\\\/\"},\"sameAs\":[\"https:\\\/\\\/www.facebook.com\\\/digiDEMBayern\\\/\",\"https:\\\/\\\/x.com\\\/digidem_bayern\",\"https:\\\/\\\/www.instagram.com\\\/digidem.bayern\",\"https:\\\/\\\/www.linkedin.com\\\/company\\\/digidem-bayern\\\/\"]},{\"@type\":\"Person\",\"@id\":\"\\\/#\\\/schema\\\/person\\\/92754ad381f49b3c358d1d8d2c4f90b8\",\"name\":\"Michael Zeiler\",\"url\":\"https:\\\/\\\/digidem-bayern.de\\\/en\\\/author\\\/michael-zeiler\\\/\"}]}<\/script>\n<!-- \/ Yoast SEO plugin. -->","yoast_head_json":{"title":"Der Einsatz von Musik und Lesen bei Demenz - die internationale Studie 'Homeside' - digiDEM Bayern","description":"Im Webinar \"digiDEM Bayern Science Watch LIVE\" behandeln Wissenschaftler ein Thema aus der Demenzforschung und stehen live f\u00fcr Fragen zur Verf\u00fcgung.","robots":{"index":"index","follow":"follow","max-snippet":"max-snippet:-1","max-image-preview":"max-image-preview:large","max-video-preview":"max-video-preview:-1"},"canonical":"https:\/\/digidem-bayern.de\/en\/webinar-forschungsprojekt-homeside\/","og_locale":"en_US","og_type":"article","og_title":"Der Einsatz von Musik und Lesen bei Demenz - die internationale Studie 'Homeside' - digiDEM Bayern","og_description":"Im Webinar \"digiDEM Bayern Science Watch LIVE\" behandeln Wissenschaftler ein Thema aus der Demenzforschung und stehen live f\u00fcr Fragen zur Verf\u00fcgung.","og_url":"https:\/\/digidem-bayern.de\/en\/webinar-forschungsprojekt-homeside\/","og_site_name":"digiDEM Bayern","article_publisher":"https:\/\/www.facebook.com\/digiDEMBayern\/","article_published_time":"2021-05-25T06:30:23+00:00","article_modified_time":"2024-04-24T08:06:59+00:00","og_image":[{"width":1600,"height":1067,"url":"https:\/\/digidem-bayern.de\/wp-content\/uploads\/2021\/05\/hands-2906458_1920.jpg","type":"image\/jpeg"}],"author":"Michael Zeiler","twitter_misc":{"Written by":"Michael Zeiler","Est. reading time":"4 minutes"},"schema":{"@context":"https:\/\/schema.org","@graph":[{"@type":"Article","@id":"https:\/\/digidem-bayern.de\/webinar-forschungsprojekt-homeside\/#article","isPartOf":{"@id":"https:\/\/digidem-bayern.de\/webinar-forschungsprojekt-homeside\/"},"author":{"name":"Michael Zeiler","@id":"\/#\/schema\/person\/92754ad381f49b3c358d1d8d2c4f90b8"},"headline":"Der Einsatz von Musik und Lesen bei Demenz &#8211; die internationale Studie &#8218;Homeside&#8216;","datePublished":"2021-05-25T06:30:23+00:00","dateModified":"2024-04-24T08:06:59+00:00","mainEntityOfPage":{"@id":"https:\/\/digidem-bayern.de\/webinar-forschungsprojekt-homeside\/"},"wordCount":771,"commentCount":0,"publisher":{"@id":"\/#organization"},"image":{"@id":"https:\/\/digidem-bayern.de\/webinar-forschungsprojekt-homeside\/#primaryimage"},"thumbnailUrl":"https:\/\/digidem-bayern.de\/wp-content\/uploads\/2021\/05\/hands-2906458_1920.jpg","keywords":["Alzheimer","Architektur","Architektur und Demenz","Demenz","Demenzforschung","Demenzsensible Architektur","digidem","digidem Bayern","Digitales Demenzregister Bayern","Orientierung","Signaletik","Unterst\u00fctzende Gestaltung"],"articleSection":["Sciene Watch Live ARCHIV"],"inLanguage":"en-US","potentialAction":[{"@type":"CommentAction","name":"Comment","target":["https:\/\/digidem-bayern.de\/webinar-forschungsprojekt-homeside\/#respond"]}]},{"@type":"WebPage","@id":"https:\/\/digidem-bayern.de\/webinar-forschungsprojekt-homeside\/","url":"https:\/\/digidem-bayern.de\/webinar-forschungsprojekt-homeside\/","name":"Der Einsatz von Musik und Lesen bei Demenz - die internationale Studie 'Homeside' - digiDEM Bayern","isPartOf":{"@id":"\/#website"},"primaryImageOfPage":{"@id":"https:\/\/digidem-bayern.de\/webinar-forschungsprojekt-homeside\/#primaryimage"},"image":{"@id":"https:\/\/digidem-bayern.de\/webinar-forschungsprojekt-homeside\/#primaryimage"},"thumbnailUrl":"https:\/\/digidem-bayern.de\/wp-content\/uploads\/2021\/05\/hands-2906458_1920.jpg","datePublished":"2021-05-25T06:30:23+00:00","dateModified":"2024-04-24T08:06:59+00:00","description":"Im Webinar \"digiDEM Bayern Science Watch LIVE\" behandeln Wissenschaftler ein Thema aus der Demenzforschung und stehen live f\u00fcr Fragen zur Verf\u00fcgung.","breadcrumb":{"@id":"https:\/\/digidem-bayern.de\/webinar-forschungsprojekt-homeside\/#breadcrumb"},"inLanguage":"en-US","potentialAction":[{"@type":"ReadAction","target":["https:\/\/digidem-bayern.de\/webinar-forschungsprojekt-homeside\/"]}]},{"@type":"ImageObject","inLanguage":"en-US","@id":"https:\/\/digidem-bayern.de\/webinar-forschungsprojekt-homeside\/#primaryimage","url":"https:\/\/digidem-bayern.de\/wp-content\/uploads\/2021\/05\/hands-2906458_1920.jpg","contentUrl":"https:\/\/digidem-bayern.de\/wp-content\/uploads\/2021\/05\/hands-2906458_1920.jpg","width":1600,"height":1067,"caption":"H\u00e4nde"},{"@type":"BreadcrumbList","@id":"https:\/\/digidem-bayern.de\/webinar-forschungsprojekt-homeside\/#breadcrumb","itemListElement":[{"@type":"ListItem","position":1,"name":"Startseite","item":"https:\/\/digidem-bayern.de\/"},{"@type":"ListItem","position":2,"name":"Der Einsatz von Musik und Lesen bei Demenz &#8211; die internationale Studie &#8218;Homeside&#8216;"}]},{"@type":"WebSite","@id":"\/#website","url":"\/","name":"digiDEM Bavaria","description":"The digital dementia register in Bavaria researches and improves the structure of services for people with dementia and their relatives","publisher":{"@id":"\/#organization"},"potentialAction":[{"@type":"SearchAction","target":{"@type":"EntryPoint","urlTemplate":"\/?s={search_term_string}"},"query-input":{"@type":"PropertyValueSpecification","valueRequired":true,"valueName":"search_term_string"}}],"inLanguage":"en-US"},{"@type":"Organization","@id":"\/#organization","name":"digiDEM Bavaria","url":"\/","logo":{"@type":"ImageObject","inLanguage":"en-US","@id":"\/#\/schema\/logo\/image\/","url":"https:\/\/digidem-bayern.de\/wp-content\/uploads\/2022\/03\/cropped-Allgemeines_digiDEMLOGO-removebg-preview.png","contentUrl":"https:\/\/digidem-bayern.de\/wp-content\/uploads\/2022\/03\/cropped-Allgemeines_digiDEMLOGO-removebg-preview.png","width":612,"height":357,"caption":"digiDEM Bayern"},"image":{"@id":"\/#\/schema\/logo\/image\/"},"sameAs":["https:\/\/www.facebook.com\/digiDEMBayern\/","https:\/\/x.com\/digidem_bayern","https:\/\/www.instagram.com\/digidem.bayern","https:\/\/www.linkedin.com\/company\/digidem-bayern\/"]},{"@type":"Person","@id":"\/#\/schema\/person\/92754ad381f49b3c358d1d8d2c4f90b8","name":"Michael Zeiler","url":"https:\/\/digidem-bayern.de\/en\/author\/michael-zeiler\/"}]}},"uagb_featured_image_src":{"full":["https:\/\/digidem-bayern.de\/wp-content\/uploads\/2021\/05\/hands-2906458_1920.jpg",1600,1067,false],"thumbnail":["https:\/\/digidem-bayern.de\/wp-content\/uploads\/2021\/05\/hands-2906458_1920-80x80.jpg",80,80,true],"medium":["https:\/\/digidem-bayern.de\/wp-content\/uploads\/2021\/05\/hands-2906458_1920-300x200.jpg",300,200,true],"medium_large":["https:\/\/digidem-bayern.de\/wp-content\/uploads\/2021\/05\/hands-2906458_1920-768x512.jpg",768,512,true],"large":["https:\/\/digidem-bayern.de\/wp-content\/uploads\/2021\/05\/hands-2906458_1920-1030x687.jpg",1030,687,true],"1536x1536":["https:\/\/digidem-bayern.de\/wp-content\/uploads\/2021\/05\/hands-2906458_1920-1536x1024.jpg",1536,1024,true],"2048x2048":["https:\/\/digidem-bayern.de\/wp-content\/uploads\/2021\/05\/hands-2906458_1920.jpg",1600,1067,false],"trp-custom-language-flag":["https:\/\/digidem-bayern.de\/wp-content\/uploads\/2021\/05\/hands-2906458_1920.jpg",18,12,false],"qubely_landscape":["https:\/\/digidem-bayern.de\/wp-content\/uploads\/2021\/05\/hands-2906458_1920-1200x750.jpg",1200,750,true],"qubely_portrait":["https:\/\/digidem-bayern.de\/wp-content\/uploads\/2021\/05\/hands-2906458_1920-540x320.jpg",540,320,true],"qubely_thumbnail":["https:\/\/digidem-bayern.de\/wp-content\/uploads\/2021\/05\/hands-2906458_1920-140x100.jpg",140,100,true],"post-thumbnail":["https:\/\/digidem-bayern.de\/wp-content\/uploads\/2021\/05\/hands-2906458_1920-525x350.jpg",525,350,true],"kahuna-featured":["https:\/\/digidem-bayern.de\/wp-content\/uploads\/2021\/05\/hands-2906458_1920-734x350.jpg",734,350,true],"kahuna-featured-lp":["https:\/\/digidem-bayern.de\/wp-content\/uploads\/2021\/05\/hands-2906458_1920-520x350.jpg",520,350,true],"kahuna-featured-half":["https:\/\/digidem-bayern.de\/wp-content\/uploads\/2021\/05\/hands-2906458_1920-800x350.jpg",800,350,true],"kahuna-featured-third":["https:\/\/digidem-bayern.de\/wp-content\/uploads\/2021\/05\/hands-2906458_1920-512x350.jpg",512,350,true],"kahuna-lpbox-1":["https:\/\/digidem-bayern.de\/wp-content\/uploads\/2021\/05\/hands-2906458_1920-520x350.jpg",446,300,true],"kahuna-lpbox-2":["https:\/\/digidem-bayern.de\/wp-content\/uploads\/2021\/05\/hands-2906458_1920-520x350.jpg",520,350,true],"demand-language-flag":["https:\/\/digidem-bayern.de\/wp-content\/uploads\/2021\/05\/hands-2906458_1920.jpg",36,24,false],"dddkt-language-flag":["https:\/\/digidem-bayern.de\/wp-content\/uploads\/2021\/05\/hands-2906458_1920.jpg",36,24,false],"ddiqc-language-flag":["https:\/\/digidem-bayern.de\/wp-content\/uploads\/2021\/05\/hands-2906458_1920.jpg",36,24,false],"ddtl-language-flag":["https:\/\/digidem-bayern.de\/wp-content\/uploads\/2021\/05\/hands-2906458_1920.jpg",36,24,false],"mailpoet_newsletter_max":["https:\/\/digidem-bayern.de\/wp-content\/uploads\/2021\/05\/hands-2906458_1920-1320x880.jpg",1320,880,true],"kahuna-lpbox-3":["https:\/\/digidem-bayern.de\/wp-content\/uploads\/2021\/05\/hands-2906458_1920-520x350.jpg",520,350,true],"kahuna-featured-square":["https:\/\/digidem-bayern.de\/wp-content\/uploads\/2021\/05\/hands-2906458_1920-512x512.jpg",512,512,true],"kahuna-featured-square-large":["https:\/\/digidem-bayern.de\/wp-content\/uploads\/2021\/05\/hands-2906458_1920-1024x1024.jpg",1024,1024,true]},"uagb_author_info":{"display_name":"Michael Zeiler","author_link":"https:\/\/digidem-bayern.de\/en\/author\/michael-zeiler\/"},"uagb_comment_info":0,"uagb_excerpt":"Demenzsymptome regulieren. Erinnerungen teilen. Gemeinsamkeit genie\u00dfen. \u2013 Die bisherige Forschung deutet darauf hin, dass musik- und lesetherapeutische Angebote f\u00fcr Menschen mit Demenz und deren pflegende Angeh\u00f6rige verschiedene positive Auswirkungen haben. So k\u00f6nnen beispielsweise Symptome der Demenz vermindert, das Wohlbefinden verbessert und die Beziehung zwischen Pflegenden und Gepflegten gest\u00e4rkt werden. In &hellip;","_links":{"self":[{"href":"https:\/\/digidem-bayern.de\/en\/wp-json\/wp\/v2\/posts\/12501","targetHints":{"allow":["GET"]}}],"collection":[{"href":"https:\/\/digidem-bayern.de\/en\/wp-json\/wp\/v2\/posts"}],"about":[{"href":"https:\/\/digidem-bayern.de\/en\/wp-json\/wp\/v2\/types\/post"}],"author":[{"embeddable":true,"href":"https:\/\/digidem-bayern.de\/en\/wp-json\/wp\/v2\/users\/11"}],"replies":[{"embeddable":true,"href":"https:\/\/digidem-bayern.de\/en\/wp-json\/wp\/v2\/comments?post=12501"}],"version-history":[{"count":10,"href":"https:\/\/digidem-bayern.de\/en\/wp-json\/wp\/v2\/posts\/12501\/revisions"}],"predecessor-version":[{"id":34517,"href":"https:\/\/digidem-bayern.de\/en\/wp-json\/wp\/v2\/posts\/12501\/revisions\/34517"}],"wp:featuredmedia":[{"embeddable":true,"href":"https:\/\/digidem-bayern.de\/en\/wp-json\/wp\/v2\/media\/12517"}],"wp:attachment":[{"href":"https:\/\/digidem-bayern.de\/en\/wp-json\/wp\/v2\/media?parent=12501"}],"wp:term":[{"taxonomy":"category","embeddable":true,"href":"https:\/\/digidem-bayern.de\/en\/wp-json\/wp\/v2\/categories?post=12501"},{"taxonomy":"post_tag","embeddable":true,"href":"https:\/\/digidem-bayern.de\/en\/wp-json\/wp\/v2\/tags?post=12501"}],"curies":[{"name":"wp","href":"https:\/\/api.w.org\/{rel}","templated":true}]}}