{"id":12113,"date":"2021-04-26T15:17:15","date_gmt":"2021-04-26T13:17:15","guid":{"rendered":"https:\/\/digidem-bayern.de\/?p=12113"},"modified":"2021-04-27T09:09:33","modified_gmt":"2021-04-27T07:09:33","slug":"apps-fuer-pflegende-angehoerige","status":"publish","type":"post","link":"https:\/\/digidem-bayern.de\/en\/apps-fuer-pflegende-angehoerige\/","title":{"rendered":"Apps f\u00fcr pflegende Angeh\u00f6rige"},"content":{"rendered":"<h4 class=\"wp-block-heading\">Smartphones und Tablets sind aus dem Alltag kaum noch wegzudenken. Die Zahl der mobilen Apps steigt rasant, auch im Gesundheitsbereich. Spanische Forscher*innen haben Apps untersucht, die speziell f\u00fcr pflegende Angeh\u00f6rige entwickelt wurden. Sie wollten \u00fcberpr\u00fcfen, ob die Anwendungen wirklich auf die Bed\u00fcrfnisse dieser Zielgruppe zugeschnitten sind.<\/h4>\n\n\n\n<div class=\"wp-block-image\"><figure class=\"alignright size-medium\"><img loading=\"lazy\" decoding=\"async\" width=\"300\" height=\"206\" src=\"https:\/\/test.digidem-bayern.de\/wp-content\/uploads\/2020\/04\/app-1013616_1280-300x206.jpg\" alt=\"Symbolgrafik: K\u00e4stchen mit dem Schriftzug &quot;App&quot;\" class=\"wp-image-5092\" srcset=\"https:\/\/digidem-bayern.de\/wp-content\/uploads\/2020\/04\/app-1013616_1280-300x206.jpg 300w, https:\/\/digidem-bayern.de\/wp-content\/uploads\/2020\/04\/app-1013616_1280-1030x708.jpg 1030w, https:\/\/digidem-bayern.de\/wp-content\/uploads\/2020\/04\/app-1013616_1280-768x528.jpg 768w, https:\/\/digidem-bayern.de\/wp-content\/uploads\/2020\/04\/app-1013616_1280-495x340.jpg 495w, https:\/\/digidem-bayern.de\/wp-content\/uploads\/2020\/04\/app-1013616_1280-512x350.jpg 512w, https:\/\/digidem-bayern.de\/wp-content\/uploads\/2020\/04\/app-1013616_1280.jpg 1280w\" sizes=\"auto, (max-width: 300px) 100vw, 300px\" \/><\/figure><\/div>\n\n\n\n<p>\u00a0Diese Bed\u00fcrfnisse, so Marina Sala-Gonzal\u00e9z\u00a0und ihre Kolleg*innen, seien umfassend untersucht worden. Zu den am h\u00e4ufigsten genannten Bed\u00fcrfnissen z\u00e4hlten die Gesundheit der Pflegenden, insbesondere die psychische, die zeitliche Beanspruchung, der Umgang mit mehreren Medikamenten, die Koordination von Terminen verschiedener medizinischer Fachkr\u00e4fte, die emotionale Belastung, der Mangel an Freizeit, die Auswirkungen auf soziale Beziehungen sowie mangelnde Informationen \u00fcber die Erkrankung und die Behandlung.<\/p>\n\n\n\n<p>&nbsp;Im Hinblick auf diese Bed\u00fcrfnisse k\u00f6nnten auch mobile Apps hilfreich sein, schreiben die Autor*innen. Sie k\u00f6nnten etwa bei der Bereitstellung von Aufkl\u00e4rungsinformationen, der Erinnerung an Arzttermine, der Koordination der Pflege und dem Umgang mit Medikamenten unterst\u00fctzen. Ziel ihrer Studie war es daher, mobile Anwendungen f\u00fcr pflegende Angeh\u00f6rige zu bewerten und zu pr\u00fcfen, ob diese unter Ber\u00fccksichtigung der Bed\u00fcrfnisse der Zielgruppe entwickelt wurden.<\/p>\n\n\n\n<p><strong>Ausf\u00fchrliche Interviews mit pflegenden Angeh\u00f6rigen gef\u00fchrt &nbsp;<\/strong><\/p>\n\n\n\n<p>F\u00fcr ihre \u00dcbersichtsarbeit werteten sie elf Studien aus, die zwischen Januar 2011 und Juli 2020 ver\u00f6ffentlicht wurden. An den einzelnen Studien nahmen zwischen 4 und 90 Pflegende teil. Der Zeitraum, in dem sie die Apps testeten, reichte von einer Woche bis zu sechs Monaten. Die mobilen Apps, um die es jeweils ging, wurden zum Teil f\u00fcr Pflegende von Menschen mit Demenz entwickelt, zum Teil&nbsp;f\u00fcr Angeh\u00f6rige von Krebs-Patienten oder Personen mit anderen Erkrankungen.<\/p>\n\n\n\n<p>&nbsp;Die Auswertung der Forscher*innen zeigte, dass die meisten Studien die Bed\u00fcrfnisse von pflegenden Angeh\u00f6rigen ber\u00fccksichtigt hatten, um Funktionen der App zu erstellen oder sie anzupassen. Dazu wurden zum Beispiel ausf\u00fchrliche Interviews mit den Angeh\u00f6rigen durchgef\u00fchrt.&nbsp;<\/p>\n\n\n\n<p><strong>Was wurde am h\u00e4ufigsten genutzt was am besten bewertet?&nbsp;<\/strong><\/p>\n\n\n\n<p>Zu den h\u00e4ufigsten Funktionen der getesteten Apps z\u00e4hlten Zusammenfassungen mit Informationen \u00fcber die zu pflegende Person, Bildungsinformationen (Informationen \u00fcber die Erkrankung und die Behandlung), Dienstleistungen f\u00fcr Pflegende, L\u00f6sungen f\u00fcr h\u00e4ufige Probleme w\u00e4hrend der Pflege und Frageb\u00f6gen zur Bewertung des Wohlbefindens der Pflegenden.<\/p>\n\n\n\n<p>Am besten fanden die Teilnehmenden folgende Inhalte: die Bewertung des psychischen Wohlbefindens der Pflegenden, die M\u00f6glichkeit des Kontakts mit dem zust\u00e4ndigen medizinischen Ansprechpartner, die Beurteilung von Verhaltensst\u00f6rungen, Informationen \u00fcber verf\u00fcgbare Dienste f\u00fcr Pflegende und Schulungsvideos mit praktischen Ratschl\u00e4gen.<\/p>\n\n\n\n<p>Zu den am h\u00e4ufigsten genutzten Funktionen z\u00e4hlten die Zusammenfassung der Informationen des Patienten, die Checkliste mit allgemeinen Symptomen (die Hinweise darauf gibt, ab wann ein Anruf im Krankenhaus ratsam ist), die Checkliste f\u00fcr Verhaltensprobleme, Bildungsinformationen und die Erinnerungsfunktionen.<\/p>\n\n\n\n<p><strong>Nachweise \u00fcber Wirksamkeit sind selten<\/strong><\/p>\n\n\n\n<p>Nur drei der elf Studien untersuchten die Wirksamkeit der mobilen Anwendungen &#8211; und kamen zu positiven Ergebnissen.&nbsp;Auch fr\u00fchere Studien haben gezeigt, dass <a href=\"https:\/\/test.digidem-bayern.de\/qualitaetskriterien-digitale-demenz-selbsttests\/\">Nachweise \u00fcber die Wirksamkeit von Apps oftmals fehlen<\/a>.<\/p>\n\n\n\n<p>Das Fazit der Autor*innen f\u00e4llt positiv aus: Mobile Anwendungen k\u00f6nnen danach eine gute Unterst\u00fctzung f\u00fcr pflegende Angeh\u00f6rige sein, sofern sie nach ihren Bed\u00fcrfnissen entwickelt wurden. Sie k\u00f6nnten dazu beitragen, die Belastung der Angeh\u00f6rigen zu verringern und ihre Lebensqualit\u00e4t zu verbessern.<\/p>\n\n\n\n<p><strong>Kostenlos testen: die NUI App f\u00fcr pflegende Angeh\u00f6rige&nbsp;<\/strong><\/p>\n\n\n\n<p>Auch digiDEM Bayern verlinkt auf seiner Webseite eine App f\u00fcr pflegende Angeh\u00f6rige: die \u201cNUI App\u201d bietet Unterst\u00fctzung im Pflegealltag, zum Beispiel mit Informationen \u00fcber Leistungen der Pflegekassen, praktischen Tipps, Hilfe bei der Kommunikation und Terminplanung von mehreren Pflegenden und einem Expertenchat. Gemeinsam mit digiDEM Bayern bietet die NUI App die M\u00f6glichkeit, die Anwendung ein Jahr lang kostenfrei zu testen. Alle weitere Informationen finden Sie <a href=\"https:\/\/test.digidem-bayern.de\/digitales-angebot-nui-app\/\">hier<\/a>.&nbsp; <\/p>\n\n\n\n<p>Hier finden Sie die vollst\u00e4ndige Studie:<br><a href=\"https:\/\/www.mdpi.com\/1660-4601\/18\/4\/1702\" target=\"_blank\" rel=\"noreferrer noopener\">Mobile Apps for Helping Informal Caregivers: A Systematic Review<\/a> (Dez 20)<\/p>\n\n\n\n<p><\/p>","protected":false},"excerpt":{"rendered":"<p>Smartphones und Tablets sind aus dem Alltag kaum noch wegzudenken. Die Zahl der mobilen Apps steigt rasant, auch im Gesundheitsbereich. Spanische Forscher*innen haben Apps untersucht, die speziell f\u00fcr pflegende Angeh\u00f6rige entwickelt wurden. Sie wollten \u00fcberpr\u00fcfen, ob die Anwendungen wirklich auf die Bed\u00fcrfnisse dieser Zielgruppe zugeschnitten sind. \u00a0Diese Bed\u00fcrfnisse, so Marina &hellip;<\/p>","protected":false},"author":11,"featured_media":5092,"comment_status":"open","ping_status":"closed","sticky":false,"template":"","format":"standard","meta":{"qubely_global_settings":"","qubely_interactions":"","_uag_custom_page_level_css":"","footnotes":""},"categories":[5],"tags":[307,14,17,55,20,308,93],"class_list":["post-12113","post","type-post","status-publish","format-standard","has-post-thumbnail","hentry","category-wissenschaft-forschung","tag-apps","tag-digidem","tag-digidem-bayern","tag-digitales-demenzregister-bayern","tag-digitalisierung","tag-ehealth","tag-pflegende-angehoerige"],"qubely_featured_image_url":{"full":["https:\/\/digidem-bayern.de\/wp-content\/uploads\/2020\/04\/app-1013616_1280.jpg",1280,880,false],"landscape":["https:\/\/digidem-bayern.de\/wp-content\/uploads\/2020\/04\/app-1013616_1280-1200x750.jpg",1200,750,true],"portraits":["https:\/\/digidem-bayern.de\/wp-content\/uploads\/2020\/04\/app-1013616_1280-540x320.jpg",540,320,true],"thumbnail":["https:\/\/digidem-bayern.de\/wp-content\/uploads\/2020\/04\/app-1013616_1280-80x80.jpg",80,80,true],"medium":["https:\/\/digidem-bayern.de\/wp-content\/uploads\/2020\/04\/app-1013616_1280-300x206.jpg",300,206,true],"medium_large":["https:\/\/digidem-bayern.de\/wp-content\/uploads\/2020\/04\/app-1013616_1280-768x528.jpg",768,528,true],"large":["https:\/\/digidem-bayern.de\/wp-content\/uploads\/2020\/04\/app-1013616_1280-1030x708.jpg",1030,708,true],"1536x1536":["https:\/\/digidem-bayern.de\/wp-content\/uploads\/2020\/04\/app-1013616_1280.jpg",1280,880,false],"2048x2048":["https:\/\/digidem-bayern.de\/wp-content\/uploads\/2020\/04\/app-1013616_1280.jpg",1280,880,false],"trp-custom-language-flag":["https:\/\/digidem-bayern.de\/wp-content\/uploads\/2020\/04\/app-1013616_1280.jpg",18,12,false],"qubely_landscape":["https:\/\/digidem-bayern.de\/wp-content\/uploads\/2020\/04\/app-1013616_1280-1200x750.jpg",1200,750,true],"qubely_portrait":["https:\/\/digidem-bayern.de\/wp-content\/uploads\/2020\/04\/app-1013616_1280-540x320.jpg",540,320,true],"qubely_thumbnail":["https:\/\/digidem-bayern.de\/wp-content\/uploads\/2020\/04\/app-1013616_1280-140x100.jpg",140,100,true],"post-thumbnail":["https:\/\/digidem-bayern.de\/wp-content\/uploads\/2020\/04\/app-1013616_1280-495x340.jpg",495,340,true],"kahuna-featured":["https:\/\/digidem-bayern.de\/wp-content\/uploads\/2020\/04\/app-1013616_1280-495x350.jpg",495,350,true],"kahuna-featured-lp":["https:\/\/digidem-bayern.de\/wp-content\/uploads\/2020\/04\/app-1013616_1280-460x350.jpg",460,350,true],"kahuna-featured-half":["https:\/\/digidem-bayern.de\/wp-content\/uploads\/2020\/04\/app-1013616_1280-800x350.jpg",800,350,true],"kahuna-featured-third":["https:\/\/digidem-bayern.de\/wp-content\/uploads\/2020\/04\/app-1013616_1280-512x350.jpg",512,350,true],"kahuna-lpbox-1":["https:\/\/digidem-bayern.de\/wp-content\/uploads\/2020\/04\/app-1013616_1280-460x350.jpg",394,300,true],"kahuna-lpbox-2":["https:\/\/digidem-bayern.de\/wp-content\/uploads\/2020\/04\/app-1013616_1280-460x350.jpg",460,350,true],"demand-language-flag":["https:\/\/digidem-bayern.de\/wp-content\/uploads\/2020\/04\/app-1013616_1280.jpg",36,25,false],"dddkt-language-flag":["https:\/\/digidem-bayern.de\/wp-content\/uploads\/2020\/04\/app-1013616_1280.jpg",36,25,false],"ddiqc-language-flag":["https:\/\/digidem-bayern.de\/wp-content\/uploads\/2020\/04\/app-1013616_1280.jpg",36,25,false],"ddtl-language-flag":["https:\/\/digidem-bayern.de\/wp-content\/uploads\/2020\/04\/app-1013616_1280.jpg",36,25,false],"mailpoet_newsletter_max":["https:\/\/digidem-bayern.de\/wp-content\/uploads\/2020\/04\/app-1013616_1280.jpg",1280,880,false],"kahuna-lpbox-3":["https:\/\/digidem-bayern.de\/wp-content\/uploads\/2020\/04\/app-1013616_1280-460x350.jpg",460,350,true],"kahuna-featured-square":["https:\/\/digidem-bayern.de\/wp-content\/uploads\/2020\/04\/app-1013616_1280-512x512.jpg",512,512,true],"kahuna-featured-square-large":["https:\/\/digidem-bayern.de\/wp-content\/uploads\/2020\/04\/app-1013616_1280-1024x880.jpg",1024,880,true]},"qubely_author":{"display_name":"Michael Zeiler","author_link":"https:\/\/digidem-bayern.de\/en\/author\/michael-zeiler\/"},"qubely_comment":1,"qubely_category":"<a href=\"https:\/\/digidem-bayern.de\/en\/category\/wissenschaft-forschung\/\" rel=\"category tag\">Wissenschaft &amp; Forschung<\/a>","qubely_excerpt":"Smartphones und Tablets sind aus dem Alltag kaum noch wegzudenken. Die Zahl der mobilen Apps steigt rasant, auch im Gesundheitsbereich. Spanische Forscher*innen haben Apps untersucht, die speziell f\u00fcr pflegende Angeh\u00f6rige entwickelt wurden. Sie wollten \u00fcberpr\u00fcfen, ob die Anwendungen wirklich auf die Bed\u00fcrfnisse dieser Zielgruppe zugeschnitten sind. \u00a0Diese Bed\u00fcrfnisse, so Marina &hellip;","featured_image_urls_v2":{"full":["https:\/\/digidem-bayern.de\/wp-content\/uploads\/2020\/04\/app-1013616_1280.jpg",1280,880,false],"thumbnail":["https:\/\/digidem-bayern.de\/wp-content\/uploads\/2020\/04\/app-1013616_1280-80x80.jpg",80,80,true],"medium":["https:\/\/digidem-bayern.de\/wp-content\/uploads\/2020\/04\/app-1013616_1280-300x206.jpg",300,206,true],"medium_large":["https:\/\/digidem-bayern.de\/wp-content\/uploads\/2020\/04\/app-1013616_1280-768x528.jpg",768,528,true],"large":["https:\/\/digidem-bayern.de\/wp-content\/uploads\/2020\/04\/app-1013616_1280-1030x708.jpg",1030,708,true],"1536x1536":["https:\/\/digidem-bayern.de\/wp-content\/uploads\/2020\/04\/app-1013616_1280.jpg",1280,880,false],"2048x2048":["https:\/\/digidem-bayern.de\/wp-content\/uploads\/2020\/04\/app-1013616_1280.jpg",1280,880,false],"trp-custom-language-flag":["https:\/\/digidem-bayern.de\/wp-content\/uploads\/2020\/04\/app-1013616_1280.jpg",18,12,false],"qubely_landscape":["https:\/\/digidem-bayern.de\/wp-content\/uploads\/2020\/04\/app-1013616_1280-1200x750.jpg",1200,750,true],"qubely_portrait":["https:\/\/digidem-bayern.de\/wp-content\/uploads\/2020\/04\/app-1013616_1280-540x320.jpg",540,320,true],"qubely_thumbnail":["https:\/\/digidem-bayern.de\/wp-content\/uploads\/2020\/04\/app-1013616_1280-140x100.jpg",140,100,true],"post-thumbnail":["https:\/\/digidem-bayern.de\/wp-content\/uploads\/2020\/04\/app-1013616_1280-495x340.jpg",495,340,true],"kahuna-featured":["https:\/\/digidem-bayern.de\/wp-content\/uploads\/2020\/04\/app-1013616_1280-495x350.jpg",495,350,true],"kahuna-featured-lp":["https:\/\/digidem-bayern.de\/wp-content\/uploads\/2020\/04\/app-1013616_1280-460x350.jpg",460,350,true],"kahuna-featured-half":["https:\/\/digidem-bayern.de\/wp-content\/uploads\/2020\/04\/app-1013616_1280-800x350.jpg",800,350,true],"kahuna-featured-third":["https:\/\/digidem-bayern.de\/wp-content\/uploads\/2020\/04\/app-1013616_1280-512x350.jpg",512,350,true],"kahuna-lpbox-1":["https:\/\/digidem-bayern.de\/wp-content\/uploads\/2020\/04\/app-1013616_1280-460x350.jpg",394,300,true],"kahuna-lpbox-2":["https:\/\/digidem-bayern.de\/wp-content\/uploads\/2020\/04\/app-1013616_1280-460x350.jpg",460,350,true],"demand-language-flag":["https:\/\/digidem-bayern.de\/wp-content\/uploads\/2020\/04\/app-1013616_1280.jpg",36,25,false],"dddkt-language-flag":["https:\/\/digidem-bayern.de\/wp-content\/uploads\/2020\/04\/app-1013616_1280.jpg",36,25,false],"ddiqc-language-flag":["https:\/\/digidem-bayern.de\/wp-content\/uploads\/2020\/04\/app-1013616_1280.jpg",36,25,false],"ddtl-language-flag":["https:\/\/digidem-bayern.de\/wp-content\/uploads\/2020\/04\/app-1013616_1280.jpg",36,25,false],"mailpoet_newsletter_max":["https:\/\/digidem-bayern.de\/wp-content\/uploads\/2020\/04\/app-1013616_1280.jpg",1280,880,false],"kahuna-lpbox-3":["https:\/\/digidem-bayern.de\/wp-content\/uploads\/2020\/04\/app-1013616_1280-460x350.jpg",460,350,true],"kahuna-featured-square":["https:\/\/digidem-bayern.de\/wp-content\/uploads\/2020\/04\/app-1013616_1280-512x512.jpg",512,512,true],"kahuna-featured-square-large":["https:\/\/digidem-bayern.de\/wp-content\/uploads\/2020\/04\/app-1013616_1280-1024x880.jpg",1024,880,true]},"post_excerpt_stackable_v2":"<p>Smartphones und Tablets sind aus dem Alltag kaum noch wegzudenken. Die Zahl der mobilen Apps steigt rasant, auch im Gesundheitsbereich. Spanische Forscher*innen haben Apps untersucht, die speziell f\u00fcr pflegende Angeh\u00f6rige entwickelt wurden. Sie wollten \u00fcberpr\u00fcfen, ob die Anwendungen wirklich auf die Bed\u00fcrfnisse dieser Zielgruppe zugeschnitten sind. \u00a0Diese Bed\u00fcrfnisse, so Marina Sala-Gonzal\u00e9z\u00a0und ihre Kolleg*innen, seien umfassend untersucht worden. Zu den am h\u00e4ufigsten genannten Bed\u00fcrfnissen z\u00e4hlten die Gesundheit der Pflegenden, insbesondere die psychische, die zeitliche Beanspruchung, der Umgang mit mehreren Medikamenten, die Koordination von Terminen verschiedener medizinischer Fachkr\u00e4fte, die emotionale Belastung, der Mangel an Freizeit, die Auswirkungen auf soziale Beziehungen sowie mangelnde&hellip;<\/p>\n","category_list_v2":"<a href=\"https:\/\/digidem-bayern.de\/en\/category\/wissenschaft-forschung\/\" rel=\"category tag\">Wissenschaft &amp; Forschung<\/a>","author_info_v2":{"name":"Michael Zeiler","url":"https:\/\/digidem-bayern.de\/en\/author\/michael-zeiler\/"},"comments_num_v2":"0 comments","yoast_head":"<!-- This site is optimized with the Yoast SEO plugin v27.5 - https:\/\/yoast.com\/product\/yoast-seo-wordpress\/ -->\n<title>Apps f\u00fcr pflegende Angeh\u00f6rige - digiDEM Bayern<\/title>\n<meta name=\"description\" content=\"Forscher haben Apps f\u00fcr pflegende Angeh\u00f6rige untersucht. Sie wollten pr\u00fcfen, ob sie auf die Bed\u00fcrfnisse der Zielgruppe zugeschnitten sind.\" \/>\n<meta name=\"robots\" content=\"index, follow, max-snippet:-1, max-image-preview:large, max-video-preview:-1\" \/>\n<link rel=\"canonical\" href=\"https:\/\/digidem-bayern.de\/en\/apps-fuer-pflegende-angehoerige\/\" \/>\n<meta property=\"og:locale\" content=\"en_US\" \/>\n<meta property=\"og:type\" content=\"article\" \/>\n<meta property=\"og:title\" content=\"Apps f\u00fcr pflegende Angeh\u00f6rige - digiDEM Bayern\" \/>\n<meta property=\"og:description\" content=\"Forscher haben Apps f\u00fcr pflegende Angeh\u00f6rige untersucht. Sie wollten pr\u00fcfen, ob sie auf die Bed\u00fcrfnisse der Zielgruppe zugeschnitten sind.\" \/>\n<meta property=\"og:url\" content=\"https:\/\/digidem-bayern.de\/en\/apps-fuer-pflegende-angehoerige\/\" \/>\n<meta property=\"og:site_name\" content=\"digiDEM Bayern\" \/>\n<meta property=\"article:publisher\" content=\"https:\/\/www.facebook.com\/digiDEMBayern\/\" \/>\n<meta property=\"article:published_time\" content=\"2021-04-26T13:17:15+00:00\" \/>\n<meta property=\"article:modified_time\" content=\"2021-04-27T07:09:33+00:00\" \/>\n<meta property=\"og:image\" content=\"https:\/\/digidem-bayern.de\/wp-content\/uploads\/2020\/04\/app-1013616_1280.jpg\" \/>\n\t<meta property=\"og:image:width\" content=\"1280\" \/>\n\t<meta property=\"og:image:height\" content=\"880\" \/>\n\t<meta property=\"og:image:type\" content=\"image\/jpeg\" \/>\n<meta name=\"author\" content=\"Michael Zeiler\" \/>\n<meta name=\"twitter:label1\" content=\"Written by\" \/>\n\t<meta name=\"twitter:data1\" content=\"Michael Zeiler\" \/>\n\t<meta name=\"twitter:label2\" content=\"Est. reading time\" \/>\n\t<meta name=\"twitter:data2\" content=\"3 minutes\" \/>\n<script type=\"application\/ld+json\" class=\"yoast-schema-graph\">{\"@context\":\"https:\\\/\\\/schema.org\",\"@graph\":[{\"@type\":\"Article\",\"@id\":\"https:\\\/\\\/digidem-bayern.de\\\/apps-fuer-pflegende-angehoerige\\\/#article\",\"isPartOf\":{\"@id\":\"https:\\\/\\\/digidem-bayern.de\\\/apps-fuer-pflegende-angehoerige\\\/\"},\"author\":{\"name\":\"Michael Zeiler\",\"@id\":\"\\\/#\\\/schema\\\/person\\\/92754ad381f49b3c358d1d8d2c4f90b8\"},\"headline\":\"Apps f\u00fcr pflegende Angeh\u00f6rige\",\"datePublished\":\"2021-04-26T13:17:15+00:00\",\"dateModified\":\"2021-04-27T07:09:33+00:00\",\"mainEntityOfPage\":{\"@id\":\"https:\\\/\\\/digidem-bayern.de\\\/apps-fuer-pflegende-angehoerige\\\/\"},\"wordCount\":661,\"commentCount\":0,\"publisher\":{\"@id\":\"\\\/#organization\"},\"image\":{\"@id\":\"https:\\\/\\\/digidem-bayern.de\\\/apps-fuer-pflegende-angehoerige\\\/#primaryimage\"},\"thumbnailUrl\":\"https:\\\/\\\/digidem-bayern.de\\\/wp-content\\\/uploads\\\/2020\\\/04\\\/app-1013616_1280.jpg\",\"keywords\":[\"Apps\",\"digidem\",\"digidem Bayern\",\"Digitales Demenzregister Bayern\",\"Digitalisierung\",\"eHealth\",\"pflegende Angeh\u00f6rige\"],\"articleSection\":[\"Wissenschaft &amp; Forschung\"],\"inLanguage\":\"en-US\",\"potentialAction\":[{\"@type\":\"CommentAction\",\"name\":\"Comment\",\"target\":[\"https:\\\/\\\/digidem-bayern.de\\\/apps-fuer-pflegende-angehoerige\\\/#respond\"]}]},{\"@type\":\"WebPage\",\"@id\":\"https:\\\/\\\/digidem-bayern.de\\\/apps-fuer-pflegende-angehoerige\\\/\",\"url\":\"https:\\\/\\\/digidem-bayern.de\\\/apps-fuer-pflegende-angehoerige\\\/\",\"name\":\"Apps f\u00fcr pflegende Angeh\u00f6rige - digiDEM Bayern\",\"isPartOf\":{\"@id\":\"\\\/#website\"},\"primaryImageOfPage\":{\"@id\":\"https:\\\/\\\/digidem-bayern.de\\\/apps-fuer-pflegende-angehoerige\\\/#primaryimage\"},\"image\":{\"@id\":\"https:\\\/\\\/digidem-bayern.de\\\/apps-fuer-pflegende-angehoerige\\\/#primaryimage\"},\"thumbnailUrl\":\"https:\\\/\\\/digidem-bayern.de\\\/wp-content\\\/uploads\\\/2020\\\/04\\\/app-1013616_1280.jpg\",\"datePublished\":\"2021-04-26T13:17:15+00:00\",\"dateModified\":\"2021-04-27T07:09:33+00:00\",\"description\":\"Forscher haben Apps f\u00fcr pflegende Angeh\u00f6rige untersucht. Sie wollten pr\u00fcfen, ob sie auf die Bed\u00fcrfnisse der Zielgruppe zugeschnitten sind.\",\"breadcrumb\":{\"@id\":\"https:\\\/\\\/digidem-bayern.de\\\/apps-fuer-pflegende-angehoerige\\\/#breadcrumb\"},\"inLanguage\":\"en-US\",\"potentialAction\":[{\"@type\":\"ReadAction\",\"target\":[\"https:\\\/\\\/digidem-bayern.de\\\/apps-fuer-pflegende-angehoerige\\\/\"]}]},{\"@type\":\"ImageObject\",\"inLanguage\":\"en-US\",\"@id\":\"https:\\\/\\\/digidem-bayern.de\\\/apps-fuer-pflegende-angehoerige\\\/#primaryimage\",\"url\":\"https:\\\/\\\/digidem-bayern.de\\\/wp-content\\\/uploads\\\/2020\\\/04\\\/app-1013616_1280.jpg\",\"contentUrl\":\"https:\\\/\\\/digidem-bayern.de\\\/wp-content\\\/uploads\\\/2020\\\/04\\\/app-1013616_1280.jpg\",\"width\":1280,\"height\":880},{\"@type\":\"BreadcrumbList\",\"@id\":\"https:\\\/\\\/digidem-bayern.de\\\/apps-fuer-pflegende-angehoerige\\\/#breadcrumb\",\"itemListElement\":[{\"@type\":\"ListItem\",\"position\":1,\"name\":\"Startseite\",\"item\":\"https:\\\/\\\/digidem-bayern.de\\\/\"},{\"@type\":\"ListItem\",\"position\":2,\"name\":\"Apps f\u00fcr pflegende Angeh\u00f6rige\"}]},{\"@type\":\"WebSite\",\"@id\":\"\\\/#website\",\"url\":\"\\\/\",\"name\":\"digiDEM Bayern\",\"description\":\"Das digitale Demenzregister Bayern erforscht und verbessert die Angebotsstuktur f\u00fcr Menschen mit Demenz und deren Angeh\u00f6rige\",\"publisher\":{\"@id\":\"\\\/#organization\"},\"potentialAction\":[{\"@type\":\"SearchAction\",\"target\":{\"@type\":\"EntryPoint\",\"urlTemplate\":\"\\\/?s={search_term_string}\"},\"query-input\":{\"@type\":\"PropertyValueSpecification\",\"valueRequired\":true,\"valueName\":\"search_term_string\"}}],\"inLanguage\":\"en-US\"},{\"@type\":\"Organization\",\"@id\":\"\\\/#organization\",\"name\":\"digiDEM Bayern\",\"url\":\"\\\/\",\"logo\":{\"@type\":\"ImageObject\",\"inLanguage\":\"en-US\",\"@id\":\"\\\/#\\\/schema\\\/logo\\\/image\\\/\",\"url\":\"https:\\\/\\\/digidem-bayern.de\\\/wp-content\\\/uploads\\\/2022\\\/03\\\/cropped-Allgemeines_digiDEMLOGO-removebg-preview.png\",\"contentUrl\":\"https:\\\/\\\/digidem-bayern.de\\\/wp-content\\\/uploads\\\/2022\\\/03\\\/cropped-Allgemeines_digiDEMLOGO-removebg-preview.png\",\"width\":612,\"height\":357,\"caption\":\"digiDEM Bayern\"},\"image\":{\"@id\":\"\\\/#\\\/schema\\\/logo\\\/image\\\/\"},\"sameAs\":[\"https:\\\/\\\/www.facebook.com\\\/digiDEMBayern\\\/\",\"https:\\\/\\\/x.com\\\/digidem_bayern\",\"https:\\\/\\\/www.instagram.com\\\/digidem.bayern\",\"https:\\\/\\\/www.linkedin.com\\\/company\\\/digidem-bayern\\\/\"]},{\"@type\":\"Person\",\"@id\":\"\\\/#\\\/schema\\\/person\\\/92754ad381f49b3c358d1d8d2c4f90b8\",\"name\":\"Michael Zeiler\",\"url\":\"https:\\\/\\\/digidem-bayern.de\\\/en\\\/author\\\/michael-zeiler\\\/\"}]}<\/script>\n<!-- \/ Yoast SEO plugin. -->","yoast_head_json":{"title":"Apps f\u00fcr pflegende Angeh\u00f6rige - digiDEM Bayern","description":"Forscher haben Apps f\u00fcr pflegende Angeh\u00f6rige untersucht. Sie wollten pr\u00fcfen, ob sie auf die Bed\u00fcrfnisse der Zielgruppe zugeschnitten sind.","robots":{"index":"index","follow":"follow","max-snippet":"max-snippet:-1","max-image-preview":"max-image-preview:large","max-video-preview":"max-video-preview:-1"},"canonical":"https:\/\/digidem-bayern.de\/en\/apps-fuer-pflegende-angehoerige\/","og_locale":"en_US","og_type":"article","og_title":"Apps f\u00fcr pflegende Angeh\u00f6rige - digiDEM Bayern","og_description":"Forscher haben Apps f\u00fcr pflegende Angeh\u00f6rige untersucht. Sie wollten pr\u00fcfen, ob sie auf die Bed\u00fcrfnisse der Zielgruppe zugeschnitten sind.","og_url":"https:\/\/digidem-bayern.de\/en\/apps-fuer-pflegende-angehoerige\/","og_site_name":"digiDEM Bayern","article_publisher":"https:\/\/www.facebook.com\/digiDEMBayern\/","article_published_time":"2021-04-26T13:17:15+00:00","article_modified_time":"2021-04-27T07:09:33+00:00","og_image":[{"width":1280,"height":880,"url":"https:\/\/digidem-bayern.de\/wp-content\/uploads\/2020\/04\/app-1013616_1280.jpg","type":"image\/jpeg"}],"author":"Michael Zeiler","twitter_misc":{"Written by":"Michael Zeiler","Est. reading time":"3 minutes"},"schema":{"@context":"https:\/\/schema.org","@graph":[{"@type":"Article","@id":"https:\/\/digidem-bayern.de\/apps-fuer-pflegende-angehoerige\/#article","isPartOf":{"@id":"https:\/\/digidem-bayern.de\/apps-fuer-pflegende-angehoerige\/"},"author":{"name":"Michael Zeiler","@id":"\/#\/schema\/person\/92754ad381f49b3c358d1d8d2c4f90b8"},"headline":"Apps f\u00fcr pflegende Angeh\u00f6rige","datePublished":"2021-04-26T13:17:15+00:00","dateModified":"2021-04-27T07:09:33+00:00","mainEntityOfPage":{"@id":"https:\/\/digidem-bayern.de\/apps-fuer-pflegende-angehoerige\/"},"wordCount":661,"commentCount":0,"publisher":{"@id":"\/#organization"},"image":{"@id":"https:\/\/digidem-bayern.de\/apps-fuer-pflegende-angehoerige\/#primaryimage"},"thumbnailUrl":"https:\/\/digidem-bayern.de\/wp-content\/uploads\/2020\/04\/app-1013616_1280.jpg","keywords":["Apps","digidem","digidem Bayern","Digitales Demenzregister Bayern","Digitalisierung","eHealth","pflegende Angeh\u00f6rige"],"articleSection":["Wissenschaft &amp; Forschung"],"inLanguage":"en-US","potentialAction":[{"@type":"CommentAction","name":"Comment","target":["https:\/\/digidem-bayern.de\/apps-fuer-pflegende-angehoerige\/#respond"]}]},{"@type":"WebPage","@id":"https:\/\/digidem-bayern.de\/apps-fuer-pflegende-angehoerige\/","url":"https:\/\/digidem-bayern.de\/apps-fuer-pflegende-angehoerige\/","name":"Apps f\u00fcr pflegende Angeh\u00f6rige - digiDEM Bayern","isPartOf":{"@id":"\/#website"},"primaryImageOfPage":{"@id":"https:\/\/digidem-bayern.de\/apps-fuer-pflegende-angehoerige\/#primaryimage"},"image":{"@id":"https:\/\/digidem-bayern.de\/apps-fuer-pflegende-angehoerige\/#primaryimage"},"thumbnailUrl":"https:\/\/digidem-bayern.de\/wp-content\/uploads\/2020\/04\/app-1013616_1280.jpg","datePublished":"2021-04-26T13:17:15+00:00","dateModified":"2021-04-27T07:09:33+00:00","description":"Forscher haben Apps f\u00fcr pflegende Angeh\u00f6rige untersucht. Sie wollten pr\u00fcfen, ob sie auf die Bed\u00fcrfnisse der Zielgruppe zugeschnitten sind.","breadcrumb":{"@id":"https:\/\/digidem-bayern.de\/apps-fuer-pflegende-angehoerige\/#breadcrumb"},"inLanguage":"en-US","potentialAction":[{"@type":"ReadAction","target":["https:\/\/digidem-bayern.de\/apps-fuer-pflegende-angehoerige\/"]}]},{"@type":"ImageObject","inLanguage":"en-US","@id":"https:\/\/digidem-bayern.de\/apps-fuer-pflegende-angehoerige\/#primaryimage","url":"https:\/\/digidem-bayern.de\/wp-content\/uploads\/2020\/04\/app-1013616_1280.jpg","contentUrl":"https:\/\/digidem-bayern.de\/wp-content\/uploads\/2020\/04\/app-1013616_1280.jpg","width":1280,"height":880},{"@type":"BreadcrumbList","@id":"https:\/\/digidem-bayern.de\/apps-fuer-pflegende-angehoerige\/#breadcrumb","itemListElement":[{"@type":"ListItem","position":1,"name":"Startseite","item":"https:\/\/digidem-bayern.de\/"},{"@type":"ListItem","position":2,"name":"Apps f\u00fcr pflegende Angeh\u00f6rige"}]},{"@type":"WebSite","@id":"\/#website","url":"\/","name":"digiDEM Bavaria","description":"The digital dementia register in Bavaria researches and improves the structure of services for people with dementia and their relatives","publisher":{"@id":"\/#organization"},"potentialAction":[{"@type":"SearchAction","target":{"@type":"EntryPoint","urlTemplate":"\/?s={search_term_string}"},"query-input":{"@type":"PropertyValueSpecification","valueRequired":true,"valueName":"search_term_string"}}],"inLanguage":"en-US"},{"@type":"Organization","@id":"\/#organization","name":"digiDEM Bavaria","url":"\/","logo":{"@type":"ImageObject","inLanguage":"en-US","@id":"\/#\/schema\/logo\/image\/","url":"https:\/\/digidem-bayern.de\/wp-content\/uploads\/2022\/03\/cropped-Allgemeines_digiDEMLOGO-removebg-preview.png","contentUrl":"https:\/\/digidem-bayern.de\/wp-content\/uploads\/2022\/03\/cropped-Allgemeines_digiDEMLOGO-removebg-preview.png","width":612,"height":357,"caption":"digiDEM Bayern"},"image":{"@id":"\/#\/schema\/logo\/image\/"},"sameAs":["https:\/\/www.facebook.com\/digiDEMBayern\/","https:\/\/x.com\/digidem_bayern","https:\/\/www.instagram.com\/digidem.bayern","https:\/\/www.linkedin.com\/company\/digidem-bayern\/"]},{"@type":"Person","@id":"\/#\/schema\/person\/92754ad381f49b3c358d1d8d2c4f90b8","name":"Michael Zeiler","url":"https:\/\/digidem-bayern.de\/en\/author\/michael-zeiler\/"}]}},"uagb_featured_image_src":{"full":["https:\/\/digidem-bayern.de\/wp-content\/uploads\/2020\/04\/app-1013616_1280.jpg",1280,880,false],"thumbnail":["https:\/\/digidem-bayern.de\/wp-content\/uploads\/2020\/04\/app-1013616_1280-80x80.jpg",80,80,true],"medium":["https:\/\/digidem-bayern.de\/wp-content\/uploads\/2020\/04\/app-1013616_1280-300x206.jpg",300,206,true],"medium_large":["https:\/\/digidem-bayern.de\/wp-content\/uploads\/2020\/04\/app-1013616_1280-768x528.jpg",768,528,true],"large":["https:\/\/digidem-bayern.de\/wp-content\/uploads\/2020\/04\/app-1013616_1280-1030x708.jpg",1030,708,true],"1536x1536":["https:\/\/digidem-bayern.de\/wp-content\/uploads\/2020\/04\/app-1013616_1280.jpg",1280,880,false],"2048x2048":["https:\/\/digidem-bayern.de\/wp-content\/uploads\/2020\/04\/app-1013616_1280.jpg",1280,880,false],"trp-custom-language-flag":["https:\/\/digidem-bayern.de\/wp-content\/uploads\/2020\/04\/app-1013616_1280.jpg",18,12,false],"qubely_landscape":["https:\/\/digidem-bayern.de\/wp-content\/uploads\/2020\/04\/app-1013616_1280-1200x750.jpg",1200,750,true],"qubely_portrait":["https:\/\/digidem-bayern.de\/wp-content\/uploads\/2020\/04\/app-1013616_1280-540x320.jpg",540,320,true],"qubely_thumbnail":["https:\/\/digidem-bayern.de\/wp-content\/uploads\/2020\/04\/app-1013616_1280-140x100.jpg",140,100,true],"post-thumbnail":["https:\/\/digidem-bayern.de\/wp-content\/uploads\/2020\/04\/app-1013616_1280-495x340.jpg",495,340,true],"kahuna-featured":["https:\/\/digidem-bayern.de\/wp-content\/uploads\/2020\/04\/app-1013616_1280-495x350.jpg",495,350,true],"kahuna-featured-lp":["https:\/\/digidem-bayern.de\/wp-content\/uploads\/2020\/04\/app-1013616_1280-460x350.jpg",460,350,true],"kahuna-featured-half":["https:\/\/digidem-bayern.de\/wp-content\/uploads\/2020\/04\/app-1013616_1280-800x350.jpg",800,350,true],"kahuna-featured-third":["https:\/\/digidem-bayern.de\/wp-content\/uploads\/2020\/04\/app-1013616_1280-512x350.jpg",512,350,true],"kahuna-lpbox-1":["https:\/\/digidem-bayern.de\/wp-content\/uploads\/2020\/04\/app-1013616_1280-460x350.jpg",394,300,true],"kahuna-lpbox-2":["https:\/\/digidem-bayern.de\/wp-content\/uploads\/2020\/04\/app-1013616_1280-460x350.jpg",460,350,true],"demand-language-flag":["https:\/\/digidem-bayern.de\/wp-content\/uploads\/2020\/04\/app-1013616_1280.jpg",36,25,false],"dddkt-language-flag":["https:\/\/digidem-bayern.de\/wp-content\/uploads\/2020\/04\/app-1013616_1280.jpg",36,25,false],"ddiqc-language-flag":["https:\/\/digidem-bayern.de\/wp-content\/uploads\/2020\/04\/app-1013616_1280.jpg",36,25,false],"ddtl-language-flag":["https:\/\/digidem-bayern.de\/wp-content\/uploads\/2020\/04\/app-1013616_1280.jpg",36,25,false],"mailpoet_newsletter_max":["https:\/\/digidem-bayern.de\/wp-content\/uploads\/2020\/04\/app-1013616_1280.jpg",1280,880,false],"kahuna-lpbox-3":["https:\/\/digidem-bayern.de\/wp-content\/uploads\/2020\/04\/app-1013616_1280-460x350.jpg",460,350,true],"kahuna-featured-square":["https:\/\/digidem-bayern.de\/wp-content\/uploads\/2020\/04\/app-1013616_1280-512x512.jpg",512,512,true],"kahuna-featured-square-large":["https:\/\/digidem-bayern.de\/wp-content\/uploads\/2020\/04\/app-1013616_1280-1024x880.jpg",1024,880,true]},"uagb_author_info":{"display_name":"Michael Zeiler","author_link":"https:\/\/digidem-bayern.de\/en\/author\/michael-zeiler\/"},"uagb_comment_info":1,"uagb_excerpt":"Smartphones und Tablets sind aus dem Alltag kaum noch wegzudenken. Die Zahl der mobilen Apps steigt rasant, auch im Gesundheitsbereich. Spanische Forscher*innen haben Apps untersucht, die speziell f\u00fcr pflegende Angeh\u00f6rige entwickelt wurden. Sie wollten \u00fcberpr\u00fcfen, ob die Anwendungen wirklich auf die Bed\u00fcrfnisse dieser Zielgruppe zugeschnitten sind. \u00a0Diese Bed\u00fcrfnisse, so Marina &hellip;","_links":{"self":[{"href":"https:\/\/digidem-bayern.de\/en\/wp-json\/wp\/v2\/posts\/12113","targetHints":{"allow":["GET"]}}],"collection":[{"href":"https:\/\/digidem-bayern.de\/en\/wp-json\/wp\/v2\/posts"}],"about":[{"href":"https:\/\/digidem-bayern.de\/en\/wp-json\/wp\/v2\/types\/post"}],"author":[{"embeddable":true,"href":"https:\/\/digidem-bayern.de\/en\/wp-json\/wp\/v2\/users\/11"}],"replies":[{"embeddable":true,"href":"https:\/\/digidem-bayern.de\/en\/wp-json\/wp\/v2\/comments?post=12113"}],"version-history":[{"count":8,"href":"https:\/\/digidem-bayern.de\/en\/wp-json\/wp\/v2\/posts\/12113\/revisions"}],"predecessor-version":[{"id":12158,"href":"https:\/\/digidem-bayern.de\/en\/wp-json\/wp\/v2\/posts\/12113\/revisions\/12158"}],"wp:featuredmedia":[{"embeddable":true,"href":"https:\/\/digidem-bayern.de\/en\/wp-json\/wp\/v2\/media\/5092"}],"wp:attachment":[{"href":"https:\/\/digidem-bayern.de\/en\/wp-json\/wp\/v2\/media?parent=12113"}],"wp:term":[{"taxonomy":"category","embeddable":true,"href":"https:\/\/digidem-bayern.de\/en\/wp-json\/wp\/v2\/categories?post=12113"},{"taxonomy":"post_tag","embeddable":true,"href":"https:\/\/digidem-bayern.de\/en\/wp-json\/wp\/v2\/tags?post=12113"}],"curies":[{"name":"wp","href":"https:\/\/api.w.org\/{rel}","templated":true}]}}