{"id":12093,"date":"2021-04-26T14:52:33","date_gmt":"2021-04-26T12:52:33","guid":{"rendered":"https:\/\/digidem-bayern.de\/?p=12093"},"modified":"2021-04-27T08:52:51","modified_gmt":"2021-04-27T06:52:51","slug":"pflegende-angehoerige-angststoerungen","status":"publish","type":"post","link":"https:\/\/digidem-bayern.de\/en\/pflegende-angehoerige-angststoerungen\/","title":{"rendered":"Pflegende Angeh\u00f6rige leiden h\u00e4ufig unter Angstzust\u00e4nden"},"content":{"rendered":"\n<h4 class=\"wp-block-heading\">Wie soll es nur weitergehen? Wie soll ich das alles schaffen? Die Versorgung eines pflegebed\u00fcrftigen Familienmitglieds ist f\u00fcr Angeh\u00f6rige h\u00e4ufig eine gro\u00dfe k\u00f6rperliche und emotionale Belastung. Kein Wunder, dass sie h\u00e4ufig mit Angstzust\u00e4nden einhergeht. Mit diesem Zusammenhang befasst sich auch eine aktuelle Studie spanischer und britischer Forscher*innen.&nbsp;<\/h4>\n\n\n\n<div class=\"wp-block-image\"><figure class=\"alignright size-medium\"><img loading=\"lazy\" decoding=\"async\" width=\"300\" height=\"200\" src=\"https:\/\/test.digidem-bayern.de\/wp-content\/uploads\/2021\/04\/pexels-kat-jayne-568027-300x200.jpg\" alt=\"Frau h\u00e4lt sich die H\u00e4nde vor die Augen\" class=\"wp-image-12097\" srcset=\"https:\/\/digidem-bayern.de\/wp-content\/uploads\/2021\/04\/pexels-kat-jayne-568027-300x200.jpg 300w, https:\/\/digidem-bayern.de\/wp-content\/uploads\/2021\/04\/pexels-kat-jayne-568027-1030x687.jpg 1030w, https:\/\/digidem-bayern.de\/wp-content\/uploads\/2021\/04\/pexels-kat-jayne-568027-768x513.jpg 768w, https:\/\/digidem-bayern.de\/wp-content\/uploads\/2021\/04\/pexels-kat-jayne-568027-1536x1025.jpg 1536w, https:\/\/digidem-bayern.de\/wp-content\/uploads\/2021\/04\/pexels-kat-jayne-568027-2048x1367.jpg 2048w, https:\/\/digidem-bayern.de\/wp-content\/uploads\/2021\/04\/pexels-kat-jayne-568027-524x350.jpg 524w, https:\/\/digidem-bayern.de\/wp-content\/uploads\/2021\/04\/pexels-kat-jayne-568027-1320x881.jpg 1320w, https:\/\/digidem-bayern.de\/wp-content\/uploads\/2021\/04\/pexels-kat-jayne-568027-scaled.jpg 1600w\" sizes=\"auto, (max-width: 300px) 100vw, 300px\" \/><\/figure><\/div>\n\n\n\n<p>Fr\u00fchere Untersuchungen h\u00e4tten bereits gezeigt, dass es bei pflegenden Angeh\u00f6rigen verst\u00e4rkt zu psychiatrischen St\u00f6rungen und insbesondere zu Angstzust\u00e4nden kommen k\u00f6nne, schreiben die Autor*innen um Rafael del-Pino-Casado von der Universit\u00e4t Ja\u00e9n. Sie betonen, wie belastend Angstzust\u00e4nde seien: \u201cAngstsymptome beeintr\u00e4chtigen das t\u00e4gliche Leben der Angeh\u00f6rigen, und begleitende Symptome wie Gef\u00fchle von Sorge und Angst k\u00f6nnen die Pflegeaufgaben beeintr\u00e4chtigen [&#8230;].\u201d Zudem schade Angst der k\u00f6rperlichen Gesundheit der Pflegenden und erh\u00f6he etwa das Risiko f\u00fcr Herz-Kreislauf-Erkrankungen.<\/p>\n\n\n\n<p><strong>Angaben von 10.122 pflegenden Angeh\u00f6rigen ausgewertet<\/strong><\/p>\n\n\n\n<p>Zwar h\u00e4tten verschiedene Studien den Zusammenhang zwischen Pflegebelastung und Angstzust\u00e4nden bereits f\u00fcr einzelne Personengruppen erforscht, z.B. f\u00fcr Angeh\u00f6rige von Menschen mit Demenz und Krebspatienten. Ziel der aktuellen Untersuchung sei es jedoch, allgemeine Erkenntnisse \u00fcber alle Gruppen hinweg zu erlangen. Vor diesem Hintergrund haben die Forscher*innen in einer \u00dcbersichtsarbeit 74 Studien zum Thema verglichen und zusammengef\u00fchrt. Insgesamt enthielt ihre \u00fcbergreifende Analyse die Angaben von 10.122 pflegenden Angeh\u00f6rigen. Zu den Pflegebed\u00fcrftigen geh\u00f6rten Menschen mit Demenz, Krebs-Patient*innen, gebrechliche \u00e4ltere Menschen und Schlaganfall-\u00dcberlebende.<\/p>\n\n\n\n<p><strong>Routinem\u00e4\u00dfige Angebote zur Fr\u00fcherkennung notwendig<\/strong><\/p>\n\n\n\n<p>Die Autor*innen fanden einen starken Zusammenhang zwischen der pers\u00f6nlichen Belastung der Pflegenden und Angstsymptomen. Dabei spielte der Grund der Pflegebed\u00fcrftigkeit kaum eine Rolle &#8211; der Zusammenhang war bei allen \u201cUntergruppen\u201d \u00e4hnlich stark.<\/p>\n\n\n\n<p>Wenn man die pers\u00f6nliche Belastung der Pflegenden lindern w\u00fcrde, k\u00f6nnte sie dies davor sch\u00fctzen, verst\u00e4rkte Angstsymptomen zu entwickeln, so das Fazit der Forscher*innen. Daher seien f\u00fcr diese Personengruppe routinem\u00e4\u00dfige Angebote und Behandlungen zur Fr\u00fcherkennung und Vorbeugung von Pflegebelastung und Angstsymptomen besonders wichtig.<\/p>\n\n\n\n<p><strong>digiDEM Bayern-Angebot \u201cAngeh\u00f6rigenampel\u201d<\/strong><\/p>\n\n\n\n<p>digiDEM Bayern stellt ein solches Angebot f\u00fcr pflegende Angeh\u00f6rige auf seiner Webseite zur Verf\u00fcgung: die <a href=\"https:\/\/test.digidem-bayern.de\/angehoerigenampel\/\">Angeh\u00f6rigenampel<\/a>. Der kostenlose, anonyme Selbsttest bietet die M\u00f6glichkeit, anhand von zehn Fragen den Grad der pers\u00f6nlichen Belastung einsch\u00e4tzen zu k\u00f6nnen, gibt Empfehlungen f\u00fcr die n\u00e4chsten Schritte und so auch einen Ansto\u00df zur Ver\u00e4nderung der Lebenssituation.<\/p>\n\n\n\n<p>Die vollst\u00e4ndige Studie finden Sie hier:<br><a href=\"https:\/\/journals.plos.org\/plosone\/article?id=10.1371\/journal.pone.0247143\" target=\"_blank\" rel=\"noreferrer noopener\">Subjective caregiver burden and anxiety in informal caregivers: A systematic review and meta-analysis<\/a>&nbsp;(M\u00e4rz 21)<\/p>\n\n\n\n<p><\/p>\n","protected":false},"excerpt":{"rendered":"<p>Wie soll es nur weitergehen? Wie soll ich das alles schaffen? Die Versorgung eines pflegebed\u00fcrftigen Familienmitglieds ist f\u00fcr Angeh\u00f6rige h\u00e4ufig eine gro\u00dfe k\u00f6rperliche und emotionale Belastung. Kein Wunder, dass sie h\u00e4ufig mit Angstzust\u00e4nden einhergeht. Mit diesem Zusammenhang befasst sich auch eine aktuelle Studie spanischer und britischer Forscher*innen.&nbsp; Fr\u00fchere Untersuchungen h\u00e4tten &hellip;<\/p>","protected":false},"author":11,"featured_media":12097,"comment_status":"open","ping_status":"closed","sticky":false,"template":"","format":"standard","meta":{"qubely_global_settings":"","qubely_interactions":"","_uag_custom_page_level_css":"","footnotes":""},"categories":[5],"tags":[13,300,301,302,12,14,17,55,93],"class_list":["post-12093","post","type-post","status-publish","format-standard","has-post-thumbnail","hentry","category-wissenschaft-forschung","tag-alzheimer","tag-angst","tag-angststoerungen","tag-belastung","tag-demenz-2","tag-digidem","tag-digidem-bayern","tag-digitales-demenzregister-bayern","tag-pflegende-angehoerige"],"qubely_featured_image_url":{"full":["https:\/\/digidem-bayern.de\/wp-content\/uploads\/2021\/04\/pexels-kat-jayne-568027-scaled.jpg",1600,1068,false],"landscape":["https:\/\/digidem-bayern.de\/wp-content\/uploads\/2021\/04\/pexels-kat-jayne-568027-1200x750.jpg",1200,750,true],"portraits":["https:\/\/digidem-bayern.de\/wp-content\/uploads\/2021\/04\/pexels-kat-jayne-568027-540x320.jpg",540,320,true],"thumbnail":["https:\/\/digidem-bayern.de\/wp-content\/uploads\/2021\/04\/pexels-kat-jayne-568027-80x80.jpg",80,80,true],"medium":["https:\/\/digidem-bayern.de\/wp-content\/uploads\/2021\/04\/pexels-kat-jayne-568027-300x200.jpg",300,200,true],"medium_large":["https:\/\/digidem-bayern.de\/wp-content\/uploads\/2021\/04\/pexels-kat-jayne-568027-768x513.jpg",768,513,true],"large":["https:\/\/digidem-bayern.de\/wp-content\/uploads\/2021\/04\/pexels-kat-jayne-568027-1030x687.jpg",1030,687,true],"1536x1536":["https:\/\/digidem-bayern.de\/wp-content\/uploads\/2021\/04\/pexels-kat-jayne-568027-1536x1025.jpg",1536,1025,true],"2048x2048":["https:\/\/digidem-bayern.de\/wp-content\/uploads\/2021\/04\/pexels-kat-jayne-568027-2048x1367.jpg",2048,1367,true],"trp-custom-language-flag":["https:\/\/digidem-bayern.de\/wp-content\/uploads\/2021\/04\/pexels-kat-jayne-568027-scaled.jpg",18,12,false],"qubely_landscape":["https:\/\/digidem-bayern.de\/wp-content\/uploads\/2021\/04\/pexels-kat-jayne-568027-1200x750.jpg",1200,750,true],"qubely_portrait":["https:\/\/digidem-bayern.de\/wp-content\/uploads\/2021\/04\/pexels-kat-jayne-568027-540x320.jpg",540,320,true],"qubely_thumbnail":["https:\/\/digidem-bayern.de\/wp-content\/uploads\/2021\/04\/pexels-kat-jayne-568027-140x100.jpg",140,100,true],"post-thumbnail":["https:\/\/digidem-bayern.de\/wp-content\/uploads\/2021\/04\/pexels-kat-jayne-568027-524x350.jpg",524,350,true],"kahuna-featured":["https:\/\/digidem-bayern.de\/wp-content\/uploads\/2021\/04\/pexels-kat-jayne-568027-734x350.jpg",734,350,true],"kahuna-featured-lp":["https:\/\/digidem-bayern.de\/wp-content\/uploads\/2021\/04\/pexels-kat-jayne-568027-520x350.jpg",520,350,true],"kahuna-featured-half":["https:\/\/digidem-bayern.de\/wp-content\/uploads\/2021\/04\/pexels-kat-jayne-568027-800x350.jpg",800,350,true],"kahuna-featured-third":["https:\/\/digidem-bayern.de\/wp-content\/uploads\/2021\/04\/pexels-kat-jayne-568027-512x350.jpg",512,350,true],"kahuna-lpbox-1":["https:\/\/digidem-bayern.de\/wp-content\/uploads\/2021\/04\/pexels-kat-jayne-568027-520x350.jpg",446,300,true],"kahuna-lpbox-2":["https:\/\/digidem-bayern.de\/wp-content\/uploads\/2021\/04\/pexels-kat-jayne-568027-520x350.jpg",520,350,true],"demand-language-flag":["https:\/\/digidem-bayern.de\/wp-content\/uploads\/2021\/04\/pexels-kat-jayne-568027-scaled.jpg",36,24,false],"dddkt-language-flag":["https:\/\/digidem-bayern.de\/wp-content\/uploads\/2021\/04\/pexels-kat-jayne-568027-scaled.jpg",36,24,false],"ddiqc-language-flag":["https:\/\/digidem-bayern.de\/wp-content\/uploads\/2021\/04\/pexels-kat-jayne-568027-scaled.jpg",36,24,false],"ddtl-language-flag":["https:\/\/digidem-bayern.de\/wp-content\/uploads\/2021\/04\/pexels-kat-jayne-568027-scaled.jpg",36,24,false],"mailpoet_newsletter_max":["https:\/\/digidem-bayern.de\/wp-content\/uploads\/2021\/04\/pexels-kat-jayne-568027-1320x881.jpg",1320,881,true],"kahuna-lpbox-3":["https:\/\/digidem-bayern.de\/wp-content\/uploads\/2021\/04\/pexels-kat-jayne-568027-520x350.jpg",520,350,true],"kahuna-featured-square":["https:\/\/digidem-bayern.de\/wp-content\/uploads\/2021\/04\/pexels-kat-jayne-568027-512x512.jpg",512,512,true],"kahuna-featured-square-large":["https:\/\/digidem-bayern.de\/wp-content\/uploads\/2021\/04\/pexels-kat-jayne-568027-1024x1024.jpg",1024,1024,true]},"qubely_author":{"display_name":"Michael Zeiler","author_link":"https:\/\/digidem-bayern.de\/en\/author\/michael-zeiler\/"},"qubely_comment":0,"qubely_category":"<a href=\"https:\/\/digidem-bayern.de\/en\/category\/wissenschaft-forschung\/\" rel=\"category tag\">Wissenschaft &amp; Forschung<\/a>","qubely_excerpt":"Wie soll es nur weitergehen? Wie soll ich das alles schaffen? Die Versorgung eines pflegebed\u00fcrftigen Familienmitglieds ist f\u00fcr Angeh\u00f6rige h\u00e4ufig eine gro\u00dfe k\u00f6rperliche und emotionale Belastung. Kein Wunder, dass sie h\u00e4ufig mit Angstzust\u00e4nden einhergeht. Mit diesem Zusammenhang befasst sich auch eine aktuelle Studie spanischer und britischer Forscher*innen.&nbsp; Fr\u00fchere Untersuchungen h\u00e4tten &hellip;","featured_image_urls_v2":{"full":["https:\/\/digidem-bayern.de\/wp-content\/uploads\/2021\/04\/pexels-kat-jayne-568027-scaled.jpg",1600,1068,false],"thumbnail":["https:\/\/digidem-bayern.de\/wp-content\/uploads\/2021\/04\/pexels-kat-jayne-568027-80x80.jpg",80,80,true],"medium":["https:\/\/digidem-bayern.de\/wp-content\/uploads\/2021\/04\/pexels-kat-jayne-568027-300x200.jpg",300,200,true],"medium_large":["https:\/\/digidem-bayern.de\/wp-content\/uploads\/2021\/04\/pexels-kat-jayne-568027-768x513.jpg",768,513,true],"large":["https:\/\/digidem-bayern.de\/wp-content\/uploads\/2021\/04\/pexels-kat-jayne-568027-1030x687.jpg",1030,687,true],"1536x1536":["https:\/\/digidem-bayern.de\/wp-content\/uploads\/2021\/04\/pexels-kat-jayne-568027-1536x1025.jpg",1536,1025,true],"2048x2048":["https:\/\/digidem-bayern.de\/wp-content\/uploads\/2021\/04\/pexels-kat-jayne-568027-2048x1367.jpg",2048,1367,true],"trp-custom-language-flag":["https:\/\/digidem-bayern.de\/wp-content\/uploads\/2021\/04\/pexels-kat-jayne-568027-scaled.jpg",18,12,false],"qubely_landscape":["https:\/\/digidem-bayern.de\/wp-content\/uploads\/2021\/04\/pexels-kat-jayne-568027-1200x750.jpg",1200,750,true],"qubely_portrait":["https:\/\/digidem-bayern.de\/wp-content\/uploads\/2021\/04\/pexels-kat-jayne-568027-540x320.jpg",540,320,true],"qubely_thumbnail":["https:\/\/digidem-bayern.de\/wp-content\/uploads\/2021\/04\/pexels-kat-jayne-568027-140x100.jpg",140,100,true],"post-thumbnail":["https:\/\/digidem-bayern.de\/wp-content\/uploads\/2021\/04\/pexels-kat-jayne-568027-524x350.jpg",524,350,true],"kahuna-featured":["https:\/\/digidem-bayern.de\/wp-content\/uploads\/2021\/04\/pexels-kat-jayne-568027-734x350.jpg",734,350,true],"kahuna-featured-lp":["https:\/\/digidem-bayern.de\/wp-content\/uploads\/2021\/04\/pexels-kat-jayne-568027-520x350.jpg",520,350,true],"kahuna-featured-half":["https:\/\/digidem-bayern.de\/wp-content\/uploads\/2021\/04\/pexels-kat-jayne-568027-800x350.jpg",800,350,true],"kahuna-featured-third":["https:\/\/digidem-bayern.de\/wp-content\/uploads\/2021\/04\/pexels-kat-jayne-568027-512x350.jpg",512,350,true],"kahuna-lpbox-1":["https:\/\/digidem-bayern.de\/wp-content\/uploads\/2021\/04\/pexels-kat-jayne-568027-520x350.jpg",446,300,true],"kahuna-lpbox-2":["https:\/\/digidem-bayern.de\/wp-content\/uploads\/2021\/04\/pexels-kat-jayne-568027-520x350.jpg",520,350,true],"demand-language-flag":["https:\/\/digidem-bayern.de\/wp-content\/uploads\/2021\/04\/pexels-kat-jayne-568027-scaled.jpg",36,24,false],"dddkt-language-flag":["https:\/\/digidem-bayern.de\/wp-content\/uploads\/2021\/04\/pexels-kat-jayne-568027-scaled.jpg",36,24,false],"ddiqc-language-flag":["https:\/\/digidem-bayern.de\/wp-content\/uploads\/2021\/04\/pexels-kat-jayne-568027-scaled.jpg",36,24,false],"ddtl-language-flag":["https:\/\/digidem-bayern.de\/wp-content\/uploads\/2021\/04\/pexels-kat-jayne-568027-scaled.jpg",36,24,false],"mailpoet_newsletter_max":["https:\/\/digidem-bayern.de\/wp-content\/uploads\/2021\/04\/pexels-kat-jayne-568027-1320x881.jpg",1320,881,true],"kahuna-lpbox-3":["https:\/\/digidem-bayern.de\/wp-content\/uploads\/2021\/04\/pexels-kat-jayne-568027-520x350.jpg",520,350,true],"kahuna-featured-square":["https:\/\/digidem-bayern.de\/wp-content\/uploads\/2021\/04\/pexels-kat-jayne-568027-512x512.jpg",512,512,true],"kahuna-featured-square-large":["https:\/\/digidem-bayern.de\/wp-content\/uploads\/2021\/04\/pexels-kat-jayne-568027-1024x1024.jpg",1024,1024,true]},"post_excerpt_stackable_v2":"<p>Wie soll es nur weitergehen? Wie soll ich das alles schaffen? Die Versorgung eines pflegebed\u00fcrftigen Familienmitglieds ist f\u00fcr Angeh\u00f6rige h\u00e4ufig eine gro\u00dfe k\u00f6rperliche und emotionale Belastung. Kein Wunder, dass sie h\u00e4ufig mit Angstzust\u00e4nden einhergeht. Mit diesem Zusammenhang befasst sich auch eine aktuelle Studie spanischer und britischer Forscher*innen.&nbsp; Fr\u00fchere Untersuchungen h\u00e4tten bereits gezeigt, dass es bei pflegenden Angeh\u00f6rigen verst\u00e4rkt zu psychiatrischen St\u00f6rungen und insbesondere zu Angstzust\u00e4nden kommen k\u00f6nne, schreiben die Autor*innen um Rafael del-Pino-Casado von der Universit\u00e4t Ja\u00e9n. Sie betonen, wie belastend Angstzust\u00e4nde seien: \u201cAngstsymptome beeintr\u00e4chtigen das t\u00e4gliche Leben der Angeh\u00f6rigen, und begleitende Symptome wie Gef\u00fchle von Sorge und Angst k\u00f6nnen&hellip;<\/p>\n","category_list_v2":"<a href=\"https:\/\/digidem-bayern.de\/en\/category\/wissenschaft-forschung\/\" rel=\"category tag\">Wissenschaft &amp; Forschung<\/a>","author_info_v2":{"name":"Michael Zeiler","url":"https:\/\/digidem-bayern.de\/en\/author\/michael-zeiler\/"},"comments_num_v2":"0 comments","yoast_head":"<!-- This site is optimized with the Yoast SEO plugin v27.4 - https:\/\/yoast.com\/product\/yoast-seo-wordpress\/ -->\n<title>Pflegende Angeh\u00f6rige leiden h\u00e4ufig unter Angstzust\u00e4nden - digiDEM Bayern<\/title>\n<meta name=\"description\" content=\"Pflegende Angeh\u00f6rige leiden h\u00e4ufig unter Angstzust\u00e4nden- Das ist das Ergebnis einer einer aktuelle Studie.\" \/>\n<meta name=\"robots\" content=\"index, follow, max-snippet:-1, max-image-preview:large, max-video-preview:-1\" \/>\n<link rel=\"canonical\" href=\"https:\/\/digidem-bayern.de\/en\/pflegende-angehoerige-angststoerungen\/\" \/>\n<meta property=\"og:locale\" content=\"en_US\" \/>\n<meta property=\"og:type\" content=\"article\" \/>\n<meta property=\"og:title\" content=\"Pflegende Angeh\u00f6rige leiden h\u00e4ufig unter Angstzust\u00e4nden - digiDEM Bayern\" \/>\n<meta property=\"og:description\" content=\"Pflegende Angeh\u00f6rige leiden h\u00e4ufig unter Angstzust\u00e4nden- Das ist das Ergebnis einer einer aktuelle Studie.\" \/>\n<meta property=\"og:url\" content=\"https:\/\/digidem-bayern.de\/en\/pflegende-angehoerige-angststoerungen\/\" \/>\n<meta property=\"og:site_name\" content=\"digiDEM Bayern\" \/>\n<meta property=\"article:publisher\" content=\"https:\/\/www.facebook.com\/digiDEMBayern\/\" \/>\n<meta property=\"article:published_time\" content=\"2021-04-26T12:52:33+00:00\" \/>\n<meta property=\"article:modified_time\" content=\"2021-04-27T06:52:51+00:00\" \/>\n<meta property=\"og:image\" content=\"https:\/\/digidem-bayern.de\/wp-content\/uploads\/2021\/04\/pexels-kat-jayne-568027-scaled.jpg\" \/>\n\t<meta property=\"og:image:width\" content=\"1600\" \/>\n\t<meta property=\"og:image:height\" content=\"1068\" \/>\n\t<meta property=\"og:image:type\" content=\"image\/jpeg\" \/>\n<meta name=\"author\" content=\"Michael Zeiler\" \/>\n<meta name=\"twitter:label1\" content=\"Written by\" \/>\n\t<meta name=\"twitter:data1\" content=\"Michael Zeiler\" \/>\n\t<meta name=\"twitter:label2\" content=\"Est. reading time\" \/>\n\t<meta name=\"twitter:data2\" content=\"2 minutes\" \/>\n<script type=\"application\/ld+json\" class=\"yoast-schema-graph\">{\"@context\":\"https:\\\/\\\/schema.org\",\"@graph\":[{\"@type\":\"Article\",\"@id\":\"https:\\\/\\\/digidem-bayern.de\\\/pflegende-angehoerige-angststoerungen\\\/#article\",\"isPartOf\":{\"@id\":\"https:\\\/\\\/digidem-bayern.de\\\/pflegende-angehoerige-angststoerungen\\\/\"},\"author\":{\"name\":\"Michael Zeiler\",\"@id\":\"\\\/#\\\/schema\\\/person\\\/92754ad381f49b3c358d1d8d2c4f90b8\"},\"headline\":\"Pflegende Angeh\u00f6rige leiden h\u00e4ufig unter Angstzust\u00e4nden\",\"datePublished\":\"2021-04-26T12:52:33+00:00\",\"dateModified\":\"2021-04-27T06:52:51+00:00\",\"mainEntityOfPage\":{\"@id\":\"https:\\\/\\\/digidem-bayern.de\\\/pflegende-angehoerige-angststoerungen\\\/\"},\"wordCount\":434,\"commentCount\":0,\"publisher\":{\"@id\":\"\\\/#organization\"},\"image\":{\"@id\":\"https:\\\/\\\/digidem-bayern.de\\\/pflegende-angehoerige-angststoerungen\\\/#primaryimage\"},\"thumbnailUrl\":\"https:\\\/\\\/digidem-bayern.de\\\/wp-content\\\/uploads\\\/2021\\\/04\\\/pexels-kat-jayne-568027-scaled.jpg\",\"keywords\":[\"Alzheimer\",\"Angst\",\"Angstst\u00f6rungen\",\"Belastung\",\"Demenz\",\"digidem\",\"digidem Bayern\",\"Digitales Demenzregister Bayern\",\"pflegende Angeh\u00f6rige\"],\"articleSection\":[\"Wissenschaft &amp; Forschung\"],\"inLanguage\":\"en-US\",\"potentialAction\":[{\"@type\":\"CommentAction\",\"name\":\"Comment\",\"target\":[\"https:\\\/\\\/digidem-bayern.de\\\/pflegende-angehoerige-angststoerungen\\\/#respond\"]}]},{\"@type\":\"WebPage\",\"@id\":\"https:\\\/\\\/digidem-bayern.de\\\/pflegende-angehoerige-angststoerungen\\\/\",\"url\":\"https:\\\/\\\/digidem-bayern.de\\\/pflegende-angehoerige-angststoerungen\\\/\",\"name\":\"Pflegende Angeh\u00f6rige leiden h\u00e4ufig unter Angstzust\u00e4nden - digiDEM Bayern\",\"isPartOf\":{\"@id\":\"\\\/#website\"},\"primaryImageOfPage\":{\"@id\":\"https:\\\/\\\/digidem-bayern.de\\\/pflegende-angehoerige-angststoerungen\\\/#primaryimage\"},\"image\":{\"@id\":\"https:\\\/\\\/digidem-bayern.de\\\/pflegende-angehoerige-angststoerungen\\\/#primaryimage\"},\"thumbnailUrl\":\"https:\\\/\\\/digidem-bayern.de\\\/wp-content\\\/uploads\\\/2021\\\/04\\\/pexels-kat-jayne-568027-scaled.jpg\",\"datePublished\":\"2021-04-26T12:52:33+00:00\",\"dateModified\":\"2021-04-27T06:52:51+00:00\",\"description\":\"Pflegende Angeh\u00f6rige leiden h\u00e4ufig unter Angstzust\u00e4nden- Das ist das Ergebnis einer einer aktuelle Studie.\",\"breadcrumb\":{\"@id\":\"https:\\\/\\\/digidem-bayern.de\\\/pflegende-angehoerige-angststoerungen\\\/#breadcrumb\"},\"inLanguage\":\"en-US\",\"potentialAction\":[{\"@type\":\"ReadAction\",\"target\":[\"https:\\\/\\\/digidem-bayern.de\\\/pflegende-angehoerige-angststoerungen\\\/\"]}]},{\"@type\":\"ImageObject\",\"inLanguage\":\"en-US\",\"@id\":\"https:\\\/\\\/digidem-bayern.de\\\/pflegende-angehoerige-angststoerungen\\\/#primaryimage\",\"url\":\"https:\\\/\\\/digidem-bayern.de\\\/wp-content\\\/uploads\\\/2021\\\/04\\\/pexels-kat-jayne-568027-scaled.jpg\",\"contentUrl\":\"https:\\\/\\\/digidem-bayern.de\\\/wp-content\\\/uploads\\\/2021\\\/04\\\/pexels-kat-jayne-568027-scaled.jpg\",\"width\":1600,\"height\":1068,\"caption\":\"Frau h\u00e4lt sich die H\u00e4nde vor die Augen\"},{\"@type\":\"BreadcrumbList\",\"@id\":\"https:\\\/\\\/digidem-bayern.de\\\/pflegende-angehoerige-angststoerungen\\\/#breadcrumb\",\"itemListElement\":[{\"@type\":\"ListItem\",\"position\":1,\"name\":\"Startseite\",\"item\":\"https:\\\/\\\/digidem-bayern.de\\\/\"},{\"@type\":\"ListItem\",\"position\":2,\"name\":\"Pflegende Angeh\u00f6rige leiden h\u00e4ufig unter Angstzust\u00e4nden\"}]},{\"@type\":\"WebSite\",\"@id\":\"\\\/#website\",\"url\":\"\\\/\",\"name\":\"digiDEM Bayern\",\"description\":\"Das digitale Demenzregister Bayern erforscht und verbessert die Angebotsstuktur f\u00fcr Menschen mit Demenz und deren Angeh\u00f6rige\",\"publisher\":{\"@id\":\"\\\/#organization\"},\"potentialAction\":[{\"@type\":\"SearchAction\",\"target\":{\"@type\":\"EntryPoint\",\"urlTemplate\":\"\\\/?s={search_term_string}\"},\"query-input\":{\"@type\":\"PropertyValueSpecification\",\"valueRequired\":true,\"valueName\":\"search_term_string\"}}],\"inLanguage\":\"en-US\"},{\"@type\":\"Organization\",\"@id\":\"\\\/#organization\",\"name\":\"digiDEM Bayern\",\"url\":\"\\\/\",\"logo\":{\"@type\":\"ImageObject\",\"inLanguage\":\"en-US\",\"@id\":\"\\\/#\\\/schema\\\/logo\\\/image\\\/\",\"url\":\"https:\\\/\\\/digidem-bayern.de\\\/wp-content\\\/uploads\\\/2022\\\/03\\\/cropped-Allgemeines_digiDEMLOGO-removebg-preview.png\",\"contentUrl\":\"https:\\\/\\\/digidem-bayern.de\\\/wp-content\\\/uploads\\\/2022\\\/03\\\/cropped-Allgemeines_digiDEMLOGO-removebg-preview.png\",\"width\":612,\"height\":357,\"caption\":\"digiDEM Bayern\"},\"image\":{\"@id\":\"\\\/#\\\/schema\\\/logo\\\/image\\\/\"},\"sameAs\":[\"https:\\\/\\\/www.facebook.com\\\/digiDEMBayern\\\/\",\"https:\\\/\\\/x.com\\\/digidem_bayern\",\"https:\\\/\\\/www.instagram.com\\\/digidem.bayern\",\"https:\\\/\\\/www.linkedin.com\\\/company\\\/digidem-bayern\\\/\"]},{\"@type\":\"Person\",\"@id\":\"\\\/#\\\/schema\\\/person\\\/92754ad381f49b3c358d1d8d2c4f90b8\",\"name\":\"Michael Zeiler\",\"url\":\"https:\\\/\\\/digidem-bayern.de\\\/en\\\/author\\\/michael-zeiler\\\/\"}]}<\/script>\n<!-- \/ Yoast SEO plugin. -->","yoast_head_json":{"title":"Pflegende Angeh\u00f6rige leiden h\u00e4ufig unter Angstzust\u00e4nden - digiDEM Bayern","description":"Pflegende Angeh\u00f6rige leiden h\u00e4ufig unter Angstzust\u00e4nden- Das ist das Ergebnis einer einer aktuelle Studie.","robots":{"index":"index","follow":"follow","max-snippet":"max-snippet:-1","max-image-preview":"max-image-preview:large","max-video-preview":"max-video-preview:-1"},"canonical":"https:\/\/digidem-bayern.de\/en\/pflegende-angehoerige-angststoerungen\/","og_locale":"en_US","og_type":"article","og_title":"Pflegende Angeh\u00f6rige leiden h\u00e4ufig unter Angstzust\u00e4nden - digiDEM Bayern","og_description":"Pflegende Angeh\u00f6rige leiden h\u00e4ufig unter Angstzust\u00e4nden- Das ist das Ergebnis einer einer aktuelle Studie.","og_url":"https:\/\/digidem-bayern.de\/en\/pflegende-angehoerige-angststoerungen\/","og_site_name":"digiDEM Bayern","article_publisher":"https:\/\/www.facebook.com\/digiDEMBayern\/","article_published_time":"2021-04-26T12:52:33+00:00","article_modified_time":"2021-04-27T06:52:51+00:00","og_image":[{"width":1600,"height":1068,"url":"https:\/\/digidem-bayern.de\/wp-content\/uploads\/2021\/04\/pexels-kat-jayne-568027-scaled.jpg","type":"image\/jpeg"}],"author":"Michael Zeiler","twitter_misc":{"Written by":"Michael Zeiler","Est. reading time":"2 minutes"},"schema":{"@context":"https:\/\/schema.org","@graph":[{"@type":"Article","@id":"https:\/\/digidem-bayern.de\/pflegende-angehoerige-angststoerungen\/#article","isPartOf":{"@id":"https:\/\/digidem-bayern.de\/pflegende-angehoerige-angststoerungen\/"},"author":{"name":"Michael Zeiler","@id":"\/#\/schema\/person\/92754ad381f49b3c358d1d8d2c4f90b8"},"headline":"Pflegende Angeh\u00f6rige leiden h\u00e4ufig unter Angstzust\u00e4nden","datePublished":"2021-04-26T12:52:33+00:00","dateModified":"2021-04-27T06:52:51+00:00","mainEntityOfPage":{"@id":"https:\/\/digidem-bayern.de\/pflegende-angehoerige-angststoerungen\/"},"wordCount":434,"commentCount":0,"publisher":{"@id":"\/#organization"},"image":{"@id":"https:\/\/digidem-bayern.de\/pflegende-angehoerige-angststoerungen\/#primaryimage"},"thumbnailUrl":"https:\/\/digidem-bayern.de\/wp-content\/uploads\/2021\/04\/pexels-kat-jayne-568027-scaled.jpg","keywords":["Alzheimer","Angst","Angstst\u00f6rungen","Belastung","Demenz","digidem","digidem Bayern","Digitales Demenzregister Bayern","pflegende Angeh\u00f6rige"],"articleSection":["Wissenschaft &amp; Forschung"],"inLanguage":"en-US","potentialAction":[{"@type":"CommentAction","name":"Comment","target":["https:\/\/digidem-bayern.de\/pflegende-angehoerige-angststoerungen\/#respond"]}]},{"@type":"WebPage","@id":"https:\/\/digidem-bayern.de\/pflegende-angehoerige-angststoerungen\/","url":"https:\/\/digidem-bayern.de\/pflegende-angehoerige-angststoerungen\/","name":"Pflegende Angeh\u00f6rige leiden h\u00e4ufig unter Angstzust\u00e4nden - digiDEM Bayern","isPartOf":{"@id":"\/#website"},"primaryImageOfPage":{"@id":"https:\/\/digidem-bayern.de\/pflegende-angehoerige-angststoerungen\/#primaryimage"},"image":{"@id":"https:\/\/digidem-bayern.de\/pflegende-angehoerige-angststoerungen\/#primaryimage"},"thumbnailUrl":"https:\/\/digidem-bayern.de\/wp-content\/uploads\/2021\/04\/pexels-kat-jayne-568027-scaled.jpg","datePublished":"2021-04-26T12:52:33+00:00","dateModified":"2021-04-27T06:52:51+00:00","description":"Pflegende Angeh\u00f6rige leiden h\u00e4ufig unter Angstzust\u00e4nden- Das ist das Ergebnis einer einer aktuelle Studie.","breadcrumb":{"@id":"https:\/\/digidem-bayern.de\/pflegende-angehoerige-angststoerungen\/#breadcrumb"},"inLanguage":"en-US","potentialAction":[{"@type":"ReadAction","target":["https:\/\/digidem-bayern.de\/pflegende-angehoerige-angststoerungen\/"]}]},{"@type":"ImageObject","inLanguage":"en-US","@id":"https:\/\/digidem-bayern.de\/pflegende-angehoerige-angststoerungen\/#primaryimage","url":"https:\/\/digidem-bayern.de\/wp-content\/uploads\/2021\/04\/pexels-kat-jayne-568027-scaled.jpg","contentUrl":"https:\/\/digidem-bayern.de\/wp-content\/uploads\/2021\/04\/pexels-kat-jayne-568027-scaled.jpg","width":1600,"height":1068,"caption":"Frau h\u00e4lt sich die H\u00e4nde vor die Augen"},{"@type":"BreadcrumbList","@id":"https:\/\/digidem-bayern.de\/pflegende-angehoerige-angststoerungen\/#breadcrumb","itemListElement":[{"@type":"ListItem","position":1,"name":"Startseite","item":"https:\/\/digidem-bayern.de\/"},{"@type":"ListItem","position":2,"name":"Pflegende Angeh\u00f6rige leiden h\u00e4ufig unter Angstzust\u00e4nden"}]},{"@type":"WebSite","@id":"\/#website","url":"\/","name":"digiDEM Bavaria","description":"The digital dementia register in Bavaria researches and improves the structure of services for people with dementia and their relatives","publisher":{"@id":"\/#organization"},"potentialAction":[{"@type":"SearchAction","target":{"@type":"EntryPoint","urlTemplate":"\/?s={search_term_string}"},"query-input":{"@type":"PropertyValueSpecification","valueRequired":true,"valueName":"search_term_string"}}],"inLanguage":"en-US"},{"@type":"Organization","@id":"\/#organization","name":"digiDEM Bavaria","url":"\/","logo":{"@type":"ImageObject","inLanguage":"en-US","@id":"\/#\/schema\/logo\/image\/","url":"https:\/\/digidem-bayern.de\/wp-content\/uploads\/2022\/03\/cropped-Allgemeines_digiDEMLOGO-removebg-preview.png","contentUrl":"https:\/\/digidem-bayern.de\/wp-content\/uploads\/2022\/03\/cropped-Allgemeines_digiDEMLOGO-removebg-preview.png","width":612,"height":357,"caption":"digiDEM Bayern"},"image":{"@id":"\/#\/schema\/logo\/image\/"},"sameAs":["https:\/\/www.facebook.com\/digiDEMBayern\/","https:\/\/x.com\/digidem_bayern","https:\/\/www.instagram.com\/digidem.bayern","https:\/\/www.linkedin.com\/company\/digidem-bayern\/"]},{"@type":"Person","@id":"\/#\/schema\/person\/92754ad381f49b3c358d1d8d2c4f90b8","name":"Michael Zeiler","url":"https:\/\/digidem-bayern.de\/en\/author\/michael-zeiler\/"}]}},"uagb_featured_image_src":{"full":["https:\/\/digidem-bayern.de\/wp-content\/uploads\/2021\/04\/pexels-kat-jayne-568027-scaled.jpg",1600,1068,false],"thumbnail":["https:\/\/digidem-bayern.de\/wp-content\/uploads\/2021\/04\/pexels-kat-jayne-568027-80x80.jpg",80,80,true],"medium":["https:\/\/digidem-bayern.de\/wp-content\/uploads\/2021\/04\/pexels-kat-jayne-568027-300x200.jpg",300,200,true],"medium_large":["https:\/\/digidem-bayern.de\/wp-content\/uploads\/2021\/04\/pexels-kat-jayne-568027-768x513.jpg",768,513,true],"large":["https:\/\/digidem-bayern.de\/wp-content\/uploads\/2021\/04\/pexels-kat-jayne-568027-1030x687.jpg",1030,687,true],"1536x1536":["https:\/\/digidem-bayern.de\/wp-content\/uploads\/2021\/04\/pexels-kat-jayne-568027-1536x1025.jpg",1536,1025,true],"2048x2048":["https:\/\/digidem-bayern.de\/wp-content\/uploads\/2021\/04\/pexels-kat-jayne-568027-2048x1367.jpg",2048,1367,true],"trp-custom-language-flag":["https:\/\/digidem-bayern.de\/wp-content\/uploads\/2021\/04\/pexels-kat-jayne-568027-scaled.jpg",18,12,false],"qubely_landscape":["https:\/\/digidem-bayern.de\/wp-content\/uploads\/2021\/04\/pexels-kat-jayne-568027-1200x750.jpg",1200,750,true],"qubely_portrait":["https:\/\/digidem-bayern.de\/wp-content\/uploads\/2021\/04\/pexels-kat-jayne-568027-540x320.jpg",540,320,true],"qubely_thumbnail":["https:\/\/digidem-bayern.de\/wp-content\/uploads\/2021\/04\/pexels-kat-jayne-568027-140x100.jpg",140,100,true],"post-thumbnail":["https:\/\/digidem-bayern.de\/wp-content\/uploads\/2021\/04\/pexels-kat-jayne-568027-524x350.jpg",524,350,true],"kahuna-featured":["https:\/\/digidem-bayern.de\/wp-content\/uploads\/2021\/04\/pexels-kat-jayne-568027-734x350.jpg",734,350,true],"kahuna-featured-lp":["https:\/\/digidem-bayern.de\/wp-content\/uploads\/2021\/04\/pexels-kat-jayne-568027-520x350.jpg",520,350,true],"kahuna-featured-half":["https:\/\/digidem-bayern.de\/wp-content\/uploads\/2021\/04\/pexels-kat-jayne-568027-800x350.jpg",800,350,true],"kahuna-featured-third":["https:\/\/digidem-bayern.de\/wp-content\/uploads\/2021\/04\/pexels-kat-jayne-568027-512x350.jpg",512,350,true],"kahuna-lpbox-1":["https:\/\/digidem-bayern.de\/wp-content\/uploads\/2021\/04\/pexels-kat-jayne-568027-520x350.jpg",446,300,true],"kahuna-lpbox-2":["https:\/\/digidem-bayern.de\/wp-content\/uploads\/2021\/04\/pexels-kat-jayne-568027-520x350.jpg",520,350,true],"demand-language-flag":["https:\/\/digidem-bayern.de\/wp-content\/uploads\/2021\/04\/pexels-kat-jayne-568027-scaled.jpg",36,24,false],"dddkt-language-flag":["https:\/\/digidem-bayern.de\/wp-content\/uploads\/2021\/04\/pexels-kat-jayne-568027-scaled.jpg",36,24,false],"ddiqc-language-flag":["https:\/\/digidem-bayern.de\/wp-content\/uploads\/2021\/04\/pexels-kat-jayne-568027-scaled.jpg",36,24,false],"ddtl-language-flag":["https:\/\/digidem-bayern.de\/wp-content\/uploads\/2021\/04\/pexels-kat-jayne-568027-scaled.jpg",36,24,false],"mailpoet_newsletter_max":["https:\/\/digidem-bayern.de\/wp-content\/uploads\/2021\/04\/pexels-kat-jayne-568027-1320x881.jpg",1320,881,true],"kahuna-lpbox-3":["https:\/\/digidem-bayern.de\/wp-content\/uploads\/2021\/04\/pexels-kat-jayne-568027-520x350.jpg",520,350,true],"kahuna-featured-square":["https:\/\/digidem-bayern.de\/wp-content\/uploads\/2021\/04\/pexels-kat-jayne-568027-512x512.jpg",512,512,true],"kahuna-featured-square-large":["https:\/\/digidem-bayern.de\/wp-content\/uploads\/2021\/04\/pexels-kat-jayne-568027-1024x1024.jpg",1024,1024,true]},"uagb_author_info":{"display_name":"Michael Zeiler","author_link":"https:\/\/digidem-bayern.de\/en\/author\/michael-zeiler\/"},"uagb_comment_info":0,"uagb_excerpt":"Wie soll es nur weitergehen? Wie soll ich das alles schaffen? Die Versorgung eines pflegebed\u00fcrftigen Familienmitglieds ist f\u00fcr Angeh\u00f6rige h\u00e4ufig eine gro\u00dfe k\u00f6rperliche und emotionale Belastung. Kein Wunder, dass sie h\u00e4ufig mit Angstzust\u00e4nden einhergeht. Mit diesem Zusammenhang befasst sich auch eine aktuelle Studie spanischer und britischer Forscher*innen.&nbsp; Fr\u00fchere Untersuchungen h\u00e4tten &hellip;","_links":{"self":[{"href":"https:\/\/digidem-bayern.de\/en\/wp-json\/wp\/v2\/posts\/12093","targetHints":{"allow":["GET"]}}],"collection":[{"href":"https:\/\/digidem-bayern.de\/en\/wp-json\/wp\/v2\/posts"}],"about":[{"href":"https:\/\/digidem-bayern.de\/en\/wp-json\/wp\/v2\/types\/post"}],"author":[{"embeddable":true,"href":"https:\/\/digidem-bayern.de\/en\/wp-json\/wp\/v2\/users\/11"}],"replies":[{"embeddable":true,"href":"https:\/\/digidem-bayern.de\/en\/wp-json\/wp\/v2\/comments?post=12093"}],"version-history":[{"count":4,"href":"https:\/\/digidem-bayern.de\/en\/wp-json\/wp\/v2\/posts\/12093\/revisions"}],"predecessor-version":[{"id":12141,"href":"https:\/\/digidem-bayern.de\/en\/wp-json\/wp\/v2\/posts\/12093\/revisions\/12141"}],"wp:featuredmedia":[{"embeddable":true,"href":"https:\/\/digidem-bayern.de\/en\/wp-json\/wp\/v2\/media\/12097"}],"wp:attachment":[{"href":"https:\/\/digidem-bayern.de\/en\/wp-json\/wp\/v2\/media?parent=12093"}],"wp:term":[{"taxonomy":"category","embeddable":true,"href":"https:\/\/digidem-bayern.de\/en\/wp-json\/wp\/v2\/categories?post=12093"},{"taxonomy":"post_tag","embeddable":true,"href":"https:\/\/digidem-bayern.de\/en\/wp-json\/wp\/v2\/tags?post=12093"}],"curies":[{"name":"wp","href":"https:\/\/api.w.org\/{rel}","templated":true}]}}