{"id":12072,"date":"2021-04-26T14:22:31","date_gmt":"2021-04-26T12:22:31","guid":{"rendered":"https:\/\/digidem-bayern.de\/?p=12072"},"modified":"2021-04-27T08:48:15","modified_gmt":"2021-04-27T06:48:15","slug":"demenz-und-inkontinenz","status":"publish","type":"post","link":"https:\/\/digidem-bayern.de\/en\/demenz-und-inkontinenz\/","title":{"rendered":"Demenz und Inkontinenz &#8211; ein Tabu"},"content":{"rendered":"<h4 class=\"wp-block-heading\">Viele Menschen mit Demenz und ihre Angeh\u00f6rigen sind davon betroffen, doch aus Scham wird selten dar\u00fcber gesprochen: Der Gang zur Toilette wird im Laufe der Erkrankung zum Problem, Betroffene werden h\u00e4ufig inkontinent. Eine britische Studie nennt m\u00f6gliche Ursachen, beschreibt die Auswirkungen auf den Alltag und schl\u00e4gt L\u00f6sungen vor.<\/h4>\n\n\n\n<p>Die Autor*innen um Catherine Murphy von der Universit\u00e4t Southampton weisen zun\u00e4chst auf die Dringlichkeit des Themas hin: Bei Menschen mit Demenz sei die Wahrscheinlichkeit von Inkontinenz oder anderen \u201cToilettenproblemen\u201d deutlich h\u00f6her als bei gesunden Gleichaltrigen. So sei die Wahrscheinlichkeit einer Harninkontinenz-Diagnose drei Mal so hoch, die einer Stuhlganginkontinenz-Diagnose sogar vier Mal so hoch. Die Folgen sind nicht nur f\u00fcr Erkrankte und ihre Pflegenden gravierend, sondern auch f\u00fcr das Gesundheitssystem: Inkontinenz, so die Forscher*innen, sei ein bekannter &#8222;Kipppunkt&#8220; f\u00fcr den Umzug in ein Pflegeheim.<\/p>\n\n\n\n<div class=\"wp-block-image\"><figure class=\"alignright size-medium\"><img loading=\"lazy\" decoding=\"async\" width=\"300\" height=\"225\" src=\"https:\/\/test.digidem-bayern.de\/wp-content\/uploads\/2021\/04\/wc-111092_1280-1-300x225.jpg\" alt=\"\" class=\"wp-image-12082\" srcset=\"https:\/\/digidem-bayern.de\/wp-content\/uploads\/2021\/04\/wc-111092_1280-1-300x225.jpg 300w, https:\/\/digidem-bayern.de\/wp-content\/uploads\/2021\/04\/wc-111092_1280-1-1030x773.jpg 1030w, https:\/\/digidem-bayern.de\/wp-content\/uploads\/2021\/04\/wc-111092_1280-1-768x576.jpg 768w, https:\/\/digidem-bayern.de\/wp-content\/uploads\/2021\/04\/wc-111092_1280-1-467x350.jpg 467w, https:\/\/digidem-bayern.de\/wp-content\/uploads\/2021\/04\/wc-111092_1280-1.jpg 1280w\" sizes=\"auto, (max-width: 300px) 100vw, 300px\" \/><\/figure><\/div>\n\n\n\n<p><strong>45 Teilnehmende, darunter nur 2 Menschen mit Demenz<\/strong><\/p>\n\n\n\n<p>Mit ihrer Studie wollten die Autor*innen daher die Bandbreite der Ursachen und Folgen sowie m\u00f6gliche L\u00f6sungen aufzeigen. Dazu f\u00fchrten sie ausf\u00fchrliche Interviews mit Menschen mit Demenz, pflegenden Angeh\u00f6rigen und professionellen Pflegekr\u00e4ften. Angesprochen wurden die Teilnehmenden \u00fcber eine Webseite, Betreuungsgruppen oder die Arbeitgeber. Insgesamt nahmen 45 Personen an der Studie teil, darunter 26 pflegende&nbsp;Angeh\u00f6rige, 2 Menschen mit Demenz und 17 professionelle Pflegekr\u00e4fte. Trotz ihrer Bem\u00fchungen gelang es den Autor*innen nicht, mehr Menschen mit Demenz zu gewinnen &#8211; dies geben sie selbst als eine der Schw\u00e4chen der Arbeit an.<\/p>\n\n\n\n<p><strong>Die Ursachen f\u00fcr Inkontinenz sind oft komplex<\/strong><\/p>\n\n\n\n<p>Die\u00a0Ursachen f\u00fcr die beschriebenen Probleme bei der Toilettenbenutzung und Inkontinenz waren vielschichtig. Einige hingen direkt mit der Demenz zusammen: Zum Beispiel wussten Betroffene mitunter nicht mehr, wie man die Toilette benutzt, konnten die entsprechenden K\u00f6rperfunktionen nicht mehr ausreichend wahrnehmen oder auch Inkontinenz-Produkte wie Einlagen nicht erkennen. Daneben gab es auch k\u00f6rperliche Gr\u00fcnde f\u00fcr die Inkontinenz, etwa bestehende Blasen- oder Darmprobleme und eingeschr\u00e4nkte Beweglichkeit oder Geschicklichkeit.<\/p>\n\n\n\n<p><strong>\u201cAngst vor dem Verlust der W\u00fcrde\u201d<\/strong><\/p>\n\n\n\n<p>Eine gro\u00dfe Rolle spielten psychologische und soziale Faktoren. So berichteten Teilnehmende von der \u201cAngst vor dem Verlust der W\u00fcrde und der sozialen Peinlichkeit\u201d. Nicht nur die Betroffenen, sondern auch die Angeh\u00f6rigen h\u00e4tten Schwierigkeiten, \u00fcber die Probleme zu sprechen. So hei\u00dft es in der Studie: \u201cEinige hatten das Gef\u00fchl, dass ihnen die Sprache fehlte, sie wussten nicht, wie sie das Gespr\u00e4ch beginnen sollten, oder sie f\u00fchlten sich schuldig, weil sie den Angeh\u00f6rigen mit Demenz \u2018verraten\u2019 hatten, indem sie sein Inkontinenz-\u2018Geheimnis\u2019 preisgaben.\u201d<\/p>\n\n\n\n<p><strong>Starke Auswirkungen auf das Leben der Betroffenen<\/strong><\/p>\n\n\n\n<p>Die Probleme rund um den Toilettengang wirkten sich den Angaben zufolge stark auf das Leben der Betroffenen aus. Zum einen wurden k\u00f6rperliche Folgen&nbsp;wie gesch\u00e4digte Haut genannt, zum anderen psychische wie Scham, Verzweiflung oder sogar Selbstekel. Die Angeh\u00f6rigen litten ebenfalls unter gesundheitlichen Problemen, vor allem durch die Ersch\u00f6pfung und die st\u00e4ndige Anspannung: &#8222;Man ist die ganze Zeit gestresst, weil man eigentlich nicht wei\u00df, wann es kommen wird\u201d, lautete eine Aussage. Auch von&nbsp;Selbstvorw\u00fcrfen, wenn etwas fehlschlug, Unbehagen oder Abscheu war die Rede: &#8222;Ich kann mich daran erinnern, dass ich beim ersten Mal, als ich mich um einen schmutzigen Po k\u00fcmmern musste, in Tr\u00e4nen ausbrach&#8220;, sagte eine Teilnehmende.&nbsp;<\/p>\n\n\n\n<p><strong>Beziehung zwischen Pflegepersonen und Angeh\u00f6rigen ver\u00e4ndert sich<\/strong><\/p>\n\n\n\n<div class=\"wp-block-image\"><figure class=\"alignright size-medium\"><img loading=\"lazy\" decoding=\"async\" width=\"300\" height=\"200\" src=\"https:\/\/test.digidem-bayern.de\/wp-content\/uploads\/2021\/04\/elderly-happy-4008796_1280-300x200.jpg\" alt=\"\" class=\"wp-image-12085\" srcset=\"https:\/\/digidem-bayern.de\/wp-content\/uploads\/2021\/04\/elderly-happy-4008796_1280-300x200.jpg 300w, https:\/\/digidem-bayern.de\/wp-content\/uploads\/2021\/04\/elderly-happy-4008796_1280-1030x686.jpg 1030w, https:\/\/digidem-bayern.de\/wp-content\/uploads\/2021\/04\/elderly-happy-4008796_1280-768x512.jpg 768w, https:\/\/digidem-bayern.de\/wp-content\/uploads\/2021\/04\/elderly-happy-4008796_1280-525x350.jpg 525w, https:\/\/digidem-bayern.de\/wp-content\/uploads\/2021\/04\/elderly-happy-4008796_1280.jpg 1280w\" sizes=\"auto, (max-width: 300px) 100vw, 300px\" \/><\/figure><\/div>\n\n\n\n<p>Die geschilderten Probleme ver\u00e4nderten h\u00e4ufig die Beziehung zwischen den Erkrankten und ihren pflegenden Angeh\u00f6rigen. Es zeigte sich, dass die Belastung so gro\u00df werden kann, dass ein \u00dcbertritt ins Heim erwogen wird. So beschrieb eine Teilnehmende: &#8222;Er hat nicht nur auf den Boden gepinkelt, sondern auch etwas anderes gemacht. Und dann wurde mir klar, dass ich das nicht mehr machen konnte. Mit dem Pipi konnte ich umgehen, aber nicht mit dem anderen&#8220;. In diesem Zusammenhang wurden auch Sch\u00e4den im eigenen Zuhause genannt, etwa verschmutzte oder geruchsintensive Teppiche, sowie finanzielle Auswirkungen, zum Beispiel der durch den Kauf von Inkontinenz-Produkten, den Austausch von Teppichen und die vermehrte W\u00e4sche.<\/p>\n\n\n\n<p>Die professionellen Pflegekr\u00e4fte zeigten sich frustriert dar\u00fcber, dass sie keine bessere Unterst\u00fctzung leisten k\u00f6nnen. Eine Aussage lautete: &#8222;Es ist keine L\u00f6sung, den Menschen einfach nur Einlagen zu geben. Und das macht mich wahnsinnig. Es gibt andere Dinge, die man tun kann.&#8220;<\/p>\n\n\n\n<p><strong>Welche L\u00f6sungen gibt es?<\/strong><\/p>\n\n\n\n<p>Doch was genau kann man tun? Welche L\u00f6sungen sehen die Autor*innen der Studie? Zum einen h\u00e4tten sich alle Pflegenden fr\u00fchere und bessere praktische Informationen \u00fcber Inkontinenz bei Demenzerkrankungen gew\u00fcnscht. Zudem sollten pflegende Angeh\u00f6rige besser dabei unterst\u00fctzt werden,\u00a0Strategien zu entwickeln, um mit den emotionalen und praktisch-pflegerischen Problemen umzugehen. Hier fehlte den Teilnehmenden vor allem direkte pers\u00f6nliche Unterst\u00fctzung. Auch\u00a0benutzerfreundliche Inkontinenz-Produkte wurden als wichtiger Punkt genannt, ebenso \u201cdemenz- und inkontinenzfreundliche Umgebungen\u201d, zum Beispiel ausreichend ger\u00e4umige Behindertentoiletten im \u00f6ffentlichen Raum.<\/p>\n\n\n\n<p><strong>Routinen einrichten, Umgebung anpassen, Technologien nutzen<\/strong><\/p>\n\n\n\n<p>Weitere Vorschl\u00e4ge zielten darauf ab, die Unabh\u00e4ngigkeit der Betroffenen zuhause zu f\u00f6rdern, etwa durch eine fr\u00fchzeitige Einrichtung von Routinen, Zugang zu Ger\u00e4ten wie Handurinalen und die Anpassung von Badezimmern. Ein Schl\u00fcsselbereich war den Autor*innen zufolge die Technologie, die von fortschrittlichen, komfortablen Materialien f\u00fcr Inkontinenz-Produkte \u00fcber virtuelle Assistenten (zum Beispiel Alexa) f\u00fcr die Aufforderung zur Toilettenbenutzung bis hin zur Einbindung von Sensortechnologie reicht.<\/p>\n\n\n\n<p>(Ein Beispiel f\u00fcr Sensorik im Inkontinenz-Bereich ist <a href=\"https:\/\/www.uni-bayreuth.de\/de\/universitaet\/presse\/pressemitteilungen\/2020\/172-inContAlert_Preis_Best-IoMT-Techpreneur-2020\/index.html\" target=\"_blank\" rel=\"noreferrer noopener\">\u201cinContAlert\u201d<\/a>, das von Forschern aus Bayreuth entwickelt wurde.)<\/p>\n\n\n\n<p><strong>Erkenntnisse als erster Schritt hin zu Verbesserungen<\/strong><\/p>\n\n\n\n<p>Die Studie bietet den Autor*innen zufolge die erste umfassende Analyse zu diesem stark tabuisierten Thema. Demenzbezogene, k\u00f6rperliche, psychologische, soziale und pflegerische Faktoren \u00fcberlagerten sich zu vielschichtigen Problemen, die oft negative Auswirkungen auf das Leben der Betroffenen h\u00e4tten. \u201cDieses neue Verst\u00e4ndnis ist ein erster Schritt hin zu der Entwicklung dringend ben\u00f6tigter praktischer und umsetzbarer Interventionen f\u00fcr diese unterversorgte Gruppe.\u201d<\/p>\n\n\n\n<p>Hier finden Sie die Studie:<br><a href=\"https:\/\/academic.oup.com\/ageing\/advance-article\/doi\/10.1093\/ageing\/afaa262\/6035277\" target=\"_blank\" rel=\"noreferrer noopener\">Problems faced by people living at home with dementia and incontinence: causes, consequences and potential solution<\/a>s (Dez 2020)<\/p>\n\n\n\n<p><\/p>","protected":false},"excerpt":{"rendered":"<p>Viele Menschen mit Demenz und ihre Angeh\u00f6rigen sind davon betroffen, doch aus Scham wird selten dar\u00fcber gesprochen: Der Gang zur Toilette wird im Laufe der Erkrankung zum Problem, Betroffene werden h\u00e4ufig inkontinent. Eine britische Studie nennt m\u00f6gliche Ursachen, beschreibt die Auswirkungen auf den Alltag und schl\u00e4gt L\u00f6sungen vor. Die Autor*innen &hellip;<\/p>","protected":false},"author":11,"featured_media":12091,"comment_status":"open","ping_status":"closed","sticky":false,"template":"","format":"standard","meta":{"qubely_global_settings":"","qubely_interactions":"","_uag_custom_page_level_css":"","footnotes":""},"categories":[5],"tags":[13,12,14,17,55,299,93],"class_list":["post-12072","post","type-post","status-publish","format-standard","has-post-thumbnail","hentry","category-wissenschaft-forschung","tag-alzheimer","tag-demenz-2","tag-digidem","tag-digidem-bayern","tag-digitales-demenzregister-bayern","tag-inkontinenz","tag-pflegende-angehoerige"],"qubely_featured_image_url":{"full":["https:\/\/digidem-bayern.de\/wp-content\/uploads\/2021\/04\/pexels-vie-studio-3963086.jpg",1600,1200,false],"landscape":["https:\/\/digidem-bayern.de\/wp-content\/uploads\/2021\/04\/pexels-vie-studio-3963086-1200x750.jpg",1200,750,true],"portraits":["https:\/\/digidem-bayern.de\/wp-content\/uploads\/2021\/04\/pexels-vie-studio-3963086-540x320.jpg",540,320,true],"thumbnail":["https:\/\/digidem-bayern.de\/wp-content\/uploads\/2021\/04\/pexels-vie-studio-3963086-80x80.jpg",80,80,true],"medium":["https:\/\/digidem-bayern.de\/wp-content\/uploads\/2021\/04\/pexels-vie-studio-3963086-300x225.jpg",300,225,true],"medium_large":["https:\/\/digidem-bayern.de\/wp-content\/uploads\/2021\/04\/pexels-vie-studio-3963086-768x576.jpg",768,576,true],"large":["https:\/\/digidem-bayern.de\/wp-content\/uploads\/2021\/04\/pexels-vie-studio-3963086-1030x773.jpg",1030,773,true],"1536x1536":["https:\/\/digidem-bayern.de\/wp-content\/uploads\/2021\/04\/pexels-vie-studio-3963086-1536x1152.jpg",1536,1152,true],"2048x2048":["https:\/\/digidem-bayern.de\/wp-content\/uploads\/2021\/04\/pexels-vie-studio-3963086-2048x1536.jpg",2048,1536,true],"trp-custom-language-flag":["https:\/\/digidem-bayern.de\/wp-content\/uploads\/2021\/04\/pexels-vie-studio-3963086.jpg",16,12,false],"qubely_landscape":["https:\/\/digidem-bayern.de\/wp-content\/uploads\/2021\/04\/pexels-vie-studio-3963086-1200x750.jpg",1200,750,true],"qubely_portrait":["https:\/\/digidem-bayern.de\/wp-content\/uploads\/2021\/04\/pexels-vie-studio-3963086-540x320.jpg",540,320,true],"qubely_thumbnail":["https:\/\/digidem-bayern.de\/wp-content\/uploads\/2021\/04\/pexels-vie-studio-3963086-140x100.jpg",140,100,true],"post-thumbnail":["https:\/\/digidem-bayern.de\/wp-content\/uploads\/2021\/04\/pexels-vie-studio-3963086-467x350.jpg",467,350,true],"kahuna-featured":["https:\/\/digidem-bayern.de\/wp-content\/uploads\/2021\/04\/pexels-vie-studio-3963086-734x350.jpg",734,350,true],"kahuna-featured-lp":["https:\/\/digidem-bayern.de\/wp-content\/uploads\/2021\/04\/pexels-vie-studio-3963086-520x350.jpg",520,350,true],"kahuna-featured-half":["https:\/\/digidem-bayern.de\/wp-content\/uploads\/2021\/04\/pexels-vie-studio-3963086-800x350.jpg",800,350,true],"kahuna-featured-third":["https:\/\/digidem-bayern.de\/wp-content\/uploads\/2021\/04\/pexels-vie-studio-3963086-512x350.jpg",512,350,true],"kahuna-lpbox-1":["https:\/\/digidem-bayern.de\/wp-content\/uploads\/2021\/04\/pexels-vie-studio-3963086-520x350.jpg",446,300,true],"kahuna-lpbox-2":["https:\/\/digidem-bayern.de\/wp-content\/uploads\/2021\/04\/pexels-vie-studio-3963086-520x350.jpg",520,350,true],"demand-language-flag":["https:\/\/digidem-bayern.de\/wp-content\/uploads\/2021\/04\/pexels-vie-studio-3963086.jpg",36,27,false],"dddkt-language-flag":["https:\/\/digidem-bayern.de\/wp-content\/uploads\/2021\/04\/pexels-vie-studio-3963086.jpg",36,27,false],"ddiqc-language-flag":["https:\/\/digidem-bayern.de\/wp-content\/uploads\/2021\/04\/pexels-vie-studio-3963086.jpg",36,27,false],"ddtl-language-flag":["https:\/\/digidem-bayern.de\/wp-content\/uploads\/2021\/04\/pexels-vie-studio-3963086.jpg",36,27,false],"mailpoet_newsletter_max":["https:\/\/digidem-bayern.de\/wp-content\/uploads\/2021\/04\/pexels-vie-studio-3963086-1320x990.jpg",1320,990,true],"kahuna-lpbox-3":["https:\/\/digidem-bayern.de\/wp-content\/uploads\/2021\/04\/pexels-vie-studio-3963086-520x350.jpg",520,350,true],"kahuna-featured-square":["https:\/\/digidem-bayern.de\/wp-content\/uploads\/2021\/04\/pexels-vie-studio-3963086-512x512.jpg",512,512,true],"kahuna-featured-square-large":["https:\/\/digidem-bayern.de\/wp-content\/uploads\/2021\/04\/pexels-vie-studio-3963086-1024x1024.jpg",1024,1024,true]},"qubely_author":{"display_name":"Michael Zeiler","author_link":"https:\/\/digidem-bayern.de\/en\/author\/michael-zeiler\/"},"qubely_comment":9,"qubely_category":"<a href=\"https:\/\/digidem-bayern.de\/en\/category\/wissenschaft-forschung\/\" rel=\"category tag\">Wissenschaft &amp; Forschung<\/a>","qubely_excerpt":"Viele Menschen mit Demenz und ihre Angeh\u00f6rigen sind davon betroffen, doch aus Scham wird selten dar\u00fcber gesprochen: Der Gang zur Toilette wird im Laufe der Erkrankung zum Problem, Betroffene werden h\u00e4ufig inkontinent. Eine britische Studie nennt m\u00f6gliche Ursachen, beschreibt die Auswirkungen auf den Alltag und schl\u00e4gt L\u00f6sungen vor. Die Autor*innen &hellip;","featured_image_urls_v2":{"full":["https:\/\/digidem-bayern.de\/wp-content\/uploads\/2021\/04\/pexels-vie-studio-3963086.jpg",1600,1200,false],"thumbnail":["https:\/\/digidem-bayern.de\/wp-content\/uploads\/2021\/04\/pexels-vie-studio-3963086-80x80.jpg",80,80,true],"medium":["https:\/\/digidem-bayern.de\/wp-content\/uploads\/2021\/04\/pexels-vie-studio-3963086-300x225.jpg",300,225,true],"medium_large":["https:\/\/digidem-bayern.de\/wp-content\/uploads\/2021\/04\/pexels-vie-studio-3963086-768x576.jpg",768,576,true],"large":["https:\/\/digidem-bayern.de\/wp-content\/uploads\/2021\/04\/pexels-vie-studio-3963086-1030x773.jpg",1030,773,true],"1536x1536":["https:\/\/digidem-bayern.de\/wp-content\/uploads\/2021\/04\/pexels-vie-studio-3963086-1536x1152.jpg",1536,1152,true],"2048x2048":["https:\/\/digidem-bayern.de\/wp-content\/uploads\/2021\/04\/pexels-vie-studio-3963086-2048x1536.jpg",2048,1536,true],"trp-custom-language-flag":["https:\/\/digidem-bayern.de\/wp-content\/uploads\/2021\/04\/pexels-vie-studio-3963086.jpg",16,12,false],"qubely_landscape":["https:\/\/digidem-bayern.de\/wp-content\/uploads\/2021\/04\/pexels-vie-studio-3963086-1200x750.jpg",1200,750,true],"qubely_portrait":["https:\/\/digidem-bayern.de\/wp-content\/uploads\/2021\/04\/pexels-vie-studio-3963086-540x320.jpg",540,320,true],"qubely_thumbnail":["https:\/\/digidem-bayern.de\/wp-content\/uploads\/2021\/04\/pexels-vie-studio-3963086-140x100.jpg",140,100,true],"post-thumbnail":["https:\/\/digidem-bayern.de\/wp-content\/uploads\/2021\/04\/pexels-vie-studio-3963086-467x350.jpg",467,350,true],"kahuna-featured":["https:\/\/digidem-bayern.de\/wp-content\/uploads\/2021\/04\/pexels-vie-studio-3963086-734x350.jpg",734,350,true],"kahuna-featured-lp":["https:\/\/digidem-bayern.de\/wp-content\/uploads\/2021\/04\/pexels-vie-studio-3963086-520x350.jpg",520,350,true],"kahuna-featured-half":["https:\/\/digidem-bayern.de\/wp-content\/uploads\/2021\/04\/pexels-vie-studio-3963086-800x350.jpg",800,350,true],"kahuna-featured-third":["https:\/\/digidem-bayern.de\/wp-content\/uploads\/2021\/04\/pexels-vie-studio-3963086-512x350.jpg",512,350,true],"kahuna-lpbox-1":["https:\/\/digidem-bayern.de\/wp-content\/uploads\/2021\/04\/pexels-vie-studio-3963086-520x350.jpg",446,300,true],"kahuna-lpbox-2":["https:\/\/digidem-bayern.de\/wp-content\/uploads\/2021\/04\/pexels-vie-studio-3963086-520x350.jpg",520,350,true],"demand-language-flag":["https:\/\/digidem-bayern.de\/wp-content\/uploads\/2021\/04\/pexels-vie-studio-3963086.jpg",36,27,false],"dddkt-language-flag":["https:\/\/digidem-bayern.de\/wp-content\/uploads\/2021\/04\/pexels-vie-studio-3963086.jpg",36,27,false],"ddiqc-language-flag":["https:\/\/digidem-bayern.de\/wp-content\/uploads\/2021\/04\/pexels-vie-studio-3963086.jpg",36,27,false],"ddtl-language-flag":["https:\/\/digidem-bayern.de\/wp-content\/uploads\/2021\/04\/pexels-vie-studio-3963086.jpg",36,27,false],"mailpoet_newsletter_max":["https:\/\/digidem-bayern.de\/wp-content\/uploads\/2021\/04\/pexels-vie-studio-3963086-1320x990.jpg",1320,990,true],"kahuna-lpbox-3":["https:\/\/digidem-bayern.de\/wp-content\/uploads\/2021\/04\/pexels-vie-studio-3963086-520x350.jpg",520,350,true],"kahuna-featured-square":["https:\/\/digidem-bayern.de\/wp-content\/uploads\/2021\/04\/pexels-vie-studio-3963086-512x512.jpg",512,512,true],"kahuna-featured-square-large":["https:\/\/digidem-bayern.de\/wp-content\/uploads\/2021\/04\/pexels-vie-studio-3963086-1024x1024.jpg",1024,1024,true]},"post_excerpt_stackable_v2":"<p>Viele Menschen mit Demenz und ihre Angeh\u00f6rigen sind davon betroffen, doch aus Scham wird selten dar\u00fcber gesprochen: Der Gang zur Toilette wird im Laufe der Erkrankung zum Problem, Betroffene werden h\u00e4ufig inkontinent. Eine britische Studie nennt m\u00f6gliche Ursachen, beschreibt die Auswirkungen auf den Alltag und schl\u00e4gt L\u00f6sungen vor. Die Autor*innen um Catherine Murphy von der Universit\u00e4t Southampton weisen zun\u00e4chst auf die Dringlichkeit des Themas hin: Bei Menschen mit Demenz sei die Wahrscheinlichkeit von Inkontinenz oder anderen \u201cToilettenproblemen\u201d deutlich h\u00f6her als bei gesunden Gleichaltrigen. So sei die Wahrscheinlichkeit einer Harninkontinenz-Diagnose drei Mal so hoch, die einer Stuhlganginkontinenz-Diagnose sogar vier Mal so&hellip;<\/p>\n","category_list_v2":"<a href=\"https:\/\/digidem-bayern.de\/en\/category\/wissenschaft-forschung\/\" rel=\"category tag\">Wissenschaft &amp; Forschung<\/a>","author_info_v2":{"name":"Michael Zeiler","url":"https:\/\/digidem-bayern.de\/en\/author\/michael-zeiler\/"},"comments_num_v2":"0 comments","yoast_head":"<!-- This site is optimized with the Yoast SEO plugin v27.4 - https:\/\/yoast.com\/product\/yoast-seo-wordpress\/ -->\n<title>Demenz und Inkontinenz - ein Tabu - digiDEM Bayern<\/title>\n<meta name=\"description\" content=\"Eine britische Studie beschreibt die Ursachen und Folgen von sowie m\u00f6gliche L\u00f6sungsans\u00e4tze f\u00fcr Inkontinenz bei Demenz.\" \/>\n<meta name=\"robots\" content=\"index, follow, max-snippet:-1, max-image-preview:large, max-video-preview:-1\" \/>\n<link rel=\"canonical\" href=\"https:\/\/digidem-bayern.de\/en\/demenz-und-inkontinenz\/\" \/>\n<meta property=\"og:locale\" content=\"en_US\" \/>\n<meta property=\"og:type\" content=\"article\" \/>\n<meta property=\"og:title\" content=\"Demenz und Inkontinenz - ein Tabu - digiDEM Bayern\" \/>\n<meta property=\"og:description\" content=\"Eine britische Studie beschreibt die Ursachen und Folgen von sowie m\u00f6gliche L\u00f6sungsans\u00e4tze f\u00fcr Inkontinenz bei Demenz.\" \/>\n<meta property=\"og:url\" content=\"https:\/\/digidem-bayern.de\/en\/demenz-und-inkontinenz\/\" \/>\n<meta property=\"og:site_name\" content=\"digiDEM Bayern\" \/>\n<meta property=\"article:publisher\" content=\"https:\/\/www.facebook.com\/digiDEMBayern\/\" \/>\n<meta property=\"article:published_time\" content=\"2021-04-26T12:22:31+00:00\" \/>\n<meta property=\"article:modified_time\" content=\"2021-04-27T06:48:15+00:00\" \/>\n<meta property=\"og:image\" content=\"https:\/\/digidem-bayern.de\/wp-content\/uploads\/2021\/04\/pexels-vie-studio-3963086.jpg\" \/>\n\t<meta property=\"og:image:width\" content=\"1600\" \/>\n\t<meta property=\"og:image:height\" content=\"1200\" \/>\n\t<meta property=\"og:image:type\" content=\"image\/jpeg\" \/>\n<meta name=\"author\" content=\"Michael Zeiler\" \/>\n<meta name=\"twitter:label1\" content=\"Written by\" \/>\n\t<meta name=\"twitter:data1\" content=\"Michael Zeiler\" \/>\n\t<meta name=\"twitter:label2\" content=\"Est. reading time\" \/>\n\t<meta name=\"twitter:data2\" content=\"5 minutes\" \/>\n<script type=\"application\/ld+json\" class=\"yoast-schema-graph\">{\"@context\":\"https:\\\/\\\/schema.org\",\"@graph\":[{\"@type\":\"Article\",\"@id\":\"https:\\\/\\\/digidem-bayern.de\\\/demenz-und-inkontinenz\\\/#article\",\"isPartOf\":{\"@id\":\"https:\\\/\\\/digidem-bayern.de\\\/demenz-und-inkontinenz\\\/\"},\"author\":{\"name\":\"Michael Zeiler\",\"@id\":\"\\\/#\\\/schema\\\/person\\\/92754ad381f49b3c358d1d8d2c4f90b8\"},\"headline\":\"Demenz und Inkontinenz &#8211; ein Tabu\",\"datePublished\":\"2021-04-26T12:22:31+00:00\",\"dateModified\":\"2021-04-27T06:48:15+00:00\",\"mainEntityOfPage\":{\"@id\":\"https:\\\/\\\/digidem-bayern.de\\\/demenz-und-inkontinenz\\\/\"},\"wordCount\":1000,\"commentCount\":0,\"publisher\":{\"@id\":\"\\\/#organization\"},\"image\":{\"@id\":\"https:\\\/\\\/digidem-bayern.de\\\/demenz-und-inkontinenz\\\/#primaryimage\"},\"thumbnailUrl\":\"https:\\\/\\\/digidem-bayern.de\\\/wp-content\\\/uploads\\\/2021\\\/04\\\/pexels-vie-studio-3963086.jpg\",\"keywords\":[\"Alzheimer\",\"Demenz\",\"digidem\",\"digidem Bayern\",\"Digitales Demenzregister Bayern\",\"Inkontinenz\",\"pflegende Angeh\u00f6rige\"],\"articleSection\":[\"Wissenschaft &amp; Forschung\"],\"inLanguage\":\"en-US\",\"potentialAction\":[{\"@type\":\"CommentAction\",\"name\":\"Comment\",\"target\":[\"https:\\\/\\\/digidem-bayern.de\\\/demenz-und-inkontinenz\\\/#respond\"]}]},{\"@type\":\"WebPage\",\"@id\":\"https:\\\/\\\/digidem-bayern.de\\\/demenz-und-inkontinenz\\\/\",\"url\":\"https:\\\/\\\/digidem-bayern.de\\\/demenz-und-inkontinenz\\\/\",\"name\":\"Demenz und Inkontinenz - ein Tabu - digiDEM Bayern\",\"isPartOf\":{\"@id\":\"\\\/#website\"},\"primaryImageOfPage\":{\"@id\":\"https:\\\/\\\/digidem-bayern.de\\\/demenz-und-inkontinenz\\\/#primaryimage\"},\"image\":{\"@id\":\"https:\\\/\\\/digidem-bayern.de\\\/demenz-und-inkontinenz\\\/#primaryimage\"},\"thumbnailUrl\":\"https:\\\/\\\/digidem-bayern.de\\\/wp-content\\\/uploads\\\/2021\\\/04\\\/pexels-vie-studio-3963086.jpg\",\"datePublished\":\"2021-04-26T12:22:31+00:00\",\"dateModified\":\"2021-04-27T06:48:15+00:00\",\"description\":\"Eine britische Studie beschreibt die Ursachen und Folgen von sowie m\u00f6gliche L\u00f6sungsans\u00e4tze f\u00fcr Inkontinenz bei Demenz.\",\"breadcrumb\":{\"@id\":\"https:\\\/\\\/digidem-bayern.de\\\/demenz-und-inkontinenz\\\/#breadcrumb\"},\"inLanguage\":\"en-US\",\"potentialAction\":[{\"@type\":\"ReadAction\",\"target\":[\"https:\\\/\\\/digidem-bayern.de\\\/demenz-und-inkontinenz\\\/\"]}]},{\"@type\":\"ImageObject\",\"inLanguage\":\"en-US\",\"@id\":\"https:\\\/\\\/digidem-bayern.de\\\/demenz-und-inkontinenz\\\/#primaryimage\",\"url\":\"https:\\\/\\\/digidem-bayern.de\\\/wp-content\\\/uploads\\\/2021\\\/04\\\/pexels-vie-studio-3963086.jpg\",\"contentUrl\":\"https:\\\/\\\/digidem-bayern.de\\\/wp-content\\\/uploads\\\/2021\\\/04\\\/pexels-vie-studio-3963086.jpg\",\"width\":1600,\"height\":1200,\"caption\":\"Rolle Toilettenpapier\"},{\"@type\":\"BreadcrumbList\",\"@id\":\"https:\\\/\\\/digidem-bayern.de\\\/demenz-und-inkontinenz\\\/#breadcrumb\",\"itemListElement\":[{\"@type\":\"ListItem\",\"position\":1,\"name\":\"Startseite\",\"item\":\"https:\\\/\\\/digidem-bayern.de\\\/\"},{\"@type\":\"ListItem\",\"position\":2,\"name\":\"Demenz und Inkontinenz &#8211; ein Tabu\"}]},{\"@type\":\"WebSite\",\"@id\":\"\\\/#website\",\"url\":\"\\\/\",\"name\":\"digiDEM Bayern\",\"description\":\"Das digitale Demenzregister Bayern erforscht und verbessert die Angebotsstuktur f\u00fcr Menschen mit Demenz und deren Angeh\u00f6rige\",\"publisher\":{\"@id\":\"\\\/#organization\"},\"potentialAction\":[{\"@type\":\"SearchAction\",\"target\":{\"@type\":\"EntryPoint\",\"urlTemplate\":\"\\\/?s={search_term_string}\"},\"query-input\":{\"@type\":\"PropertyValueSpecification\",\"valueRequired\":true,\"valueName\":\"search_term_string\"}}],\"inLanguage\":\"en-US\"},{\"@type\":\"Organization\",\"@id\":\"\\\/#organization\",\"name\":\"digiDEM Bayern\",\"url\":\"\\\/\",\"logo\":{\"@type\":\"ImageObject\",\"inLanguage\":\"en-US\",\"@id\":\"\\\/#\\\/schema\\\/logo\\\/image\\\/\",\"url\":\"https:\\\/\\\/digidem-bayern.de\\\/wp-content\\\/uploads\\\/2022\\\/03\\\/cropped-Allgemeines_digiDEMLOGO-removebg-preview.png\",\"contentUrl\":\"https:\\\/\\\/digidem-bayern.de\\\/wp-content\\\/uploads\\\/2022\\\/03\\\/cropped-Allgemeines_digiDEMLOGO-removebg-preview.png\",\"width\":612,\"height\":357,\"caption\":\"digiDEM Bayern\"},\"image\":{\"@id\":\"\\\/#\\\/schema\\\/logo\\\/image\\\/\"},\"sameAs\":[\"https:\\\/\\\/www.facebook.com\\\/digiDEMBayern\\\/\",\"https:\\\/\\\/x.com\\\/digidem_bayern\",\"https:\\\/\\\/www.instagram.com\\\/digidem.bayern\",\"https:\\\/\\\/www.linkedin.com\\\/company\\\/digidem-bayern\\\/\"]},{\"@type\":\"Person\",\"@id\":\"\\\/#\\\/schema\\\/person\\\/92754ad381f49b3c358d1d8d2c4f90b8\",\"name\":\"Michael Zeiler\",\"url\":\"https:\\\/\\\/digidem-bayern.de\\\/en\\\/author\\\/michael-zeiler\\\/\"}]}<\/script>\n<!-- \/ Yoast SEO plugin. -->","yoast_head_json":{"title":"Demenz und Inkontinenz - ein Tabu - digiDEM Bayern","description":"Eine britische Studie beschreibt die Ursachen und Folgen von sowie m\u00f6gliche L\u00f6sungsans\u00e4tze f\u00fcr Inkontinenz bei Demenz.","robots":{"index":"index","follow":"follow","max-snippet":"max-snippet:-1","max-image-preview":"max-image-preview:large","max-video-preview":"max-video-preview:-1"},"canonical":"https:\/\/digidem-bayern.de\/en\/demenz-und-inkontinenz\/","og_locale":"en_US","og_type":"article","og_title":"Demenz und Inkontinenz - ein Tabu - digiDEM Bayern","og_description":"Eine britische Studie beschreibt die Ursachen und Folgen von sowie m\u00f6gliche L\u00f6sungsans\u00e4tze f\u00fcr Inkontinenz bei Demenz.","og_url":"https:\/\/digidem-bayern.de\/en\/demenz-und-inkontinenz\/","og_site_name":"digiDEM Bayern","article_publisher":"https:\/\/www.facebook.com\/digiDEMBayern\/","article_published_time":"2021-04-26T12:22:31+00:00","article_modified_time":"2021-04-27T06:48:15+00:00","og_image":[{"width":1600,"height":1200,"url":"https:\/\/digidem-bayern.de\/wp-content\/uploads\/2021\/04\/pexels-vie-studio-3963086.jpg","type":"image\/jpeg"}],"author":"Michael Zeiler","twitter_misc":{"Written by":"Michael Zeiler","Est. reading time":"5 minutes"},"schema":{"@context":"https:\/\/schema.org","@graph":[{"@type":"Article","@id":"https:\/\/digidem-bayern.de\/demenz-und-inkontinenz\/#article","isPartOf":{"@id":"https:\/\/digidem-bayern.de\/demenz-und-inkontinenz\/"},"author":{"name":"Michael Zeiler","@id":"\/#\/schema\/person\/92754ad381f49b3c358d1d8d2c4f90b8"},"headline":"Demenz und Inkontinenz &#8211; ein Tabu","datePublished":"2021-04-26T12:22:31+00:00","dateModified":"2021-04-27T06:48:15+00:00","mainEntityOfPage":{"@id":"https:\/\/digidem-bayern.de\/demenz-und-inkontinenz\/"},"wordCount":1000,"commentCount":0,"publisher":{"@id":"\/#organization"},"image":{"@id":"https:\/\/digidem-bayern.de\/demenz-und-inkontinenz\/#primaryimage"},"thumbnailUrl":"https:\/\/digidem-bayern.de\/wp-content\/uploads\/2021\/04\/pexels-vie-studio-3963086.jpg","keywords":["Alzheimer","Demenz","digidem","digidem Bayern","Digitales Demenzregister Bayern","Inkontinenz","pflegende Angeh\u00f6rige"],"articleSection":["Wissenschaft &amp; Forschung"],"inLanguage":"en-US","potentialAction":[{"@type":"CommentAction","name":"Comment","target":["https:\/\/digidem-bayern.de\/demenz-und-inkontinenz\/#respond"]}]},{"@type":"WebPage","@id":"https:\/\/digidem-bayern.de\/demenz-und-inkontinenz\/","url":"https:\/\/digidem-bayern.de\/demenz-und-inkontinenz\/","name":"Demenz und Inkontinenz - ein Tabu - digiDEM Bayern","isPartOf":{"@id":"\/#website"},"primaryImageOfPage":{"@id":"https:\/\/digidem-bayern.de\/demenz-und-inkontinenz\/#primaryimage"},"image":{"@id":"https:\/\/digidem-bayern.de\/demenz-und-inkontinenz\/#primaryimage"},"thumbnailUrl":"https:\/\/digidem-bayern.de\/wp-content\/uploads\/2021\/04\/pexels-vie-studio-3963086.jpg","datePublished":"2021-04-26T12:22:31+00:00","dateModified":"2021-04-27T06:48:15+00:00","description":"Eine britische Studie beschreibt die Ursachen und Folgen von sowie m\u00f6gliche L\u00f6sungsans\u00e4tze f\u00fcr Inkontinenz bei Demenz.","breadcrumb":{"@id":"https:\/\/digidem-bayern.de\/demenz-und-inkontinenz\/#breadcrumb"},"inLanguage":"en-US","potentialAction":[{"@type":"ReadAction","target":["https:\/\/digidem-bayern.de\/demenz-und-inkontinenz\/"]}]},{"@type":"ImageObject","inLanguage":"en-US","@id":"https:\/\/digidem-bayern.de\/demenz-und-inkontinenz\/#primaryimage","url":"https:\/\/digidem-bayern.de\/wp-content\/uploads\/2021\/04\/pexels-vie-studio-3963086.jpg","contentUrl":"https:\/\/digidem-bayern.de\/wp-content\/uploads\/2021\/04\/pexels-vie-studio-3963086.jpg","width":1600,"height":1200,"caption":"Rolle Toilettenpapier"},{"@type":"BreadcrumbList","@id":"https:\/\/digidem-bayern.de\/demenz-und-inkontinenz\/#breadcrumb","itemListElement":[{"@type":"ListItem","position":1,"name":"Startseite","item":"https:\/\/digidem-bayern.de\/"},{"@type":"ListItem","position":2,"name":"Demenz und Inkontinenz &#8211; ein Tabu"}]},{"@type":"WebSite","@id":"\/#website","url":"\/","name":"digiDEM Bavaria","description":"The digital dementia register in Bavaria researches and improves the structure of services for people with dementia and their relatives","publisher":{"@id":"\/#organization"},"potentialAction":[{"@type":"SearchAction","target":{"@type":"EntryPoint","urlTemplate":"\/?s={search_term_string}"},"query-input":{"@type":"PropertyValueSpecification","valueRequired":true,"valueName":"search_term_string"}}],"inLanguage":"en-US"},{"@type":"Organization","@id":"\/#organization","name":"digiDEM Bavaria","url":"\/","logo":{"@type":"ImageObject","inLanguage":"en-US","@id":"\/#\/schema\/logo\/image\/","url":"https:\/\/digidem-bayern.de\/wp-content\/uploads\/2022\/03\/cropped-Allgemeines_digiDEMLOGO-removebg-preview.png","contentUrl":"https:\/\/digidem-bayern.de\/wp-content\/uploads\/2022\/03\/cropped-Allgemeines_digiDEMLOGO-removebg-preview.png","width":612,"height":357,"caption":"digiDEM Bayern"},"image":{"@id":"\/#\/schema\/logo\/image\/"},"sameAs":["https:\/\/www.facebook.com\/digiDEMBayern\/","https:\/\/x.com\/digidem_bayern","https:\/\/www.instagram.com\/digidem.bayern","https:\/\/www.linkedin.com\/company\/digidem-bayern\/"]},{"@type":"Person","@id":"\/#\/schema\/person\/92754ad381f49b3c358d1d8d2c4f90b8","name":"Michael Zeiler","url":"https:\/\/digidem-bayern.de\/en\/author\/michael-zeiler\/"}]}},"uagb_featured_image_src":{"full":["https:\/\/digidem-bayern.de\/wp-content\/uploads\/2021\/04\/pexels-vie-studio-3963086.jpg",1600,1200,false],"thumbnail":["https:\/\/digidem-bayern.de\/wp-content\/uploads\/2021\/04\/pexels-vie-studio-3963086-80x80.jpg",80,80,true],"medium":["https:\/\/digidem-bayern.de\/wp-content\/uploads\/2021\/04\/pexels-vie-studio-3963086-300x225.jpg",300,225,true],"medium_large":["https:\/\/digidem-bayern.de\/wp-content\/uploads\/2021\/04\/pexels-vie-studio-3963086-768x576.jpg",768,576,true],"large":["https:\/\/digidem-bayern.de\/wp-content\/uploads\/2021\/04\/pexels-vie-studio-3963086-1030x773.jpg",1030,773,true],"1536x1536":["https:\/\/digidem-bayern.de\/wp-content\/uploads\/2021\/04\/pexels-vie-studio-3963086-1536x1152.jpg",1536,1152,true],"2048x2048":["https:\/\/digidem-bayern.de\/wp-content\/uploads\/2021\/04\/pexels-vie-studio-3963086-2048x1536.jpg",2048,1536,true],"trp-custom-language-flag":["https:\/\/digidem-bayern.de\/wp-content\/uploads\/2021\/04\/pexels-vie-studio-3963086.jpg",16,12,false],"qubely_landscape":["https:\/\/digidem-bayern.de\/wp-content\/uploads\/2021\/04\/pexels-vie-studio-3963086-1200x750.jpg",1200,750,true],"qubely_portrait":["https:\/\/digidem-bayern.de\/wp-content\/uploads\/2021\/04\/pexels-vie-studio-3963086-540x320.jpg",540,320,true],"qubely_thumbnail":["https:\/\/digidem-bayern.de\/wp-content\/uploads\/2021\/04\/pexels-vie-studio-3963086-140x100.jpg",140,100,true],"post-thumbnail":["https:\/\/digidem-bayern.de\/wp-content\/uploads\/2021\/04\/pexels-vie-studio-3963086-467x350.jpg",467,350,true],"kahuna-featured":["https:\/\/digidem-bayern.de\/wp-content\/uploads\/2021\/04\/pexels-vie-studio-3963086-734x350.jpg",734,350,true],"kahuna-featured-lp":["https:\/\/digidem-bayern.de\/wp-content\/uploads\/2021\/04\/pexels-vie-studio-3963086-520x350.jpg",520,350,true],"kahuna-featured-half":["https:\/\/digidem-bayern.de\/wp-content\/uploads\/2021\/04\/pexels-vie-studio-3963086-800x350.jpg",800,350,true],"kahuna-featured-third":["https:\/\/digidem-bayern.de\/wp-content\/uploads\/2021\/04\/pexels-vie-studio-3963086-512x350.jpg",512,350,true],"kahuna-lpbox-1":["https:\/\/digidem-bayern.de\/wp-content\/uploads\/2021\/04\/pexels-vie-studio-3963086-520x350.jpg",446,300,true],"kahuna-lpbox-2":["https:\/\/digidem-bayern.de\/wp-content\/uploads\/2021\/04\/pexels-vie-studio-3963086-520x350.jpg",520,350,true],"demand-language-flag":["https:\/\/digidem-bayern.de\/wp-content\/uploads\/2021\/04\/pexels-vie-studio-3963086.jpg",36,27,false],"dddkt-language-flag":["https:\/\/digidem-bayern.de\/wp-content\/uploads\/2021\/04\/pexels-vie-studio-3963086.jpg",36,27,false],"ddiqc-language-flag":["https:\/\/digidem-bayern.de\/wp-content\/uploads\/2021\/04\/pexels-vie-studio-3963086.jpg",36,27,false],"ddtl-language-flag":["https:\/\/digidem-bayern.de\/wp-content\/uploads\/2021\/04\/pexels-vie-studio-3963086.jpg",36,27,false],"mailpoet_newsletter_max":["https:\/\/digidem-bayern.de\/wp-content\/uploads\/2021\/04\/pexels-vie-studio-3963086-1320x990.jpg",1320,990,true],"kahuna-lpbox-3":["https:\/\/digidem-bayern.de\/wp-content\/uploads\/2021\/04\/pexels-vie-studio-3963086-520x350.jpg",520,350,true],"kahuna-featured-square":["https:\/\/digidem-bayern.de\/wp-content\/uploads\/2021\/04\/pexels-vie-studio-3963086-512x512.jpg",512,512,true],"kahuna-featured-square-large":["https:\/\/digidem-bayern.de\/wp-content\/uploads\/2021\/04\/pexels-vie-studio-3963086-1024x1024.jpg",1024,1024,true]},"uagb_author_info":{"display_name":"Michael Zeiler","author_link":"https:\/\/digidem-bayern.de\/en\/author\/michael-zeiler\/"},"uagb_comment_info":9,"uagb_excerpt":"Viele Menschen mit Demenz und ihre Angeh\u00f6rigen sind davon betroffen, doch aus Scham wird selten dar\u00fcber gesprochen: Der Gang zur Toilette wird im Laufe der Erkrankung zum Problem, Betroffene werden h\u00e4ufig inkontinent. Eine britische Studie nennt m\u00f6gliche Ursachen, beschreibt die Auswirkungen auf den Alltag und schl\u00e4gt L\u00f6sungen vor. Die Autor*innen &hellip;","_links":{"self":[{"href":"https:\/\/digidem-bayern.de\/en\/wp-json\/wp\/v2\/posts\/12072","targetHints":{"allow":["GET"]}}],"collection":[{"href":"https:\/\/digidem-bayern.de\/en\/wp-json\/wp\/v2\/posts"}],"about":[{"href":"https:\/\/digidem-bayern.de\/en\/wp-json\/wp\/v2\/types\/post"}],"author":[{"embeddable":true,"href":"https:\/\/digidem-bayern.de\/en\/wp-json\/wp\/v2\/users\/11"}],"replies":[{"embeddable":true,"href":"https:\/\/digidem-bayern.de\/en\/wp-json\/wp\/v2\/comments?post=12072"}],"version-history":[{"count":9,"href":"https:\/\/digidem-bayern.de\/en\/wp-json\/wp\/v2\/posts\/12072\/revisions"}],"predecessor-version":[{"id":12140,"href":"https:\/\/digidem-bayern.de\/en\/wp-json\/wp\/v2\/posts\/12072\/revisions\/12140"}],"wp:featuredmedia":[{"embeddable":true,"href":"https:\/\/digidem-bayern.de\/en\/wp-json\/wp\/v2\/media\/12091"}],"wp:attachment":[{"href":"https:\/\/digidem-bayern.de\/en\/wp-json\/wp\/v2\/media?parent=12072"}],"wp:term":[{"taxonomy":"category","embeddable":true,"href":"https:\/\/digidem-bayern.de\/en\/wp-json\/wp\/v2\/categories?post=12072"},{"taxonomy":"post_tag","embeddable":true,"href":"https:\/\/digidem-bayern.de\/en\/wp-json\/wp\/v2\/tags?post=12072"}],"curies":[{"name":"wp","href":"https:\/\/api.w.org\/{rel}","templated":true}]}}