{"id":11834,"date":"2021-04-13T09:24:23","date_gmt":"2021-04-13T07:24:23","guid":{"rendered":"https:\/\/digidem-bayern.de\/?p=11834"},"modified":"2021-04-13T09:36:43","modified_gmt":"2021-04-13T07:36:43","slug":"hilfe-fuer-angehoerige-ard-alpha","status":"publish","type":"post","link":"https:\/\/digidem-bayern.de\/en\/hilfe-fuer-angehoerige-ard-alpha\/","title":{"rendered":"&#8222;Demenz ? Hilfe f\u00fcr die Angeh\u00f6rigen&#8220; &#8211; Prof. Gr\u00e4\u00dfel im ARD alpha-Gespr\u00e4ch"},"content":{"rendered":"<h4 class=\"wp-block-heading\">Wie leben Betroffene und Angeh\u00f6rige nach einer Demenzdiagnose? Wie verl\u00e4uft die Erkrankung und welche Hilfen gibt es? Um diese und weitere Fragen ging es in der Sendung &#8222;Demenz ? Hilfe f\u00fcr die Angeh\u00f6rigen&#8220;, die am 07.04.2021 auf ARD alpha ausgestrahlt wurde. Prof. Dr. med. Elmar Gr\u00e4\u00dfel, Leiter des Zentrums f\u00fcr Medizinische Versorgungsforschung am Universit\u00e4tsklinikum Erlangen und einer der Projektleiter von digiDEM Bayern, war in der Sendung als Experte zu Gast. Hier k\u00f6nnen Sie sich das Video in der ARD-Mediathek ansehen. <\/h4>\n\n\n\n<div class=\"wp-block-image\"><figure class=\"aligncenter size-large\"><img loading=\"lazy\" decoding=\"async\" width=\"1030\" height=\"705\" src=\"https:\/\/test.digidem-bayern.de\/wp-content\/uploads\/2021\/04\/ardapha2-1030x705.png\" alt=\"\" class=\"wp-image-11836\" srcset=\"https:\/\/digidem-bayern.de\/wp-content\/uploads\/2021\/04\/ardapha2-1030x705.png 1030w, https:\/\/digidem-bayern.de\/wp-content\/uploads\/2021\/04\/ardapha2-300x205.png 300w, https:\/\/digidem-bayern.de\/wp-content\/uploads\/2021\/04\/ardapha2-768x526.png 768w, https:\/\/digidem-bayern.de\/wp-content\/uploads\/2021\/04\/ardapha2-511x350.png 511w, https:\/\/digidem-bayern.de\/wp-content\/uploads\/2021\/04\/ardapha2-512x350.png 512w, https:\/\/digidem-bayern.de\/wp-content\/uploads\/2021\/04\/ardapha2.png 1286w\" sizes=\"auto, (max-width: 1030px) 100vw, 1030px\" \/><\/figure><\/div>\n\n\n\n<p class=\"has-text-align-center\" style=\"font-size:30px\">Link zur ARD-Mediathek: <a href=\"https:\/\/www.ardmediathek.de\/video\/Y3JpZDovL2JyLmRlL3ZpZGVvLzFhYTJlMmI0LTMzYzktNGM2MS05OGEzLTEwMmViMGY3ZjJjYw\/\" target=\"_blank\" rel=\"noreferrer noopener\">&#8222;Demenz ? Hilfe f\u00fcr die Angeh\u00f6rigen&#8220;<\/a> (07.04.2021)<br><\/p>","protected":false},"excerpt":{"rendered":"<p>Wie leben Betroffene und Angeh\u00f6rige nach einer Demenzdiagnose? Wie verl\u00e4uft die Erkrankung und welche Hilfen gibt es? Um diese und weitere Fragen ging es in der Sendung &#8222;Demenz ? Hilfe f\u00fcr die Angeh\u00f6rigen&#8220;, die am 07.04.2021 auf ARD alpha ausgestrahlt wurde. Prof. Dr. med. Elmar Gr\u00e4\u00dfel, Leiter des Zentrums f\u00fcr &hellip;<\/p>","protected":false},"author":11,"featured_media":11836,"comment_status":"open","ping_status":"closed","sticky":false,"template":"","format":"standard","meta":{"qubely_global_settings":"","qubely_interactions":"","_uag_custom_page_level_css":"","footnotes":""},"categories":[8],"tags":[13,88,298,12,14,17,55,93,297],"class_list":["post-11834","post","type-post","status-publish","format-standard","has-post-thumbnail","hentry","category-aktuelles-zu-digidem","tag-alzheimer","tag-angehoerige","tag-ard-alpha","tag-demenz-2","tag-digidem","tag-digidem-bayern","tag-digitales-demenzregister-bayern","tag-pflegende-angehoerige","tag-prof-elmar-graessel"],"qubely_featured_image_url":{"full":["https:\/\/digidem-bayern.de\/wp-content\/uploads\/2021\/04\/ardapha2.png",1286,880,false],"landscape":["https:\/\/digidem-bayern.de\/wp-content\/uploads\/2021\/04\/ardapha2-1200x750.png",1200,750,true],"portraits":["https:\/\/digidem-bayern.de\/wp-content\/uploads\/2021\/04\/ardapha2-540x320.png",540,320,true],"thumbnail":["https:\/\/digidem-bayern.de\/wp-content\/uploads\/2021\/04\/ardapha2-80x80.png",80,80,true],"medium":["https:\/\/digidem-bayern.de\/wp-content\/uploads\/2021\/04\/ardapha2-300x205.png",300,205,true],"medium_large":["https:\/\/digidem-bayern.de\/wp-content\/uploads\/2021\/04\/ardapha2-768x526.png",768,526,true],"large":["https:\/\/digidem-bayern.de\/wp-content\/uploads\/2021\/04\/ardapha2-1030x705.png",1030,705,true],"1536x1536":["https:\/\/digidem-bayern.de\/wp-content\/uploads\/2021\/04\/ardapha2.png",1286,880,false],"2048x2048":["https:\/\/digidem-bayern.de\/wp-content\/uploads\/2021\/04\/ardapha2.png",1286,880,false],"trp-custom-language-flag":["https:\/\/digidem-bayern.de\/wp-content\/uploads\/2021\/04\/ardapha2.png",18,12,false],"qubely_landscape":["https:\/\/digidem-bayern.de\/wp-content\/uploads\/2021\/04\/ardapha2-1200x750.png",1200,750,true],"qubely_portrait":["https:\/\/digidem-bayern.de\/wp-content\/uploads\/2021\/04\/ardapha2-540x320.png",540,320,true],"qubely_thumbnail":["https:\/\/digidem-bayern.de\/wp-content\/uploads\/2021\/04\/ardapha2-140x100.png",140,100,true],"post-thumbnail":["https:\/\/digidem-bayern.de\/wp-content\/uploads\/2021\/04\/ardapha2-511x350.png",511,350,true],"kahuna-featured":["https:\/\/digidem-bayern.de\/wp-content\/uploads\/2021\/04\/ardapha2-734x350.png",734,350,true],"kahuna-featured-lp":["https:\/\/digidem-bayern.de\/wp-content\/uploads\/2021\/04\/ardapha2-520x350.png",520,350,true],"kahuna-featured-half":["https:\/\/digidem-bayern.de\/wp-content\/uploads\/2021\/04\/ardapha2-800x350.png",800,350,true],"kahuna-featured-third":["https:\/\/digidem-bayern.de\/wp-content\/uploads\/2021\/04\/ardapha2-512x350.png",512,350,true],"kahuna-lpbox-1":["https:\/\/digidem-bayern.de\/wp-content\/uploads\/2021\/04\/ardapha2-520x350.png",446,300,true],"kahuna-lpbox-2":["https:\/\/digidem-bayern.de\/wp-content\/uploads\/2021\/04\/ardapha2-520x350.png",520,350,true],"demand-language-flag":["https:\/\/digidem-bayern.de\/wp-content\/uploads\/2021\/04\/ardapha2.png",36,25,false],"dddkt-language-flag":["https:\/\/digidem-bayern.de\/wp-content\/uploads\/2021\/04\/ardapha2.png",36,25,false],"ddiqc-language-flag":["https:\/\/digidem-bayern.de\/wp-content\/uploads\/2021\/04\/ardapha2.png",36,25,false],"ddtl-language-flag":["https:\/\/digidem-bayern.de\/wp-content\/uploads\/2021\/04\/ardapha2.png",36,25,false],"mailpoet_newsletter_max":["https:\/\/digidem-bayern.de\/wp-content\/uploads\/2021\/04\/ardapha2.png",1286,880,false],"kahuna-lpbox-3":["https:\/\/digidem-bayern.de\/wp-content\/uploads\/2021\/04\/ardapha2-520x350.png",520,350,true],"kahuna-featured-square":["https:\/\/digidem-bayern.de\/wp-content\/uploads\/2021\/04\/ardapha2-512x512.png",512,512,true],"kahuna-featured-square-large":["https:\/\/digidem-bayern.de\/wp-content\/uploads\/2021\/04\/ardapha2-1024x880.png",1024,880,true]},"qubely_author":{"display_name":"Michael Zeiler","author_link":"https:\/\/digidem-bayern.de\/en\/author\/michael-zeiler\/"},"qubely_comment":0,"qubely_category":"<a href=\"https:\/\/digidem-bayern.de\/en\/category\/aktuelles-zu-digidem\/\" rel=\"category tag\">Aktuelles zu digiDEM<\/a>","qubely_excerpt":"Wie leben Betroffene und Angeh\u00f6rige nach einer Demenzdiagnose? Wie verl\u00e4uft die Erkrankung und welche Hilfen gibt es? Um diese und weitere Fragen ging es in der Sendung &#8222;Demenz ? Hilfe f\u00fcr die Angeh\u00f6rigen&#8220;, die am 07.04.2021 auf ARD alpha ausgestrahlt wurde. Prof. Dr. med. Elmar Gr\u00e4\u00dfel, Leiter des Zentrums f\u00fcr &hellip;","featured_image_urls_v2":{"full":["https:\/\/digidem-bayern.de\/wp-content\/uploads\/2021\/04\/ardapha2.png",1286,880,false],"thumbnail":["https:\/\/digidem-bayern.de\/wp-content\/uploads\/2021\/04\/ardapha2-80x80.png",80,80,true],"medium":["https:\/\/digidem-bayern.de\/wp-content\/uploads\/2021\/04\/ardapha2-300x205.png",300,205,true],"medium_large":["https:\/\/digidem-bayern.de\/wp-content\/uploads\/2021\/04\/ardapha2-768x526.png",768,526,true],"large":["https:\/\/digidem-bayern.de\/wp-content\/uploads\/2021\/04\/ardapha2-1030x705.png",1030,705,true],"1536x1536":["https:\/\/digidem-bayern.de\/wp-content\/uploads\/2021\/04\/ardapha2.png",1286,880,false],"2048x2048":["https:\/\/digidem-bayern.de\/wp-content\/uploads\/2021\/04\/ardapha2.png",1286,880,false],"trp-custom-language-flag":["https:\/\/digidem-bayern.de\/wp-content\/uploads\/2021\/04\/ardapha2.png",18,12,false],"qubely_landscape":["https:\/\/digidem-bayern.de\/wp-content\/uploads\/2021\/04\/ardapha2-1200x750.png",1200,750,true],"qubely_portrait":["https:\/\/digidem-bayern.de\/wp-content\/uploads\/2021\/04\/ardapha2-540x320.png",540,320,true],"qubely_thumbnail":["https:\/\/digidem-bayern.de\/wp-content\/uploads\/2021\/04\/ardapha2-140x100.png",140,100,true],"post-thumbnail":["https:\/\/digidem-bayern.de\/wp-content\/uploads\/2021\/04\/ardapha2-511x350.png",511,350,true],"kahuna-featured":["https:\/\/digidem-bayern.de\/wp-content\/uploads\/2021\/04\/ardapha2-734x350.png",734,350,true],"kahuna-featured-lp":["https:\/\/digidem-bayern.de\/wp-content\/uploads\/2021\/04\/ardapha2-520x350.png",520,350,true],"kahuna-featured-half":["https:\/\/digidem-bayern.de\/wp-content\/uploads\/2021\/04\/ardapha2-800x350.png",800,350,true],"kahuna-featured-third":["https:\/\/digidem-bayern.de\/wp-content\/uploads\/2021\/04\/ardapha2-512x350.png",512,350,true],"kahuna-lpbox-1":["https:\/\/digidem-bayern.de\/wp-content\/uploads\/2021\/04\/ardapha2-520x350.png",446,300,true],"kahuna-lpbox-2":["https:\/\/digidem-bayern.de\/wp-content\/uploads\/2021\/04\/ardapha2-520x350.png",520,350,true],"demand-language-flag":["https:\/\/digidem-bayern.de\/wp-content\/uploads\/2021\/04\/ardapha2.png",36,25,false],"dddkt-language-flag":["https:\/\/digidem-bayern.de\/wp-content\/uploads\/2021\/04\/ardapha2.png",36,25,false],"ddiqc-language-flag":["https:\/\/digidem-bayern.de\/wp-content\/uploads\/2021\/04\/ardapha2.png",36,25,false],"ddtl-language-flag":["https:\/\/digidem-bayern.de\/wp-content\/uploads\/2021\/04\/ardapha2.png",36,25,false],"mailpoet_newsletter_max":["https:\/\/digidem-bayern.de\/wp-content\/uploads\/2021\/04\/ardapha2.png",1286,880,false],"kahuna-lpbox-3":["https:\/\/digidem-bayern.de\/wp-content\/uploads\/2021\/04\/ardapha2-520x350.png",520,350,true],"kahuna-featured-square":["https:\/\/digidem-bayern.de\/wp-content\/uploads\/2021\/04\/ardapha2-512x512.png",512,512,true],"kahuna-featured-square-large":["https:\/\/digidem-bayern.de\/wp-content\/uploads\/2021\/04\/ardapha2-1024x880.png",1024,880,true]},"post_excerpt_stackable_v2":"<p>Wie leben Betroffene und Angeh\u00f6rige nach einer Demenzdiagnose? Wie verl\u00e4uft die Erkrankung und welche Hilfen gibt es? Um diese und weitere Fragen ging es in der Sendung &#8222;Demenz ? Hilfe f\u00fcr die Angeh\u00f6rigen&#8220;, die am 07.04.2021 auf ARD alpha ausgestrahlt wurde. Prof. Dr. med. Elmar Gr\u00e4\u00dfel, Leiter des Zentrums f\u00fcr Medizinische Versorgungsforschung am Universit\u00e4tsklinikum Erlangen und einer der Projektleiter von digiDEM Bayern, war in der Sendung als Experte zu Gast. Hier k\u00f6nnen Sie sich das Video in der ARD-Mediathek ansehen. Link zur ARD-Mediathek: &#8222;Demenz ? Hilfe f\u00fcr die Angeh\u00f6rigen&#8220; (07.04.2021)<\/p>\n","category_list_v2":"<a href=\"https:\/\/digidem-bayern.de\/en\/category\/aktuelles-zu-digidem\/\" rel=\"category tag\">Aktuelles zu digiDEM<\/a>","author_info_v2":{"name":"Michael Zeiler","url":"https:\/\/digidem-bayern.de\/en\/author\/michael-zeiler\/"},"comments_num_v2":"0 comments","yoast_head":"<!-- This site is optimized with the Yoast SEO plugin v27.5 - https:\/\/yoast.com\/product\/yoast-seo-wordpress\/ -->\n<title>&quot;Demenz ? Hilfe f\u00fcr die Angeh\u00f6rigen&quot; - Prof. Gr\u00e4\u00dfel im ARD alpha-Gespr\u00e4ch - digiDEM Bayern<\/title>\n<meta name=\"description\" content=\"Prof. Elmar Gr\u00e4\u00dfel vom Universit\u00e4tsklinikum Erlangen informiert im Gespr\u00e4ch bei ARD alpha \u00fcber Demenz und die Situation der Angeh\u00f6rigen.\" \/>\n<meta name=\"robots\" content=\"index, follow, max-snippet:-1, max-image-preview:large, max-video-preview:-1\" \/>\n<link rel=\"canonical\" href=\"https:\/\/digidem-bayern.de\/en\/hilfe-fuer-angehoerige-ard-alpha\/\" \/>\n<meta property=\"og:locale\" content=\"en_US\" \/>\n<meta property=\"og:type\" content=\"article\" \/>\n<meta property=\"og:title\" content=\"&quot;Demenz ? Hilfe f\u00fcr die Angeh\u00f6rigen&quot; - Prof. Gr\u00e4\u00dfel im ARD alpha-Gespr\u00e4ch - digiDEM Bayern\" \/>\n<meta property=\"og:description\" content=\"Prof. Elmar Gr\u00e4\u00dfel vom Universit\u00e4tsklinikum Erlangen informiert im Gespr\u00e4ch bei ARD alpha \u00fcber Demenz und die Situation der Angeh\u00f6rigen.\" \/>\n<meta property=\"og:url\" content=\"https:\/\/digidem-bayern.de\/en\/hilfe-fuer-angehoerige-ard-alpha\/\" \/>\n<meta property=\"og:site_name\" content=\"digiDEM Bayern\" \/>\n<meta property=\"article:publisher\" content=\"https:\/\/www.facebook.com\/digiDEMBayern\/\" \/>\n<meta property=\"article:published_time\" content=\"2021-04-13T07:24:23+00:00\" \/>\n<meta property=\"article:modified_time\" content=\"2021-04-13T07:36:43+00:00\" \/>\n<meta property=\"og:image\" content=\"https:\/\/digidem-bayern.de\/wp-content\/uploads\/2021\/04\/ardapha2.png\" \/>\n\t<meta property=\"og:image:width\" content=\"1286\" \/>\n\t<meta property=\"og:image:height\" content=\"880\" \/>\n\t<meta property=\"og:image:type\" content=\"image\/png\" \/>\n<meta name=\"author\" content=\"Michael Zeiler\" \/>\n<meta name=\"twitter:label1\" content=\"Written by\" \/>\n\t<meta name=\"twitter:data1\" content=\"Michael Zeiler\" \/>\n\t<meta name=\"twitter:label2\" content=\"Est. reading time\" \/>\n\t<meta name=\"twitter:data2\" content=\"1 minute\" \/>\n<script type=\"application\/ld+json\" class=\"yoast-schema-graph\">{\"@context\":\"https:\\\/\\\/schema.org\",\"@graph\":[{\"@type\":\"Article\",\"@id\":\"https:\\\/\\\/digidem-bayern.de\\\/hilfe-fuer-angehoerige-ard-alpha\\\/#article\",\"isPartOf\":{\"@id\":\"https:\\\/\\\/digidem-bayern.de\\\/hilfe-fuer-angehoerige-ard-alpha\\\/\"},\"author\":{\"name\":\"Michael Zeiler\",\"@id\":\"\\\/#\\\/schema\\\/person\\\/92754ad381f49b3c358d1d8d2c4f90b8\"},\"headline\":\"&#8222;Demenz ? Hilfe f\u00fcr die Angeh\u00f6rigen&#8220; &#8211; Prof. Gr\u00e4\u00dfel im ARD alpha-Gespr\u00e4ch\",\"datePublished\":\"2021-04-13T07:24:23+00:00\",\"dateModified\":\"2021-04-13T07:36:43+00:00\",\"mainEntityOfPage\":{\"@id\":\"https:\\\/\\\/digidem-bayern.de\\\/hilfe-fuer-angehoerige-ard-alpha\\\/\"},\"wordCount\":111,\"commentCount\":0,\"publisher\":{\"@id\":\"\\\/#organization\"},\"image\":{\"@id\":\"https:\\\/\\\/digidem-bayern.de\\\/hilfe-fuer-angehoerige-ard-alpha\\\/#primaryimage\"},\"thumbnailUrl\":\"https:\\\/\\\/digidem-bayern.de\\\/wp-content\\\/uploads\\\/2021\\\/04\\\/ardapha2.png\",\"keywords\":[\"Alzheimer\",\"Angeh\u00f6rige\",\"ARD alpha\",\"Demenz\",\"digidem\",\"digidem Bayern\",\"Digitales Demenzregister Bayern\",\"pflegende Angeh\u00f6rige\",\"Prof. Elmar Gr\u00e4\u00dfel\"],\"articleSection\":[\"Aktuelles zu digiDEM\"],\"inLanguage\":\"en-US\",\"potentialAction\":[{\"@type\":\"CommentAction\",\"name\":\"Comment\",\"target\":[\"https:\\\/\\\/digidem-bayern.de\\\/hilfe-fuer-angehoerige-ard-alpha\\\/#respond\"]}]},{\"@type\":\"WebPage\",\"@id\":\"https:\\\/\\\/digidem-bayern.de\\\/hilfe-fuer-angehoerige-ard-alpha\\\/\",\"url\":\"https:\\\/\\\/digidem-bayern.de\\\/hilfe-fuer-angehoerige-ard-alpha\\\/\",\"name\":\"\\\"Demenz ? Hilfe f\u00fcr die Angeh\u00f6rigen\\\" - Prof. Gr\u00e4\u00dfel im ARD alpha-Gespr\u00e4ch - digiDEM Bayern\",\"isPartOf\":{\"@id\":\"\\\/#website\"},\"primaryImageOfPage\":{\"@id\":\"https:\\\/\\\/digidem-bayern.de\\\/hilfe-fuer-angehoerige-ard-alpha\\\/#primaryimage\"},\"image\":{\"@id\":\"https:\\\/\\\/digidem-bayern.de\\\/hilfe-fuer-angehoerige-ard-alpha\\\/#primaryimage\"},\"thumbnailUrl\":\"https:\\\/\\\/digidem-bayern.de\\\/wp-content\\\/uploads\\\/2021\\\/04\\\/ardapha2.png\",\"datePublished\":\"2021-04-13T07:24:23+00:00\",\"dateModified\":\"2021-04-13T07:36:43+00:00\",\"description\":\"Prof. Elmar Gr\u00e4\u00dfel vom Universit\u00e4tsklinikum Erlangen informiert im Gespr\u00e4ch bei ARD alpha \u00fcber Demenz und die Situation der Angeh\u00f6rigen.\",\"breadcrumb\":{\"@id\":\"https:\\\/\\\/digidem-bayern.de\\\/hilfe-fuer-angehoerige-ard-alpha\\\/#breadcrumb\"},\"inLanguage\":\"en-US\",\"potentialAction\":[{\"@type\":\"ReadAction\",\"target\":[\"https:\\\/\\\/digidem-bayern.de\\\/hilfe-fuer-angehoerige-ard-alpha\\\/\"]}]},{\"@type\":\"ImageObject\",\"inLanguage\":\"en-US\",\"@id\":\"https:\\\/\\\/digidem-bayern.de\\\/hilfe-fuer-angehoerige-ard-alpha\\\/#primaryimage\",\"url\":\"https:\\\/\\\/digidem-bayern.de\\\/wp-content\\\/uploads\\\/2021\\\/04\\\/ardapha2.png\",\"contentUrl\":\"https:\\\/\\\/digidem-bayern.de\\\/wp-content\\\/uploads\\\/2021\\\/04\\\/ardapha2.png\",\"width\":1286,\"height\":880},{\"@type\":\"BreadcrumbList\",\"@id\":\"https:\\\/\\\/digidem-bayern.de\\\/hilfe-fuer-angehoerige-ard-alpha\\\/#breadcrumb\",\"itemListElement\":[{\"@type\":\"ListItem\",\"position\":1,\"name\":\"Startseite\",\"item\":\"https:\\\/\\\/digidem-bayern.de\\\/\"},{\"@type\":\"ListItem\",\"position\":2,\"name\":\"&#8222;Demenz ? Hilfe f\u00fcr die Angeh\u00f6rigen&#8220; &#8211; Prof. Gr\u00e4\u00dfel im ARD alpha-Gespr\u00e4ch\"}]},{\"@type\":\"WebSite\",\"@id\":\"\\\/#website\",\"url\":\"\\\/\",\"name\":\"digiDEM Bayern\",\"description\":\"Das digitale Demenzregister Bayern erforscht und verbessert die Angebotsstuktur f\u00fcr Menschen mit Demenz und deren Angeh\u00f6rige\",\"publisher\":{\"@id\":\"\\\/#organization\"},\"potentialAction\":[{\"@type\":\"SearchAction\",\"target\":{\"@type\":\"EntryPoint\",\"urlTemplate\":\"\\\/?s={search_term_string}\"},\"query-input\":{\"@type\":\"PropertyValueSpecification\",\"valueRequired\":true,\"valueName\":\"search_term_string\"}}],\"inLanguage\":\"en-US\"},{\"@type\":\"Organization\",\"@id\":\"\\\/#organization\",\"name\":\"digiDEM Bayern\",\"url\":\"\\\/\",\"logo\":{\"@type\":\"ImageObject\",\"inLanguage\":\"en-US\",\"@id\":\"\\\/#\\\/schema\\\/logo\\\/image\\\/\",\"url\":\"https:\\\/\\\/digidem-bayern.de\\\/wp-content\\\/uploads\\\/2022\\\/03\\\/cropped-Allgemeines_digiDEMLOGO-removebg-preview.png\",\"contentUrl\":\"https:\\\/\\\/digidem-bayern.de\\\/wp-content\\\/uploads\\\/2022\\\/03\\\/cropped-Allgemeines_digiDEMLOGO-removebg-preview.png\",\"width\":612,\"height\":357,\"caption\":\"digiDEM Bayern\"},\"image\":{\"@id\":\"\\\/#\\\/schema\\\/logo\\\/image\\\/\"},\"sameAs\":[\"https:\\\/\\\/www.facebook.com\\\/digiDEMBayern\\\/\",\"https:\\\/\\\/x.com\\\/digidem_bayern\",\"https:\\\/\\\/www.instagram.com\\\/digidem.bayern\",\"https:\\\/\\\/www.linkedin.com\\\/company\\\/digidem-bayern\\\/\"]},{\"@type\":\"Person\",\"@id\":\"\\\/#\\\/schema\\\/person\\\/92754ad381f49b3c358d1d8d2c4f90b8\",\"name\":\"Michael Zeiler\",\"url\":\"https:\\\/\\\/digidem-bayern.de\\\/en\\\/author\\\/michael-zeiler\\\/\"}]}<\/script>\n<!-- \/ Yoast SEO plugin. -->","yoast_head_json":{"title":"\"Demenz ? Hilfe f\u00fcr die Angeh\u00f6rigen\" - Prof. Gr\u00e4\u00dfel im ARD alpha-Gespr\u00e4ch - digiDEM Bayern","description":"Prof. Elmar Gr\u00e4\u00dfel vom Universit\u00e4tsklinikum Erlangen informiert im Gespr\u00e4ch bei ARD alpha \u00fcber Demenz und die Situation der Angeh\u00f6rigen.","robots":{"index":"index","follow":"follow","max-snippet":"max-snippet:-1","max-image-preview":"max-image-preview:large","max-video-preview":"max-video-preview:-1"},"canonical":"https:\/\/digidem-bayern.de\/en\/hilfe-fuer-angehoerige-ard-alpha\/","og_locale":"en_US","og_type":"article","og_title":"\"Demenz ? Hilfe f\u00fcr die Angeh\u00f6rigen\" - Prof. Gr\u00e4\u00dfel im ARD alpha-Gespr\u00e4ch - digiDEM Bayern","og_description":"Prof. Elmar Gr\u00e4\u00dfel vom Universit\u00e4tsklinikum Erlangen informiert im Gespr\u00e4ch bei ARD alpha \u00fcber Demenz und die Situation der Angeh\u00f6rigen.","og_url":"https:\/\/digidem-bayern.de\/en\/hilfe-fuer-angehoerige-ard-alpha\/","og_site_name":"digiDEM Bayern","article_publisher":"https:\/\/www.facebook.com\/digiDEMBayern\/","article_published_time":"2021-04-13T07:24:23+00:00","article_modified_time":"2021-04-13T07:36:43+00:00","og_image":[{"width":1286,"height":880,"url":"https:\/\/digidem-bayern.de\/wp-content\/uploads\/2021\/04\/ardapha2.png","type":"image\/png"}],"author":"Michael Zeiler","twitter_misc":{"Written by":"Michael Zeiler","Est. reading time":"1 minute"},"schema":{"@context":"https:\/\/schema.org","@graph":[{"@type":"Article","@id":"https:\/\/digidem-bayern.de\/hilfe-fuer-angehoerige-ard-alpha\/#article","isPartOf":{"@id":"https:\/\/digidem-bayern.de\/hilfe-fuer-angehoerige-ard-alpha\/"},"author":{"name":"Michael Zeiler","@id":"\/#\/schema\/person\/92754ad381f49b3c358d1d8d2c4f90b8"},"headline":"&#8222;Demenz ? Hilfe f\u00fcr die Angeh\u00f6rigen&#8220; &#8211; Prof. Gr\u00e4\u00dfel im ARD alpha-Gespr\u00e4ch","datePublished":"2021-04-13T07:24:23+00:00","dateModified":"2021-04-13T07:36:43+00:00","mainEntityOfPage":{"@id":"https:\/\/digidem-bayern.de\/hilfe-fuer-angehoerige-ard-alpha\/"},"wordCount":111,"commentCount":0,"publisher":{"@id":"\/#organization"},"image":{"@id":"https:\/\/digidem-bayern.de\/hilfe-fuer-angehoerige-ard-alpha\/#primaryimage"},"thumbnailUrl":"https:\/\/digidem-bayern.de\/wp-content\/uploads\/2021\/04\/ardapha2.png","keywords":["Alzheimer","Angeh\u00f6rige","ARD alpha","Demenz","digidem","digidem Bayern","Digitales Demenzregister Bayern","pflegende Angeh\u00f6rige","Prof. Elmar Gr\u00e4\u00dfel"],"articleSection":["Aktuelles zu digiDEM"],"inLanguage":"en-US","potentialAction":[{"@type":"CommentAction","name":"Comment","target":["https:\/\/digidem-bayern.de\/hilfe-fuer-angehoerige-ard-alpha\/#respond"]}]},{"@type":"WebPage","@id":"https:\/\/digidem-bayern.de\/hilfe-fuer-angehoerige-ard-alpha\/","url":"https:\/\/digidem-bayern.de\/hilfe-fuer-angehoerige-ard-alpha\/","name":"\"Demenz ? Hilfe f\u00fcr die Angeh\u00f6rigen\" - Prof. Gr\u00e4\u00dfel im ARD alpha-Gespr\u00e4ch - digiDEM Bayern","isPartOf":{"@id":"\/#website"},"primaryImageOfPage":{"@id":"https:\/\/digidem-bayern.de\/hilfe-fuer-angehoerige-ard-alpha\/#primaryimage"},"image":{"@id":"https:\/\/digidem-bayern.de\/hilfe-fuer-angehoerige-ard-alpha\/#primaryimage"},"thumbnailUrl":"https:\/\/digidem-bayern.de\/wp-content\/uploads\/2021\/04\/ardapha2.png","datePublished":"2021-04-13T07:24:23+00:00","dateModified":"2021-04-13T07:36:43+00:00","description":"Prof. Elmar Gr\u00e4\u00dfel vom Universit\u00e4tsklinikum Erlangen informiert im Gespr\u00e4ch bei ARD alpha \u00fcber Demenz und die Situation der Angeh\u00f6rigen.","breadcrumb":{"@id":"https:\/\/digidem-bayern.de\/hilfe-fuer-angehoerige-ard-alpha\/#breadcrumb"},"inLanguage":"en-US","potentialAction":[{"@type":"ReadAction","target":["https:\/\/digidem-bayern.de\/hilfe-fuer-angehoerige-ard-alpha\/"]}]},{"@type":"ImageObject","inLanguage":"en-US","@id":"https:\/\/digidem-bayern.de\/hilfe-fuer-angehoerige-ard-alpha\/#primaryimage","url":"https:\/\/digidem-bayern.de\/wp-content\/uploads\/2021\/04\/ardapha2.png","contentUrl":"https:\/\/digidem-bayern.de\/wp-content\/uploads\/2021\/04\/ardapha2.png","width":1286,"height":880},{"@type":"BreadcrumbList","@id":"https:\/\/digidem-bayern.de\/hilfe-fuer-angehoerige-ard-alpha\/#breadcrumb","itemListElement":[{"@type":"ListItem","position":1,"name":"Startseite","item":"https:\/\/digidem-bayern.de\/"},{"@type":"ListItem","position":2,"name":"&#8222;Demenz ? Hilfe f\u00fcr die Angeh\u00f6rigen&#8220; &#8211; Prof. Gr\u00e4\u00dfel im ARD alpha-Gespr\u00e4ch"}]},{"@type":"WebSite","@id":"\/#website","url":"\/","name":"digiDEM Bavaria","description":"The digital dementia register in Bavaria researches and improves the structure of services for people with dementia and their relatives","publisher":{"@id":"\/#organization"},"potentialAction":[{"@type":"SearchAction","target":{"@type":"EntryPoint","urlTemplate":"\/?s={search_term_string}"},"query-input":{"@type":"PropertyValueSpecification","valueRequired":true,"valueName":"search_term_string"}}],"inLanguage":"en-US"},{"@type":"Organization","@id":"\/#organization","name":"digiDEM Bavaria","url":"\/","logo":{"@type":"ImageObject","inLanguage":"en-US","@id":"\/#\/schema\/logo\/image\/","url":"https:\/\/digidem-bayern.de\/wp-content\/uploads\/2022\/03\/cropped-Allgemeines_digiDEMLOGO-removebg-preview.png","contentUrl":"https:\/\/digidem-bayern.de\/wp-content\/uploads\/2022\/03\/cropped-Allgemeines_digiDEMLOGO-removebg-preview.png","width":612,"height":357,"caption":"digiDEM Bayern"},"image":{"@id":"\/#\/schema\/logo\/image\/"},"sameAs":["https:\/\/www.facebook.com\/digiDEMBayern\/","https:\/\/x.com\/digidem_bayern","https:\/\/www.instagram.com\/digidem.bayern","https:\/\/www.linkedin.com\/company\/digidem-bayern\/"]},{"@type":"Person","@id":"\/#\/schema\/person\/92754ad381f49b3c358d1d8d2c4f90b8","name":"Michael Zeiler","url":"https:\/\/digidem-bayern.de\/en\/author\/michael-zeiler\/"}]}},"uagb_featured_image_src":{"full":["https:\/\/digidem-bayern.de\/wp-content\/uploads\/2021\/04\/ardapha2.png",1286,880,false],"thumbnail":["https:\/\/digidem-bayern.de\/wp-content\/uploads\/2021\/04\/ardapha2-80x80.png",80,80,true],"medium":["https:\/\/digidem-bayern.de\/wp-content\/uploads\/2021\/04\/ardapha2-300x205.png",300,205,true],"medium_large":["https:\/\/digidem-bayern.de\/wp-content\/uploads\/2021\/04\/ardapha2-768x526.png",768,526,true],"large":["https:\/\/digidem-bayern.de\/wp-content\/uploads\/2021\/04\/ardapha2-1030x705.png",1030,705,true],"1536x1536":["https:\/\/digidem-bayern.de\/wp-content\/uploads\/2021\/04\/ardapha2.png",1286,880,false],"2048x2048":["https:\/\/digidem-bayern.de\/wp-content\/uploads\/2021\/04\/ardapha2.png",1286,880,false],"trp-custom-language-flag":["https:\/\/digidem-bayern.de\/wp-content\/uploads\/2021\/04\/ardapha2.png",18,12,false],"qubely_landscape":["https:\/\/digidem-bayern.de\/wp-content\/uploads\/2021\/04\/ardapha2-1200x750.png",1200,750,true],"qubely_portrait":["https:\/\/digidem-bayern.de\/wp-content\/uploads\/2021\/04\/ardapha2-540x320.png",540,320,true],"qubely_thumbnail":["https:\/\/digidem-bayern.de\/wp-content\/uploads\/2021\/04\/ardapha2-140x100.png",140,100,true],"post-thumbnail":["https:\/\/digidem-bayern.de\/wp-content\/uploads\/2021\/04\/ardapha2-511x350.png",511,350,true],"kahuna-featured":["https:\/\/digidem-bayern.de\/wp-content\/uploads\/2021\/04\/ardapha2-734x350.png",734,350,true],"kahuna-featured-lp":["https:\/\/digidem-bayern.de\/wp-content\/uploads\/2021\/04\/ardapha2-520x350.png",520,350,true],"kahuna-featured-half":["https:\/\/digidem-bayern.de\/wp-content\/uploads\/2021\/04\/ardapha2-800x350.png",800,350,true],"kahuna-featured-third":["https:\/\/digidem-bayern.de\/wp-content\/uploads\/2021\/04\/ardapha2-512x350.png",512,350,true],"kahuna-lpbox-1":["https:\/\/digidem-bayern.de\/wp-content\/uploads\/2021\/04\/ardapha2-520x350.png",446,300,true],"kahuna-lpbox-2":["https:\/\/digidem-bayern.de\/wp-content\/uploads\/2021\/04\/ardapha2-520x350.png",520,350,true],"demand-language-flag":["https:\/\/digidem-bayern.de\/wp-content\/uploads\/2021\/04\/ardapha2.png",36,25,false],"dddkt-language-flag":["https:\/\/digidem-bayern.de\/wp-content\/uploads\/2021\/04\/ardapha2.png",36,25,false],"ddiqc-language-flag":["https:\/\/digidem-bayern.de\/wp-content\/uploads\/2021\/04\/ardapha2.png",36,25,false],"ddtl-language-flag":["https:\/\/digidem-bayern.de\/wp-content\/uploads\/2021\/04\/ardapha2.png",36,25,false],"mailpoet_newsletter_max":["https:\/\/digidem-bayern.de\/wp-content\/uploads\/2021\/04\/ardapha2.png",1286,880,false],"kahuna-lpbox-3":["https:\/\/digidem-bayern.de\/wp-content\/uploads\/2021\/04\/ardapha2-520x350.png",520,350,true],"kahuna-featured-square":["https:\/\/digidem-bayern.de\/wp-content\/uploads\/2021\/04\/ardapha2-512x512.png",512,512,true],"kahuna-featured-square-large":["https:\/\/digidem-bayern.de\/wp-content\/uploads\/2021\/04\/ardapha2-1024x880.png",1024,880,true]},"uagb_author_info":{"display_name":"Michael Zeiler","author_link":"https:\/\/digidem-bayern.de\/en\/author\/michael-zeiler\/"},"uagb_comment_info":0,"uagb_excerpt":"Wie leben Betroffene und Angeh\u00f6rige nach einer Demenzdiagnose? Wie verl\u00e4uft die Erkrankung und welche Hilfen gibt es? Um diese und weitere Fragen ging es in der Sendung &#8222;Demenz ? Hilfe f\u00fcr die Angeh\u00f6rigen&#8220;, die am 07.04.2021 auf ARD alpha ausgestrahlt wurde. Prof. Dr. med. Elmar Gr\u00e4\u00dfel, Leiter des Zentrums f\u00fcr &hellip;","_links":{"self":[{"href":"https:\/\/digidem-bayern.de\/en\/wp-json\/wp\/v2\/posts\/11834","targetHints":{"allow":["GET"]}}],"collection":[{"href":"https:\/\/digidem-bayern.de\/en\/wp-json\/wp\/v2\/posts"}],"about":[{"href":"https:\/\/digidem-bayern.de\/en\/wp-json\/wp\/v2\/types\/post"}],"author":[{"embeddable":true,"href":"https:\/\/digidem-bayern.de\/en\/wp-json\/wp\/v2\/users\/11"}],"replies":[{"embeddable":true,"href":"https:\/\/digidem-bayern.de\/en\/wp-json\/wp\/v2\/comments?post=11834"}],"version-history":[{"count":11,"href":"https:\/\/digidem-bayern.de\/en\/wp-json\/wp\/v2\/posts\/11834\/revisions"}],"predecessor-version":[{"id":11852,"href":"https:\/\/digidem-bayern.de\/en\/wp-json\/wp\/v2\/posts\/11834\/revisions\/11852"}],"wp:featuredmedia":[{"embeddable":true,"href":"https:\/\/digidem-bayern.de\/en\/wp-json\/wp\/v2\/media\/11836"}],"wp:attachment":[{"href":"https:\/\/digidem-bayern.de\/en\/wp-json\/wp\/v2\/media?parent=11834"}],"wp:term":[{"taxonomy":"category","embeddable":true,"href":"https:\/\/digidem-bayern.de\/en\/wp-json\/wp\/v2\/categories?post=11834"},{"taxonomy":"post_tag","embeddable":true,"href":"https:\/\/digidem-bayern.de\/en\/wp-json\/wp\/v2\/tags?post=11834"}],"curies":[{"name":"wp","href":"https:\/\/api.w.org\/{rel}","templated":true}]}}