{"id":11281,"date":"2021-03-18T13:06:22","date_gmt":"2021-03-18T12:06:22","guid":{"rendered":"https:\/\/digidem-bayern.de\/?p=11281"},"modified":"2021-03-18T13:36:42","modified_gmt":"2021-03-18T12:36:42","slug":"demenz-praevention-oeffentlichkeit","status":"publish","type":"post","link":"https:\/\/digidem-bayern.de\/en\/demenz-praevention-oeffentlichkeit\/","title":{"rendered":"Von der Wissenschaft in die Gesellschaft: Demenz-Pr\u00e4vention geht jeden an"},"content":{"rendered":"<h4 class=\"wp-block-heading\">Ein gesunder Lebensstil kann das Demenzrisiko deutlich senken &#8211; vor allem im mittleren Lebensalter zwischen 40 und 75 Jahren. Dieser Zusammenhang ist inzwischen gut erforscht. Doch wie erreicht man mit dieser weitreichenden wissenschaftlichen Erkenntnis die breite Gesellschaft? Dazu hat ein europaweites Netzwerk von Demenz-Forscher*innen ein Positionspapier erarbeitet.<\/h4>\n\n\n\n<p>Die <a href=\"http:\/\/interdem.org\/\" target=\"_blank\" rel=\"noreferrer noopener\">Interdem<\/a>-Forscher*innen um Jan Steyaert von der Universit\u00e4t Antwerpen betonen zun\u00e4chst die gro\u00dfe Bedeutung der ver\u00e4nderbaren Risikofaktoren f\u00fcr Demenz, die in den vergangenen Jahren in zahlreichen Studien untersucht wurde.\u00a0Dazu z\u00e4hlen etwa Ern\u00e4hrung, Bewegung, Alkohol, Rauchen und H\u00f6rverlust. Die Autor*innen sehen angesichts der neuen Erkenntnisse die M\u00f6glichkeit, die Zahl k\u00fcnftiger Demenzerkrankungen durch einen vorbeugenden, \u201chirngesunden\u201d Lebensstil deutlich zu verringern.\u00a0<\/p>\n\n\n\n<div class=\"wp-block-image\"><figure class=\"alignright size-medium\"><img loading=\"lazy\" decoding=\"async\" width=\"300\" height=\"200\" src=\"https:\/\/test.digidem-bayern.de\/wp-content\/uploads\/2021\/03\/crowd-3513215_1280-300x200.jpg\" alt=\"Symbolgrafik: Menschenmenge\" class=\"wp-image-11286\" srcset=\"https:\/\/digidem-bayern.de\/wp-content\/uploads\/2021\/03\/crowd-3513215_1280-300x200.jpg 300w, https:\/\/digidem-bayern.de\/wp-content\/uploads\/2021\/03\/crowd-3513215_1280-1030x686.jpg 1030w, https:\/\/digidem-bayern.de\/wp-content\/uploads\/2021\/03\/crowd-3513215_1280-768x512.jpg 768w, https:\/\/digidem-bayern.de\/wp-content\/uploads\/2021\/03\/crowd-3513215_1280-525x350.jpg 525w, https:\/\/digidem-bayern.de\/wp-content\/uploads\/2021\/03\/crowd-3513215_1280.jpg 1280w\" sizes=\"auto, (max-width: 300px) 100vw, 300px\" \/><\/figure><\/div>\n\n\n\n<p><strong>Neue Herausforderung im Demenz-Bereich<\/strong><\/p>\n\n\n\n<p>Die neue Herausforderung best\u00fcnde nun darin, das \u00f6ffentliche Bewusstsein f\u00fcr die Hirngesundheit zu st\u00e4rken, Strategien zur F\u00f6rderung eines entsprechenden Lebensstils zu entwickeln und der zunehmenden Ungleichheit im Gesundheitsbereich entgegenzuwirken. Eine Schwierigkeit dabei: die breite Masse f\u00fcr etwas zu motivieren, das erst in Zukunft, m\u00f6glicherweise in 15-20 Jahren relevant wird. \u201cWie kann man Menschen dazu motivieren, in einen hirngesunden Lebensstil zu investieren, wenn die Vorteile noch Jahrzehnte entfernt sind?\u201d fragen die Autor*innen.<\/p>\n\n\n\n<p><strong>Vergleich zum Rauchen<\/strong><\/p>\n\n\n\n<p>Mehrfach ziehen die Forscher*innen in ihrer Arbeit den Vergleich zum Rauchen: Es habe Jahrzehnte gedauert, bis die wissenschaftlich gesicherte Erkenntnis \u00fcber den Zusammenhang zwischen Rauchen und Lungenkrebs ins \u00f6ffentliche Bewusstsein gesickert sei. Kein Wunder also, dass viele B\u00fcrger*innen von den relativ neuen Erkenntnissen zur Demenz-Pr\u00e4vention derzeit noch kaum etwas mitbek\u00e4men. Das zeigt auch eine Studie, die in Flandern und in den Niederlanden durchgef\u00fchrt wurde. In Flandern dachte nur gut ein Drittel der Befragten im Alter zwischen 40 und 75 Jahren, dass man durch seinen Lebensstil das Risiko f\u00fcr Demenz beeinflussen kann. In den Niederlanden lag dieser Anteil bei 44 Prozent. Allerdings zeigten 70 Prozent der Befragten Interesse an mehr Informationen \u00fcber die Hirngesundheit. \u201cMangelndes Wissen war das Haupthindernis f\u00fcr Menschen, sich nicht auf einen hirngesunden Lebensstil einzulassen\u201d, so die Interdem-Autor*innen. \u201cDie St\u00e4rkung des \u00f6ffentlichen Bewusstseins ist folglich ein erstes Ziel f\u00fcr jede Strategie zur Demenz-Pr\u00e4vention.\u201d<\/p>\n\n\n\n<p><strong>Low-Budget-Kampagne st\u00e4rkte das \u00f6ffentliche Bewusstsein<\/strong><\/p>\n\n\n\n<p>Dass dieses Ziel erreicht werden kann, zeigt zum Beispiel eine Low-Budget-Kampagne, die von Sommer 2018 bis Fr\u00fchjahr 2019 in Flandern lief. Dabei wurden 40.000 \u201cImpfstoffboxen\u201d an Bahnh\u00f6fen, M\u00e4rkten und Apotheken verteilt. Die Boxen enthielten Brosch\u00fcren \u00fcber den Zusammenhang zwischen hirngesunder Lebensweise und Demenz. Zus\u00e4tzlich wurde die Kampagne in den Nachrichten und sozialen Medien verbreitet. Den Forscher*innen zufolge konnte das \u00f6ffentliche Bewusstsein \u00fcber Demenz-Pr\u00e4vention dadurch um 10 Prozent erh\u00f6ht werden.&nbsp;<\/p>\n\n\n\n<p>Wie kann nun eine St\u00e4rkung des \u00f6ffentlichen Bewusstseins zur Demenz-Pr\u00e4vention konkret erreicht werden? Bei dieser Frage ziehen die Autor*innen erneut den Vergleich zum Rauchen &#8211; als Beispiel daf\u00fcr, wie komplex die anstehende Herausforderung ist. Immerhin war der Zusammenhang zwischen Rauchen und Lungenkrebs eindeutig und kausal und die Botschaft einfach: Reduzieren Sie das Rauchen um Lungenkrebs vorzubeugen. Und dennoch rauchen nach jahrzehntelanger Aufkl\u00e4rung und zahlreichen Kampangen immer noch 20 Prozent der Erwachsenen, so die Autor*innen.<\/p>\n\n\n\n<p><strong>Botschaft ist komplexer als beim Rauchen<\/strong><\/p>\n\n\n\n<p>In Bezug auf die Risikofaktoren f\u00fcr Demenz sei die Botschaft weniger einfach, da es nicht eine einzelne Ursache gebe, sondern einen ganzen Korb von Faktoren, und die Kausalit\u00e4t schw\u00e4cher sei als zwischen Rauchen und Lungenkrebs. Notwendig sei eine einfache Botschaft, die leicht zu kommunizieren sei, ohne dabei die Komplexit\u00e4t au\u00dfer Acht zu lassen. Generell empfehlen die Forscher*innen &#8211; anders als beim Rauchen &#8211; nicht auf Angst und Stigmatisierung zu setzen, auch, um die bestehende Stigmatisierung in Bezug auf Demenzerkrankungen nicht noch zu vergr\u00f6\u00dfern.<\/p>\n\n\n\n<p>Viele \u00f6ffentliche Gesundheitskampagnen konzentrieren sich den Autor*innen zufolge auf den Einzelnen und fordern ihn zum Beispiel auf, weniger Alkohol zu trinken. Sie vergessen dabei aber, dass ein gesunder Lebensstil viele Komponenten beinhaltet und dabei individuelle, gesellschaftliche und Umweltfaktoren zusammenwirken. Ziel m\u00fcsse es daher sein, Menschen durch Wissen zu st\u00e4rken und gleichzeitig auf Ver\u00e4nderungen auf gesellschaftlicher Ebene hinzuwirken.<\/p>\n\n\n\n<p><strong>Ungleichheit als besondere Herausforderung<\/strong><\/p>\n\n\n\n<p>Vor diesem Hintergrund nennen die Forscher*innen das \u201cGesundheitsgef\u00e4lle\u201d und damit die Ungleichheit im Gesundheitsbereich als eine besondere Herausforderung: So zeigten Studien, dass\u00a0in westlichen L\u00e4ndern Menschen, die in Armut leben, sowie Einwanderer mit nicht-westlichem Hintergrund ein deutlich h\u00f6heres Demenzrisiko haben. Genau diese Gruppen seien aber viel schwieriger durch Gesundheitskampagnen zu erreichen.<\/p>\n\n\n\n<p>Den Schl\u00fcssel sehen die Autor*innen folglich darin, Gesundheitskampagnen auf die allgemeine \u00d6ffentlichkeit auszurichten, aber dabei auf verschiedene Formate zu setzen, um auch Hochrisiko- und schwer erreichbaren Gruppen anzusprechen. \u201cEs ist nun an der Zeit, den Reichtum der Forschung des letzten Jahrzehnts in die Tat umzusetzen und eine hirngesunde Gesellschaft aufzubauen\u201d, fordern die Autor*innen und rufen dazu auf, Br\u00fccken zu bauen zwischen den verschiedenen beteiligten Gruppen aus Versorgung, Forschung und dem \u00f6ffentlichen Gesundheitswesen. \u201cSolche Br\u00fccken haben in den letzten Jahrzehnten dazu beigetragen, die Zahl der Lungenkrebserkrankungen durch die Reduzierung des Rauchens zu senken, lassen Sie uns das auch f\u00fcr Demenz schaffen.\u201d<\/p>\n\n\n\n<p><em>Die Studie finden Sie hier:<\/em><br><a href=\"https:\/\/www.tandfonline.com\/doi\/abs\/10.1080\/13607863.2020.1783514?journalCode=camh20\" target=\"_blank\" rel=\"noreferrer noopener\">Putting primary prevention of dementia on everybody\u00b4s agenda<\/a> (Jun 2020)<\/p>\n\n\n\n<p><\/p>","protected":false},"excerpt":{"rendered":"<p>Ein gesunder Lebensstil kann das Demenzrisiko deutlich senken &#8211; vor allem im mittleren Lebensalter zwischen 40 und 75 Jahren. Dieser Zusammenhang ist inzwischen gut erforscht. Doch wie erreicht man mit dieser weitreichenden wissenschaftlichen Erkenntnis die breite Gesellschaft? Dazu hat ein europaweites Netzwerk von Demenz-Forscher*innen ein Positionspapier erarbeitet. Die Interdem-Forscher*innen um &hellip;<\/p>","protected":false},"author":11,"featured_media":11286,"comment_status":"open","ping_status":"closed","sticky":false,"template":"","format":"standard","meta":{"qubely_global_settings":"","qubely_interactions":"","_uag_custom_page_level_css":"","footnotes":""},"categories":[5],"tags":[13,12,288,290,25,289,23,104],"class_list":["post-11281","post","type-post","status-publish","format-standard","has-post-thumbnail","hentry","category-wissenschaft-forschung","tag-alzheimer","tag-demenz-2","tag-demenz-praevention","tag-interdem","tag-lebensstil","tag-oeffentlichkeitsarbeit","tag-praevention","tag-risikofaktoren"],"qubely_featured_image_url":{"full":["https:\/\/digidem-bayern.de\/wp-content\/uploads\/2021\/03\/crowd-3513215_1280.jpg",1280,853,false],"landscape":["https:\/\/digidem-bayern.de\/wp-content\/uploads\/2021\/03\/crowd-3513215_1280-1200x750.jpg",1200,750,true],"portraits":["https:\/\/digidem-bayern.de\/wp-content\/uploads\/2021\/03\/crowd-3513215_1280-540x320.jpg",540,320,true],"thumbnail":["https:\/\/digidem-bayern.de\/wp-content\/uploads\/2021\/03\/crowd-3513215_1280-80x80.jpg",80,80,true],"medium":["https:\/\/digidem-bayern.de\/wp-content\/uploads\/2021\/03\/crowd-3513215_1280-300x200.jpg",300,200,true],"medium_large":["https:\/\/digidem-bayern.de\/wp-content\/uploads\/2021\/03\/crowd-3513215_1280-768x512.jpg",768,512,true],"large":["https:\/\/digidem-bayern.de\/wp-content\/uploads\/2021\/03\/crowd-3513215_1280-1030x686.jpg",1030,686,true],"1536x1536":["https:\/\/digidem-bayern.de\/wp-content\/uploads\/2021\/03\/crowd-3513215_1280.jpg",1280,853,false],"2048x2048":["https:\/\/digidem-bayern.de\/wp-content\/uploads\/2021\/03\/crowd-3513215_1280.jpg",1280,853,false],"trp-custom-language-flag":["https:\/\/digidem-bayern.de\/wp-content\/uploads\/2021\/03\/crowd-3513215_1280.jpg",18,12,false],"qubely_landscape":["https:\/\/digidem-bayern.de\/wp-content\/uploads\/2021\/03\/crowd-3513215_1280-1200x750.jpg",1200,750,true],"qubely_portrait":["https:\/\/digidem-bayern.de\/wp-content\/uploads\/2021\/03\/crowd-3513215_1280-540x320.jpg",540,320,true],"qubely_thumbnail":["https:\/\/digidem-bayern.de\/wp-content\/uploads\/2021\/03\/crowd-3513215_1280-140x100.jpg",140,100,true],"post-thumbnail":["https:\/\/digidem-bayern.de\/wp-content\/uploads\/2021\/03\/crowd-3513215_1280-525x350.jpg",525,350,true],"kahuna-featured":["https:\/\/digidem-bayern.de\/wp-content\/uploads\/2021\/03\/crowd-3513215_1280-649x350.jpg",649,350,true],"kahuna-featured-lp":["https:\/\/digidem-bayern.de\/wp-content\/uploads\/2021\/03\/crowd-3513215_1280-460x350.jpg",460,350,true],"kahuna-featured-half":["https:\/\/digidem-bayern.de\/wp-content\/uploads\/2021\/03\/crowd-3513215_1280-800x350.jpg",800,350,true],"kahuna-featured-third":["https:\/\/digidem-bayern.de\/wp-content\/uploads\/2021\/03\/crowd-3513215_1280-512x350.jpg",512,350,true],"kahuna-lpbox-1":["https:\/\/digidem-bayern.de\/wp-content\/uploads\/2021\/03\/crowd-3513215_1280-460x350.jpg",394,300,true],"kahuna-lpbox-2":["https:\/\/digidem-bayern.de\/wp-content\/uploads\/2021\/03\/crowd-3513215_1280-460x350.jpg",460,350,true],"demand-language-flag":["https:\/\/digidem-bayern.de\/wp-content\/uploads\/2021\/03\/crowd-3513215_1280.jpg",36,24,false],"dddkt-language-flag":["https:\/\/digidem-bayern.de\/wp-content\/uploads\/2021\/03\/crowd-3513215_1280.jpg",36,24,false],"ddiqc-language-flag":["https:\/\/digidem-bayern.de\/wp-content\/uploads\/2021\/03\/crowd-3513215_1280.jpg",36,24,false],"ddtl-language-flag":["https:\/\/digidem-bayern.de\/wp-content\/uploads\/2021\/03\/crowd-3513215_1280.jpg",36,24,false],"mailpoet_newsletter_max":["https:\/\/digidem-bayern.de\/wp-content\/uploads\/2021\/03\/crowd-3513215_1280.jpg",1280,853,false],"kahuna-lpbox-3":["https:\/\/digidem-bayern.de\/wp-content\/uploads\/2021\/03\/crowd-3513215_1280-460x350.jpg",460,350,true],"kahuna-featured-square":["https:\/\/digidem-bayern.de\/wp-content\/uploads\/2021\/03\/crowd-3513215_1280-512x512.jpg",512,512,true],"kahuna-featured-square-large":["https:\/\/digidem-bayern.de\/wp-content\/uploads\/2021\/03\/crowd-3513215_1280-1024x853.jpg",1024,853,true]},"qubely_author":{"display_name":"Michael Zeiler","author_link":"https:\/\/digidem-bayern.de\/en\/author\/michael-zeiler\/"},"qubely_comment":0,"qubely_category":"<a href=\"https:\/\/digidem-bayern.de\/en\/category\/wissenschaft-forschung\/\" rel=\"category tag\">Wissenschaft &amp; Forschung<\/a>","qubely_excerpt":"Ein gesunder Lebensstil kann das Demenzrisiko deutlich senken &#8211; vor allem im mittleren Lebensalter zwischen 40 und 75 Jahren. Dieser Zusammenhang ist inzwischen gut erforscht. Doch wie erreicht man mit dieser weitreichenden wissenschaftlichen Erkenntnis die breite Gesellschaft? Dazu hat ein europaweites Netzwerk von Demenz-Forscher*innen ein Positionspapier erarbeitet. Die Interdem-Forscher*innen um &hellip;","featured_image_urls_v2":{"full":["https:\/\/digidem-bayern.de\/wp-content\/uploads\/2021\/03\/crowd-3513215_1280.jpg",1280,853,false],"thumbnail":["https:\/\/digidem-bayern.de\/wp-content\/uploads\/2021\/03\/crowd-3513215_1280-80x80.jpg",80,80,true],"medium":["https:\/\/digidem-bayern.de\/wp-content\/uploads\/2021\/03\/crowd-3513215_1280-300x200.jpg",300,200,true],"medium_large":["https:\/\/digidem-bayern.de\/wp-content\/uploads\/2021\/03\/crowd-3513215_1280-768x512.jpg",768,512,true],"large":["https:\/\/digidem-bayern.de\/wp-content\/uploads\/2021\/03\/crowd-3513215_1280-1030x686.jpg",1030,686,true],"1536x1536":["https:\/\/digidem-bayern.de\/wp-content\/uploads\/2021\/03\/crowd-3513215_1280.jpg",1280,853,false],"2048x2048":["https:\/\/digidem-bayern.de\/wp-content\/uploads\/2021\/03\/crowd-3513215_1280.jpg",1280,853,false],"trp-custom-language-flag":["https:\/\/digidem-bayern.de\/wp-content\/uploads\/2021\/03\/crowd-3513215_1280.jpg",18,12,false],"qubely_landscape":["https:\/\/digidem-bayern.de\/wp-content\/uploads\/2021\/03\/crowd-3513215_1280-1200x750.jpg",1200,750,true],"qubely_portrait":["https:\/\/digidem-bayern.de\/wp-content\/uploads\/2021\/03\/crowd-3513215_1280-540x320.jpg",540,320,true],"qubely_thumbnail":["https:\/\/digidem-bayern.de\/wp-content\/uploads\/2021\/03\/crowd-3513215_1280-140x100.jpg",140,100,true],"post-thumbnail":["https:\/\/digidem-bayern.de\/wp-content\/uploads\/2021\/03\/crowd-3513215_1280-525x350.jpg",525,350,true],"kahuna-featured":["https:\/\/digidem-bayern.de\/wp-content\/uploads\/2021\/03\/crowd-3513215_1280-649x350.jpg",649,350,true],"kahuna-featured-lp":["https:\/\/digidem-bayern.de\/wp-content\/uploads\/2021\/03\/crowd-3513215_1280-460x350.jpg",460,350,true],"kahuna-featured-half":["https:\/\/digidem-bayern.de\/wp-content\/uploads\/2021\/03\/crowd-3513215_1280-800x350.jpg",800,350,true],"kahuna-featured-third":["https:\/\/digidem-bayern.de\/wp-content\/uploads\/2021\/03\/crowd-3513215_1280-512x350.jpg",512,350,true],"kahuna-lpbox-1":["https:\/\/digidem-bayern.de\/wp-content\/uploads\/2021\/03\/crowd-3513215_1280-460x350.jpg",394,300,true],"kahuna-lpbox-2":["https:\/\/digidem-bayern.de\/wp-content\/uploads\/2021\/03\/crowd-3513215_1280-460x350.jpg",460,350,true],"demand-language-flag":["https:\/\/digidem-bayern.de\/wp-content\/uploads\/2021\/03\/crowd-3513215_1280.jpg",36,24,false],"dddkt-language-flag":["https:\/\/digidem-bayern.de\/wp-content\/uploads\/2021\/03\/crowd-3513215_1280.jpg",36,24,false],"ddiqc-language-flag":["https:\/\/digidem-bayern.de\/wp-content\/uploads\/2021\/03\/crowd-3513215_1280.jpg",36,24,false],"ddtl-language-flag":["https:\/\/digidem-bayern.de\/wp-content\/uploads\/2021\/03\/crowd-3513215_1280.jpg",36,24,false],"mailpoet_newsletter_max":["https:\/\/digidem-bayern.de\/wp-content\/uploads\/2021\/03\/crowd-3513215_1280.jpg",1280,853,false],"kahuna-lpbox-3":["https:\/\/digidem-bayern.de\/wp-content\/uploads\/2021\/03\/crowd-3513215_1280-460x350.jpg",460,350,true],"kahuna-featured-square":["https:\/\/digidem-bayern.de\/wp-content\/uploads\/2021\/03\/crowd-3513215_1280-512x512.jpg",512,512,true],"kahuna-featured-square-large":["https:\/\/digidem-bayern.de\/wp-content\/uploads\/2021\/03\/crowd-3513215_1280-1024x853.jpg",1024,853,true]},"post_excerpt_stackable_v2":"<p>Ein gesunder Lebensstil kann das Demenzrisiko deutlich senken &#8211; vor allem im mittleren Lebensalter zwischen 40 und 75 Jahren. Dieser Zusammenhang ist inzwischen gut erforscht. Doch wie erreicht man mit dieser weitreichenden wissenschaftlichen Erkenntnis die breite Gesellschaft? Dazu hat ein europaweites Netzwerk von Demenz-Forscher*innen ein Positionspapier erarbeitet. Die Interdem-Forscher*innen um Jan Steyaert von der Universit\u00e4t Antwerpen betonen zun\u00e4chst die gro\u00dfe Bedeutung der ver\u00e4nderbaren Risikofaktoren f\u00fcr Demenz, die in den vergangenen Jahren in zahlreichen Studien untersucht wurde.\u00a0Dazu z\u00e4hlen etwa Ern\u00e4hrung, Bewegung, Alkohol, Rauchen und H\u00f6rverlust. Die Autor*innen sehen angesichts der neuen Erkenntnisse die M\u00f6glichkeit, die Zahl k\u00fcnftiger Demenzerkrankungen durch einen vorbeugenden,&hellip;<\/p>\n","category_list_v2":"<a href=\"https:\/\/digidem-bayern.de\/en\/category\/wissenschaft-forschung\/\" rel=\"category tag\">Wissenschaft &amp; Forschung<\/a>","author_info_v2":{"name":"Michael Zeiler","url":"https:\/\/digidem-bayern.de\/en\/author\/michael-zeiler\/"},"comments_num_v2":"0 comments","yoast_head":"<!-- This site is optimized with the Yoast SEO plugin v27.4 - https:\/\/yoast.com\/product\/yoast-seo-wordpress\/ -->\n<title>Von der Wissenschaft in die Gesellschaft: Demenz-Pr\u00e4vention geht jeden an - digiDEM Bayern<\/title>\n<meta name=\"description\" content=\"Ein Forscherteam erl\u00e4utert, wie man die \u00d6ffentlichkeit \u00fcber den Zusammenhang zwischen gesunder Lebensweise und Demenz informieren kann.\" \/>\n<meta name=\"robots\" content=\"index, follow, max-snippet:-1, max-image-preview:large, max-video-preview:-1\" \/>\n<link rel=\"canonical\" href=\"https:\/\/digidem-bayern.de\/en\/demenz-praevention-oeffentlichkeit\/\" \/>\n<meta property=\"og:locale\" content=\"en_US\" \/>\n<meta property=\"og:type\" content=\"article\" \/>\n<meta property=\"og:title\" content=\"Von der Wissenschaft in die Gesellschaft: Demenz-Pr\u00e4vention geht jeden an - digiDEM Bayern\" \/>\n<meta property=\"og:description\" content=\"Ein Forscherteam erl\u00e4utert, wie man die \u00d6ffentlichkeit \u00fcber den Zusammenhang zwischen gesunder Lebensweise und Demenz informieren kann.\" \/>\n<meta property=\"og:url\" content=\"https:\/\/digidem-bayern.de\/en\/demenz-praevention-oeffentlichkeit\/\" \/>\n<meta property=\"og:site_name\" content=\"digiDEM Bayern\" \/>\n<meta property=\"article:publisher\" content=\"https:\/\/www.facebook.com\/digiDEMBayern\/\" \/>\n<meta property=\"article:published_time\" content=\"2021-03-18T12:06:22+00:00\" \/>\n<meta property=\"article:modified_time\" content=\"2021-03-18T12:36:42+00:00\" \/>\n<meta property=\"og:image\" content=\"https:\/\/digidem-bayern.de\/wp-content\/uploads\/2021\/03\/crowd-3513215_1280.jpg\" \/>\n\t<meta property=\"og:image:width\" content=\"1280\" \/>\n\t<meta property=\"og:image:height\" content=\"853\" \/>\n\t<meta property=\"og:image:type\" content=\"image\/jpeg\" \/>\n<meta name=\"author\" content=\"Michael Zeiler\" \/>\n<meta name=\"twitter:label1\" content=\"Written by\" \/>\n\t<meta name=\"twitter:data1\" content=\"Michael Zeiler\" \/>\n\t<meta name=\"twitter:label2\" content=\"Est. reading time\" \/>\n\t<meta name=\"twitter:data2\" content=\"4 minutes\" \/>\n<script type=\"application\/ld+json\" class=\"yoast-schema-graph\">{\"@context\":\"https:\\\/\\\/schema.org\",\"@graph\":[{\"@type\":\"Article\",\"@id\":\"https:\\\/\\\/digidem-bayern.de\\\/demenz-praevention-oeffentlichkeit\\\/#article\",\"isPartOf\":{\"@id\":\"https:\\\/\\\/digidem-bayern.de\\\/demenz-praevention-oeffentlichkeit\\\/\"},\"author\":{\"name\":\"Michael Zeiler\",\"@id\":\"\\\/#\\\/schema\\\/person\\\/92754ad381f49b3c358d1d8d2c4f90b8\"},\"headline\":\"Von der Wissenschaft in die Gesellschaft: Demenz-Pr\u00e4vention geht jeden an\",\"datePublished\":\"2021-03-18T12:06:22+00:00\",\"dateModified\":\"2021-03-18T12:36:42+00:00\",\"mainEntityOfPage\":{\"@id\":\"https:\\\/\\\/digidem-bayern.de\\\/demenz-praevention-oeffentlichkeit\\\/\"},\"wordCount\":862,\"commentCount\":0,\"publisher\":{\"@id\":\"\\\/#organization\"},\"image\":{\"@id\":\"https:\\\/\\\/digidem-bayern.de\\\/demenz-praevention-oeffentlichkeit\\\/#primaryimage\"},\"thumbnailUrl\":\"https:\\\/\\\/digidem-bayern.de\\\/wp-content\\\/uploads\\\/2021\\\/03\\\/crowd-3513215_1280.jpg\",\"keywords\":[\"Alzheimer\",\"Demenz\",\"Demenz-Pr\u00e4vention\",\"Interdem\",\"Lebensstil\",\"\u00d6ffentlichkeitsarbeit\",\"Pr\u00e4vention\",\"Risikofaktoren\"],\"articleSection\":[\"Wissenschaft &amp; Forschung\"],\"inLanguage\":\"en-US\",\"potentialAction\":[{\"@type\":\"CommentAction\",\"name\":\"Comment\",\"target\":[\"https:\\\/\\\/digidem-bayern.de\\\/demenz-praevention-oeffentlichkeit\\\/#respond\"]}]},{\"@type\":\"WebPage\",\"@id\":\"https:\\\/\\\/digidem-bayern.de\\\/demenz-praevention-oeffentlichkeit\\\/\",\"url\":\"https:\\\/\\\/digidem-bayern.de\\\/demenz-praevention-oeffentlichkeit\\\/\",\"name\":\"Von der Wissenschaft in die Gesellschaft: Demenz-Pr\u00e4vention geht jeden an - digiDEM Bayern\",\"isPartOf\":{\"@id\":\"\\\/#website\"},\"primaryImageOfPage\":{\"@id\":\"https:\\\/\\\/digidem-bayern.de\\\/demenz-praevention-oeffentlichkeit\\\/#primaryimage\"},\"image\":{\"@id\":\"https:\\\/\\\/digidem-bayern.de\\\/demenz-praevention-oeffentlichkeit\\\/#primaryimage\"},\"thumbnailUrl\":\"https:\\\/\\\/digidem-bayern.de\\\/wp-content\\\/uploads\\\/2021\\\/03\\\/crowd-3513215_1280.jpg\",\"datePublished\":\"2021-03-18T12:06:22+00:00\",\"dateModified\":\"2021-03-18T12:36:42+00:00\",\"description\":\"Ein Forscherteam erl\u00e4utert, wie man die \u00d6ffentlichkeit \u00fcber den Zusammenhang zwischen gesunder Lebensweise und Demenz informieren kann.\",\"breadcrumb\":{\"@id\":\"https:\\\/\\\/digidem-bayern.de\\\/demenz-praevention-oeffentlichkeit\\\/#breadcrumb\"},\"inLanguage\":\"en-US\",\"potentialAction\":[{\"@type\":\"ReadAction\",\"target\":[\"https:\\\/\\\/digidem-bayern.de\\\/demenz-praevention-oeffentlichkeit\\\/\"]}]},{\"@type\":\"ImageObject\",\"inLanguage\":\"en-US\",\"@id\":\"https:\\\/\\\/digidem-bayern.de\\\/demenz-praevention-oeffentlichkeit\\\/#primaryimage\",\"url\":\"https:\\\/\\\/digidem-bayern.de\\\/wp-content\\\/uploads\\\/2021\\\/03\\\/crowd-3513215_1280.jpg\",\"contentUrl\":\"https:\\\/\\\/digidem-bayern.de\\\/wp-content\\\/uploads\\\/2021\\\/03\\\/crowd-3513215_1280.jpg\",\"width\":1280,\"height\":853,\"caption\":\"Symbolgrafik: Menschenmenge\"},{\"@type\":\"BreadcrumbList\",\"@id\":\"https:\\\/\\\/digidem-bayern.de\\\/demenz-praevention-oeffentlichkeit\\\/#breadcrumb\",\"itemListElement\":[{\"@type\":\"ListItem\",\"position\":1,\"name\":\"Startseite\",\"item\":\"https:\\\/\\\/digidem-bayern.de\\\/\"},{\"@type\":\"ListItem\",\"position\":2,\"name\":\"Von der Wissenschaft in die Gesellschaft: Demenz-Pr\u00e4vention geht jeden an\"}]},{\"@type\":\"WebSite\",\"@id\":\"\\\/#website\",\"url\":\"\\\/\",\"name\":\"digiDEM Bayern\",\"description\":\"Das digitale Demenzregister Bayern erforscht und verbessert die Angebotsstuktur f\u00fcr Menschen mit Demenz und deren Angeh\u00f6rige\",\"publisher\":{\"@id\":\"\\\/#organization\"},\"potentialAction\":[{\"@type\":\"SearchAction\",\"target\":{\"@type\":\"EntryPoint\",\"urlTemplate\":\"\\\/?s={search_term_string}\"},\"query-input\":{\"@type\":\"PropertyValueSpecification\",\"valueRequired\":true,\"valueName\":\"search_term_string\"}}],\"inLanguage\":\"en-US\"},{\"@type\":\"Organization\",\"@id\":\"\\\/#organization\",\"name\":\"digiDEM Bayern\",\"url\":\"\\\/\",\"logo\":{\"@type\":\"ImageObject\",\"inLanguage\":\"en-US\",\"@id\":\"\\\/#\\\/schema\\\/logo\\\/image\\\/\",\"url\":\"https:\\\/\\\/digidem-bayern.de\\\/wp-content\\\/uploads\\\/2022\\\/03\\\/cropped-Allgemeines_digiDEMLOGO-removebg-preview.png\",\"contentUrl\":\"https:\\\/\\\/digidem-bayern.de\\\/wp-content\\\/uploads\\\/2022\\\/03\\\/cropped-Allgemeines_digiDEMLOGO-removebg-preview.png\",\"width\":612,\"height\":357,\"caption\":\"digiDEM Bayern\"},\"image\":{\"@id\":\"\\\/#\\\/schema\\\/logo\\\/image\\\/\"},\"sameAs\":[\"https:\\\/\\\/www.facebook.com\\\/digiDEMBayern\\\/\",\"https:\\\/\\\/x.com\\\/digidem_bayern\",\"https:\\\/\\\/www.instagram.com\\\/digidem.bayern\",\"https:\\\/\\\/www.linkedin.com\\\/company\\\/digidem-bayern\\\/\"]},{\"@type\":\"Person\",\"@id\":\"\\\/#\\\/schema\\\/person\\\/92754ad381f49b3c358d1d8d2c4f90b8\",\"name\":\"Michael Zeiler\",\"url\":\"https:\\\/\\\/digidem-bayern.de\\\/en\\\/author\\\/michael-zeiler\\\/\"}]}<\/script>\n<!-- \/ Yoast SEO plugin. -->","yoast_head_json":{"title":"Von der Wissenschaft in die Gesellschaft: Demenz-Pr\u00e4vention geht jeden an - digiDEM Bayern","description":"Ein Forscherteam erl\u00e4utert, wie man die \u00d6ffentlichkeit \u00fcber den Zusammenhang zwischen gesunder Lebensweise und Demenz informieren kann.","robots":{"index":"index","follow":"follow","max-snippet":"max-snippet:-1","max-image-preview":"max-image-preview:large","max-video-preview":"max-video-preview:-1"},"canonical":"https:\/\/digidem-bayern.de\/en\/demenz-praevention-oeffentlichkeit\/","og_locale":"en_US","og_type":"article","og_title":"Von der Wissenschaft in die Gesellschaft: Demenz-Pr\u00e4vention geht jeden an - digiDEM Bayern","og_description":"Ein Forscherteam erl\u00e4utert, wie man die \u00d6ffentlichkeit \u00fcber den Zusammenhang zwischen gesunder Lebensweise und Demenz informieren kann.","og_url":"https:\/\/digidem-bayern.de\/en\/demenz-praevention-oeffentlichkeit\/","og_site_name":"digiDEM Bayern","article_publisher":"https:\/\/www.facebook.com\/digiDEMBayern\/","article_published_time":"2021-03-18T12:06:22+00:00","article_modified_time":"2021-03-18T12:36:42+00:00","og_image":[{"width":1280,"height":853,"url":"https:\/\/digidem-bayern.de\/wp-content\/uploads\/2021\/03\/crowd-3513215_1280.jpg","type":"image\/jpeg"}],"author":"Michael Zeiler","twitter_misc":{"Written by":"Michael Zeiler","Est. reading time":"4 minutes"},"schema":{"@context":"https:\/\/schema.org","@graph":[{"@type":"Article","@id":"https:\/\/digidem-bayern.de\/demenz-praevention-oeffentlichkeit\/#article","isPartOf":{"@id":"https:\/\/digidem-bayern.de\/demenz-praevention-oeffentlichkeit\/"},"author":{"name":"Michael Zeiler","@id":"\/#\/schema\/person\/92754ad381f49b3c358d1d8d2c4f90b8"},"headline":"Von der Wissenschaft in die Gesellschaft: Demenz-Pr\u00e4vention geht jeden an","datePublished":"2021-03-18T12:06:22+00:00","dateModified":"2021-03-18T12:36:42+00:00","mainEntityOfPage":{"@id":"https:\/\/digidem-bayern.de\/demenz-praevention-oeffentlichkeit\/"},"wordCount":862,"commentCount":0,"publisher":{"@id":"\/#organization"},"image":{"@id":"https:\/\/digidem-bayern.de\/demenz-praevention-oeffentlichkeit\/#primaryimage"},"thumbnailUrl":"https:\/\/digidem-bayern.de\/wp-content\/uploads\/2021\/03\/crowd-3513215_1280.jpg","keywords":["Alzheimer","Demenz","Demenz-Pr\u00e4vention","Interdem","Lebensstil","\u00d6ffentlichkeitsarbeit","Pr\u00e4vention","Risikofaktoren"],"articleSection":["Wissenschaft &amp; Forschung"],"inLanguage":"en-US","potentialAction":[{"@type":"CommentAction","name":"Comment","target":["https:\/\/digidem-bayern.de\/demenz-praevention-oeffentlichkeit\/#respond"]}]},{"@type":"WebPage","@id":"https:\/\/digidem-bayern.de\/demenz-praevention-oeffentlichkeit\/","url":"https:\/\/digidem-bayern.de\/demenz-praevention-oeffentlichkeit\/","name":"Von der Wissenschaft in die Gesellschaft: Demenz-Pr\u00e4vention geht jeden an - digiDEM Bayern","isPartOf":{"@id":"\/#website"},"primaryImageOfPage":{"@id":"https:\/\/digidem-bayern.de\/demenz-praevention-oeffentlichkeit\/#primaryimage"},"image":{"@id":"https:\/\/digidem-bayern.de\/demenz-praevention-oeffentlichkeit\/#primaryimage"},"thumbnailUrl":"https:\/\/digidem-bayern.de\/wp-content\/uploads\/2021\/03\/crowd-3513215_1280.jpg","datePublished":"2021-03-18T12:06:22+00:00","dateModified":"2021-03-18T12:36:42+00:00","description":"Ein Forscherteam erl\u00e4utert, wie man die \u00d6ffentlichkeit \u00fcber den Zusammenhang zwischen gesunder Lebensweise und Demenz informieren kann.","breadcrumb":{"@id":"https:\/\/digidem-bayern.de\/demenz-praevention-oeffentlichkeit\/#breadcrumb"},"inLanguage":"en-US","potentialAction":[{"@type":"ReadAction","target":["https:\/\/digidem-bayern.de\/demenz-praevention-oeffentlichkeit\/"]}]},{"@type":"ImageObject","inLanguage":"en-US","@id":"https:\/\/digidem-bayern.de\/demenz-praevention-oeffentlichkeit\/#primaryimage","url":"https:\/\/digidem-bayern.de\/wp-content\/uploads\/2021\/03\/crowd-3513215_1280.jpg","contentUrl":"https:\/\/digidem-bayern.de\/wp-content\/uploads\/2021\/03\/crowd-3513215_1280.jpg","width":1280,"height":853,"caption":"Symbolgrafik: Menschenmenge"},{"@type":"BreadcrumbList","@id":"https:\/\/digidem-bayern.de\/demenz-praevention-oeffentlichkeit\/#breadcrumb","itemListElement":[{"@type":"ListItem","position":1,"name":"Startseite","item":"https:\/\/digidem-bayern.de\/"},{"@type":"ListItem","position":2,"name":"Von der Wissenschaft in die Gesellschaft: Demenz-Pr\u00e4vention geht jeden an"}]},{"@type":"WebSite","@id":"\/#website","url":"\/","name":"digiDEM Bavaria","description":"The digital dementia register in Bavaria researches and improves the structure of services for people with dementia and their relatives","publisher":{"@id":"\/#organization"},"potentialAction":[{"@type":"SearchAction","target":{"@type":"EntryPoint","urlTemplate":"\/?s={search_term_string}"},"query-input":{"@type":"PropertyValueSpecification","valueRequired":true,"valueName":"search_term_string"}}],"inLanguage":"en-US"},{"@type":"Organization","@id":"\/#organization","name":"digiDEM Bavaria","url":"\/","logo":{"@type":"ImageObject","inLanguage":"en-US","@id":"\/#\/schema\/logo\/image\/","url":"https:\/\/digidem-bayern.de\/wp-content\/uploads\/2022\/03\/cropped-Allgemeines_digiDEMLOGO-removebg-preview.png","contentUrl":"https:\/\/digidem-bayern.de\/wp-content\/uploads\/2022\/03\/cropped-Allgemeines_digiDEMLOGO-removebg-preview.png","width":612,"height":357,"caption":"digiDEM Bayern"},"image":{"@id":"\/#\/schema\/logo\/image\/"},"sameAs":["https:\/\/www.facebook.com\/digiDEMBayern\/","https:\/\/x.com\/digidem_bayern","https:\/\/www.instagram.com\/digidem.bayern","https:\/\/www.linkedin.com\/company\/digidem-bayern\/"]},{"@type":"Person","@id":"\/#\/schema\/person\/92754ad381f49b3c358d1d8d2c4f90b8","name":"Michael Zeiler","url":"https:\/\/digidem-bayern.de\/en\/author\/michael-zeiler\/"}]}},"uagb_featured_image_src":{"full":["https:\/\/digidem-bayern.de\/wp-content\/uploads\/2021\/03\/crowd-3513215_1280.jpg",1280,853,false],"thumbnail":["https:\/\/digidem-bayern.de\/wp-content\/uploads\/2021\/03\/crowd-3513215_1280-80x80.jpg",80,80,true],"medium":["https:\/\/digidem-bayern.de\/wp-content\/uploads\/2021\/03\/crowd-3513215_1280-300x200.jpg",300,200,true],"medium_large":["https:\/\/digidem-bayern.de\/wp-content\/uploads\/2021\/03\/crowd-3513215_1280-768x512.jpg",768,512,true],"large":["https:\/\/digidem-bayern.de\/wp-content\/uploads\/2021\/03\/crowd-3513215_1280-1030x686.jpg",1030,686,true],"1536x1536":["https:\/\/digidem-bayern.de\/wp-content\/uploads\/2021\/03\/crowd-3513215_1280.jpg",1280,853,false],"2048x2048":["https:\/\/digidem-bayern.de\/wp-content\/uploads\/2021\/03\/crowd-3513215_1280.jpg",1280,853,false],"trp-custom-language-flag":["https:\/\/digidem-bayern.de\/wp-content\/uploads\/2021\/03\/crowd-3513215_1280.jpg",18,12,false],"qubely_landscape":["https:\/\/digidem-bayern.de\/wp-content\/uploads\/2021\/03\/crowd-3513215_1280-1200x750.jpg",1200,750,true],"qubely_portrait":["https:\/\/digidem-bayern.de\/wp-content\/uploads\/2021\/03\/crowd-3513215_1280-540x320.jpg",540,320,true],"qubely_thumbnail":["https:\/\/digidem-bayern.de\/wp-content\/uploads\/2021\/03\/crowd-3513215_1280-140x100.jpg",140,100,true],"post-thumbnail":["https:\/\/digidem-bayern.de\/wp-content\/uploads\/2021\/03\/crowd-3513215_1280-525x350.jpg",525,350,true],"kahuna-featured":["https:\/\/digidem-bayern.de\/wp-content\/uploads\/2021\/03\/crowd-3513215_1280-649x350.jpg",649,350,true],"kahuna-featured-lp":["https:\/\/digidem-bayern.de\/wp-content\/uploads\/2021\/03\/crowd-3513215_1280-460x350.jpg",460,350,true],"kahuna-featured-half":["https:\/\/digidem-bayern.de\/wp-content\/uploads\/2021\/03\/crowd-3513215_1280-800x350.jpg",800,350,true],"kahuna-featured-third":["https:\/\/digidem-bayern.de\/wp-content\/uploads\/2021\/03\/crowd-3513215_1280-512x350.jpg",512,350,true],"kahuna-lpbox-1":["https:\/\/digidem-bayern.de\/wp-content\/uploads\/2021\/03\/crowd-3513215_1280-460x350.jpg",394,300,true],"kahuna-lpbox-2":["https:\/\/digidem-bayern.de\/wp-content\/uploads\/2021\/03\/crowd-3513215_1280-460x350.jpg",460,350,true],"demand-language-flag":["https:\/\/digidem-bayern.de\/wp-content\/uploads\/2021\/03\/crowd-3513215_1280.jpg",36,24,false],"dddkt-language-flag":["https:\/\/digidem-bayern.de\/wp-content\/uploads\/2021\/03\/crowd-3513215_1280.jpg",36,24,false],"ddiqc-language-flag":["https:\/\/digidem-bayern.de\/wp-content\/uploads\/2021\/03\/crowd-3513215_1280.jpg",36,24,false],"ddtl-language-flag":["https:\/\/digidem-bayern.de\/wp-content\/uploads\/2021\/03\/crowd-3513215_1280.jpg",36,24,false],"mailpoet_newsletter_max":["https:\/\/digidem-bayern.de\/wp-content\/uploads\/2021\/03\/crowd-3513215_1280.jpg",1280,853,false],"kahuna-lpbox-3":["https:\/\/digidem-bayern.de\/wp-content\/uploads\/2021\/03\/crowd-3513215_1280-460x350.jpg",460,350,true],"kahuna-featured-square":["https:\/\/digidem-bayern.de\/wp-content\/uploads\/2021\/03\/crowd-3513215_1280-512x512.jpg",512,512,true],"kahuna-featured-square-large":["https:\/\/digidem-bayern.de\/wp-content\/uploads\/2021\/03\/crowd-3513215_1280-1024x853.jpg",1024,853,true]},"uagb_author_info":{"display_name":"Michael Zeiler","author_link":"https:\/\/digidem-bayern.de\/en\/author\/michael-zeiler\/"},"uagb_comment_info":0,"uagb_excerpt":"Ein gesunder Lebensstil kann das Demenzrisiko deutlich senken &#8211; vor allem im mittleren Lebensalter zwischen 40 und 75 Jahren. Dieser Zusammenhang ist inzwischen gut erforscht. Doch wie erreicht man mit dieser weitreichenden wissenschaftlichen Erkenntnis die breite Gesellschaft? Dazu hat ein europaweites Netzwerk von Demenz-Forscher*innen ein Positionspapier erarbeitet. Die Interdem-Forscher*innen um &hellip;","_links":{"self":[{"href":"https:\/\/digidem-bayern.de\/en\/wp-json\/wp\/v2\/posts\/11281","targetHints":{"allow":["GET"]}}],"collection":[{"href":"https:\/\/digidem-bayern.de\/en\/wp-json\/wp\/v2\/posts"}],"about":[{"href":"https:\/\/digidem-bayern.de\/en\/wp-json\/wp\/v2\/types\/post"}],"author":[{"embeddable":true,"href":"https:\/\/digidem-bayern.de\/en\/wp-json\/wp\/v2\/users\/11"}],"replies":[{"embeddable":true,"href":"https:\/\/digidem-bayern.de\/en\/wp-json\/wp\/v2\/comments?post=11281"}],"version-history":[{"count":9,"href":"https:\/\/digidem-bayern.de\/en\/wp-json\/wp\/v2\/posts\/11281\/revisions"}],"predecessor-version":[{"id":11301,"href":"https:\/\/digidem-bayern.de\/en\/wp-json\/wp\/v2\/posts\/11281\/revisions\/11301"}],"wp:featuredmedia":[{"embeddable":true,"href":"https:\/\/digidem-bayern.de\/en\/wp-json\/wp\/v2\/media\/11286"}],"wp:attachment":[{"href":"https:\/\/digidem-bayern.de\/en\/wp-json\/wp\/v2\/media?parent=11281"}],"wp:term":[{"taxonomy":"category","embeddable":true,"href":"https:\/\/digidem-bayern.de\/en\/wp-json\/wp\/v2\/categories?post=11281"},{"taxonomy":"post_tag","embeddable":true,"href":"https:\/\/digidem-bayern.de\/en\/wp-json\/wp\/v2\/tags?post=11281"}],"curies":[{"name":"wp","href":"https:\/\/api.w.org\/{rel}","templated":true}]}}