{"id":11275,"date":"2021-03-18T13:00:16","date_gmt":"2021-03-18T12:00:16","guid":{"rendered":"https:\/\/digidem-bayern.de\/?p=11275"},"modified":"2021-03-19T09:43:50","modified_gmt":"2021-03-19T08:43:50","slug":"demenzrisiko-nachtschichten","status":"publish","type":"post","link":"https:\/\/digidem-bayern.de\/en\/demenzrisiko-nachtschichten\/","title":{"rendered":"H\u00f6heres Demenzrisiko durch dauerhafte Nachtschichten?"},"content":{"rendered":"<h4 class=\"wp-block-heading\">Wie wirkt sich Schichtarbeit auf die Gesundheit aus? Zu den m\u00f6glichen Folgen z\u00e4hlen laut aktuellen Studien Krebs, Diabetes und Herz-Kreislauf-Erkrankungen. Die Forschung \u00fcber einen Zusammenhang zwischen Schichtarbeit und Demenz ergab bislang kein einheitliches Bild. D\u00e4nische Wissenschaftler*innen wollten dem n\u00e4her auf den Grund gehen.<\/h4>\n\n\n\n<p>Die Wissenschaftler*innen um Jeanette Therming J\u00f8rgensen von der Universit\u00e4t Kopenhagen gehen zun\u00e4chst auf das Bindeglied zwischen Schichtarbeit und Demenz ein: Schlafst\u00f6rungen bzw. Schlafmangel, die einerseits unter Schichtarbeiter*innen weit verbreitet seien und andererseits die Entwicklung einer Demenz beg\u00fcnstigen k\u00f6nnten.<\/p>\n\n\n\n<p><strong>Widerspr\u00fcchliche Hinweise zu Schichtarbeit und Demenzrisiko<\/strong><\/p>\n\n\n\n<div class=\"wp-block-image\"><figure class=\"alignright size-medium\"><img loading=\"lazy\" decoding=\"async\" width=\"300\" height=\"200\" src=\"https:\/\/test.digidem-bayern.de\/wp-content\/uploads\/2021\/03\/surgery-1822458_1280-300x200.jpg\" alt=\"\u00c4rzt*innen und Krankenschwestern am OP-Tisch\" class=\"wp-image-11278\" srcset=\"https:\/\/digidem-bayern.de\/wp-content\/uploads\/2021\/03\/surgery-1822458_1280-300x200.jpg 300w, https:\/\/digidem-bayern.de\/wp-content\/uploads\/2021\/03\/surgery-1822458_1280-1030x687.jpg 1030w, https:\/\/digidem-bayern.de\/wp-content\/uploads\/2021\/03\/surgery-1822458_1280-768x512.jpg 768w, https:\/\/digidem-bayern.de\/wp-content\/uploads\/2021\/03\/surgery-1822458_1280-525x350.jpg 525w, https:\/\/digidem-bayern.de\/wp-content\/uploads\/2021\/03\/surgery-1822458_1280.jpg 1280w\" sizes=\"auto, (max-width: 300px) 100vw, 300px\" \/><\/figure><\/div>\n\n\n\n<p>Obwohl der Zusammenhang zwischen Schlafst\u00f6rungen und kognitivem R\u00fcckgang bereits breit erforscht sei, g\u00e4be es nur begrenzte und teils widerspr\u00fcchliche Hinweise \u00fcber die Verbindung zwischen Schichtarbeit, kognitiver Leistung und der Entwicklung einer Demenz. Einige Studien wiesen einen Zusammenhang auf, andere fanden keinen. Auch zeigten Untersuchungen, dass ein m\u00f6glicherweise erh\u00f6htes Demenzrisiko wieder umkehrbar ist &#8211; und zwar dann, wenn die Schichtarbeit l\u00e4nger als vier Jahre zur\u00fcck liegt.<\/p>\n\n\n\n<p>F\u00fcr ihre aktuelle Untersuchung konnten die d\u00e4nischen Forscher*innen auf die Daten einer gro\u00dfen Studiengruppe zur\u00fcckgreifen: der \u201cDanish Nurse Cohort\u201d. Bereits aus den ersten&nbsp; beiden Befragungszeitpunkten &#8211; 1993 und 1999 &#8211; ergaben sich&nbsp;28.731 Teilnehmende. Dabei handelte es sich um Krankenschwestern und Mitglieder der D\u00e4nischen Krankenschwesterorganisation, die 44 Jahre oder \u00e4lter waren.<\/p>\n\n\n\n<p><strong>Befragungen in&nbsp; den Jahren 1993, 1999 und 2009<\/strong><\/p>\n\n\n\n<p>J\u00f8rgensen und ihr Team werteten Befragungen aus, die zu drei verschiedenen Zeitpunkten durchgef\u00fchrt worden waren &#8211; 1993, 1999 und 2009 &#8211; und bildeten entsprechende Unter-Gruppen. Ziel war es, die Art und Dauer der Schichtarbeit im Zusammenhang mit Demenz zu untersuchen. Dabei konnten sie auch umfangreiche Informationen zum Lebensstil ber\u00fccksichtigen, darunter zum Alkoholkonsum, Rauchen, BMI\/Gewicht, Arbeitsstress, w\u00f6chentliche Arbeitszeit, Einkommen und Einnahme von Schlafmedikamenten. Zus\u00e4tzlich verf\u00fcgten sie \u00fcber Angaben zu Herz-Kreislauf-Erkrankungen. Die Forscher*innen verkn\u00fcpften diese Daten mit Informationen \u00fcber Krankenhausaufenthalte wegen Demenz oder Medikamenten zur Behandlung von Demenz bis zum Jahr 2018.&nbsp;<\/p>\n\n\n\n<p><strong>Ab sechs Jahren Nachtschicht kann Demenzrisiko erh\u00f6ht sein<\/strong><\/p>\n\n\n\n<p>Die Ergebnisse deuten darauf hin, dass Nachtschicht-Arbeit ab einer Dauer von sechs Jahren das Demenzrisiko erh\u00f6hen kann. Unter den Krankenschwestern, die mindestens sechs Jahre lang in Nachtschichten gearbeitet hatten, gab es mehr Demenzerkrankungen als unter denjenigen mit Tagesschichten \u00fcber denselben Zeitraum. Auch lag der Anteil bei dieser Gruppe h\u00f6her als unter denjenigen, die h\u00f6chstes ein Jahr lang in Nachtschichten gearbeitet hatten. Besonders anf\u00e4llig waren&nbsp;Krankenschwestern mit Herz-Kreislauf-Erkrankungen oder Diabetes. Da diese Erkenntnis auf begrenzten Daten basiert, raten die Autor*innen zu weiteren Untersuchungen.<\/p>\n\n\n\n<p>Insgesamt empfehlen sie weniger Jahre an Nachtschicht-Arbeit oder auch den Wechsel zwischen verschiedenen Schichtpl\u00e4nen als eine ges\u00fcndere Alternative in Bezug auf das Demenzrisiko.<\/p>\n\n\n\n<p><em>Die Studie finden Sie hier:<\/em><br><a href=\"https:\/\/alz-journals.onlinelibrary.wiley.com\/doi\/10.1002\/alz.12126\" target=\"_blank\" rel=\"noreferrer noopener\">Shift work and incidence of dementia: A Danish Nurse Cohort Study<\/a>&nbsp;(Jul 2020)<\/p>\n\n\n\n<p><\/p>","protected":false},"excerpt":{"rendered":"<p>Wie wirkt sich Schichtarbeit auf die Gesundheit aus? Zu den m\u00f6glichen Folgen z\u00e4hlen laut aktuellen Studien Krebs, Diabetes und Herz-Kreislauf-Erkrankungen. Die Forschung \u00fcber einen Zusammenhang zwischen Schichtarbeit und Demenz ergab bislang kein einheitliches Bild. D\u00e4nische Wissenschaftler*innen wollten dem n\u00e4her auf den Grund gehen. Die Wissenschaftler*innen um Jeanette Therming J\u00f8rgensen von &hellip;<\/p>","protected":false},"author":11,"featured_media":11278,"comment_status":"open","ping_status":"closed","sticky":false,"template":"","format":"standard","meta":{"qubely_global_settings":"","qubely_interactions":"","_uag_custom_page_level_css":"","footnotes":""},"categories":[5],"tags":[13,12,283,177,287,286],"class_list":["post-11275","post","type-post","status-publish","format-standard","has-post-thumbnail","hentry","category-wissenschaft-forschung","tag-alzheimer","tag-demenz-2","tag-demenz-forschung","tag-demenzrisiko","tag-nachtschichten","tag-schichtarbeit"],"qubely_featured_image_url":{"full":["https:\/\/digidem-bayern.de\/wp-content\/uploads\/2021\/03\/surgery-1822458_1280.jpg",1280,854,false],"landscape":["https:\/\/digidem-bayern.de\/wp-content\/uploads\/2021\/03\/surgery-1822458_1280-1200x750.jpg",1200,750,true],"portraits":["https:\/\/digidem-bayern.de\/wp-content\/uploads\/2021\/03\/surgery-1822458_1280-540x320.jpg",540,320,true],"thumbnail":["https:\/\/digidem-bayern.de\/wp-content\/uploads\/2021\/03\/surgery-1822458_1280-80x80.jpg",80,80,true],"medium":["https:\/\/digidem-bayern.de\/wp-content\/uploads\/2021\/03\/surgery-1822458_1280-300x200.jpg",300,200,true],"medium_large":["https:\/\/digidem-bayern.de\/wp-content\/uploads\/2021\/03\/surgery-1822458_1280-768x512.jpg",768,512,true],"large":["https:\/\/digidem-bayern.de\/wp-content\/uploads\/2021\/03\/surgery-1822458_1280-1030x687.jpg",1030,687,true],"1536x1536":["https:\/\/digidem-bayern.de\/wp-content\/uploads\/2021\/03\/surgery-1822458_1280.jpg",1280,854,false],"2048x2048":["https:\/\/digidem-bayern.de\/wp-content\/uploads\/2021\/03\/surgery-1822458_1280.jpg",1280,854,false],"trp-custom-language-flag":["https:\/\/digidem-bayern.de\/wp-content\/uploads\/2021\/03\/surgery-1822458_1280.jpg",18,12,false],"qubely_landscape":["https:\/\/digidem-bayern.de\/wp-content\/uploads\/2021\/03\/surgery-1822458_1280-1200x750.jpg",1200,750,true],"qubely_portrait":["https:\/\/digidem-bayern.de\/wp-content\/uploads\/2021\/03\/surgery-1822458_1280-540x320.jpg",540,320,true],"qubely_thumbnail":["https:\/\/digidem-bayern.de\/wp-content\/uploads\/2021\/03\/surgery-1822458_1280-140x100.jpg",140,100,true],"post-thumbnail":["https:\/\/digidem-bayern.de\/wp-content\/uploads\/2021\/03\/surgery-1822458_1280-525x350.jpg",525,350,true],"kahuna-featured":["https:\/\/digidem-bayern.de\/wp-content\/uploads\/2021\/03\/surgery-1822458_1280-649x350.jpg",649,350,true],"kahuna-featured-lp":["https:\/\/digidem-bayern.de\/wp-content\/uploads\/2021\/03\/surgery-1822458_1280-460x350.jpg",460,350,true],"kahuna-featured-half":["https:\/\/digidem-bayern.de\/wp-content\/uploads\/2021\/03\/surgery-1822458_1280-800x350.jpg",800,350,true],"kahuna-featured-third":["https:\/\/digidem-bayern.de\/wp-content\/uploads\/2021\/03\/surgery-1822458_1280-512x350.jpg",512,350,true],"kahuna-lpbox-1":["https:\/\/digidem-bayern.de\/wp-content\/uploads\/2021\/03\/surgery-1822458_1280-460x350.jpg",394,300,true],"kahuna-lpbox-2":["https:\/\/digidem-bayern.de\/wp-content\/uploads\/2021\/03\/surgery-1822458_1280-460x350.jpg",460,350,true],"demand-language-flag":["https:\/\/digidem-bayern.de\/wp-content\/uploads\/2021\/03\/surgery-1822458_1280.jpg",36,24,false],"dddkt-language-flag":["https:\/\/digidem-bayern.de\/wp-content\/uploads\/2021\/03\/surgery-1822458_1280.jpg",36,24,false],"ddiqc-language-flag":["https:\/\/digidem-bayern.de\/wp-content\/uploads\/2021\/03\/surgery-1822458_1280.jpg",36,24,false],"ddtl-language-flag":["https:\/\/digidem-bayern.de\/wp-content\/uploads\/2021\/03\/surgery-1822458_1280.jpg",36,24,false],"mailpoet_newsletter_max":["https:\/\/digidem-bayern.de\/wp-content\/uploads\/2021\/03\/surgery-1822458_1280.jpg",1280,854,false],"kahuna-lpbox-3":["https:\/\/digidem-bayern.de\/wp-content\/uploads\/2021\/03\/surgery-1822458_1280-460x350.jpg",460,350,true],"kahuna-featured-square":["https:\/\/digidem-bayern.de\/wp-content\/uploads\/2021\/03\/surgery-1822458_1280-512x512.jpg",512,512,true],"kahuna-featured-square-large":["https:\/\/digidem-bayern.de\/wp-content\/uploads\/2021\/03\/surgery-1822458_1280-1024x854.jpg",1024,854,true]},"qubely_author":{"display_name":"Michael Zeiler","author_link":"https:\/\/digidem-bayern.de\/en\/author\/michael-zeiler\/"},"qubely_comment":0,"qubely_category":"<a href=\"https:\/\/digidem-bayern.de\/en\/category\/wissenschaft-forschung\/\" rel=\"category tag\">Wissenschaft &amp; Forschung<\/a>","qubely_excerpt":"Wie wirkt sich Schichtarbeit auf die Gesundheit aus? Zu den m\u00f6glichen Folgen z\u00e4hlen laut aktuellen Studien Krebs, Diabetes und Herz-Kreislauf-Erkrankungen. Die Forschung \u00fcber einen Zusammenhang zwischen Schichtarbeit und Demenz ergab bislang kein einheitliches Bild. D\u00e4nische Wissenschaftler*innen wollten dem n\u00e4her auf den Grund gehen. Die Wissenschaftler*innen um Jeanette Therming J\u00f8rgensen von &hellip;","featured_image_urls_v2":{"full":["https:\/\/digidem-bayern.de\/wp-content\/uploads\/2021\/03\/surgery-1822458_1280.jpg",1280,854,false],"thumbnail":["https:\/\/digidem-bayern.de\/wp-content\/uploads\/2021\/03\/surgery-1822458_1280-80x80.jpg",80,80,true],"medium":["https:\/\/digidem-bayern.de\/wp-content\/uploads\/2021\/03\/surgery-1822458_1280-300x200.jpg",300,200,true],"medium_large":["https:\/\/digidem-bayern.de\/wp-content\/uploads\/2021\/03\/surgery-1822458_1280-768x512.jpg",768,512,true],"large":["https:\/\/digidem-bayern.de\/wp-content\/uploads\/2021\/03\/surgery-1822458_1280-1030x687.jpg",1030,687,true],"1536x1536":["https:\/\/digidem-bayern.de\/wp-content\/uploads\/2021\/03\/surgery-1822458_1280.jpg",1280,854,false],"2048x2048":["https:\/\/digidem-bayern.de\/wp-content\/uploads\/2021\/03\/surgery-1822458_1280.jpg",1280,854,false],"trp-custom-language-flag":["https:\/\/digidem-bayern.de\/wp-content\/uploads\/2021\/03\/surgery-1822458_1280.jpg",18,12,false],"qubely_landscape":["https:\/\/digidem-bayern.de\/wp-content\/uploads\/2021\/03\/surgery-1822458_1280-1200x750.jpg",1200,750,true],"qubely_portrait":["https:\/\/digidem-bayern.de\/wp-content\/uploads\/2021\/03\/surgery-1822458_1280-540x320.jpg",540,320,true],"qubely_thumbnail":["https:\/\/digidem-bayern.de\/wp-content\/uploads\/2021\/03\/surgery-1822458_1280-140x100.jpg",140,100,true],"post-thumbnail":["https:\/\/digidem-bayern.de\/wp-content\/uploads\/2021\/03\/surgery-1822458_1280-525x350.jpg",525,350,true],"kahuna-featured":["https:\/\/digidem-bayern.de\/wp-content\/uploads\/2021\/03\/surgery-1822458_1280-649x350.jpg",649,350,true],"kahuna-featured-lp":["https:\/\/digidem-bayern.de\/wp-content\/uploads\/2021\/03\/surgery-1822458_1280-460x350.jpg",460,350,true],"kahuna-featured-half":["https:\/\/digidem-bayern.de\/wp-content\/uploads\/2021\/03\/surgery-1822458_1280-800x350.jpg",800,350,true],"kahuna-featured-third":["https:\/\/digidem-bayern.de\/wp-content\/uploads\/2021\/03\/surgery-1822458_1280-512x350.jpg",512,350,true],"kahuna-lpbox-1":["https:\/\/digidem-bayern.de\/wp-content\/uploads\/2021\/03\/surgery-1822458_1280-460x350.jpg",394,300,true],"kahuna-lpbox-2":["https:\/\/digidem-bayern.de\/wp-content\/uploads\/2021\/03\/surgery-1822458_1280-460x350.jpg",460,350,true],"demand-language-flag":["https:\/\/digidem-bayern.de\/wp-content\/uploads\/2021\/03\/surgery-1822458_1280.jpg",36,24,false],"dddkt-language-flag":["https:\/\/digidem-bayern.de\/wp-content\/uploads\/2021\/03\/surgery-1822458_1280.jpg",36,24,false],"ddiqc-language-flag":["https:\/\/digidem-bayern.de\/wp-content\/uploads\/2021\/03\/surgery-1822458_1280.jpg",36,24,false],"ddtl-language-flag":["https:\/\/digidem-bayern.de\/wp-content\/uploads\/2021\/03\/surgery-1822458_1280.jpg",36,24,false],"mailpoet_newsletter_max":["https:\/\/digidem-bayern.de\/wp-content\/uploads\/2021\/03\/surgery-1822458_1280.jpg",1280,854,false],"kahuna-lpbox-3":["https:\/\/digidem-bayern.de\/wp-content\/uploads\/2021\/03\/surgery-1822458_1280-460x350.jpg",460,350,true],"kahuna-featured-square":["https:\/\/digidem-bayern.de\/wp-content\/uploads\/2021\/03\/surgery-1822458_1280-512x512.jpg",512,512,true],"kahuna-featured-square-large":["https:\/\/digidem-bayern.de\/wp-content\/uploads\/2021\/03\/surgery-1822458_1280-1024x854.jpg",1024,854,true]},"post_excerpt_stackable_v2":"<p>Wie wirkt sich Schichtarbeit auf die Gesundheit aus? Zu den m\u00f6glichen Folgen z\u00e4hlen laut aktuellen Studien Krebs, Diabetes und Herz-Kreislauf-Erkrankungen. Die Forschung \u00fcber einen Zusammenhang zwischen Schichtarbeit und Demenz ergab bislang kein einheitliches Bild. D\u00e4nische Wissenschaftler*innen wollten dem n\u00e4her auf den Grund gehen. Die Wissenschaftler*innen um Jeanette Therming J\u00f8rgensen von der Universit\u00e4t Kopenhagen gehen zun\u00e4chst auf das Bindeglied zwischen Schichtarbeit und Demenz ein: Schlafst\u00f6rungen bzw. Schlafmangel, die einerseits unter Schichtarbeiter*innen weit verbreitet seien und andererseits die Entwicklung einer Demenz beg\u00fcnstigen k\u00f6nnten. Widerspr\u00fcchliche Hinweise zu Schichtarbeit und Demenzrisiko Obwohl der Zusammenhang zwischen Schlafst\u00f6rungen und kognitivem R\u00fcckgang bereits breit erforscht sei, g\u00e4be&hellip;<\/p>\n","category_list_v2":"<a href=\"https:\/\/digidem-bayern.de\/en\/category\/wissenschaft-forschung\/\" rel=\"category tag\">Wissenschaft &amp; Forschung<\/a>","author_info_v2":{"name":"Michael Zeiler","url":"https:\/\/digidem-bayern.de\/en\/author\/michael-zeiler\/"},"comments_num_v2":"0 comments","yoast_head":"<!-- This site is optimized with the Yoast SEO plugin v27.4 - https:\/\/yoast.com\/product\/yoast-seo-wordpress\/ -->\n<title>H\u00f6heres Demenzrisiko durch dauerhafte Nachtschichten? - digiDEM Bayern<\/title>\n<meta name=\"description\" content=\"D\u00e4nische Forscher haben die Auswirkungen von Schichtarbeit auf das Demenzrisiko untersucht, anhand von Langzeit-Daten von Krankenschwestern.\" \/>\n<meta name=\"robots\" content=\"index, follow, max-snippet:-1, max-image-preview:large, max-video-preview:-1\" \/>\n<link rel=\"canonical\" href=\"https:\/\/digidem-bayern.de\/en\/demenzrisiko-nachtschichten\/\" \/>\n<meta property=\"og:locale\" content=\"en_US\" \/>\n<meta property=\"og:type\" content=\"article\" \/>\n<meta property=\"og:title\" content=\"H\u00f6heres Demenzrisiko durch dauerhafte Nachtschichten? - digiDEM Bayern\" \/>\n<meta property=\"og:description\" content=\"D\u00e4nische Forscher haben die Auswirkungen von Schichtarbeit auf das Demenzrisiko untersucht, anhand von Langzeit-Daten von Krankenschwestern.\" \/>\n<meta property=\"og:url\" content=\"https:\/\/digidem-bayern.de\/en\/demenzrisiko-nachtschichten\/\" \/>\n<meta property=\"og:site_name\" content=\"digiDEM Bayern\" \/>\n<meta property=\"article:publisher\" content=\"https:\/\/www.facebook.com\/digiDEMBayern\/\" \/>\n<meta property=\"article:published_time\" content=\"2021-03-18T12:00:16+00:00\" \/>\n<meta property=\"article:modified_time\" content=\"2021-03-19T08:43:50+00:00\" \/>\n<meta property=\"og:image\" content=\"https:\/\/digidem-bayern.de\/wp-content\/uploads\/2021\/03\/surgery-1822458_1280.jpg\" \/>\n\t<meta property=\"og:image:width\" content=\"1280\" \/>\n\t<meta property=\"og:image:height\" content=\"854\" \/>\n\t<meta property=\"og:image:type\" content=\"image\/jpeg\" \/>\n<meta name=\"author\" content=\"Michael Zeiler\" \/>\n<meta name=\"twitter:label1\" content=\"Written by\" \/>\n\t<meta name=\"twitter:data1\" content=\"Michael Zeiler\" \/>\n\t<meta name=\"twitter:label2\" content=\"Est. reading time\" \/>\n\t<meta name=\"twitter:data2\" content=\"3 minutes\" \/>\n<script type=\"application\/ld+json\" class=\"yoast-schema-graph\">{\"@context\":\"https:\\\/\\\/schema.org\",\"@graph\":[{\"@type\":\"Article\",\"@id\":\"https:\\\/\\\/digidem-bayern.de\\\/demenzrisiko-nachtschichten\\\/#article\",\"isPartOf\":{\"@id\":\"https:\\\/\\\/digidem-bayern.de\\\/demenzrisiko-nachtschichten\\\/\"},\"author\":{\"name\":\"Michael Zeiler\",\"@id\":\"\\\/#\\\/schema\\\/person\\\/92754ad381f49b3c358d1d8d2c4f90b8\"},\"headline\":\"H\u00f6heres Demenzrisiko durch dauerhafte Nachtschichten?\",\"datePublished\":\"2021-03-18T12:00:16+00:00\",\"dateModified\":\"2021-03-19T08:43:50+00:00\",\"mainEntityOfPage\":{\"@id\":\"https:\\\/\\\/digidem-bayern.de\\\/demenzrisiko-nachtschichten\\\/\"},\"wordCount\":477,\"commentCount\":0,\"publisher\":{\"@id\":\"\\\/#organization\"},\"image\":{\"@id\":\"https:\\\/\\\/digidem-bayern.de\\\/demenzrisiko-nachtschichten\\\/#primaryimage\"},\"thumbnailUrl\":\"https:\\\/\\\/digidem-bayern.de\\\/wp-content\\\/uploads\\\/2021\\\/03\\\/surgery-1822458_1280.jpg\",\"keywords\":[\"Alzheimer\",\"Demenz\",\"Demenz-Forschung\",\"Demenzrisiko\",\"Nachtschichten\",\"Schichtarbeit\"],\"articleSection\":[\"Wissenschaft &amp; Forschung\"],\"inLanguage\":\"en-US\",\"potentialAction\":[{\"@type\":\"CommentAction\",\"name\":\"Comment\",\"target\":[\"https:\\\/\\\/digidem-bayern.de\\\/demenzrisiko-nachtschichten\\\/#respond\"]}]},{\"@type\":\"WebPage\",\"@id\":\"https:\\\/\\\/digidem-bayern.de\\\/demenzrisiko-nachtschichten\\\/\",\"url\":\"https:\\\/\\\/digidem-bayern.de\\\/demenzrisiko-nachtschichten\\\/\",\"name\":\"H\u00f6heres Demenzrisiko durch dauerhafte Nachtschichten? - digiDEM Bayern\",\"isPartOf\":{\"@id\":\"\\\/#website\"},\"primaryImageOfPage\":{\"@id\":\"https:\\\/\\\/digidem-bayern.de\\\/demenzrisiko-nachtschichten\\\/#primaryimage\"},\"image\":{\"@id\":\"https:\\\/\\\/digidem-bayern.de\\\/demenzrisiko-nachtschichten\\\/#primaryimage\"},\"thumbnailUrl\":\"https:\\\/\\\/digidem-bayern.de\\\/wp-content\\\/uploads\\\/2021\\\/03\\\/surgery-1822458_1280.jpg\",\"datePublished\":\"2021-03-18T12:00:16+00:00\",\"dateModified\":\"2021-03-19T08:43:50+00:00\",\"description\":\"D\u00e4nische Forscher haben die Auswirkungen von Schichtarbeit auf das Demenzrisiko untersucht, anhand von Langzeit-Daten von Krankenschwestern.\",\"breadcrumb\":{\"@id\":\"https:\\\/\\\/digidem-bayern.de\\\/demenzrisiko-nachtschichten\\\/#breadcrumb\"},\"inLanguage\":\"en-US\",\"potentialAction\":[{\"@type\":\"ReadAction\",\"target\":[\"https:\\\/\\\/digidem-bayern.de\\\/demenzrisiko-nachtschichten\\\/\"]}]},{\"@type\":\"ImageObject\",\"inLanguage\":\"en-US\",\"@id\":\"https:\\\/\\\/digidem-bayern.de\\\/demenzrisiko-nachtschichten\\\/#primaryimage\",\"url\":\"https:\\\/\\\/digidem-bayern.de\\\/wp-content\\\/uploads\\\/2021\\\/03\\\/surgery-1822458_1280.jpg\",\"contentUrl\":\"https:\\\/\\\/digidem-bayern.de\\\/wp-content\\\/uploads\\\/2021\\\/03\\\/surgery-1822458_1280.jpg\",\"width\":1280,\"height\":854,\"caption\":\"\u00c4rzt*innen und Krankenschwestern am OP-Tisch\"},{\"@type\":\"BreadcrumbList\",\"@id\":\"https:\\\/\\\/digidem-bayern.de\\\/demenzrisiko-nachtschichten\\\/#breadcrumb\",\"itemListElement\":[{\"@type\":\"ListItem\",\"position\":1,\"name\":\"Startseite\",\"item\":\"https:\\\/\\\/digidem-bayern.de\\\/\"},{\"@type\":\"ListItem\",\"position\":2,\"name\":\"H\u00f6heres Demenzrisiko durch dauerhafte Nachtschichten?\"}]},{\"@type\":\"WebSite\",\"@id\":\"\\\/#website\",\"url\":\"\\\/\",\"name\":\"digiDEM Bayern\",\"description\":\"Das digitale Demenzregister Bayern erforscht und verbessert die Angebotsstuktur f\u00fcr Menschen mit Demenz und deren Angeh\u00f6rige\",\"publisher\":{\"@id\":\"\\\/#organization\"},\"potentialAction\":[{\"@type\":\"SearchAction\",\"target\":{\"@type\":\"EntryPoint\",\"urlTemplate\":\"\\\/?s={search_term_string}\"},\"query-input\":{\"@type\":\"PropertyValueSpecification\",\"valueRequired\":true,\"valueName\":\"search_term_string\"}}],\"inLanguage\":\"en-US\"},{\"@type\":\"Organization\",\"@id\":\"\\\/#organization\",\"name\":\"digiDEM Bayern\",\"url\":\"\\\/\",\"logo\":{\"@type\":\"ImageObject\",\"inLanguage\":\"en-US\",\"@id\":\"\\\/#\\\/schema\\\/logo\\\/image\\\/\",\"url\":\"https:\\\/\\\/digidem-bayern.de\\\/wp-content\\\/uploads\\\/2022\\\/03\\\/cropped-Allgemeines_digiDEMLOGO-removebg-preview.png\",\"contentUrl\":\"https:\\\/\\\/digidem-bayern.de\\\/wp-content\\\/uploads\\\/2022\\\/03\\\/cropped-Allgemeines_digiDEMLOGO-removebg-preview.png\",\"width\":612,\"height\":357,\"caption\":\"digiDEM Bayern\"},\"image\":{\"@id\":\"\\\/#\\\/schema\\\/logo\\\/image\\\/\"},\"sameAs\":[\"https:\\\/\\\/www.facebook.com\\\/digiDEMBayern\\\/\",\"https:\\\/\\\/x.com\\\/digidem_bayern\",\"https:\\\/\\\/www.instagram.com\\\/digidem.bayern\",\"https:\\\/\\\/www.linkedin.com\\\/company\\\/digidem-bayern\\\/\"]},{\"@type\":\"Person\",\"@id\":\"\\\/#\\\/schema\\\/person\\\/92754ad381f49b3c358d1d8d2c4f90b8\",\"name\":\"Michael Zeiler\",\"url\":\"https:\\\/\\\/digidem-bayern.de\\\/en\\\/author\\\/michael-zeiler\\\/\"}]}<\/script>\n<!-- \/ Yoast SEO plugin. -->","yoast_head_json":{"title":"H\u00f6heres Demenzrisiko durch dauerhafte Nachtschichten? - digiDEM Bayern","description":"D\u00e4nische Forscher haben die Auswirkungen von Schichtarbeit auf das Demenzrisiko untersucht, anhand von Langzeit-Daten von Krankenschwestern.","robots":{"index":"index","follow":"follow","max-snippet":"max-snippet:-1","max-image-preview":"max-image-preview:large","max-video-preview":"max-video-preview:-1"},"canonical":"https:\/\/digidem-bayern.de\/en\/demenzrisiko-nachtschichten\/","og_locale":"en_US","og_type":"article","og_title":"H\u00f6heres Demenzrisiko durch dauerhafte Nachtschichten? - digiDEM Bayern","og_description":"D\u00e4nische Forscher haben die Auswirkungen von Schichtarbeit auf das Demenzrisiko untersucht, anhand von Langzeit-Daten von Krankenschwestern.","og_url":"https:\/\/digidem-bayern.de\/en\/demenzrisiko-nachtschichten\/","og_site_name":"digiDEM Bayern","article_publisher":"https:\/\/www.facebook.com\/digiDEMBayern\/","article_published_time":"2021-03-18T12:00:16+00:00","article_modified_time":"2021-03-19T08:43:50+00:00","og_image":[{"width":1280,"height":854,"url":"https:\/\/digidem-bayern.de\/wp-content\/uploads\/2021\/03\/surgery-1822458_1280.jpg","type":"image\/jpeg"}],"author":"Michael Zeiler","twitter_misc":{"Written by":"Michael Zeiler","Est. reading time":"3 minutes"},"schema":{"@context":"https:\/\/schema.org","@graph":[{"@type":"Article","@id":"https:\/\/digidem-bayern.de\/demenzrisiko-nachtschichten\/#article","isPartOf":{"@id":"https:\/\/digidem-bayern.de\/demenzrisiko-nachtschichten\/"},"author":{"name":"Michael Zeiler","@id":"\/#\/schema\/person\/92754ad381f49b3c358d1d8d2c4f90b8"},"headline":"H\u00f6heres Demenzrisiko durch dauerhafte Nachtschichten?","datePublished":"2021-03-18T12:00:16+00:00","dateModified":"2021-03-19T08:43:50+00:00","mainEntityOfPage":{"@id":"https:\/\/digidem-bayern.de\/demenzrisiko-nachtschichten\/"},"wordCount":477,"commentCount":0,"publisher":{"@id":"\/#organization"},"image":{"@id":"https:\/\/digidem-bayern.de\/demenzrisiko-nachtschichten\/#primaryimage"},"thumbnailUrl":"https:\/\/digidem-bayern.de\/wp-content\/uploads\/2021\/03\/surgery-1822458_1280.jpg","keywords":["Alzheimer","Demenz","Demenz-Forschung","Demenzrisiko","Nachtschichten","Schichtarbeit"],"articleSection":["Wissenschaft &amp; Forschung"],"inLanguage":"en-US","potentialAction":[{"@type":"CommentAction","name":"Comment","target":["https:\/\/digidem-bayern.de\/demenzrisiko-nachtschichten\/#respond"]}]},{"@type":"WebPage","@id":"https:\/\/digidem-bayern.de\/demenzrisiko-nachtschichten\/","url":"https:\/\/digidem-bayern.de\/demenzrisiko-nachtschichten\/","name":"H\u00f6heres Demenzrisiko durch dauerhafte Nachtschichten? - digiDEM Bayern","isPartOf":{"@id":"\/#website"},"primaryImageOfPage":{"@id":"https:\/\/digidem-bayern.de\/demenzrisiko-nachtschichten\/#primaryimage"},"image":{"@id":"https:\/\/digidem-bayern.de\/demenzrisiko-nachtschichten\/#primaryimage"},"thumbnailUrl":"https:\/\/digidem-bayern.de\/wp-content\/uploads\/2021\/03\/surgery-1822458_1280.jpg","datePublished":"2021-03-18T12:00:16+00:00","dateModified":"2021-03-19T08:43:50+00:00","description":"D\u00e4nische Forscher haben die Auswirkungen von Schichtarbeit auf das Demenzrisiko untersucht, anhand von Langzeit-Daten von Krankenschwestern.","breadcrumb":{"@id":"https:\/\/digidem-bayern.de\/demenzrisiko-nachtschichten\/#breadcrumb"},"inLanguage":"en-US","potentialAction":[{"@type":"ReadAction","target":["https:\/\/digidem-bayern.de\/demenzrisiko-nachtschichten\/"]}]},{"@type":"ImageObject","inLanguage":"en-US","@id":"https:\/\/digidem-bayern.de\/demenzrisiko-nachtschichten\/#primaryimage","url":"https:\/\/digidem-bayern.de\/wp-content\/uploads\/2021\/03\/surgery-1822458_1280.jpg","contentUrl":"https:\/\/digidem-bayern.de\/wp-content\/uploads\/2021\/03\/surgery-1822458_1280.jpg","width":1280,"height":854,"caption":"\u00c4rzt*innen und Krankenschwestern am OP-Tisch"},{"@type":"BreadcrumbList","@id":"https:\/\/digidem-bayern.de\/demenzrisiko-nachtschichten\/#breadcrumb","itemListElement":[{"@type":"ListItem","position":1,"name":"Startseite","item":"https:\/\/digidem-bayern.de\/"},{"@type":"ListItem","position":2,"name":"H\u00f6heres Demenzrisiko durch dauerhafte Nachtschichten?"}]},{"@type":"WebSite","@id":"\/#website","url":"\/","name":"digiDEM Bavaria","description":"The digital dementia register in Bavaria researches and improves the structure of services for people with dementia and their relatives","publisher":{"@id":"\/#organization"},"potentialAction":[{"@type":"SearchAction","target":{"@type":"EntryPoint","urlTemplate":"\/?s={search_term_string}"},"query-input":{"@type":"PropertyValueSpecification","valueRequired":true,"valueName":"search_term_string"}}],"inLanguage":"en-US"},{"@type":"Organization","@id":"\/#organization","name":"digiDEM Bavaria","url":"\/","logo":{"@type":"ImageObject","inLanguage":"en-US","@id":"\/#\/schema\/logo\/image\/","url":"https:\/\/digidem-bayern.de\/wp-content\/uploads\/2022\/03\/cropped-Allgemeines_digiDEMLOGO-removebg-preview.png","contentUrl":"https:\/\/digidem-bayern.de\/wp-content\/uploads\/2022\/03\/cropped-Allgemeines_digiDEMLOGO-removebg-preview.png","width":612,"height":357,"caption":"digiDEM Bayern"},"image":{"@id":"\/#\/schema\/logo\/image\/"},"sameAs":["https:\/\/www.facebook.com\/digiDEMBayern\/","https:\/\/x.com\/digidem_bayern","https:\/\/www.instagram.com\/digidem.bayern","https:\/\/www.linkedin.com\/company\/digidem-bayern\/"]},{"@type":"Person","@id":"\/#\/schema\/person\/92754ad381f49b3c358d1d8d2c4f90b8","name":"Michael Zeiler","url":"https:\/\/digidem-bayern.de\/en\/author\/michael-zeiler\/"}]}},"uagb_featured_image_src":{"full":["https:\/\/digidem-bayern.de\/wp-content\/uploads\/2021\/03\/surgery-1822458_1280.jpg",1280,854,false],"thumbnail":["https:\/\/digidem-bayern.de\/wp-content\/uploads\/2021\/03\/surgery-1822458_1280-80x80.jpg",80,80,true],"medium":["https:\/\/digidem-bayern.de\/wp-content\/uploads\/2021\/03\/surgery-1822458_1280-300x200.jpg",300,200,true],"medium_large":["https:\/\/digidem-bayern.de\/wp-content\/uploads\/2021\/03\/surgery-1822458_1280-768x512.jpg",768,512,true],"large":["https:\/\/digidem-bayern.de\/wp-content\/uploads\/2021\/03\/surgery-1822458_1280-1030x687.jpg",1030,687,true],"1536x1536":["https:\/\/digidem-bayern.de\/wp-content\/uploads\/2021\/03\/surgery-1822458_1280.jpg",1280,854,false],"2048x2048":["https:\/\/digidem-bayern.de\/wp-content\/uploads\/2021\/03\/surgery-1822458_1280.jpg",1280,854,false],"trp-custom-language-flag":["https:\/\/digidem-bayern.de\/wp-content\/uploads\/2021\/03\/surgery-1822458_1280.jpg",18,12,false],"qubely_landscape":["https:\/\/digidem-bayern.de\/wp-content\/uploads\/2021\/03\/surgery-1822458_1280-1200x750.jpg",1200,750,true],"qubely_portrait":["https:\/\/digidem-bayern.de\/wp-content\/uploads\/2021\/03\/surgery-1822458_1280-540x320.jpg",540,320,true],"qubely_thumbnail":["https:\/\/digidem-bayern.de\/wp-content\/uploads\/2021\/03\/surgery-1822458_1280-140x100.jpg",140,100,true],"post-thumbnail":["https:\/\/digidem-bayern.de\/wp-content\/uploads\/2021\/03\/surgery-1822458_1280-525x350.jpg",525,350,true],"kahuna-featured":["https:\/\/digidem-bayern.de\/wp-content\/uploads\/2021\/03\/surgery-1822458_1280-649x350.jpg",649,350,true],"kahuna-featured-lp":["https:\/\/digidem-bayern.de\/wp-content\/uploads\/2021\/03\/surgery-1822458_1280-460x350.jpg",460,350,true],"kahuna-featured-half":["https:\/\/digidem-bayern.de\/wp-content\/uploads\/2021\/03\/surgery-1822458_1280-800x350.jpg",800,350,true],"kahuna-featured-third":["https:\/\/digidem-bayern.de\/wp-content\/uploads\/2021\/03\/surgery-1822458_1280-512x350.jpg",512,350,true],"kahuna-lpbox-1":["https:\/\/digidem-bayern.de\/wp-content\/uploads\/2021\/03\/surgery-1822458_1280-460x350.jpg",394,300,true],"kahuna-lpbox-2":["https:\/\/digidem-bayern.de\/wp-content\/uploads\/2021\/03\/surgery-1822458_1280-460x350.jpg",460,350,true],"demand-language-flag":["https:\/\/digidem-bayern.de\/wp-content\/uploads\/2021\/03\/surgery-1822458_1280.jpg",36,24,false],"dddkt-language-flag":["https:\/\/digidem-bayern.de\/wp-content\/uploads\/2021\/03\/surgery-1822458_1280.jpg",36,24,false],"ddiqc-language-flag":["https:\/\/digidem-bayern.de\/wp-content\/uploads\/2021\/03\/surgery-1822458_1280.jpg",36,24,false],"ddtl-language-flag":["https:\/\/digidem-bayern.de\/wp-content\/uploads\/2021\/03\/surgery-1822458_1280.jpg",36,24,false],"mailpoet_newsletter_max":["https:\/\/digidem-bayern.de\/wp-content\/uploads\/2021\/03\/surgery-1822458_1280.jpg",1280,854,false],"kahuna-lpbox-3":["https:\/\/digidem-bayern.de\/wp-content\/uploads\/2021\/03\/surgery-1822458_1280-460x350.jpg",460,350,true],"kahuna-featured-square":["https:\/\/digidem-bayern.de\/wp-content\/uploads\/2021\/03\/surgery-1822458_1280-512x512.jpg",512,512,true],"kahuna-featured-square-large":["https:\/\/digidem-bayern.de\/wp-content\/uploads\/2021\/03\/surgery-1822458_1280-1024x854.jpg",1024,854,true]},"uagb_author_info":{"display_name":"Michael Zeiler","author_link":"https:\/\/digidem-bayern.de\/en\/author\/michael-zeiler\/"},"uagb_comment_info":0,"uagb_excerpt":"Wie wirkt sich Schichtarbeit auf die Gesundheit aus? Zu den m\u00f6glichen Folgen z\u00e4hlen laut aktuellen Studien Krebs, Diabetes und Herz-Kreislauf-Erkrankungen. Die Forschung \u00fcber einen Zusammenhang zwischen Schichtarbeit und Demenz ergab bislang kein einheitliches Bild. D\u00e4nische Wissenschaftler*innen wollten dem n\u00e4her auf den Grund gehen. Die Wissenschaftler*innen um Jeanette Therming J\u00f8rgensen von &hellip;","_links":{"self":[{"href":"https:\/\/digidem-bayern.de\/en\/wp-json\/wp\/v2\/posts\/11275","targetHints":{"allow":["GET"]}}],"collection":[{"href":"https:\/\/digidem-bayern.de\/en\/wp-json\/wp\/v2\/posts"}],"about":[{"href":"https:\/\/digidem-bayern.de\/en\/wp-json\/wp\/v2\/types\/post"}],"author":[{"embeddable":true,"href":"https:\/\/digidem-bayern.de\/en\/wp-json\/wp\/v2\/users\/11"}],"replies":[{"embeddable":true,"href":"https:\/\/digidem-bayern.de\/en\/wp-json\/wp\/v2\/comments?post=11275"}],"version-history":[{"count":5,"href":"https:\/\/digidem-bayern.de\/en\/wp-json\/wp\/v2\/posts\/11275\/revisions"}],"predecessor-version":[{"id":11312,"href":"https:\/\/digidem-bayern.de\/en\/wp-json\/wp\/v2\/posts\/11275\/revisions\/11312"}],"wp:featuredmedia":[{"embeddable":true,"href":"https:\/\/digidem-bayern.de\/en\/wp-json\/wp\/v2\/media\/11278"}],"wp:attachment":[{"href":"https:\/\/digidem-bayern.de\/en\/wp-json\/wp\/v2\/media?parent=11275"}],"wp:term":[{"taxonomy":"category","embeddable":true,"href":"https:\/\/digidem-bayern.de\/en\/wp-json\/wp\/v2\/categories?post=11275"},{"taxonomy":"post_tag","embeddable":true,"href":"https:\/\/digidem-bayern.de\/en\/wp-json\/wp\/v2\/tags?post=11275"}],"curies":[{"name":"wp","href":"https:\/\/api.w.org\/{rel}","templated":true}]}}