{"id":10817,"date":"2021-03-02T08:43:01","date_gmt":"2021-03-02T07:43:01","guid":{"rendered":"https:\/\/digidem-bayern.de\/?p=10817"},"modified":"2023-05-11T15:19:10","modified_gmt":"2023-05-11T13:19:10","slug":"webinar-signaletik-orientierung-demenz","status":"publish","type":"post","link":"https:\/\/digidem-bayern.de\/en\/webinar-signaletik-orientierung-demenz\/","title":{"rendered":"Signaletik &#8211; R\u00e4umliche Orientierung f\u00fcr Menschen mit Demenz"},"content":{"rendered":"<h4 class=\"wp-block-heading\">&#8222;\u2026 und wo ist jetzt hier die Toilette?\u201c &#8211; diese Frage hat sich schon jeder von uns gestellt, vor allem wenn es darum geht, sich in gro\u00dfen und komplexen Geb\u00e4uden zu orientieren. Gerade f\u00fcr \u00e4ltere Menschen und Menschen mit kognitiven Beeintr\u00e4chtigungen ist die Sicherheit in der r\u00e4umlichen Orientierung wichtig, um die Selbstbestimmung zu f\u00f6rdern. Unser Webinar befasste sich daher mit der Signaletik: Wenn Bild, Farbe und Schrift gut aufeinander abgestimmt sind, die Beleuchtung und Merkposten richtig positioniert sind und Blickbez\u00fcge bestehen, kann Verirren verhindert werden.<\/h4>\n\n\n\n<div class=\"wp-block-group\"><div class=\"wp-block-group__inner-container is-layout-flow wp-block-group-is-layout-flow\"><div class=\"wp-block-image\">\n<figure class=\"alignright size-medium is-resized\"><img loading=\"lazy\" decoding=\"async\" src=\"https:\/\/test.digidem-bayern.de\/wp-content\/uploads\/2020\/11\/DrBirgitDietz_FotoHolger-Gotschall\u00a9BIfadA_3-edited-2.jpg\" alt=\"\" class=\"wp-image-8842\" width=\"156\" height=\"156\" srcset=\"https:\/\/digidem-bayern.de\/wp-content\/uploads\/2020\/11\/DrBirgitDietz_FotoHolger-Gotschall\u00a9BIfadA_3-edited-2.jpg 1065w, https:\/\/digidem-bayern.de\/wp-content\/uploads\/2020\/11\/DrBirgitDietz_FotoHolger-Gotschall\u00a9BIfadA_3-edited-2-298x300.jpg 298w, https:\/\/digidem-bayern.de\/wp-content\/uploads\/2020\/11\/DrBirgitDietz_FotoHolger-Gotschall\u00a9BIfadA_3-edited-2-1024x1024.jpg 1024w, https:\/\/digidem-bayern.de\/wp-content\/uploads\/2020\/11\/DrBirgitDietz_FotoHolger-Gotschall\u00a9BIfadA_3-edited-2-80x80.jpg 80w, https:\/\/digidem-bayern.de\/wp-content\/uploads\/2020\/11\/DrBirgitDietz_FotoHolger-Gotschall\u00a9BIfadA_3-edited-2-768x772.jpg 768w, https:\/\/digidem-bayern.de\/wp-content\/uploads\/2020\/11\/DrBirgitDietz_FotoHolger-Gotschall\u00a9BIfadA_3-edited-2-348x350.jpg 348w, https:\/\/digidem-bayern.de\/wp-content\/uploads\/2020\/11\/DrBirgitDietz_FotoHolger-Gotschall\u00a9BIfadA_3-edited-2-512x512.jpg 512w\" sizes=\"auto, (max-width: 156px) 100vw, 156px\" \/><figcaption class=\"wp-element-caption\">Dr. Birgit Dietz<\/figcaption><\/figure>\n<\/div>\n\n\n<p>Frau Dr. Birgit Dietz zeigte uns in ihrem dritten Beitrag auf, wie die Orientierung&nbsp;in komplexen Geb\u00e4uden erleichtert werden kann und gab anhand dessen auch praktische Tipps, wie&nbsp;pflegende Angeh\u00f6rige durch einfache Kniffe die Orientierung von Menschen mit kognitiven Beeintr\u00e4chtigungen in ihrem Zuhause st\u00e4rken k\u00f6nnen. Dies gibt nicht nur Selbstbestimmung und Sicherheit, sondern erleichtert auch den Alltag.<\/p>\n\n\n\n<p><br>Dr. Birgit Dietz ist Architektin und Leiterin des Bayerischen Instituts f\u00fcr alters- und demenzsensible Architektur in Bamberg. Sie gab uns bereits im Rahmen von zwei Webinaren Ende 2020 einen Einblick in ihr Fachgebiet. Der Beitrag \u201ePlanen f\u00fcr alle Sinne\u201c befasste sich mit alterssensibler Architektur, der Beitrag \u201eUnterst\u00fctzende Gestaltung\u201c nahm die demenzsensible Architektur in den Fokus. In diesem Webinar wird die Reihe nun durch einen Beitrag zur Orientierung &amp; Signaletik f\u00fcr Menschen mit kognitiven Beeintr\u00e4chtigungen komplettiert.<\/p>\n\n\n\n<div style=\"height:30px\" aria-hidden=\"true\" class=\"wp-block-spacer\"><\/div>\n\n\n\n<figure class=\"wp-block-embed is-type-video is-provider-youtube wp-block-embed-youtube wp-embed-aspect-16-9 wp-has-aspect-ratio\"><div class=\"wp-block-embed__wrapper\">\n<iframe loading=\"lazy\" title=\"Webinar: Signaletik - R\u00e4umliche Orientierung f\u00fcr Menschen mit Demenz\" width=\"1223\" height=\"688\" src=\"https:\/\/www.youtube.com\/embed\/_nx1TMuiCU0?feature=oembed\" frameborder=\"0\" allow=\"accelerometer; autoplay; clipboard-write; encrypted-media; gyroscope; picture-in-picture\" allowfullscreen><\/iframe>\n<\/div><\/figure>\n\n\n\n<p><\/p>\n<\/div><\/div>\n\n\n\n<p class=\"has-text-align-center\"><\/p>\n\n\n\n<div style=\"height:20px\" aria-hidden=\"true\" class=\"wp-block-spacer\"><\/div>\n\n\n\n<p class=\"has-text-align-center\"><strong>Fragen der Teilnehmer*innen und Antworten von Dr. Birgit Dietz:<\/strong><\/p>\n\n\n\n<div style=\"height:20px\" aria-hidden=\"true\" class=\"wp-block-spacer\"><\/div>\n\n\n\n<div class=\"qubely-block-accordion  qubely-block-cbc232\" data-item-toggle=\"true\">\n<div class=\"wp-block-qubely-accordion-item qubely-block-9514df\"><div class=\"qubely-accordion-item qubely-type-fill false\"><div class=\"qubely-accordion-panel qubely-icon-position-right\"><span class=\"qubely-accordion-panel-handler\" role=\"button\"><span class=\"qubely-accordion-panel-handler-label\">Welche M\u00f6glichkeit zur Unterst\u00fctzung k\u00f6nnen Sie empfehlen, damit eine demente Person mit starken Seheinschr\u00e4nkungen die Toilette finden kann? Die Anbringung eines Schildes an der Toilettent\u00fcr war bisher nicht zielf\u00fchrend.<\/span><span class=\"qubely-accordion-icon fa fa-plus\"><\/span><\/span><\/div><div class=\"qubely-accordion-body\"><div itemprop=\"text\">\n<p>Das Schild an der T\u00fcre ist ja erst zu erkennen, wenn man bereits sehr nah am Ziel ist, doch was bremst die Wegfindung bis dorthin? Wir haben gute Erfahrungen mit dem Leiten durch Licht gemacht, denn Menschen gehen dorthin, wo es heller ist. <\/p>\n\n\n\n<p>Vielleicht fehlen Haltegriffe bzw. ein Handlauf oder es st\u00f6ren Schwellen, Teppiche, Schatten o.\u00e4. auf dem Weg. Und dann muss das Schild nat\u00fcrlich gut erkennbar auf Augenh\u00f6he angebracht sein, der T\u00fcrgriff sich absetzen, innen der Lichtschalter zu finden sein etc. \u2013 vieles muss zusammenspielen, damit diese Aufgaben f\u00fcr uns weiterhin zu bew\u00e4ltigen sind.<\/p>\n\n\n\n<p><em>(Anmerkung des Webinar-Teams: Weitere Informationen dazu finden Sie in den ersten beiden Webinaren mit Frau Dr. Dietz, die weiter unten auf dieser Webseite verlinkt sind,)<\/em><\/p>\n<\/div><\/div><\/div><\/div>\n\n\n\n<div class=\"wp-block-qubely-accordion-item qubely-block-de32a7\"><div class=\"qubely-accordion-item qubely-type-fill false\"><div class=\"qubely-accordion-panel qubely-icon-position-right\"><span class=\"qubely-accordion-panel-handler\" role=\"button\"><span class=\"qubely-accordion-panel-handler-label\">Kann Musik bei der Wiedererkennung von R\u00e4umen helfen?<\/span><span class=\"qubely-accordion-icon fa fa-plus\"><\/span><\/span><\/div><div class=\"qubely-accordion-body\"><div itemprop=\"text\">\n<p>Wir nutzen Musik bislang nur zur Tagesstrukturierung. So wird beispielsweise in einem Pflegeheim ein Walzer eingespielt, sobald das Mittagessen fertig ist, und alle wissen dann, dass sie nun in den Speiseraum kommen sollen bzw. gleich abgeholt werden.<\/p>\n\n\n\n<p>Das Erkennen eines Raumes anhand der jeweiligen Musik k\u00f6nnte ich mir im Wohnraum vorstellen \u2013 allerdings eher in dem Sinne, dass Musik Aufmerksamkeit erregt und wenn sie einem gef\u00e4llt zum Kommen einl\u00e4dt.<\/p>\n\n\n\n<p>Wir wollen eine Lebenswelt f\u00fcr die Erkrankten anbieten, die dem Bew\u00e4ltigungsverm\u00f6gen angepasst ist. Intervalle von Ruhe und Aktivit\u00e4t sollten sich abwechseln. Eine \u201eDauerberieselung\u201c mit Musik w\u00e4re hier sicher nicht w\u00fcnschenswert.<\/p>\n\n\n\n<p><\/p>\n<\/div><\/div><\/div><\/div>\n\n\n\n<div class=\"wp-block-qubely-accordion-item qubely-block-bc8eab\"><div class=\"qubely-accordion-item qubely-type-fill false\"><div class=\"qubely-accordion-panel qubely-icon-position-right\"><span class=\"qubely-accordion-panel-handler\" role=\"button\"><span class=\"qubely-accordion-panel-handler-label\">Haben Sie eine Idee, wie man die Decke eines Raumes f\u00fcr eine bettl\u00e4gerige Person gestalten kann, damit diese nicht nur an die wei\u00dfe Decke blickt?<\/span><span class=\"qubely-accordion-icon fa fa-plus\"><\/span><\/span><\/div><div class=\"qubely-accordion-body\"><div itemprop=\"text\">\n<p>Hier gibt es ein paar generelle Grundlagen, die beachtet werden sollten. Am besten erfolgt die Beleuchtung der Decke durch indirektes Licht. Eine Leuchte direkt \u00fcber dem Bett sollte vermieden werden. Au\u00dferdem empfiehlt es sich, die Raumkontur sichtbar zu gestalten, indem beispielsweise die Wandfarbe etwas dunkler als die Deckenfarbe gew\u00e4hlt wird oder eine Verzierung, eine Hohlkehle, ein Stuckrand oder \u00e4hnliches den \u00dcbergang der Wand zur Zimmerdecke markiert.<\/p>\n\n\n\n<p>Bei der Gestaltung der Decke sollte beachtet werden, dass diese ver\u00e4nderbar ist und eine ruhige Oberfl\u00e4che hat. Bei manchen Menschen mit Demenz kann eine individuelle Gestaltung der Decke beruhigend wirken, wie etwa mit T\u00fcchern oder Lichtprojektionen. Bei anderen kann dies aber auch Angst ausl\u00f6sen, da es ungew\u00f6hnlich ist, wenn sich an der Decke etwas befindet. Es muss also sorgf\u00e4ltig beobachtet werden, wie die Reaktion des Bewohners oder der Bewohnerin ausf\u00e4llt.<\/p>\n\n\n\n<p>Insbesondere hellblaue Decken werden oft als angenehm und beruhigend empfunden, vermutlich, weil sie an einen nat\u00fcrlichen blauen Himmel erinnern.<\/p>\n<\/div><\/div><\/div><\/div>\n\n\n\n<div class=\"wp-block-qubely-accordion-item qubely-block-b72ca0\"><div class=\"qubely-accordion-item qubely-type-fill false\"><div class=\"qubely-accordion-panel qubely-icon-position-right\"><span class=\"qubely-accordion-panel-handler\" role=\"button\"><span class=\"qubely-accordion-panel-handler-label\">In einigen Pflegeeinrichtungen sollen bestimmte Bewohnerinnen und Bewohner den Ausgang bewusst nicht finden. Haben Sie Tipps, wie das gestaltet werden kann?<\/span><span class=\"qubely-accordion-icon fa fa-plus\"><\/span><\/span><\/div><div class=\"qubely-accordion-body\"><div itemprop=\"text\">\n<p>Man kann in solchen F\u00e4llen versuchen den Ausgang zu kaschieren. Ein Beispiel daf\u00fcr w\u00e4re, dass man den Farbton der T\u00fcr \u00e4hnlich dem der Wandfarbe ausw\u00e4hlt. Aber auch geringere Beleuchtungsst\u00e4rken lassen die T\u00fcr weniger interessant erscheinen als den Flurbereich. Das Kaschieren mit realistischen Motiven, wie B\u00fccherregalen, Blumenwiesen und \u00e4hnlichem mag ich pers\u00f6nlich gar nicht, meine Erfahrungen zeigen, dass Scheinwelten immer wieder verwirren und frustrieren.<\/p>\n\n\n\n<p>Eine weitere hilfreiche M\u00f6glichkeit besteht in der Schaffung von Orten, an denen man sich gerne aufh\u00e4lt, sich bet\u00e4tigen kann. Solche Anregungspunkte laden zum Verweilen ein und k\u00f6nnen den Drang zum Laufen vermindern.<\/p>\n<\/div><\/div><\/div><\/div>\n\n\n\n<div class=\"wp-block-qubely-accordion-item qubely-block-4378fc\"><div class=\"qubely-accordion-item qubely-type-fill false\"><div class=\"qubely-accordion-panel qubely-icon-position-right\"><span class=\"qubely-accordion-panel-handler\" role=\"button\"><span class=\"qubely-accordion-panel-handler-label\">Gibt es eine M\u00f6glichkeit mit Hilfe von Signaletik Menschen mit Demenz den Einkauf im Supermarkt zu erleichtern, sodass diese sich besser zwischen den verschiedenen Regalen zurechtzufinden?<\/span><span class=\"qubely-accordion-icon fa fa-plus\"><\/span><\/span><\/div><div class=\"qubely-accordion-body\"><div itemprop=\"text\">\n<p>Besonders in gro\u00dfen Superm\u00e4rkten gibt es oftmals eine regelrechte Reiz\u00fcberflutung durch Musik, Durchsagen oder bunte Regale, die zu Orientierungsschwierigkeiten f\u00fchren kann. Signaletik geht da oft unter, es sei denn, die Regalreihen sind breit und von nur einer Erschlie\u00dfungsstra\u00dfe abgehend, an der jeweils auf Augenh\u00f6he die Beschilderung in Wort und Bild zeigt, was da zu finden ist.<\/p>\n\n\n\n<p>\u00dcbrigens k\u00f6nnte es nicht nur Menschen mit Demenz in gro\u00dfen Superm\u00e4rkten bereits sehr helfen, wenn Produktkategorien immer am gleichen Ort zu finden w\u00e4ren und nicht aus verschiedensten Gr\u00fcnden von Zeit zu Zeit umstrukturiert werden m\u00fcsste.<\/p>\n\n\n\n<p>Auch wenn diese mittlerweile sehr selten zu finden sind, stellen sogenannte \u201eTante Emma L\u00e4den\u201c hier eine Alternative dar, in denen der \u201eKaufmann\u201c oder die \u201eKauffrau\u201c pers\u00f6nlich bedient.<\/p>\n<\/div><\/div><\/div><\/div>\n\n\n\n<div class=\"wp-block-qubely-accordion-item qubely-block-79e0a8\"><div class=\"qubely-accordion-item qubely-type-fill false\"><div class=\"qubely-accordion-panel qubely-icon-position-right\"><span class=\"qubely-accordion-panel-handler\" role=\"button\"><span class=\"qubely-accordion-panel-handler-label\">Manche Menschen mit Demenz bewegen sich aufgrund von Unsicherheiten weniger und verlassen das Haus seltener. Wie k\u00f6nnte man diese Personen durch Signaletik dazu animieren, sich mehr zu bewegen?<\/span><span class=\"qubely-accordion-icon fa fa-plus\"><\/span><\/span><\/div><div class=\"qubely-accordion-body\"><div itemprop=\"text\">\n<p>In der eigenen Wohnung ist es zun\u00e4chst wichtig, dass keine Stolperfallen und Hindernisse (wie am Boden beispielsweise Teppiche, Stromkabel oder im Weg stehende kantige M\u00f6belst\u00fccke) das Umhergehen erschweren. In diesem Zusammenhang ist auch eine gute Beleuchtung in den R\u00e4umen wichtig. Signaletik kann die Auffindbarkeit von R\u00e4umen und Dingen erleichtern, doch anderes wirkt meist intensiver.<\/p>\n\n\n\n<p>Um zur Bewegung zu motivieren, k\u00f6nnen verschiedene Anregungen helfen. Hier ist individuelles Fingerspitzengef\u00fchl gefragt. Man sollte sich fragen: Was interessiert diese Person? Was hat die Person fr\u00fcher gerne gemacht? Bieten Sie \u201eInseln des Selbst\u201c an \u2013 also Orte, an denen man ankommen kann, sich gerne bet\u00e4tigt, sich sicher f\u00fchlt.<\/p>\n\n\n\n<p>F\u00fcr Tierliebhaber k\u00f6nnen beispielsweise ein Vogelhaus vor dem Fenster, ein Aquarium oder ein Stall mit H\u00fchnern, die beobachtet und gef\u00fcttert werden, Orte sein, an denen man sich gerne bet\u00e4tigt und sicher f\u00fchlt. Auch Berichte \u00fcber Hunde, speziell Assistenzhunde, die den Weg zur\u00fcckfinden, zeigen M\u00f6glichkeiten der tiergest\u00fctzten Therapie.<\/p>\n\n\n\n<p>Vielleicht sind aber auch andere Themen, wie Schmerzen oder eine Schwerh\u00f6rigkeit der Grund f\u00fcr den sozialen R\u00fcckzug. Wir m\u00fcssen aufmerksam sein!<\/p>\n<\/div><\/div><\/div><\/div>\n<\/div>\n\n\n\n<div style=\"height:20px\" aria-hidden=\"true\" class=\"wp-block-spacer\"><\/div>\n\n\n\n<h2 class=\"wp-block-heading has-text-align-center\"><strong><strong>Dienstag, 09.03.2021, 11.00-11.45 Uhr<\/strong><\/strong><\/h2>\n\n\n\n<p><\/p>\n\n\n\n<div class=\"wp-block-columns is-layout-flex wp-container-core-columns-is-layout-9d6595d7 wp-block-columns-is-layout-flex\">\n<div class=\"wp-block-column is-layout-flow wp-block-column-is-layout-flow\">\n<div class=\"wp-block-group\"><div class=\"wp-block-group__inner-container is-layout-flow wp-block-group-is-layout-flow\"><\/div><\/div>\n<\/div>\n<\/div>\n\n\n\n<div class=\"wp-block-stackable-columns stk-block-columns stk-block stk-299fc70\" data-block-id=\"299fc70\"><div class=\"stk-row stk-inner-blocks stk-block-content stk-content-align stk-299fc70-column\">\n<div class=\"wp-block-stackable-column stk-block-column stk-column stk-block stk-f30fff5\" data-block-id=\"f30fff5\"><div class=\"stk-column-wrapper stk-block-column__content stk-container stk-f30fff5-container stk--no-background stk--no-padding\"><div class=\"stk-block-content stk-inner-blocks\">\n<div class=\"wp-block-group\"><div class=\"wp-block-group__inner-container is-layout-flow wp-block-group-is-layout-flow\">\n<div class=\"wp-block-uagb-team uagb-team__image-position-above uagb-team__align-center uagb-team__stack-tablet uagb-block-01123c87\"><div class=\"uagb-team__content\"><img decoding=\"async\" class=\"uagb-team__image-crop-circle\" src=\"https:\/\/test.digidem-bayern.de\/wp-content\/uploads\/2019\/10\/kristina-holm-e1571142334262-80x80.jpg\" alt=\"\" height=\"120\" width=\"120\" loading=\"lazy\"\/><h3 class=\"uagb-team__title\">Kristina Holm<\/h3><span class=\"uagb-team__prefix\">Wissenschaftliche Mitarbeiterin M. Sc.<\/span><p class=\"uagb-team__desc\">Moderation<\/p><\/div><\/div>\n<\/div><\/div>\n<\/div><\/div><\/div>\n\n\n\n<div class=\"wp-block-stackable-column stk-block-column stk-column stk-block stk-cf16b72\" data-block-id=\"cf16b72\"><div class=\"stk-column-wrapper stk-block-column__content stk-container stk-cf16b72-container stk--no-background stk--no-padding\"><div class=\"stk-block-content stk-inner-blocks\">\n<div class=\"wp-block-uagb-team uagb-team__image-position-above uagb-team__align-center uagb-team__stack-tablet uagb-block-81c2ee7c\"><div class=\"uagb-team__content\"><img decoding=\"async\" class=\"uagb-team__image-crop-circle\" src=\"https:\/\/test.digidem-bayern.de\/wp-content\/uploads\/2021\/02\/AKE_Bild_Homepage-80x80.jpg\" alt=\"digiDEM Bayern-Mitarbeiterin Anne Keefer\" height=\"120\" width=\"120\" loading=\"lazy\"\/><h3 class=\"uagb-team__title\">Anne Keefer<\/h3><span class=\"uagb-team__prefix\">Wissenschaftliche Mitarbeiterin M. Sc.<\/span><p class=\"uagb-team__desc\">Betreuung Chatroom &amp; Fragen<\/p><\/div><\/div>\n<\/div><\/div><\/div>\n<\/div><\/div>\n\n\n\n<div style=\"height:20px\" aria-hidden=\"true\" class=\"wp-block-spacer\"><\/div>\n\n\n\n<p>Hier finden Sie die Links zu den ersten beiden Webinaren mit Frau Dr. Dietz:<br><a href=\"https:\/\/test.digidem-bayern.de\/webinar-alterssensible-architektur-planen-fur-alle-sinne\/\">Alterssensible Architektur &#8211; Planen f\u00fcr alle Sinne<\/a><br><a href=\"https:\/\/test.digidem-bayern.de\/webinar-demenzsensible-architektur-unterstutzende-gestaltung\/\">Demenzsensible Architektur &#8211; Unterst\u00fctzende Gestaltung<\/a><\/p>\n\n\n\n<p><a href=\"https:\/\/www.bifada.de\/\" target=\"_blank\" rel=\"noreferrer noopener\">Hier<\/a> geht&#8217;s zur Webseite des Bayerischen Instituts f\u00fcr alters- und demenzsensible Architektur.<\/p>\n\n\n\n<div style=\"height:30px\" aria-hidden=\"true\" class=\"wp-block-spacer\"><\/div>\n\n\n\n<p>Mit der Webinar-Reihe &#8222;Science Watch LIVE&#8220; bieten wir einen zus\u00e4tzlichen Service zu unserem monatlichen Newsletter <a href=\"https:\/\/test.digidem-bayern.de\/newsletter\/\">digiDEM Bayern Science Watch<\/a>, in dem wir wissenschaftliche Erkenntnisse aus der Demenzforschung bereitstellen. &nbsp;<\/p>\n\n\n\n<p>Vor dem Hintergrund massenhaft verbreiteter Halbwahrheiten und Fake News, aktuell zum Beispiel \u00fcber das neue Corona-Virus, ist gerade jetzt evidenzbasierte Wissenschaft gefragt. Es ist wichtiger denn je, wissenschaftliche Erkenntnisse so zu vermitteln, dass sie f\u00fcr die Gesellschaft verst\u00e4ndlich sind und ein Austausch dar\u00fcber gef\u00f6rdert wird. Dazu m\u00f6chten wir als digiDEM Bayern-Projektteam beitragen, jetzt auch mit <strong><em>digiDEM Bayern Science Wach LIVE<\/em><\/strong>.<\/p>","protected":false},"excerpt":{"rendered":"<p>&#8222;\u2026 und wo ist jetzt hier die Toilette?\u201c &#8211; diese Frage hat sich schon jeder von uns gestellt, vor allem wenn es darum geht, sich in gro\u00dfen und komplexen Geb\u00e4uden zu orientieren. Gerade f\u00fcr \u00e4ltere Menschen und Menschen mit kognitiven Beeintr\u00e4chtigungen ist die Sicherheit in der r\u00e4umlichen Orientierung wichtig, um &hellip;<\/p>","protected":false},"author":7,"featured_media":10873,"comment_status":"open","ping_status":"closed","sticky":false,"template":"","format":"standard","meta":{"qubely_global_settings":"true","qubely_interactions":"","_uag_custom_page_level_css":"","footnotes":""},"categories":[123],"tags":[13,252,256,12,95,255,14,17,55,275,274,257],"class_list":["post-10817","post","type-post","status-publish","format-standard","has-post-thumbnail","hentry","category-sciene-watch-live-archiv","tag-alzheimer","tag-architektur","tag-architektur-und-demenz","tag-demenz-2","tag-demenzforschung","tag-demenzsensible-architektur","tag-digidem","tag-digidem-bayern","tag-digitales-demenzregister-bayern","tag-orientierung","tag-signaletik","tag-unterstuetzende-gestaltung"],"qubely_featured_image_url":{"full":["https:\/\/digidem-bayern.de\/wp-content\/uploads\/2021\/03\/dependent-441408_1280.jpg",1280,960,false],"landscape":["https:\/\/digidem-bayern.de\/wp-content\/uploads\/2021\/03\/dependent-441408_1280-1200x750.jpg",1200,750,true],"portraits":["https:\/\/digidem-bayern.de\/wp-content\/uploads\/2021\/03\/dependent-441408_1280-540x320.jpg",540,320,true],"thumbnail":["https:\/\/digidem-bayern.de\/wp-content\/uploads\/2021\/03\/dependent-441408_1280-80x80.jpg",80,80,true],"medium":["https:\/\/digidem-bayern.de\/wp-content\/uploads\/2021\/03\/dependent-441408_1280-300x225.jpg",300,225,true],"medium_large":["https:\/\/digidem-bayern.de\/wp-content\/uploads\/2021\/03\/dependent-441408_1280-768x576.jpg",768,576,true],"large":["https:\/\/digidem-bayern.de\/wp-content\/uploads\/2021\/03\/dependent-441408_1280-1030x773.jpg",1030,773,true],"1536x1536":["https:\/\/digidem-bayern.de\/wp-content\/uploads\/2021\/03\/dependent-441408_1280.jpg",1280,960,false],"2048x2048":["https:\/\/digidem-bayern.de\/wp-content\/uploads\/2021\/03\/dependent-441408_1280.jpg",1280,960,false],"trp-custom-language-flag":["https:\/\/digidem-bayern.de\/wp-content\/uploads\/2021\/03\/dependent-441408_1280.jpg",16,12,false],"qubely_landscape":["https:\/\/digidem-bayern.de\/wp-content\/uploads\/2021\/03\/dependent-441408_1280-1200x750.jpg",1200,750,true],"qubely_portrait":["https:\/\/digidem-bayern.de\/wp-content\/uploads\/2021\/03\/dependent-441408_1280-540x320.jpg",540,320,true],"qubely_thumbnail":["https:\/\/digidem-bayern.de\/wp-content\/uploads\/2021\/03\/dependent-441408_1280-140x100.jpg",140,100,true],"post-thumbnail":["https:\/\/digidem-bayern.de\/wp-content\/uploads\/2021\/03\/dependent-441408_1280-467x350.jpg",467,350,true],"kahuna-featured":["https:\/\/digidem-bayern.de\/wp-content\/uploads\/2021\/03\/dependent-441408_1280-649x350.jpg",649,350,true],"kahuna-featured-lp":["https:\/\/digidem-bayern.de\/wp-content\/uploads\/2021\/03\/dependent-441408_1280-460x350.jpg",460,350,true],"kahuna-featured-half":["https:\/\/digidem-bayern.de\/wp-content\/uploads\/2021\/03\/dependent-441408_1280-800x350.jpg",800,350,true],"kahuna-featured-third":["https:\/\/digidem-bayern.de\/wp-content\/uploads\/2021\/03\/dependent-441408_1280-512x350.jpg",512,350,true],"kahuna-lpbox-1":["https:\/\/digidem-bayern.de\/wp-content\/uploads\/2021\/03\/dependent-441408_1280-460x350.jpg",394,300,true],"kahuna-lpbox-2":["https:\/\/digidem-bayern.de\/wp-content\/uploads\/2021\/03\/dependent-441408_1280-460x350.jpg",460,350,true],"demand-language-flag":["https:\/\/digidem-bayern.de\/wp-content\/uploads\/2021\/03\/dependent-441408_1280.jpg",36,27,false],"dddkt-language-flag":["https:\/\/digidem-bayern.de\/wp-content\/uploads\/2021\/03\/dependent-441408_1280.jpg",36,27,false],"ddiqc-language-flag":["https:\/\/digidem-bayern.de\/wp-content\/uploads\/2021\/03\/dependent-441408_1280.jpg",36,27,false],"ddtl-language-flag":["https:\/\/digidem-bayern.de\/wp-content\/uploads\/2021\/03\/dependent-441408_1280.jpg",36,27,false],"mailpoet_newsletter_max":["https:\/\/digidem-bayern.de\/wp-content\/uploads\/2021\/03\/dependent-441408_1280.jpg",1280,960,false],"kahuna-lpbox-3":["https:\/\/digidem-bayern.de\/wp-content\/uploads\/2021\/03\/dependent-441408_1280-460x350.jpg",460,350,true],"kahuna-featured-square":["https:\/\/digidem-bayern.de\/wp-content\/uploads\/2021\/03\/dependent-441408_1280-512x512.jpg",512,512,true],"kahuna-featured-square-large":["https:\/\/digidem-bayern.de\/wp-content\/uploads\/2021\/03\/dependent-441408_1280-1024x960.jpg",1024,960,true]},"qubely_author":{"display_name":"Anne Keefer","author_link":"https:\/\/digidem-bayern.de\/en\/author\/ag-webinar\/"},"qubely_comment":1,"qubely_category":"<a href=\"https:\/\/digidem-bayern.de\/en\/category\/sciene-watch-live-archiv\/\" rel=\"category tag\">Sciene Watch Live ARCHIV<\/a>","qubely_excerpt":"&#8222;\u2026 und wo ist jetzt hier die Toilette?\u201c &#8211; diese Frage hat sich schon jeder von uns gestellt, vor allem wenn es darum geht, sich in gro\u00dfen und komplexen Geb\u00e4uden zu orientieren. Gerade f\u00fcr \u00e4ltere Menschen und Menschen mit kognitiven Beeintr\u00e4chtigungen ist die Sicherheit in der r\u00e4umlichen Orientierung wichtig, um &hellip;","featured_image_urls_v2":{"full":["https:\/\/digidem-bayern.de\/wp-content\/uploads\/2021\/03\/dependent-441408_1280.jpg",1280,960,false],"thumbnail":["https:\/\/digidem-bayern.de\/wp-content\/uploads\/2021\/03\/dependent-441408_1280-80x80.jpg",80,80,true],"medium":["https:\/\/digidem-bayern.de\/wp-content\/uploads\/2021\/03\/dependent-441408_1280-300x225.jpg",300,225,true],"medium_large":["https:\/\/digidem-bayern.de\/wp-content\/uploads\/2021\/03\/dependent-441408_1280-768x576.jpg",768,576,true],"large":["https:\/\/digidem-bayern.de\/wp-content\/uploads\/2021\/03\/dependent-441408_1280-1030x773.jpg",1030,773,true],"1536x1536":["https:\/\/digidem-bayern.de\/wp-content\/uploads\/2021\/03\/dependent-441408_1280.jpg",1280,960,false],"2048x2048":["https:\/\/digidem-bayern.de\/wp-content\/uploads\/2021\/03\/dependent-441408_1280.jpg",1280,960,false],"trp-custom-language-flag":["https:\/\/digidem-bayern.de\/wp-content\/uploads\/2021\/03\/dependent-441408_1280.jpg",16,12,false],"qubely_landscape":["https:\/\/digidem-bayern.de\/wp-content\/uploads\/2021\/03\/dependent-441408_1280-1200x750.jpg",1200,750,true],"qubely_portrait":["https:\/\/digidem-bayern.de\/wp-content\/uploads\/2021\/03\/dependent-441408_1280-540x320.jpg",540,320,true],"qubely_thumbnail":["https:\/\/digidem-bayern.de\/wp-content\/uploads\/2021\/03\/dependent-441408_1280-140x100.jpg",140,100,true],"post-thumbnail":["https:\/\/digidem-bayern.de\/wp-content\/uploads\/2021\/03\/dependent-441408_1280-467x350.jpg",467,350,true],"kahuna-featured":["https:\/\/digidem-bayern.de\/wp-content\/uploads\/2021\/03\/dependent-441408_1280-649x350.jpg",649,350,true],"kahuna-featured-lp":["https:\/\/digidem-bayern.de\/wp-content\/uploads\/2021\/03\/dependent-441408_1280-460x350.jpg",460,350,true],"kahuna-featured-half":["https:\/\/digidem-bayern.de\/wp-content\/uploads\/2021\/03\/dependent-441408_1280-800x350.jpg",800,350,true],"kahuna-featured-third":["https:\/\/digidem-bayern.de\/wp-content\/uploads\/2021\/03\/dependent-441408_1280-512x350.jpg",512,350,true],"kahuna-lpbox-1":["https:\/\/digidem-bayern.de\/wp-content\/uploads\/2021\/03\/dependent-441408_1280-460x350.jpg",394,300,true],"kahuna-lpbox-2":["https:\/\/digidem-bayern.de\/wp-content\/uploads\/2021\/03\/dependent-441408_1280-460x350.jpg",460,350,true],"demand-language-flag":["https:\/\/digidem-bayern.de\/wp-content\/uploads\/2021\/03\/dependent-441408_1280.jpg",36,27,false],"dddkt-language-flag":["https:\/\/digidem-bayern.de\/wp-content\/uploads\/2021\/03\/dependent-441408_1280.jpg",36,27,false],"ddiqc-language-flag":["https:\/\/digidem-bayern.de\/wp-content\/uploads\/2021\/03\/dependent-441408_1280.jpg",36,27,false],"ddtl-language-flag":["https:\/\/digidem-bayern.de\/wp-content\/uploads\/2021\/03\/dependent-441408_1280.jpg",36,27,false],"mailpoet_newsletter_max":["https:\/\/digidem-bayern.de\/wp-content\/uploads\/2021\/03\/dependent-441408_1280.jpg",1280,960,false],"kahuna-lpbox-3":["https:\/\/digidem-bayern.de\/wp-content\/uploads\/2021\/03\/dependent-441408_1280-460x350.jpg",460,350,true],"kahuna-featured-square":["https:\/\/digidem-bayern.de\/wp-content\/uploads\/2021\/03\/dependent-441408_1280-512x512.jpg",512,512,true],"kahuna-featured-square-large":["https:\/\/digidem-bayern.de\/wp-content\/uploads\/2021\/03\/dependent-441408_1280-1024x960.jpg",1024,960,true]},"post_excerpt_stackable_v2":"<p>&#8222;\u2026 und wo ist jetzt hier die Toilette?\u201c &#8211; diese Frage hat sich schon jeder von uns gestellt, vor allem wenn es darum geht, sich in gro\u00dfen und komplexen Geb\u00e4uden zu orientieren. Gerade f\u00fcr \u00e4ltere Menschen und Menschen mit kognitiven Beeintr\u00e4chtigungen ist die Sicherheit in der r\u00e4umlichen Orientierung wichtig, um die Selbstbestimmung zu f\u00f6rdern. Unser Webinar befasste sich daher mit der Signaletik: Wenn Bild, Farbe und Schrift gut aufeinander abgestimmt sind, die Beleuchtung und Merkposten richtig positioniert sind und Blickbez\u00fcge bestehen, kann Verirren verhindert werden. Dr. Birgit Dietz Frau Dr. Birgit Dietz zeigte uns in ihrem dritten Beitrag auf, wie&hellip;<\/p>\n","category_list_v2":"<a href=\"https:\/\/digidem-bayern.de\/en\/category\/sciene-watch-live-archiv\/\" rel=\"category tag\">Sciene Watch Live ARCHIV<\/a>","author_info_v2":{"name":"Anne Keefer","url":"https:\/\/digidem-bayern.de\/en\/author\/ag-webinar\/"},"comments_num_v2":"0 comments","yoast_head":"<!-- This site is optimized with the Yoast SEO plugin v27.4 - https:\/\/yoast.com\/product\/yoast-seo-wordpress\/ -->\n<title>Signaletik - R\u00e4umliche Orientierung f\u00fcr Menschen mit Demenz - digiDEM Bayern<\/title>\n<meta name=\"description\" content=\"Im Webinar &quot;digiDEM Bayern Science Watch LIVE&quot; behandeln Wissenschaftler ein Thema aus der Demenzforschung und stehen live f\u00fcr Fragen zur Verf\u00fcgung.\" \/>\n<meta name=\"robots\" content=\"index, follow, max-snippet:-1, max-image-preview:large, max-video-preview:-1\" \/>\n<link rel=\"canonical\" href=\"https:\/\/digidem-bayern.de\/en\/webinar-signaletik-orientierung-demenz\/\" \/>\n<meta property=\"og:locale\" content=\"en_US\" \/>\n<meta property=\"og:type\" content=\"article\" \/>\n<meta property=\"og:title\" content=\"Signaletik - R\u00e4umliche Orientierung f\u00fcr Menschen mit Demenz - digiDEM Bayern\" \/>\n<meta property=\"og:description\" content=\"Im Webinar &quot;digiDEM Bayern Science Watch LIVE&quot; behandeln Wissenschaftler ein Thema aus der Demenzforschung und stehen live f\u00fcr Fragen zur Verf\u00fcgung.\" \/>\n<meta property=\"og:url\" content=\"https:\/\/digidem-bayern.de\/en\/webinar-signaletik-orientierung-demenz\/\" \/>\n<meta property=\"og:site_name\" content=\"digiDEM Bayern\" \/>\n<meta property=\"article:publisher\" content=\"https:\/\/www.facebook.com\/digiDEMBayern\/\" \/>\n<meta property=\"article:published_time\" content=\"2021-03-02T07:43:01+00:00\" \/>\n<meta property=\"article:modified_time\" content=\"2023-05-11T13:19:10+00:00\" \/>\n<meta property=\"og:image\" content=\"https:\/\/digidem-bayern.de\/wp-content\/uploads\/2021\/03\/dependent-441408_1280.jpg\" \/>\n\t<meta property=\"og:image:width\" content=\"1280\" \/>\n\t<meta property=\"og:image:height\" content=\"960\" \/>\n\t<meta property=\"og:image:type\" content=\"image\/jpeg\" \/>\n<meta name=\"author\" content=\"Anne Keefer\" \/>\n<meta name=\"twitter:label1\" content=\"Written by\" \/>\n\t<meta name=\"twitter:data1\" content=\"Anne Keefer\" \/>\n\t<meta name=\"twitter:label2\" content=\"Est. reading time\" \/>\n\t<meta name=\"twitter:data2\" content=\"7 minutes\" \/>\n<script type=\"application\/ld+json\" class=\"yoast-schema-graph\">{\"@context\":\"https:\\\/\\\/schema.org\",\"@graph\":[{\"@type\":\"Article\",\"@id\":\"https:\\\/\\\/digidem-bayern.de\\\/webinar-signaletik-orientierung-demenz\\\/#article\",\"isPartOf\":{\"@id\":\"https:\\\/\\\/digidem-bayern.de\\\/webinar-signaletik-orientierung-demenz\\\/\"},\"author\":{\"name\":\"Anne Keefer\",\"@id\":\"\\\/#\\\/schema\\\/person\\\/0e8781e0653d1a8e57ca55bd2c3cb01f\"},\"headline\":\"Signaletik &#8211; R\u00e4umliche Orientierung f\u00fcr Menschen mit Demenz\",\"datePublished\":\"2021-03-02T07:43:01+00:00\",\"dateModified\":\"2023-05-11T13:19:10+00:00\",\"mainEntityOfPage\":{\"@id\":\"https:\\\/\\\/digidem-bayern.de\\\/webinar-signaletik-orientierung-demenz\\\/\"},\"wordCount\":1405,\"commentCount\":0,\"publisher\":{\"@id\":\"\\\/#organization\"},\"image\":{\"@id\":\"https:\\\/\\\/digidem-bayern.de\\\/webinar-signaletik-orientierung-demenz\\\/#primaryimage\"},\"thumbnailUrl\":\"https:\\\/\\\/digidem-bayern.de\\\/wp-content\\\/uploads\\\/2021\\\/03\\\/dependent-441408_1280.jpg\",\"keywords\":[\"Alzheimer\",\"Architektur\",\"Architektur und Demenz\",\"Demenz\",\"Demenzforschung\",\"Demenzsensible Architektur\",\"digidem\",\"digidem Bayern\",\"Digitales Demenzregister Bayern\",\"Orientierung\",\"Signaletik\",\"Unterst\u00fctzende Gestaltung\"],\"articleSection\":[\"Sciene Watch Live ARCHIV\"],\"inLanguage\":\"en-US\",\"potentialAction\":[{\"@type\":\"CommentAction\",\"name\":\"Comment\",\"target\":[\"https:\\\/\\\/digidem-bayern.de\\\/webinar-signaletik-orientierung-demenz\\\/#respond\"]}]},{\"@type\":\"WebPage\",\"@id\":\"https:\\\/\\\/digidem-bayern.de\\\/webinar-signaletik-orientierung-demenz\\\/\",\"url\":\"https:\\\/\\\/digidem-bayern.de\\\/webinar-signaletik-orientierung-demenz\\\/\",\"name\":\"Signaletik - R\u00e4umliche Orientierung f\u00fcr Menschen mit Demenz - digiDEM Bayern\",\"isPartOf\":{\"@id\":\"\\\/#website\"},\"primaryImageOfPage\":{\"@id\":\"https:\\\/\\\/digidem-bayern.de\\\/webinar-signaletik-orientierung-demenz\\\/#primaryimage\"},\"image\":{\"@id\":\"https:\\\/\\\/digidem-bayern.de\\\/webinar-signaletik-orientierung-demenz\\\/#primaryimage\"},\"thumbnailUrl\":\"https:\\\/\\\/digidem-bayern.de\\\/wp-content\\\/uploads\\\/2021\\\/03\\\/dependent-441408_1280.jpg\",\"datePublished\":\"2021-03-02T07:43:01+00:00\",\"dateModified\":\"2023-05-11T13:19:10+00:00\",\"description\":\"Im Webinar \\\"digiDEM Bayern Science Watch LIVE\\\" behandeln Wissenschaftler ein Thema aus der Demenzforschung und stehen live f\u00fcr Fragen zur Verf\u00fcgung.\",\"breadcrumb\":{\"@id\":\"https:\\\/\\\/digidem-bayern.de\\\/webinar-signaletik-orientierung-demenz\\\/#breadcrumb\"},\"inLanguage\":\"en-US\",\"potentialAction\":[{\"@type\":\"ReadAction\",\"target\":[\"https:\\\/\\\/digidem-bayern.de\\\/webinar-signaletik-orientierung-demenz\\\/\"]}]},{\"@type\":\"ImageObject\",\"inLanguage\":\"en-US\",\"@id\":\"https:\\\/\\\/digidem-bayern.de\\\/webinar-signaletik-orientierung-demenz\\\/#primaryimage\",\"url\":\"https:\\\/\\\/digidem-bayern.de\\\/wp-content\\\/uploads\\\/2021\\\/03\\\/dependent-441408_1280.jpg\",\"contentUrl\":\"https:\\\/\\\/digidem-bayern.de\\\/wp-content\\\/uploads\\\/2021\\\/03\\\/dependent-441408_1280.jpg\",\"width\":1280,\"height\":960,\"caption\":\"Junge Frau st\u00fctzt \u00e4ltere Frau, von hinten.\"},{\"@type\":\"BreadcrumbList\",\"@id\":\"https:\\\/\\\/digidem-bayern.de\\\/webinar-signaletik-orientierung-demenz\\\/#breadcrumb\",\"itemListElement\":[{\"@type\":\"ListItem\",\"position\":1,\"name\":\"Startseite\",\"item\":\"https:\\\/\\\/digidem-bayern.de\\\/\"},{\"@type\":\"ListItem\",\"position\":2,\"name\":\"Signaletik &#8211; R\u00e4umliche Orientierung f\u00fcr Menschen mit Demenz\"}]},{\"@type\":\"WebSite\",\"@id\":\"\\\/#website\",\"url\":\"\\\/\",\"name\":\"digiDEM Bayern\",\"description\":\"Das digitale Demenzregister Bayern erforscht und verbessert die Angebotsstuktur f\u00fcr Menschen mit Demenz und deren Angeh\u00f6rige\",\"publisher\":{\"@id\":\"\\\/#organization\"},\"potentialAction\":[{\"@type\":\"SearchAction\",\"target\":{\"@type\":\"EntryPoint\",\"urlTemplate\":\"\\\/?s={search_term_string}\"},\"query-input\":{\"@type\":\"PropertyValueSpecification\",\"valueRequired\":true,\"valueName\":\"search_term_string\"}}],\"inLanguage\":\"en-US\"},{\"@type\":\"Organization\",\"@id\":\"\\\/#organization\",\"name\":\"digiDEM Bayern\",\"url\":\"\\\/\",\"logo\":{\"@type\":\"ImageObject\",\"inLanguage\":\"en-US\",\"@id\":\"\\\/#\\\/schema\\\/logo\\\/image\\\/\",\"url\":\"https:\\\/\\\/digidem-bayern.de\\\/wp-content\\\/uploads\\\/2022\\\/03\\\/cropped-Allgemeines_digiDEMLOGO-removebg-preview.png\",\"contentUrl\":\"https:\\\/\\\/digidem-bayern.de\\\/wp-content\\\/uploads\\\/2022\\\/03\\\/cropped-Allgemeines_digiDEMLOGO-removebg-preview.png\",\"width\":612,\"height\":357,\"caption\":\"digiDEM Bayern\"},\"image\":{\"@id\":\"\\\/#\\\/schema\\\/logo\\\/image\\\/\"},\"sameAs\":[\"https:\\\/\\\/www.facebook.com\\\/digiDEMBayern\\\/\",\"https:\\\/\\\/x.com\\\/digidem_bayern\",\"https:\\\/\\\/www.instagram.com\\\/digidem.bayern\",\"https:\\\/\\\/www.linkedin.com\\\/company\\\/digidem-bayern\\\/\"]},{\"@type\":\"Person\",\"@id\":\"\\\/#\\\/schema\\\/person\\\/0e8781e0653d1a8e57ca55bd2c3cb01f\",\"name\":\"Anne Keefer\",\"url\":\"https:\\\/\\\/digidem-bayern.de\\\/en\\\/author\\\/ag-webinar\\\/\"}]}<\/script>\n<!-- \/ Yoast SEO plugin. -->","yoast_head_json":{"title":"Signaletik - R\u00e4umliche Orientierung f\u00fcr Menschen mit Demenz - digiDEM Bayern","description":"Im Webinar \"digiDEM Bayern Science Watch LIVE\" behandeln Wissenschaftler ein Thema aus der Demenzforschung und stehen live f\u00fcr Fragen zur Verf\u00fcgung.","robots":{"index":"index","follow":"follow","max-snippet":"max-snippet:-1","max-image-preview":"max-image-preview:large","max-video-preview":"max-video-preview:-1"},"canonical":"https:\/\/digidem-bayern.de\/en\/webinar-signaletik-orientierung-demenz\/","og_locale":"en_US","og_type":"article","og_title":"Signaletik - R\u00e4umliche Orientierung f\u00fcr Menschen mit Demenz - digiDEM Bayern","og_description":"Im Webinar \"digiDEM Bayern Science Watch LIVE\" behandeln Wissenschaftler ein Thema aus der Demenzforschung und stehen live f\u00fcr Fragen zur Verf\u00fcgung.","og_url":"https:\/\/digidem-bayern.de\/en\/webinar-signaletik-orientierung-demenz\/","og_site_name":"digiDEM Bayern","article_publisher":"https:\/\/www.facebook.com\/digiDEMBayern\/","article_published_time":"2021-03-02T07:43:01+00:00","article_modified_time":"2023-05-11T13:19:10+00:00","og_image":[{"width":1280,"height":960,"url":"https:\/\/digidem-bayern.de\/wp-content\/uploads\/2021\/03\/dependent-441408_1280.jpg","type":"image\/jpeg"}],"author":"Anne Keefer","twitter_misc":{"Written by":"Anne Keefer","Est. reading time":"7 minutes"},"schema":{"@context":"https:\/\/schema.org","@graph":[{"@type":"Article","@id":"https:\/\/digidem-bayern.de\/webinar-signaletik-orientierung-demenz\/#article","isPartOf":{"@id":"https:\/\/digidem-bayern.de\/webinar-signaletik-orientierung-demenz\/"},"author":{"name":"Anne Keefer","@id":"\/#\/schema\/person\/0e8781e0653d1a8e57ca55bd2c3cb01f"},"headline":"Signaletik &#8211; R\u00e4umliche Orientierung f\u00fcr Menschen mit Demenz","datePublished":"2021-03-02T07:43:01+00:00","dateModified":"2023-05-11T13:19:10+00:00","mainEntityOfPage":{"@id":"https:\/\/digidem-bayern.de\/webinar-signaletik-orientierung-demenz\/"},"wordCount":1405,"commentCount":0,"publisher":{"@id":"\/#organization"},"image":{"@id":"https:\/\/digidem-bayern.de\/webinar-signaletik-orientierung-demenz\/#primaryimage"},"thumbnailUrl":"https:\/\/digidem-bayern.de\/wp-content\/uploads\/2021\/03\/dependent-441408_1280.jpg","keywords":["Alzheimer","Architektur","Architektur und Demenz","Demenz","Demenzforschung","Demenzsensible Architektur","digidem","digidem Bayern","Digitales Demenzregister Bayern","Orientierung","Signaletik","Unterst\u00fctzende Gestaltung"],"articleSection":["Sciene Watch Live ARCHIV"],"inLanguage":"en-US","potentialAction":[{"@type":"CommentAction","name":"Comment","target":["https:\/\/digidem-bayern.de\/webinar-signaletik-orientierung-demenz\/#respond"]}]},{"@type":"WebPage","@id":"https:\/\/digidem-bayern.de\/webinar-signaletik-orientierung-demenz\/","url":"https:\/\/digidem-bayern.de\/webinar-signaletik-orientierung-demenz\/","name":"Signaletik - R\u00e4umliche Orientierung f\u00fcr Menschen mit Demenz - digiDEM Bayern","isPartOf":{"@id":"\/#website"},"primaryImageOfPage":{"@id":"https:\/\/digidem-bayern.de\/webinar-signaletik-orientierung-demenz\/#primaryimage"},"image":{"@id":"https:\/\/digidem-bayern.de\/webinar-signaletik-orientierung-demenz\/#primaryimage"},"thumbnailUrl":"https:\/\/digidem-bayern.de\/wp-content\/uploads\/2021\/03\/dependent-441408_1280.jpg","datePublished":"2021-03-02T07:43:01+00:00","dateModified":"2023-05-11T13:19:10+00:00","description":"Im Webinar \"digiDEM Bayern Science Watch LIVE\" behandeln Wissenschaftler ein Thema aus der Demenzforschung und stehen live f\u00fcr Fragen zur Verf\u00fcgung.","breadcrumb":{"@id":"https:\/\/digidem-bayern.de\/webinar-signaletik-orientierung-demenz\/#breadcrumb"},"inLanguage":"en-US","potentialAction":[{"@type":"ReadAction","target":["https:\/\/digidem-bayern.de\/webinar-signaletik-orientierung-demenz\/"]}]},{"@type":"ImageObject","inLanguage":"en-US","@id":"https:\/\/digidem-bayern.de\/webinar-signaletik-orientierung-demenz\/#primaryimage","url":"https:\/\/digidem-bayern.de\/wp-content\/uploads\/2021\/03\/dependent-441408_1280.jpg","contentUrl":"https:\/\/digidem-bayern.de\/wp-content\/uploads\/2021\/03\/dependent-441408_1280.jpg","width":1280,"height":960,"caption":"Junge Frau st\u00fctzt \u00e4ltere Frau, von hinten."},{"@type":"BreadcrumbList","@id":"https:\/\/digidem-bayern.de\/webinar-signaletik-orientierung-demenz\/#breadcrumb","itemListElement":[{"@type":"ListItem","position":1,"name":"Startseite","item":"https:\/\/digidem-bayern.de\/"},{"@type":"ListItem","position":2,"name":"Signaletik &#8211; R\u00e4umliche Orientierung f\u00fcr Menschen mit Demenz"}]},{"@type":"WebSite","@id":"\/#website","url":"\/","name":"digiDEM Bavaria","description":"The digital dementia register in Bavaria researches and improves the structure of services for people with dementia and their relatives","publisher":{"@id":"\/#organization"},"potentialAction":[{"@type":"SearchAction","target":{"@type":"EntryPoint","urlTemplate":"\/?s={search_term_string}"},"query-input":{"@type":"PropertyValueSpecification","valueRequired":true,"valueName":"search_term_string"}}],"inLanguage":"en-US"},{"@type":"Organization","@id":"\/#organization","name":"digiDEM Bavaria","url":"\/","logo":{"@type":"ImageObject","inLanguage":"en-US","@id":"\/#\/schema\/logo\/image\/","url":"https:\/\/digidem-bayern.de\/wp-content\/uploads\/2022\/03\/cropped-Allgemeines_digiDEMLOGO-removebg-preview.png","contentUrl":"https:\/\/digidem-bayern.de\/wp-content\/uploads\/2022\/03\/cropped-Allgemeines_digiDEMLOGO-removebg-preview.png","width":612,"height":357,"caption":"digiDEM Bayern"},"image":{"@id":"\/#\/schema\/logo\/image\/"},"sameAs":["https:\/\/www.facebook.com\/digiDEMBayern\/","https:\/\/x.com\/digidem_bayern","https:\/\/www.instagram.com\/digidem.bayern","https:\/\/www.linkedin.com\/company\/digidem-bayern\/"]},{"@type":"Person","@id":"\/#\/schema\/person\/0e8781e0653d1a8e57ca55bd2c3cb01f","name":"Anne Keefer","url":"https:\/\/digidem-bayern.de\/en\/author\/ag-webinar\/"}]}},"uagb_featured_image_src":{"full":["https:\/\/digidem-bayern.de\/wp-content\/uploads\/2021\/03\/dependent-441408_1280.jpg",1280,960,false],"thumbnail":["https:\/\/digidem-bayern.de\/wp-content\/uploads\/2021\/03\/dependent-441408_1280-80x80.jpg",80,80,true],"medium":["https:\/\/digidem-bayern.de\/wp-content\/uploads\/2021\/03\/dependent-441408_1280-300x225.jpg",300,225,true],"medium_large":["https:\/\/digidem-bayern.de\/wp-content\/uploads\/2021\/03\/dependent-441408_1280-768x576.jpg",768,576,true],"large":["https:\/\/digidem-bayern.de\/wp-content\/uploads\/2021\/03\/dependent-441408_1280-1030x773.jpg",1030,773,true],"1536x1536":["https:\/\/digidem-bayern.de\/wp-content\/uploads\/2021\/03\/dependent-441408_1280.jpg",1280,960,false],"2048x2048":["https:\/\/digidem-bayern.de\/wp-content\/uploads\/2021\/03\/dependent-441408_1280.jpg",1280,960,false],"trp-custom-language-flag":["https:\/\/digidem-bayern.de\/wp-content\/uploads\/2021\/03\/dependent-441408_1280.jpg",16,12,false],"qubely_landscape":["https:\/\/digidem-bayern.de\/wp-content\/uploads\/2021\/03\/dependent-441408_1280-1200x750.jpg",1200,750,true],"qubely_portrait":["https:\/\/digidem-bayern.de\/wp-content\/uploads\/2021\/03\/dependent-441408_1280-540x320.jpg",540,320,true],"qubely_thumbnail":["https:\/\/digidem-bayern.de\/wp-content\/uploads\/2021\/03\/dependent-441408_1280-140x100.jpg",140,100,true],"post-thumbnail":["https:\/\/digidem-bayern.de\/wp-content\/uploads\/2021\/03\/dependent-441408_1280-467x350.jpg",467,350,true],"kahuna-featured":["https:\/\/digidem-bayern.de\/wp-content\/uploads\/2021\/03\/dependent-441408_1280-649x350.jpg",649,350,true],"kahuna-featured-lp":["https:\/\/digidem-bayern.de\/wp-content\/uploads\/2021\/03\/dependent-441408_1280-460x350.jpg",460,350,true],"kahuna-featured-half":["https:\/\/digidem-bayern.de\/wp-content\/uploads\/2021\/03\/dependent-441408_1280-800x350.jpg",800,350,true],"kahuna-featured-third":["https:\/\/digidem-bayern.de\/wp-content\/uploads\/2021\/03\/dependent-441408_1280-512x350.jpg",512,350,true],"kahuna-lpbox-1":["https:\/\/digidem-bayern.de\/wp-content\/uploads\/2021\/03\/dependent-441408_1280-460x350.jpg",394,300,true],"kahuna-lpbox-2":["https:\/\/digidem-bayern.de\/wp-content\/uploads\/2021\/03\/dependent-441408_1280-460x350.jpg",460,350,true],"demand-language-flag":["https:\/\/digidem-bayern.de\/wp-content\/uploads\/2021\/03\/dependent-441408_1280.jpg",36,27,false],"dddkt-language-flag":["https:\/\/digidem-bayern.de\/wp-content\/uploads\/2021\/03\/dependent-441408_1280.jpg",36,27,false],"ddiqc-language-flag":["https:\/\/digidem-bayern.de\/wp-content\/uploads\/2021\/03\/dependent-441408_1280.jpg",36,27,false],"ddtl-language-flag":["https:\/\/digidem-bayern.de\/wp-content\/uploads\/2021\/03\/dependent-441408_1280.jpg",36,27,false],"mailpoet_newsletter_max":["https:\/\/digidem-bayern.de\/wp-content\/uploads\/2021\/03\/dependent-441408_1280.jpg",1280,960,false],"kahuna-lpbox-3":["https:\/\/digidem-bayern.de\/wp-content\/uploads\/2021\/03\/dependent-441408_1280-460x350.jpg",460,350,true],"kahuna-featured-square":["https:\/\/digidem-bayern.de\/wp-content\/uploads\/2021\/03\/dependent-441408_1280-512x512.jpg",512,512,true],"kahuna-featured-square-large":["https:\/\/digidem-bayern.de\/wp-content\/uploads\/2021\/03\/dependent-441408_1280-1024x960.jpg",1024,960,true]},"uagb_author_info":{"display_name":"Anne Keefer","author_link":"https:\/\/digidem-bayern.de\/en\/author\/ag-webinar\/"},"uagb_comment_info":1,"uagb_excerpt":"&#8222;\u2026 und wo ist jetzt hier die Toilette?\u201c &#8211; diese Frage hat sich schon jeder von uns gestellt, vor allem wenn es darum geht, sich in gro\u00dfen und komplexen Geb\u00e4uden zu orientieren. Gerade f\u00fcr \u00e4ltere Menschen und Menschen mit kognitiven Beeintr\u00e4chtigungen ist die Sicherheit in der r\u00e4umlichen Orientierung wichtig, um &hellip;","_links":{"self":[{"href":"https:\/\/digidem-bayern.de\/en\/wp-json\/wp\/v2\/posts\/10817","targetHints":{"allow":["GET"]}}],"collection":[{"href":"https:\/\/digidem-bayern.de\/en\/wp-json\/wp\/v2\/posts"}],"about":[{"href":"https:\/\/digidem-bayern.de\/en\/wp-json\/wp\/v2\/types\/post"}],"author":[{"embeddable":true,"href":"https:\/\/digidem-bayern.de\/en\/wp-json\/wp\/v2\/users\/7"}],"replies":[{"embeddable":true,"href":"https:\/\/digidem-bayern.de\/en\/wp-json\/wp\/v2\/comments?post=10817"}],"version-history":[{"count":10,"href":"https:\/\/digidem-bayern.de\/en\/wp-json\/wp\/v2\/posts\/10817\/revisions"}],"predecessor-version":[{"id":27995,"href":"https:\/\/digidem-bayern.de\/en\/wp-json\/wp\/v2\/posts\/10817\/revisions\/27995"}],"wp:featuredmedia":[{"embeddable":true,"href":"https:\/\/digidem-bayern.de\/en\/wp-json\/wp\/v2\/media\/10873"}],"wp:attachment":[{"href":"https:\/\/digidem-bayern.de\/en\/wp-json\/wp\/v2\/media?parent=10817"}],"wp:term":[{"taxonomy":"category","embeddable":true,"href":"https:\/\/digidem-bayern.de\/en\/wp-json\/wp\/v2\/categories?post=10817"},{"taxonomy":"post_tag","embeddable":true,"href":"https:\/\/digidem-bayern.de\/en\/wp-json\/wp\/v2\/tags?post=10817"}],"curies":[{"name":"wp","href":"https:\/\/api.w.org\/{rel}","templated":true}]}}