{"id":10163,"date":"2021-02-02T10:22:34","date_gmt":"2021-02-02T09:22:34","guid":{"rendered":"https:\/\/digidem-bayern.de\/?p=10163"},"modified":"2024-04-24T10:23:38","modified_gmt":"2024-04-24T08:23:38","slug":"webinar-digitale-angebote-angehoerigenampel-hoertest","status":"publish","type":"post","link":"https:\/\/digidem-bayern.de\/en\/webinar-digitale-angebote-angehoerigenampel-hoertest\/","title":{"rendered":"Digitale Angebote von digiDEM Bayern &#8211; Angeh\u00f6rigenampel &#038; H\u00f6rtest"},"content":{"rendered":"<h4 class=\"wp-block-heading\">Digitale Angebote f\u00fcr Menschen mit Demenz und ihre pflegenden Angeh\u00f6rigen bereitzustellen &#8211; das ist eine der Missionen von digiDEM Bayern. Daher hat das Team von digiDEM Bayern zwei neue, kostenlose Online-Angebote entwickelt: Die Angeh\u00f6rigenampel hilft pflegenden Angeh\u00f6rigen dabei, ihre pers\u00f6nliche Belastung zu erkennen. Das digitale H\u00f6rscreening liefert Hinweise darauf, ob eine Sch\u00e4digung des Geh\u00f6rs vorliegt. Studien haben gezeigt, dass durch einen unversorgten H\u00f6rverlust das Demenzrisiko gesteigert werden kann. In unserem ersten Webinar im Jahr 2021 wurden die digitalen Angebote &#8222;Angeh\u00f6rigenampel&#8220; und &#8222;H\u00f6rtest&#8220; ausf\u00fchrlich vorgestellt.<\/h4>\n\n\n\n<figure class=\"wp-block-embed is-type-video is-provider-youtube wp-block-embed-youtube wp-embed-aspect-16-9 wp-has-aspect-ratio\"><div class=\"wp-block-embed__wrapper\">\n<iframe loading=\"lazy\" title=\"Webinar: Digitale Angebote von digiDEM Bayern - Angeh\u00f6rigenampel und H\u00f6rtest\" width=\"1223\" height=\"688\" src=\"https:\/\/www.youtube.com\/embed\/Edxi4CzFWZo?feature=oembed\" frameborder=\"0\" allow=\"accelerometer; autoplay; clipboard-write; encrypted-media; gyroscope; picture-in-picture\" allowfullscreen><\/iframe>\n<\/div><\/figure>\n\n\n\n<p class=\"has-text-align-center\"><strong>Hier gibt es das Webinar als <a href=\"https:\/\/digidem-bayern.de\/wp-content\/uploads\/2024\/04\/2021-02-08_digiDEM_Webinar_DigitaleAngebote-digiDEM_Copyright.pdf\" target=\"_blank\" rel=\"noreferrer noopener\">PDF zum Download<\/a>.<\/strong><\/p>\n\n\n\n<p class=\"has-text-align-center\"><strong>Fragen der Teilnehmer*innen und Antworten des Webinar-Teams:<\/strong><\/p>\n\n\n\n<div class=\"qubely-block-accordion  qubely-block-03309a\" data-item-toggle=\"true\">\n<div class=\"wp-block-qubely-accordion-item qubely-block-390240\"><div class=\"qubely-accordion-item qubely-type-fill false\"><div class=\"qubely-accordion-panel qubely-icon-position-right\"><span class=\"qubely-accordion-panel-handler\" role=\"button\"><span class=\"qubely-accordion-panel-handler-label\">Ist die Angeh\u00f6rigenampel au\u00dfer auf dem PC auch auf dem Smartphone oder Tablet abrufbar?<\/span><span class=\"qubely-accordion-icon fa fa-plus\"><\/span><\/span><\/div><div class=\"qubely-accordion-body\"><div itemprop=\"text\">\n<p>Die Angeh\u00f6rigenampel kann auf jedem mobilen Endger\u00e4t (auch Tablet oder Smartphone) mit Internetzugang durchgef\u00fchrt werden. Zur Durchf\u00fchrung empfehlen wir Ihnen, einen aktuellen Browser zu verwenden, wie zum Beispiel Apple Safari, Google Chrome, Mozilla Firefox oder Microsoft Edge, um stets durch notwendige Sicherheitsupdates der Hersteller gesch\u00fctzt zu sein und eine optimale Darstellung unserer digitalen Angebote zu erhalten.<\/p>\n<\/div><\/div><\/div><\/div>\n\n\n\n<div class=\"wp-block-qubely-accordion-item qubely-block-7efdea\"><div class=\"qubely-accordion-item qubely-type-fill false\"><div class=\"qubely-accordion-panel qubely-icon-position-right\"><span class=\"qubely-accordion-panel-handler\" role=\"button\"><span class=\"qubely-accordion-panel-handler-label\">Auf welcher wissenschaftlichen Grundlage basiert der H\u00f6rtest?<\/span><span class=\"qubely-accordion-icon fa fa-plus\"><\/span><\/span><\/div><div class=\"qubely-accordion-body\"><div itemprop=\"text\">\n<p>Der Online-H\u00f6rtest von digiDEM Bayern, zu finden <a href=\"https:\/\/test.digidem-bayern.de\/onlinehoertest\/\">hier<\/a>, basiert auf dem \u201eZiffern-Tripel-Test\u201c. Beim Ziffern-Tripel-Test wurde die wissenschaftliche Frage behandelt, ob die Auswahl der eingegebenen Ziffern auch dem tats\u00e4chlich resultierenden H\u00f6rergebnis des Nutzers entspricht. Anhand dieser Frage wurde beim Ziffern-Tripel-Test bei einer Gruppe von 10 normalh\u00f6renden und 20 schwerh\u00f6rigen Probanden&nbsp;\u00fcberpr\u00fcft, ob die Eingabe der Ziffern und somit das \u00dcberpr\u00fcfen des H\u00f6rverm\u00f6gens durch den Test&nbsp;zuverl\u00e4ssig m\u00f6glich&nbsp;ist.<\/p>\n\n\n\n<p>Die Ergebnisse der Studie zeigen, dass der Ziffern-Tripel-Test f\u00fcr das H\u00f6rscreening verwendet werden kann, aber keinen diagnostischen Test ersetzt. Der Test bietet dennoch eine allgemein zug\u00e4ngliche, wissenschaftlich gesicherte (\u201eevidenzbasierte\u201c) und leicht anzuwendende Screening-Methode, die online durchgef\u00fchrt werden kann. Weitere Informationen zum wissenschaftlichen Hintergrund finden Sie <a href=\"https:\/\/test.digidem-bayern.de\/wissenschaftlicher-hintergrund-grundlagen-des-ziffern-tripel-hortest\/\">hier<\/a>. <\/p>\n\n\n\n<p>Buscherm\u00f6hle, M., et al., The German Digit Triplets Test (Part II): Validation and Pass\/Fail Criteria. Z Audiol, 2015. 54 (1): p. 6 \u2013 13.<\/p>\n<\/div><\/div><\/div><\/div>\n\n\n\n<div class=\"wp-block-qubely-accordion-item qubely-block-dc89c1\"><div class=\"qubely-accordion-item qubely-type-fill false\"><div class=\"qubely-accordion-panel qubely-icon-position-right\"><span class=\"qubely-accordion-panel-handler\" role=\"button\"><span class=\"qubely-accordion-panel-handler-label\">Wie l\u00e4sst es sich erkl\u00e4ren, dass durch Schwerh\u00f6rigkeit ein erh\u00f6htes Demenzrisiko entsteht?<\/span><span class=\"qubely-accordion-icon fa fa-plus\"><\/span><\/span><\/div><div class=\"qubely-accordion-body\"><div itemprop=\"text\">\n<p>Studien zeigen, dass die kognitive Gesundheit von eintreffenden Reizen aus der Umwelt beeinflusst wird. Im Falle eines unbehandelten H\u00f6rverlusts wird eine geringere Informationsdichte der Umwelt an das Gehirn weitergeleitet. Die Stimulation des Gehirns \u00fcber akustische Reize ist f\u00fcr die Aufrechterhaltung kognitiver F\u00e4higkeiten jedoch sehr relevant.<\/p>\n\n\n\n<p>Gerne verweisen wir an dieser Stelle an unsere vergangenen <a href=\"https:\/\/test.digidem-bayern.de\/webinar-hoeren-demenz-teil-1\/\">Webinare zum Thema &#8222;H\u00f6ren &amp; Demenz<\/a>&#8222;. <\/p>\n<\/div><\/div><\/div><\/div>\n\n\n\n<div class=\"wp-block-qubely-accordion-item qubely-block-938ca1\"><div class=\"qubely-accordion-item qubely-type-fill false\"><div class=\"qubely-accordion-panel qubely-icon-position-right\"><span class=\"qubely-accordion-panel-handler\" role=\"button\"><span class=\"qubely-accordion-panel-handler-label\">In wie weit ist die Angeh\u00f6rigenampel als Ma\u00dfnahme zur Pr\u00e4vention geeignet?<\/span><span class=\"qubely-accordion-icon fa fa-plus\"><\/span><\/span><\/div><div class=\"qubely-accordion-body\"><div itemprop=\"text\">\n<p>Die Angeh\u00f6rigenampel zielt auf eine fr\u00fchzeitige Erkennung von k\u00f6rperlichen und psychischen Belastungen bei pflegenden Angeh\u00f6rigen ab, daher ist diese als pr\u00e4ventive Ma\u00dfnahme geeignet. Neben dem pr\u00e4ventiven Aspekt kann die Angeh\u00f6rigenampel auch langfristig f\u00fcr eine \u00dcberpr\u00fcfung m\u00f6glicher positiver oder negativer Ver\u00e4nderungen der Pflegebelastung dienen.<\/p>\n<\/div><\/div><\/div><\/div>\n<\/div>\n\n\n\n<p><\/p>\n\n\n\n<h2 class=\"wp-block-heading has-text-align-center\"><strong><strong>Dienstag, 09.02.2021, 11.00-11.30 Uhr<\/strong><\/strong><\/h2>\n\n\n\n<div class=\"wp-block-columns is-layout-flex wp-container-core-columns-is-layout-9d6595d7 wp-block-columns-is-layout-flex\">\n<div class=\"wp-block-column is-layout-flow wp-block-column-is-layout-flow\">\n<div class=\"wp-block-group\"><div class=\"wp-block-group__inner-container is-layout-flow wp-block-group-is-layout-flow\"><\/div><\/div>\n<\/div>\n<\/div>\n\n\n\n<div class=\"wp-block-stackable-columns stk-block-columns stk-block stk-27465d2\" data-block-id=\"27465d2\"><div class=\"stk-row stk-inner-blocks stk-block-content stk-content-align stk-27465d2-column\">\n<div class=\"wp-block-stackable-column stk-block-column stk-column stk-block stk-53646ed\" data-block-id=\"53646ed\"><div class=\"stk-column-wrapper stk-block-column__content stk-container stk-53646ed-container stk--no-background stk--no-padding\"><div class=\"stk-block-content stk-inner-blocks stk-53646ed-inner-blocks\">\n<div class=\"wp-block-group\"><div class=\"wp-block-group__inner-container is-layout-flow wp-block-group-is-layout-flow\">\n<div class=\"wp-block-uagb-team uagb-team__image-position-above uagb-team__align-center uagb-team__stack-tablet uagb-block-a30fc400\"><div class=\"uagb-team__content\"><img decoding=\"async\" class=\"uagb-team__image-crop-circle\" src=\"https:\/\/test.digidem-bayern.de\/wp-content\/uploads\/2019\/10\/kristina-holm-e1571142334262-80x80.jpg\" alt=\"\" height=\"120\" width=\"120\" loading=\"lazy\"\/><h3 class=\"uagb-team__title\">Kristina Holm<\/h3><span class=\"uagb-team__prefix\">Wissenschaftliche Mitarbeiterin M. Sc.<\/span><p class=\"uagb-team__desc\">Moderation &amp; Vortrag<\/p><\/div><\/div>\n<\/div><\/div>\n<\/div><\/div><\/div>\n\n\n\n<div class=\"wp-block-stackable-column stk-block-column stk-column stk-block stk-0c6010d\" data-block-id=\"0c6010d\"><div class=\"stk-column-wrapper stk-block-column__content stk-container stk-0c6010d-container stk--no-background stk--no-padding\"><div class=\"stk-block-content stk-inner-blocks stk-0c6010d-inner-blocks\">\n<div class=\"wp-block-uagb-team uagb-team__image-position-above uagb-team__align-center uagb-team__stack-tablet uagb-block-3007a6ce\"><div class=\"uagb-team__content\"><img decoding=\"async\" class=\"uagb-team__image-crop-circle\" src=\"https:\/\/test.digidem-bayern.de\/wp-content\/uploads\/2021\/02\/lka-rund-80x80.jpg\" alt=\"\" height=\"120\" width=\"120\" loading=\"lazy\"\/><h3 class=\"uagb-team__title\">Linda Karrer<\/h3><span class=\"uagb-team__prefix\">Wissenschaftliche Mitarbeiterin M. Sc.<\/span><p class=\"uagb-team__desc\">Chatroom &amp; Vortrag<\/p><\/div><\/div>\n<\/div><\/div><\/div>\n<\/div><\/div>\n\n\n\n<p>Unter folgenden Links gelangen Sie zu unseren digitalen Angeboten Angeh\u00f6rigenampel und H\u00f6rtest:<br><a href=\"https:\/\/test.digidem-bayern.de\/angehoerigenampel\/\">Digitales Angebot: Angeh\u00f6rigenampel<\/a><br><a href=\"https:\/\/test.digidem-bayern.de\/onlinehoertest\/\">Digitales Angebot: H\u00f6rtest<\/a><br><br><\/p>","protected":false},"excerpt":{"rendered":"<p>Digitale Angebote f\u00fcr Menschen mit Demenz und ihre pflegenden Angeh\u00f6rigen bereitzustellen &#8211; das ist eine der Missionen von digiDEM Bayern. Daher hat das Team von digiDEM Bayern zwei neue, kostenlose Online-Angebote entwickelt: Die Angeh\u00f6rigenampel hilft pflegenden Angeh\u00f6rigen dabei, ihre pers\u00f6nliche Belastung zu erkennen. Das digitale H\u00f6rscreening liefert Hinweise darauf, ob &hellip;<\/p>","protected":false},"author":7,"featured_media":4747,"comment_status":"open","ping_status":"closed","sticky":false,"template":"","format":"standard","meta":{"qubely_global_settings":"true","qubely_interactions":"","_uag_custom_page_level_css":"","footnotes":""},"categories":[123],"tags":[260,14,17,268,55,20,269],"class_list":["post-10163","post","type-post","status-publish","format-standard","has-post-thumbnail","hentry","category-sciene-watch-live-archiv","tag-angehoerigenampel","tag-digidem","tag-digidem-bayern","tag-digitale-angebote","tag-digitales-demenzregister-bayern","tag-digitalisierung","tag-online-hoertest"],"qubely_featured_image_url":{"full":["https:\/\/digidem-bayern.de\/wp-content\/uploads\/2020\/04\/student-849825_1280.jpg",1280,853,false],"landscape":["https:\/\/digidem-bayern.de\/wp-content\/uploads\/2020\/04\/student-849825_1280-1200x750.jpg",1200,750,true],"portraits":["https:\/\/digidem-bayern.de\/wp-content\/uploads\/2020\/04\/student-849825_1280-540x320.jpg",540,320,true],"thumbnail":["https:\/\/digidem-bayern.de\/wp-content\/uploads\/2020\/04\/student-849825_1280-80x80.jpg",80,80,true],"medium":["https:\/\/digidem-bayern.de\/wp-content\/uploads\/2020\/04\/student-849825_1280-300x200.jpg",300,200,true],"medium_large":["https:\/\/digidem-bayern.de\/wp-content\/uploads\/2020\/04\/student-849825_1280-768x512.jpg",768,512,true],"large":["https:\/\/digidem-bayern.de\/wp-content\/uploads\/2020\/04\/student-849825_1280-1030x686.jpg",1030,686,true],"1536x1536":["https:\/\/digidem-bayern.de\/wp-content\/uploads\/2020\/04\/student-849825_1280.jpg",1280,853,false],"2048x2048":["https:\/\/digidem-bayern.de\/wp-content\/uploads\/2020\/04\/student-849825_1280.jpg",1280,853,false],"trp-custom-language-flag":["https:\/\/digidem-bayern.de\/wp-content\/uploads\/2020\/04\/student-849825_1280.jpg",18,12,false],"qubely_landscape":["https:\/\/digidem-bayern.de\/wp-content\/uploads\/2020\/04\/student-849825_1280-1200x750.jpg",1200,750,true],"qubely_portrait":["https:\/\/digidem-bayern.de\/wp-content\/uploads\/2020\/04\/student-849825_1280-540x320.jpg",540,320,true],"qubely_thumbnail":["https:\/\/digidem-bayern.de\/wp-content\/uploads\/2020\/04\/student-849825_1280-140x100.jpg",140,100,true],"post-thumbnail":["https:\/\/digidem-bayern.de\/wp-content\/uploads\/2020\/04\/student-849825_1280-495x330.jpg",495,330,true],"kahuna-featured":["https:\/\/digidem-bayern.de\/wp-content\/uploads\/2020\/04\/student-849825_1280-495x350.jpg",495,350,true],"kahuna-featured-lp":["https:\/\/digidem-bayern.de\/wp-content\/uploads\/2020\/04\/student-849825_1280-460x350.jpg",460,350,true],"kahuna-featured-half":["https:\/\/digidem-bayern.de\/wp-content\/uploads\/2020\/04\/student-849825_1280-800x350.jpg",800,350,true],"kahuna-featured-third":["https:\/\/digidem-bayern.de\/wp-content\/uploads\/2020\/04\/student-849825_1280-512x350.jpg",512,350,true],"kahuna-lpbox-1":["https:\/\/digidem-bayern.de\/wp-content\/uploads\/2020\/04\/student-849825_1280-460x350.jpg",394,300,true],"kahuna-lpbox-2":["https:\/\/digidem-bayern.de\/wp-content\/uploads\/2020\/04\/student-849825_1280-460x350.jpg",460,350,true],"demand-language-flag":["https:\/\/digidem-bayern.de\/wp-content\/uploads\/2020\/04\/student-849825_1280.jpg",36,24,false],"dddkt-language-flag":["https:\/\/digidem-bayern.de\/wp-content\/uploads\/2020\/04\/student-849825_1280.jpg",36,24,false],"ddiqc-language-flag":["https:\/\/digidem-bayern.de\/wp-content\/uploads\/2020\/04\/student-849825_1280.jpg",36,24,false],"ddtl-language-flag":["https:\/\/digidem-bayern.de\/wp-content\/uploads\/2020\/04\/student-849825_1280.jpg",36,24,false],"mailpoet_newsletter_max":["https:\/\/digidem-bayern.de\/wp-content\/uploads\/2020\/04\/student-849825_1280.jpg",1280,853,false],"kahuna-lpbox-3":["https:\/\/digidem-bayern.de\/wp-content\/uploads\/2020\/04\/student-849825_1280-460x350.jpg",460,350,true],"kahuna-featured-square":["https:\/\/digidem-bayern.de\/wp-content\/uploads\/2020\/04\/student-849825_1280-512x512.jpg",512,512,true],"kahuna-featured-square-large":["https:\/\/digidem-bayern.de\/wp-content\/uploads\/2020\/04\/student-849825_1280-1024x853.jpg",1024,853,true]},"qubely_author":{"display_name":"Anne Keefer","author_link":"https:\/\/digidem-bayern.de\/en\/author\/ag-webinar\/"},"qubely_comment":0,"qubely_category":"<a href=\"https:\/\/digidem-bayern.de\/en\/category\/sciene-watch-live-archiv\/\" rel=\"category tag\">Sciene Watch Live ARCHIV<\/a>","qubely_excerpt":"Digitale Angebote f\u00fcr Menschen mit Demenz und ihre pflegenden Angeh\u00f6rigen bereitzustellen &#8211; das ist eine der Missionen von digiDEM Bayern. Daher hat das Team von digiDEM Bayern zwei neue, kostenlose Online-Angebote entwickelt: Die Angeh\u00f6rigenampel hilft pflegenden Angeh\u00f6rigen dabei, ihre pers\u00f6nliche Belastung zu erkennen. Das digitale H\u00f6rscreening liefert Hinweise darauf, ob &hellip;","featured_image_urls_v2":{"full":["https:\/\/digidem-bayern.de\/wp-content\/uploads\/2020\/04\/student-849825_1280.jpg",1280,853,false],"thumbnail":["https:\/\/digidem-bayern.de\/wp-content\/uploads\/2020\/04\/student-849825_1280-80x80.jpg",80,80,true],"medium":["https:\/\/digidem-bayern.de\/wp-content\/uploads\/2020\/04\/student-849825_1280-300x200.jpg",300,200,true],"medium_large":["https:\/\/digidem-bayern.de\/wp-content\/uploads\/2020\/04\/student-849825_1280-768x512.jpg",768,512,true],"large":["https:\/\/digidem-bayern.de\/wp-content\/uploads\/2020\/04\/student-849825_1280-1030x686.jpg",1030,686,true],"1536x1536":["https:\/\/digidem-bayern.de\/wp-content\/uploads\/2020\/04\/student-849825_1280.jpg",1280,853,false],"2048x2048":["https:\/\/digidem-bayern.de\/wp-content\/uploads\/2020\/04\/student-849825_1280.jpg",1280,853,false],"trp-custom-language-flag":["https:\/\/digidem-bayern.de\/wp-content\/uploads\/2020\/04\/student-849825_1280.jpg",18,12,false],"qubely_landscape":["https:\/\/digidem-bayern.de\/wp-content\/uploads\/2020\/04\/student-849825_1280-1200x750.jpg",1200,750,true],"qubely_portrait":["https:\/\/digidem-bayern.de\/wp-content\/uploads\/2020\/04\/student-849825_1280-540x320.jpg",540,320,true],"qubely_thumbnail":["https:\/\/digidem-bayern.de\/wp-content\/uploads\/2020\/04\/student-849825_1280-140x100.jpg",140,100,true],"post-thumbnail":["https:\/\/digidem-bayern.de\/wp-content\/uploads\/2020\/04\/student-849825_1280-495x330.jpg",495,330,true],"kahuna-featured":["https:\/\/digidem-bayern.de\/wp-content\/uploads\/2020\/04\/student-849825_1280-495x350.jpg",495,350,true],"kahuna-featured-lp":["https:\/\/digidem-bayern.de\/wp-content\/uploads\/2020\/04\/student-849825_1280-460x350.jpg",460,350,true],"kahuna-featured-half":["https:\/\/digidem-bayern.de\/wp-content\/uploads\/2020\/04\/student-849825_1280-800x350.jpg",800,350,true],"kahuna-featured-third":["https:\/\/digidem-bayern.de\/wp-content\/uploads\/2020\/04\/student-849825_1280-512x350.jpg",512,350,true],"kahuna-lpbox-1":["https:\/\/digidem-bayern.de\/wp-content\/uploads\/2020\/04\/student-849825_1280-460x350.jpg",394,300,true],"kahuna-lpbox-2":["https:\/\/digidem-bayern.de\/wp-content\/uploads\/2020\/04\/student-849825_1280-460x350.jpg",460,350,true],"demand-language-flag":["https:\/\/digidem-bayern.de\/wp-content\/uploads\/2020\/04\/student-849825_1280.jpg",36,24,false],"dddkt-language-flag":["https:\/\/digidem-bayern.de\/wp-content\/uploads\/2020\/04\/student-849825_1280.jpg",36,24,false],"ddiqc-language-flag":["https:\/\/digidem-bayern.de\/wp-content\/uploads\/2020\/04\/student-849825_1280.jpg",36,24,false],"ddtl-language-flag":["https:\/\/digidem-bayern.de\/wp-content\/uploads\/2020\/04\/student-849825_1280.jpg",36,24,false],"mailpoet_newsletter_max":["https:\/\/digidem-bayern.de\/wp-content\/uploads\/2020\/04\/student-849825_1280.jpg",1280,853,false],"kahuna-lpbox-3":["https:\/\/digidem-bayern.de\/wp-content\/uploads\/2020\/04\/student-849825_1280-460x350.jpg",460,350,true],"kahuna-featured-square":["https:\/\/digidem-bayern.de\/wp-content\/uploads\/2020\/04\/student-849825_1280-512x512.jpg",512,512,true],"kahuna-featured-square-large":["https:\/\/digidem-bayern.de\/wp-content\/uploads\/2020\/04\/student-849825_1280-1024x853.jpg",1024,853,true]},"post_excerpt_stackable_v2":"<p>Digitale Angebote f\u00fcr Menschen mit Demenz und ihre pflegenden Angeh\u00f6rigen bereitzustellen &#8211; das ist eine der Missionen von digiDEM Bayern. Daher hat das Team von digiDEM Bayern zwei neue, kostenlose Online-Angebote entwickelt: Die Angeh\u00f6rigenampel hilft pflegenden Angeh\u00f6rigen dabei, ihre pers\u00f6nliche Belastung zu erkennen. Das digitale H\u00f6rscreening liefert Hinweise darauf, ob eine Sch\u00e4digung des Geh\u00f6rs vorliegt. Studien haben gezeigt, dass durch einen unversorgten H\u00f6rverlust das Demenzrisiko gesteigert werden kann. In unserem ersten Webinar im Jahr 2021 wurden die digitalen Angebote &#8222;Angeh\u00f6rigenampel&#8220; und &#8222;H\u00f6rtest&#8220; ausf\u00fchrlich vorgestellt. Hier gibt es das Webinar als PDF zum Download. Fragen der Teilnehmer*innen und Antworten des Webinar-Teams:&hellip;<\/p>\n","category_list_v2":"<a href=\"https:\/\/digidem-bayern.de\/en\/category\/sciene-watch-live-archiv\/\" rel=\"category tag\">Sciene Watch Live ARCHIV<\/a>","author_info_v2":{"name":"Anne Keefer","url":"https:\/\/digidem-bayern.de\/en\/author\/ag-webinar\/"},"comments_num_v2":"0 comments","yoast_head":"<!-- This site is optimized with the Yoast SEO plugin v27.5 - https:\/\/yoast.com\/product\/yoast-seo-wordpress\/ -->\n<title>Digitale Angebote von digiDEM Bayern - Angeh\u00f6rigenampel &amp; H\u00f6rtest - digiDEM Bayern<\/title>\n<meta name=\"description\" content=\"Im Webinar &quot;digiDEM Bayern Science Watch LIVE&quot; behandeln Wissenschaftler ein Thema aus der Demenzforschung und stehen live f\u00fcr Fragen zur Verf\u00fcgung.\" \/>\n<meta name=\"robots\" content=\"index, follow, max-snippet:-1, max-image-preview:large, max-video-preview:-1\" \/>\n<link rel=\"canonical\" href=\"https:\/\/digidem-bayern.de\/en\/webinar-digitale-angebote-angehoerigenampel-hoertest\/\" \/>\n<meta property=\"og:locale\" content=\"en_US\" \/>\n<meta property=\"og:type\" content=\"article\" \/>\n<meta property=\"og:title\" content=\"Digitale Angebote von digiDEM Bayern - Angeh\u00f6rigenampel &amp; H\u00f6rtest - digiDEM Bayern\" \/>\n<meta property=\"og:description\" content=\"Im Webinar &quot;digiDEM Bayern Science Watch LIVE&quot; behandeln Wissenschaftler ein Thema aus der Demenzforschung und stehen live f\u00fcr Fragen zur Verf\u00fcgung.\" \/>\n<meta property=\"og:url\" content=\"https:\/\/digidem-bayern.de\/en\/webinar-digitale-angebote-angehoerigenampel-hoertest\/\" \/>\n<meta property=\"og:site_name\" content=\"digiDEM Bayern\" \/>\n<meta property=\"article:publisher\" content=\"https:\/\/www.facebook.com\/digiDEMBayern\/\" \/>\n<meta property=\"article:published_time\" content=\"2021-02-02T09:22:34+00:00\" \/>\n<meta property=\"article:modified_time\" content=\"2024-04-24T08:23:38+00:00\" \/>\n<meta property=\"og:image\" content=\"https:\/\/digidem-bayern.de\/wp-content\/uploads\/2020\/04\/student-849825_1280.jpg\" \/>\n\t<meta property=\"og:image:width\" content=\"1280\" \/>\n\t<meta property=\"og:image:height\" content=\"853\" \/>\n\t<meta property=\"og:image:type\" content=\"image\/jpeg\" \/>\n<meta name=\"author\" content=\"Anne Keefer\" \/>\n<meta name=\"twitter:label1\" content=\"Written by\" \/>\n\t<meta name=\"twitter:data1\" content=\"Anne Keefer\" \/>\n\t<meta name=\"twitter:label2\" content=\"Est. reading time\" \/>\n\t<meta name=\"twitter:data2\" content=\"3 minutes\" \/>\n<script type=\"application\/ld+json\" class=\"yoast-schema-graph\">{\"@context\":\"https:\\\/\\\/schema.org\",\"@graph\":[{\"@type\":\"Article\",\"@id\":\"https:\\\/\\\/digidem-bayern.de\\\/webinar-digitale-angebote-angehoerigenampel-hoertest\\\/#article\",\"isPartOf\":{\"@id\":\"https:\\\/\\\/digidem-bayern.de\\\/webinar-digitale-angebote-angehoerigenampel-hoertest\\\/\"},\"author\":{\"name\":\"Anne Keefer\",\"@id\":\"\\\/#\\\/schema\\\/person\\\/0e8781e0653d1a8e57ca55bd2c3cb01f\"},\"headline\":\"Digitale Angebote von digiDEM Bayern &#8211; Angeh\u00f6rigenampel &#038; H\u00f6rtest\",\"datePublished\":\"2021-02-02T09:22:34+00:00\",\"dateModified\":\"2024-04-24T08:23:38+00:00\",\"mainEntityOfPage\":{\"@id\":\"https:\\\/\\\/digidem-bayern.de\\\/webinar-digitale-angebote-angehoerigenampel-hoertest\\\/\"},\"wordCount\":553,\"commentCount\":0,\"publisher\":{\"@id\":\"\\\/#organization\"},\"image\":{\"@id\":\"https:\\\/\\\/digidem-bayern.de\\\/webinar-digitale-angebote-angehoerigenampel-hoertest\\\/#primaryimage\"},\"thumbnailUrl\":\"https:\\\/\\\/digidem-bayern.de\\\/wp-content\\\/uploads\\\/2020\\\/04\\\/student-849825_1280.jpg\",\"keywords\":[\"Angeh\u00f6rigenampel\",\"digidem\",\"digidem Bayern\",\"Digitale Angebote\",\"Digitales Demenzregister Bayern\",\"Digitalisierung\",\"Online-H\u00f6rtest\"],\"articleSection\":[\"Sciene Watch Live ARCHIV\"],\"inLanguage\":\"en-US\",\"potentialAction\":[{\"@type\":\"CommentAction\",\"name\":\"Comment\",\"target\":[\"https:\\\/\\\/digidem-bayern.de\\\/webinar-digitale-angebote-angehoerigenampel-hoertest\\\/#respond\"]}]},{\"@type\":\"WebPage\",\"@id\":\"https:\\\/\\\/digidem-bayern.de\\\/webinar-digitale-angebote-angehoerigenampel-hoertest\\\/\",\"url\":\"https:\\\/\\\/digidem-bayern.de\\\/webinar-digitale-angebote-angehoerigenampel-hoertest\\\/\",\"name\":\"Digitale Angebote von digiDEM Bayern - Angeh\u00f6rigenampel & H\u00f6rtest - digiDEM Bayern\",\"isPartOf\":{\"@id\":\"\\\/#website\"},\"primaryImageOfPage\":{\"@id\":\"https:\\\/\\\/digidem-bayern.de\\\/webinar-digitale-angebote-angehoerigenampel-hoertest\\\/#primaryimage\"},\"image\":{\"@id\":\"https:\\\/\\\/digidem-bayern.de\\\/webinar-digitale-angebote-angehoerigenampel-hoertest\\\/#primaryimage\"},\"thumbnailUrl\":\"https:\\\/\\\/digidem-bayern.de\\\/wp-content\\\/uploads\\\/2020\\\/04\\\/student-849825_1280.jpg\",\"datePublished\":\"2021-02-02T09:22:34+00:00\",\"dateModified\":\"2024-04-24T08:23:38+00:00\",\"description\":\"Im Webinar \\\"digiDEM Bayern Science Watch LIVE\\\" behandeln Wissenschaftler ein Thema aus der Demenzforschung und stehen live f\u00fcr Fragen zur Verf\u00fcgung.\",\"breadcrumb\":{\"@id\":\"https:\\\/\\\/digidem-bayern.de\\\/webinar-digitale-angebote-angehoerigenampel-hoertest\\\/#breadcrumb\"},\"inLanguage\":\"en-US\",\"potentialAction\":[{\"@type\":\"ReadAction\",\"target\":[\"https:\\\/\\\/digidem-bayern.de\\\/webinar-digitale-angebote-angehoerigenampel-hoertest\\\/\"]}]},{\"@type\":\"ImageObject\",\"inLanguage\":\"en-US\",\"@id\":\"https:\\\/\\\/digidem-bayern.de\\\/webinar-digitale-angebote-angehoerigenampel-hoertest\\\/#primaryimage\",\"url\":\"https:\\\/\\\/digidem-bayern.de\\\/wp-content\\\/uploads\\\/2020\\\/04\\\/student-849825_1280.jpg\",\"contentUrl\":\"https:\\\/\\\/digidem-bayern.de\\\/wp-content\\\/uploads\\\/2020\\\/04\\\/student-849825_1280.jpg\",\"width\":1280,\"height\":853,\"caption\":\"Gruppe von Ordensschwestern, von hinten.\"},{\"@type\":\"BreadcrumbList\",\"@id\":\"https:\\\/\\\/digidem-bayern.de\\\/webinar-digitale-angebote-angehoerigenampel-hoertest\\\/#breadcrumb\",\"itemListElement\":[{\"@type\":\"ListItem\",\"position\":1,\"name\":\"Startseite\",\"item\":\"https:\\\/\\\/digidem-bayern.de\\\/\"},{\"@type\":\"ListItem\",\"position\":2,\"name\":\"Digitale Angebote von digiDEM Bayern &#8211; Angeh\u00f6rigenampel &#038; H\u00f6rtest\"}]},{\"@type\":\"WebSite\",\"@id\":\"\\\/#website\",\"url\":\"\\\/\",\"name\":\"digiDEM Bayern\",\"description\":\"Das digitale Demenzregister Bayern erforscht und verbessert die Angebotsstuktur f\u00fcr Menschen mit Demenz und deren Angeh\u00f6rige\",\"publisher\":{\"@id\":\"\\\/#organization\"},\"potentialAction\":[{\"@type\":\"SearchAction\",\"target\":{\"@type\":\"EntryPoint\",\"urlTemplate\":\"\\\/?s={search_term_string}\"},\"query-input\":{\"@type\":\"PropertyValueSpecification\",\"valueRequired\":true,\"valueName\":\"search_term_string\"}}],\"inLanguage\":\"en-US\"},{\"@type\":\"Organization\",\"@id\":\"\\\/#organization\",\"name\":\"digiDEM Bayern\",\"url\":\"\\\/\",\"logo\":{\"@type\":\"ImageObject\",\"inLanguage\":\"en-US\",\"@id\":\"\\\/#\\\/schema\\\/logo\\\/image\\\/\",\"url\":\"https:\\\/\\\/digidem-bayern.de\\\/wp-content\\\/uploads\\\/2022\\\/03\\\/cropped-Allgemeines_digiDEMLOGO-removebg-preview.png\",\"contentUrl\":\"https:\\\/\\\/digidem-bayern.de\\\/wp-content\\\/uploads\\\/2022\\\/03\\\/cropped-Allgemeines_digiDEMLOGO-removebg-preview.png\",\"width\":612,\"height\":357,\"caption\":\"digiDEM Bayern\"},\"image\":{\"@id\":\"\\\/#\\\/schema\\\/logo\\\/image\\\/\"},\"sameAs\":[\"https:\\\/\\\/www.facebook.com\\\/digiDEMBayern\\\/\",\"https:\\\/\\\/x.com\\\/digidem_bayern\",\"https:\\\/\\\/www.instagram.com\\\/digidem.bayern\",\"https:\\\/\\\/www.linkedin.com\\\/company\\\/digidem-bayern\\\/\"]},{\"@type\":\"Person\",\"@id\":\"\\\/#\\\/schema\\\/person\\\/0e8781e0653d1a8e57ca55bd2c3cb01f\",\"name\":\"Anne Keefer\",\"url\":\"https:\\\/\\\/digidem-bayern.de\\\/en\\\/author\\\/ag-webinar\\\/\"}]}<\/script>\n<!-- \/ Yoast SEO plugin. -->","yoast_head_json":{"title":"Digitale Angebote von digiDEM Bayern - Angeh\u00f6rigenampel & H\u00f6rtest - digiDEM Bayern","description":"Im Webinar \"digiDEM Bayern Science Watch LIVE\" behandeln Wissenschaftler ein Thema aus der Demenzforschung und stehen live f\u00fcr Fragen zur Verf\u00fcgung.","robots":{"index":"index","follow":"follow","max-snippet":"max-snippet:-1","max-image-preview":"max-image-preview:large","max-video-preview":"max-video-preview:-1"},"canonical":"https:\/\/digidem-bayern.de\/en\/webinar-digitale-angebote-angehoerigenampel-hoertest\/","og_locale":"en_US","og_type":"article","og_title":"Digitale Angebote von digiDEM Bayern - Angeh\u00f6rigenampel & H\u00f6rtest - digiDEM Bayern","og_description":"Im Webinar \"digiDEM Bayern Science Watch LIVE\" behandeln Wissenschaftler ein Thema aus der Demenzforschung und stehen live f\u00fcr Fragen zur Verf\u00fcgung.","og_url":"https:\/\/digidem-bayern.de\/en\/webinar-digitale-angebote-angehoerigenampel-hoertest\/","og_site_name":"digiDEM Bayern","article_publisher":"https:\/\/www.facebook.com\/digiDEMBayern\/","article_published_time":"2021-02-02T09:22:34+00:00","article_modified_time":"2024-04-24T08:23:38+00:00","og_image":[{"width":1280,"height":853,"url":"https:\/\/digidem-bayern.de\/wp-content\/uploads\/2020\/04\/student-849825_1280.jpg","type":"image\/jpeg"}],"author":"Anne Keefer","twitter_misc":{"Written by":"Anne Keefer","Est. reading time":"3 minutes"},"schema":{"@context":"https:\/\/schema.org","@graph":[{"@type":"Article","@id":"https:\/\/digidem-bayern.de\/webinar-digitale-angebote-angehoerigenampel-hoertest\/#article","isPartOf":{"@id":"https:\/\/digidem-bayern.de\/webinar-digitale-angebote-angehoerigenampel-hoertest\/"},"author":{"name":"Anne Keefer","@id":"\/#\/schema\/person\/0e8781e0653d1a8e57ca55bd2c3cb01f"},"headline":"Digitale Angebote von digiDEM Bayern &#8211; Angeh\u00f6rigenampel &#038; H\u00f6rtest","datePublished":"2021-02-02T09:22:34+00:00","dateModified":"2024-04-24T08:23:38+00:00","mainEntityOfPage":{"@id":"https:\/\/digidem-bayern.de\/webinar-digitale-angebote-angehoerigenampel-hoertest\/"},"wordCount":553,"commentCount":0,"publisher":{"@id":"\/#organization"},"image":{"@id":"https:\/\/digidem-bayern.de\/webinar-digitale-angebote-angehoerigenampel-hoertest\/#primaryimage"},"thumbnailUrl":"https:\/\/digidem-bayern.de\/wp-content\/uploads\/2020\/04\/student-849825_1280.jpg","keywords":["Angeh\u00f6rigenampel","digidem","digidem Bayern","Digitale Angebote","Digitales Demenzregister Bayern","Digitalisierung","Online-H\u00f6rtest"],"articleSection":["Sciene Watch Live ARCHIV"],"inLanguage":"en-US","potentialAction":[{"@type":"CommentAction","name":"Comment","target":["https:\/\/digidem-bayern.de\/webinar-digitale-angebote-angehoerigenampel-hoertest\/#respond"]}]},{"@type":"WebPage","@id":"https:\/\/digidem-bayern.de\/webinar-digitale-angebote-angehoerigenampel-hoertest\/","url":"https:\/\/digidem-bayern.de\/webinar-digitale-angebote-angehoerigenampel-hoertest\/","name":"Digitale Angebote von digiDEM Bayern - Angeh\u00f6rigenampel & H\u00f6rtest - digiDEM Bayern","isPartOf":{"@id":"\/#website"},"primaryImageOfPage":{"@id":"https:\/\/digidem-bayern.de\/webinar-digitale-angebote-angehoerigenampel-hoertest\/#primaryimage"},"image":{"@id":"https:\/\/digidem-bayern.de\/webinar-digitale-angebote-angehoerigenampel-hoertest\/#primaryimage"},"thumbnailUrl":"https:\/\/digidem-bayern.de\/wp-content\/uploads\/2020\/04\/student-849825_1280.jpg","datePublished":"2021-02-02T09:22:34+00:00","dateModified":"2024-04-24T08:23:38+00:00","description":"Im Webinar \"digiDEM Bayern Science Watch LIVE\" behandeln Wissenschaftler ein Thema aus der Demenzforschung und stehen live f\u00fcr Fragen zur Verf\u00fcgung.","breadcrumb":{"@id":"https:\/\/digidem-bayern.de\/webinar-digitale-angebote-angehoerigenampel-hoertest\/#breadcrumb"},"inLanguage":"en-US","potentialAction":[{"@type":"ReadAction","target":["https:\/\/digidem-bayern.de\/webinar-digitale-angebote-angehoerigenampel-hoertest\/"]}]},{"@type":"ImageObject","inLanguage":"en-US","@id":"https:\/\/digidem-bayern.de\/webinar-digitale-angebote-angehoerigenampel-hoertest\/#primaryimage","url":"https:\/\/digidem-bayern.de\/wp-content\/uploads\/2020\/04\/student-849825_1280.jpg","contentUrl":"https:\/\/digidem-bayern.de\/wp-content\/uploads\/2020\/04\/student-849825_1280.jpg","width":1280,"height":853,"caption":"Gruppe von Ordensschwestern, von hinten."},{"@type":"BreadcrumbList","@id":"https:\/\/digidem-bayern.de\/webinar-digitale-angebote-angehoerigenampel-hoertest\/#breadcrumb","itemListElement":[{"@type":"ListItem","position":1,"name":"Startseite","item":"https:\/\/digidem-bayern.de\/"},{"@type":"ListItem","position":2,"name":"Digitale Angebote von digiDEM Bayern &#8211; Angeh\u00f6rigenampel &#038; H\u00f6rtest"}]},{"@type":"WebSite","@id":"\/#website","url":"\/","name":"digiDEM Bavaria","description":"The digital dementia register in Bavaria researches and improves the structure of services for people with dementia and their relatives","publisher":{"@id":"\/#organization"},"potentialAction":[{"@type":"SearchAction","target":{"@type":"EntryPoint","urlTemplate":"\/?s={search_term_string}"},"query-input":{"@type":"PropertyValueSpecification","valueRequired":true,"valueName":"search_term_string"}}],"inLanguage":"en-US"},{"@type":"Organization","@id":"\/#organization","name":"digiDEM Bavaria","url":"\/","logo":{"@type":"ImageObject","inLanguage":"en-US","@id":"\/#\/schema\/logo\/image\/","url":"https:\/\/digidem-bayern.de\/wp-content\/uploads\/2022\/03\/cropped-Allgemeines_digiDEMLOGO-removebg-preview.png","contentUrl":"https:\/\/digidem-bayern.de\/wp-content\/uploads\/2022\/03\/cropped-Allgemeines_digiDEMLOGO-removebg-preview.png","width":612,"height":357,"caption":"digiDEM Bayern"},"image":{"@id":"\/#\/schema\/logo\/image\/"},"sameAs":["https:\/\/www.facebook.com\/digiDEMBayern\/","https:\/\/x.com\/digidem_bayern","https:\/\/www.instagram.com\/digidem.bayern","https:\/\/www.linkedin.com\/company\/digidem-bayern\/"]},{"@type":"Person","@id":"\/#\/schema\/person\/0e8781e0653d1a8e57ca55bd2c3cb01f","name":"Anne Keefer","url":"https:\/\/digidem-bayern.de\/en\/author\/ag-webinar\/"}]}},"uagb_featured_image_src":{"full":["https:\/\/digidem-bayern.de\/wp-content\/uploads\/2020\/04\/student-849825_1280.jpg",1280,853,false],"thumbnail":["https:\/\/digidem-bayern.de\/wp-content\/uploads\/2020\/04\/student-849825_1280-80x80.jpg",80,80,true],"medium":["https:\/\/digidem-bayern.de\/wp-content\/uploads\/2020\/04\/student-849825_1280-300x200.jpg",300,200,true],"medium_large":["https:\/\/digidem-bayern.de\/wp-content\/uploads\/2020\/04\/student-849825_1280-768x512.jpg",768,512,true],"large":["https:\/\/digidem-bayern.de\/wp-content\/uploads\/2020\/04\/student-849825_1280-1030x686.jpg",1030,686,true],"1536x1536":["https:\/\/digidem-bayern.de\/wp-content\/uploads\/2020\/04\/student-849825_1280.jpg",1280,853,false],"2048x2048":["https:\/\/digidem-bayern.de\/wp-content\/uploads\/2020\/04\/student-849825_1280.jpg",1280,853,false],"trp-custom-language-flag":["https:\/\/digidem-bayern.de\/wp-content\/uploads\/2020\/04\/student-849825_1280.jpg",18,12,false],"qubely_landscape":["https:\/\/digidem-bayern.de\/wp-content\/uploads\/2020\/04\/student-849825_1280-1200x750.jpg",1200,750,true],"qubely_portrait":["https:\/\/digidem-bayern.de\/wp-content\/uploads\/2020\/04\/student-849825_1280-540x320.jpg",540,320,true],"qubely_thumbnail":["https:\/\/digidem-bayern.de\/wp-content\/uploads\/2020\/04\/student-849825_1280-140x100.jpg",140,100,true],"post-thumbnail":["https:\/\/digidem-bayern.de\/wp-content\/uploads\/2020\/04\/student-849825_1280-495x330.jpg",495,330,true],"kahuna-featured":["https:\/\/digidem-bayern.de\/wp-content\/uploads\/2020\/04\/student-849825_1280-495x350.jpg",495,350,true],"kahuna-featured-lp":["https:\/\/digidem-bayern.de\/wp-content\/uploads\/2020\/04\/student-849825_1280-460x350.jpg",460,350,true],"kahuna-featured-half":["https:\/\/digidem-bayern.de\/wp-content\/uploads\/2020\/04\/student-849825_1280-800x350.jpg",800,350,true],"kahuna-featured-third":["https:\/\/digidem-bayern.de\/wp-content\/uploads\/2020\/04\/student-849825_1280-512x350.jpg",512,350,true],"kahuna-lpbox-1":["https:\/\/digidem-bayern.de\/wp-content\/uploads\/2020\/04\/student-849825_1280-460x350.jpg",394,300,true],"kahuna-lpbox-2":["https:\/\/digidem-bayern.de\/wp-content\/uploads\/2020\/04\/student-849825_1280-460x350.jpg",460,350,true],"demand-language-flag":["https:\/\/digidem-bayern.de\/wp-content\/uploads\/2020\/04\/student-849825_1280.jpg",36,24,false],"dddkt-language-flag":["https:\/\/digidem-bayern.de\/wp-content\/uploads\/2020\/04\/student-849825_1280.jpg",36,24,false],"ddiqc-language-flag":["https:\/\/digidem-bayern.de\/wp-content\/uploads\/2020\/04\/student-849825_1280.jpg",36,24,false],"ddtl-language-flag":["https:\/\/digidem-bayern.de\/wp-content\/uploads\/2020\/04\/student-849825_1280.jpg",36,24,false],"mailpoet_newsletter_max":["https:\/\/digidem-bayern.de\/wp-content\/uploads\/2020\/04\/student-849825_1280.jpg",1280,853,false],"kahuna-lpbox-3":["https:\/\/digidem-bayern.de\/wp-content\/uploads\/2020\/04\/student-849825_1280-460x350.jpg",460,350,true],"kahuna-featured-square":["https:\/\/digidem-bayern.de\/wp-content\/uploads\/2020\/04\/student-849825_1280-512x512.jpg",512,512,true],"kahuna-featured-square-large":["https:\/\/digidem-bayern.de\/wp-content\/uploads\/2020\/04\/student-849825_1280-1024x853.jpg",1024,853,true]},"uagb_author_info":{"display_name":"Anne Keefer","author_link":"https:\/\/digidem-bayern.de\/en\/author\/ag-webinar\/"},"uagb_comment_info":0,"uagb_excerpt":"Digitale Angebote f\u00fcr Menschen mit Demenz und ihre pflegenden Angeh\u00f6rigen bereitzustellen &#8211; das ist eine der Missionen von digiDEM Bayern. Daher hat das Team von digiDEM Bayern zwei neue, kostenlose Online-Angebote entwickelt: Die Angeh\u00f6rigenampel hilft pflegenden Angeh\u00f6rigen dabei, ihre pers\u00f6nliche Belastung zu erkennen. Das digitale H\u00f6rscreening liefert Hinweise darauf, ob &hellip;","_links":{"self":[{"href":"https:\/\/digidem-bayern.de\/en\/wp-json\/wp\/v2\/posts\/10163","targetHints":{"allow":["GET"]}}],"collection":[{"href":"https:\/\/digidem-bayern.de\/en\/wp-json\/wp\/v2\/posts"}],"about":[{"href":"https:\/\/digidem-bayern.de\/en\/wp-json\/wp\/v2\/types\/post"}],"author":[{"embeddable":true,"href":"https:\/\/digidem-bayern.de\/en\/wp-json\/wp\/v2\/users\/7"}],"replies":[{"embeddable":true,"href":"https:\/\/digidem-bayern.de\/en\/wp-json\/wp\/v2\/comments?post=10163"}],"version-history":[{"count":10,"href":"https:\/\/digidem-bayern.de\/en\/wp-json\/wp\/v2\/posts\/10163\/revisions"}],"predecessor-version":[{"id":34525,"href":"https:\/\/digidem-bayern.de\/en\/wp-json\/wp\/v2\/posts\/10163\/revisions\/34525"}],"wp:featuredmedia":[{"embeddable":true,"href":"https:\/\/digidem-bayern.de\/en\/wp-json\/wp\/v2\/media\/4747"}],"wp:attachment":[{"href":"https:\/\/digidem-bayern.de\/en\/wp-json\/wp\/v2\/media?parent=10163"}],"wp:term":[{"taxonomy":"category","embeddable":true,"href":"https:\/\/digidem-bayern.de\/en\/wp-json\/wp\/v2\/categories?post=10163"},{"taxonomy":"post_tag","embeddable":true,"href":"https:\/\/digidem-bayern.de\/en\/wp-json\/wp\/v2\/tags?post=10163"}],"curies":[{"name":"wp","href":"https:\/\/api.w.org\/{rel}","templated":true}]}}